{"id":9022,"date":"2019-09-30T08:00:59","date_gmt":"2019-09-30T06:00:59","guid":{"rendered":"https:\/\/clinicajaimeicatarroja.com\/blog\/?p=9022"},"modified":"2019-09-20T10:47:30","modified_gmt":"2019-09-20T08:47:30","slug":"perdida-de-la-audicion","status":"publish","type":"post","link":"https:\/\/clinicajaimeicatarroja.com\/blog\/perdida-de-la-audicion","title":{"rendered":"P\u00e9rdida de la audici\u00f3n"},"content":{"rendered":"<p>Debemos abrir un art\u00edculo con la mala noticia de que la p\u00e9rdida de la audici\u00f3n se va produciendo de manera natural a medida que vamos envejeciendo. Cada 3 de 10 personas en Estados Unidos, comprendidas entre las edades de 65 a 75 a\u00f1os, poseen un grado significativo de esta afecci\u00f3n.<br \/>\nEn este art\u00edculo buscamos concientizar a todo lector acerca de los s\u00edntomas de esta afecci\u00f3n, como tambi\u00e9n de cu\u00e1les son las principales causas en pro de crear ese sentimiento de necesidad de prevenci\u00f3n.<\/p>\n<p>S\u00edntomas de la p\u00e9rdida de audici\u00f3n<br \/>\nLos s\u00edntomas de la p\u00e9rdida de audici\u00f3n pueden ser diferentes en cada caso, pero de manera general tienden a presentarse como:<br \/>\nUna cierta amortiguaci\u00f3n al momento de hablar y tambi\u00e9n de otros sonidos.<br \/>\nLa persona comienza a no comprender muy bien las palabras, sobre todo en aquellos escenarios donde existe ruido de fondo en donde se encuentra conversando.<br \/>\nPuedes notar que una persona est\u00e1 presentando problemas de p\u00e9rdida de audici\u00f3n si esta te pide que por favor le hables con una mayor claridad y m\u00e1s lento y alto.<br \/>\nDe igual manera, puede ser que la persona que est\u00e9 experimentando este problema comience a evitar cada vez m\u00e1s el participar en las conversaciones como tambi\u00e9n ciertos tipos de entornos sociales.<\/p>\n<p>Causas de la p\u00e9rdida de audici\u00f3n<br \/>\nDa\u00f1o al o\u00eddo interno<br \/>\nEl desgaste de las neuronas de la c\u00f3clea que se encargan de enviar las se\u00f1ales de sonido a nuestro cerebro, como tambi\u00e9n de los vellos, puede verse acelerado naturalmente por el envejecimiento y tambi\u00e9n cuando nos exponemos constantemente a ruidos muy fuertes.<br \/>\nCuando las neuronas, o los vellos, se han da\u00f1ado (parcial o totalmente) al momento de transmitir las se\u00f1ales el\u00e9ctricas se crea una notable deficiencia y sirve como una de las causas de la p\u00e9rdida de la audici\u00f3n.<br \/>\nAcumulaci\u00f3n gradual de cerumen<br \/>\nLa conducci\u00f3n de las ondas sonoras puede verse evitada si existe mucho cerumen ya que este, a su vez, bloquea el canal auditivo. Muchas veces para poder restaurar la audici\u00f3n s\u00f3lo hace falta que se elimine el mismo.<br \/>\nInfecciones en el o\u00eddos o tumores en los huesos<br \/>\nSin importar si se trata del o\u00eddo externo o medio, estos factores pueden ser una de las causas de la p\u00e9rdida de la audici\u00f3n si no se tratan a tiempo.<br \/>\nPerforaci\u00f3n de la membrana del t\u00edmpano<br \/>\nTambi\u00e9n se puede hablar de ello como el t\u00edmpano roto, este puede llegar a producirse por todos aquellos ruidos muy fuertes (como estallidos, por ejemplo) y tambi\u00e9n los cambios sorpresivos de presi\u00f3n.<br \/>\nOtras de las razones tienen que ver con los objetos puntiagudos que son insertados en el o\u00eddo o infecciones capaces de causar que el t\u00edmpano se rompa afectando esto la audici\u00f3n.<\/p>\n<p>\u00bfCu\u00e1ndo visitar al m\u00e9dico?<br \/>\nDetectar por uno mismo que estamos ante la p\u00e9rdida de la audici\u00f3n, bien sea parcial, es muy sencillo. Es por ello que, en el momento donde se comience a dificultar entender a los dem\u00e1s cuando hablan o prestar atenci\u00f3n a algo, lo mejor siempre es visitar al m\u00e9dico otorrinolaring\u00f3logo.<\/p>\n","protected":false},"excerpt":{"rendered":"<p>Debemos abrir un art\u00edculo con la mala noticia de que la p\u00e9rdida de la audici\u00f3n se va produciendo de manera natural a medida que vamos envejeciendo. Cada 3 de 10 personas en Estados Unidos, comprendidas entre las edades de 65 a 75 a\u00f1os, poseen un grado significativo de esta afecci\u00f3n. En este art\u00edculo buscamos concientizar [&hellip;]<\/p>\n","protected":false},"author":1,"featured_media":9023,"comment_status":"open","ping_status":"open","sticky":false,"template":"","format":"standard","meta":{"footnotes":""},"categories":[33,184],"tags":[188,59,186],"class_list":["post-9022","post","type-post","status-publish","format-standard","has-post-thumbnail","hentry","category-noticias","category-otorrinolaringologo","tag-audicion","tag-clinica-jaime-i","tag-otorrino"],"_links":{"self":[{"href":"https:\/\/clinicajaimeicatarroja.com\/blog\/wp-json\/wp\/v2\/posts\/9022","targetHints":{"allow":["GET"]}}],"collection":[{"href":"https:\/\/clinicajaimeicatarroja.com\/blog\/wp-json\/wp\/v2\/posts"}],"about":[{"href":"https:\/\/clinicajaimeicatarroja.com\/blog\/wp-json\/wp\/v2\/types\/post"}],"author":[{"embeddable":true,"href":"https:\/\/clinicajaimeicatarroja.com\/blog\/wp-json\/wp\/v2\/users\/1"}],"replies":[{"embeddable":true,"href":"https:\/\/clinicajaimeicatarroja.com\/blog\/wp-json\/wp\/v2\/comments?post=9022"}],"version-history":[{"count":0,"href":"https:\/\/clinicajaimeicatarroja.com\/blog\/wp-json\/wp\/v2\/posts\/9022\/revisions"}],"wp:featuredmedia":[{"embeddable":true,"href":"https:\/\/clinicajaimeicatarroja.com\/blog\/wp-json\/wp\/v2\/media\/9023"}],"wp:attachment":[{"href":"https:\/\/clinicajaimeicatarroja.com\/blog\/wp-json\/wp\/v2\/media?parent=9022"}],"wp:term":[{"taxonomy":"category","embeddable":true,"href":"https:\/\/clinicajaimeicatarroja.com\/blog\/wp-json\/wp\/v2\/categories?post=9022"},{"taxonomy":"post_tag","embeddable":true,"href":"https:\/\/clinicajaimeicatarroja.com\/blog\/wp-json\/wp\/v2\/tags?post=9022"}],"curies":[{"name":"wp","href":"https:\/\/api.w.org\/{rel}","templated":true}]}}