{"id":6663,"date":"2018-03-22T10:04:51","date_gmt":"2018-03-22T10:04:51","guid":{"rendered":"https:\/\/clinicajaimeicatarroja.com\/blog\/?p=6663"},"modified":"2018-03-22T10:05:38","modified_gmt":"2018-03-22T10:05:38","slug":"alergias-primaverales","status":"publish","type":"post","link":"https:\/\/clinicajaimeicatarroja.com\/blog\/alergias-primaverales","title":{"rendered":"Alergias primaverales"},"content":{"rendered":"<h1>\u00bfSufres alg\u00fan tipo de alergia primaveral?<\/h1>\n<h2>Millones de personas temen la llegada de la primavera debido a las molestas alergias que siempre le acompa\u00f1an<\/h2>\n<p style=\"text-align: justify;\"><span style=\"font-size: large;\">Con el final del invierno y la llegada del buen tiempo, es inevitable tambi\u00e9n hablar de las alergias que sufrimos muchas personas, debido a diferentes motivos.<\/span><\/p>\n<p style=\"text-align: justify;\"><span style=\"font-size: large;\">La alergia no es m\u00e1s que una reacci\u00f3n del organismo humano en respuesta a la entrada de un elemento que el mismo reconoce como perjudicial, ya sea procedente de un alimento, de un animal, o sustancias que se encuentran en el medio ambiente, como el polen. Estas \u00faltimas, son las que suelen producir m\u00e1s alergias durante esta \u00e9poca del a\u00f1o.<\/span><\/p>\n<p><img decoding=\"async\" class=\"aligncenter wp-image-6664 size-full\" src=\"https:\/\/clinicajaimeicatarroja.com\/blog\/wp-content\/uploads\/2018\/03\/alergia-primavera-clinica-jaime-i.jpg\" alt=\"En la Cl\u00ednica Jaime I tratamos las alergias primaverales\" width=\"800\" height=\"600\" title=\"\" srcset=\"https:\/\/clinicajaimeicatarroja.com\/blog\/wp-content\/uploads\/2018\/03\/alergia-primavera-clinica-jaime-i.jpg 800w, https:\/\/clinicajaimeicatarroja.com\/blog\/wp-content\/uploads\/2018\/03\/alergia-primavera-clinica-jaime-i-300x225.jpg 300w, https:\/\/clinicajaimeicatarroja.com\/blog\/wp-content\/uploads\/2018\/03\/alergia-primavera-clinica-jaime-i-768x576.jpg 768w\" sizes=\"(max-width: 800px) 100vw, 800px\" \/><\/p>\n<p style=\"text-align: justify;\"><span style=\"font-size: large;\">Las alergias <a href=\"http:\/\/mireyalarruskain.com\/por-que-aparecen-y-desaparecen-las-alergias\/\" target=\"_blank\" rel=\"noopener\">pueden manifestarse en cualquier etapa de la vida<\/a>, y no tienen por qu\u00e9 ser para siempre. Hay quienes son al\u00e9rgicos a una sustancia desde su nacimiento, y hay personas que desarrollan , por distintas causas, rechazo hacia las mismas a partir de un momento determinado.<\/span><\/p>\n<p style=\"text-align: justify;\"><span style=\"font-size: large;\">No obstante, existe un componente hereditario que tiene mucha importancia. Las personas al\u00e9rgicas a determinado componente, suelen contar con familiares cercanos que comparten esa misma alergia, o que sufren patolog\u00edas cr\u00f3nicas como el asma, rinitis, o atopia.<\/span><\/p>\n<h2>Principales fuentes de alergia en primavera<\/h2>\n<p style=\"text-align: justify;\"><span style=\"font-size: large;\">En primavera, como dec\u00edamos anteriormente, est\u00e1n causadas en su mayor\u00eda por la sobreproducci\u00f3n de polen por parte de diferentes plantas. Es la \u00e9poca en la que, tras la decadencia del oto\u00f1o y el invierno, comienzan a florecer y sen encuentran en auge.<br \/>\nDiversos estudios han determinado que <a href=\"https:\/\/elpais.com\/diario\/1999\/05\/12\/sociedad\/926460010_850215.html\" target=\"_blank\" rel=\"noopener\">aproximadamente el 20% de la poblaci\u00f3n es sensible al polen<\/a> de alguna planta, y el contacto con el mismo le produce una reacci\u00f3n negativa que habitualmente se manifiesta en forma de estornudos, picor nasal, picor en los ojos, lagrimeo, aumento de la mucosidad, congesti\u00f3n nasal, o incluso urticarias.<\/span><\/p>\n<p style=\"text-align: justify;\"><span style=\"font-size: large;\">En el territorio espa\u00f1ol, la vegetaci\u00f3n que m\u00e1s problemas de este tipo suele general, son \u00e1rboles y plantas como los cipreses, los olivos, las gram\u00edneas y las artemisas.<\/span><\/p>\n<p style=\"text-align: justify;\"><span style=\"font-size: large;\">No siempre act\u00faan con la misma intensidad, ya que dependen de factores climatol\u00f3gicos. Los inviernos muy lluviosos y con mucho viento favorecen un aumento de los niveles de polen en la atm\u00f3sfera y, por tanto, incrementan los casos de alergia primaveral.<\/span><\/p>\n<h2>Diagn\u00f3stico y tratamiento<\/h2>\n<p style=\"text-align: justify;\"><span style=\"font-size: large;\">Dado que es frecuente que se presente durante la etapa infantil, el diagn\u00f3stico suele ser realizado por el pediatra o la pediatra. Sin embargo, en personas de edad m\u00e1s avanzada, si hay sospechas de estar padeciendo s\u00edntomas de alergia, se recomienda visitar a un\/a especialista alerg\u00f3logo\/a que pueda llevar a cabo las pruebas correspondietes. Estas consisten en ex\u00e1menes cut\u00e1neos y anal\u00edtica de sangre. En casos puntuales, se somete a un contacto moderado con el posible al\u00e9rgeno, para comprobar la reacci\u00f3n producida por el mismo.<\/span><\/p>\n<p><img decoding=\"async\" class=\"aligncenter wp-image-6665 size-full\" src=\"https:\/\/clinicajaimeicatarroja.com\/blog\/wp-content\/uploads\/2018\/03\/analisis-alergia-clinica-jaime-i.jpg\" alt=\"Diagn\u00f3stico de la alergias en pacientes \" width=\"800\" height=\"533\" title=\"\" srcset=\"https:\/\/clinicajaimeicatarroja.com\/blog\/wp-content\/uploads\/2018\/03\/analisis-alergia-clinica-jaime-i.jpg 800w, https:\/\/clinicajaimeicatarroja.com\/blog\/wp-content\/uploads\/2018\/03\/analisis-alergia-clinica-jaime-i-300x200.jpg 300w, https:\/\/clinicajaimeicatarroja.com\/blog\/wp-content\/uploads\/2018\/03\/analisis-alergia-clinica-jaime-i-768x512.jpg 768w, https:\/\/clinicajaimeicatarroja.com\/blog\/wp-content\/uploads\/2018\/03\/analisis-alergia-clinica-jaime-i-272x182.jpg 272w\" sizes=\"(max-width: 800px) 100vw, 800px\" \/><\/p>\n<p style=\"text-align: justify;\"><span style=\"font-size: large;\">Una vez se tiene claro qu\u00e9 sustancia o sustancias producen la reacci\u00f3n al\u00e9rgica en el paciente, el\/la especialista en alergolog\u00eda explica las medidas a tomar para frenar los efectos, as\u00ed como para prevenir futuros episodios de alergia.<\/span><\/p>\n<p style=\"text-align: justify;\"><span style=\"font-size: large;\">En la Cl\u00ednica Jaime I contamos con un <a href=\"https:\/\/www.clinicajaimeicatarroja.com\/especialidades-clinica-jaime-i\/\">departamento de alergolog\u00eda<\/a> compuesto por profesionales con gran experiencia en este \u00e1mbito. Si est\u00e1s cansado\/a de sufrir las molestas alergias primaverales a\u00f1o tras a\u00f1o, es el momento de ponerle soluci\u00f3n. Puedes pedirnos informaci\u00f3n o solicitar cita previa a trav\u00e9s de <a href=\"https:\/\/www.clinicajaimeicatarroja.com\/cita-previa\/\">nuestro formulario<\/a>, o contactar con nosotros llamando al <a href=\"tel:961262731\">96 126 27 31.<\/a><\/span><\/p>\n","protected":false},"excerpt":{"rendered":"<p>\u00bfSufres alg\u00fan tipo de alergia primaveral? Millones de personas temen la llegada de la primavera debido a las molestas alergias que siempre le acompa\u00f1an Con el final del invierno y la llegada del buen tiempo, es inevitable tambi\u00e9n hablar de las alergias que sufrimos muchas personas, debido a diferentes motivos. La alergia no es m\u00e1s [&hellip;]<\/p>\n","protected":false},"author":1,"featured_media":6664,"comment_status":"open","ping_status":"open","sticky":false,"template":"","format":"standard","meta":{"footnotes":""},"categories":[97,96,40,29,33,43],"tags":[98,99,62,59,101,60,100,61],"class_list":["post-6663","post","type-post","status-publish","format-standard","has-post-thumbnail","hentry","category-alergia","category-alergologia","category-clinica-jaime-i","category-destacado","category-noticias","category-salud","tag-alergias","tag-alergologia","tag-catarroja","tag-clinica-jaime-i","tag-primavera","tag-salud","tag-tratamiento","tag-valencia"],"_links":{"self":[{"href":"https:\/\/clinicajaimeicatarroja.com\/blog\/wp-json\/wp\/v2\/posts\/6663","targetHints":{"allow":["GET"]}}],"collection":[{"href":"https:\/\/clinicajaimeicatarroja.com\/blog\/wp-json\/wp\/v2\/posts"}],"about":[{"href":"https:\/\/clinicajaimeicatarroja.com\/blog\/wp-json\/wp\/v2\/types\/post"}],"author":[{"embeddable":true,"href":"https:\/\/clinicajaimeicatarroja.com\/blog\/wp-json\/wp\/v2\/users\/1"}],"replies":[{"embeddable":true,"href":"https:\/\/clinicajaimeicatarroja.com\/blog\/wp-json\/wp\/v2\/comments?post=6663"}],"version-history":[{"count":0,"href":"https:\/\/clinicajaimeicatarroja.com\/blog\/wp-json\/wp\/v2\/posts\/6663\/revisions"}],"wp:featuredmedia":[{"embeddable":true,"href":"https:\/\/clinicajaimeicatarroja.com\/blog\/wp-json\/wp\/v2\/media\/6664"}],"wp:attachment":[{"href":"https:\/\/clinicajaimeicatarroja.com\/blog\/wp-json\/wp\/v2\/media?parent=6663"}],"wp:term":[{"taxonomy":"category","embeddable":true,"href":"https:\/\/clinicajaimeicatarroja.com\/blog\/wp-json\/wp\/v2\/categories?post=6663"},{"taxonomy":"post_tag","embeddable":true,"href":"https:\/\/clinicajaimeicatarroja.com\/blog\/wp-json\/wp\/v2\/tags?post=6663"}],"curies":[{"name":"wp","href":"https:\/\/api.w.org\/{rel}","templated":true}]}}