{"id":20620,"date":"2024-04-04T20:45:56","date_gmt":"2024-04-04T18:45:56","guid":{"rendered":"https:\/\/clinicajaimeicatarroja.com\/blog\/?p=20620"},"modified":"2024-04-04T20:45:58","modified_gmt":"2024-04-04T18:45:58","slug":"dolor-cronico","status":"publish","type":"post","link":"https:\/\/clinicajaimeicatarroja.com\/blog\/dolor-cronico","title":{"rendered":"DOLOR CR\u00d3NICO: Causas y Tratamientos"},"content":{"rendered":"\n<p>El<strong> dolor cr\u00f3nico<\/strong> es un problema de salud que persiste durante largo tiempo. Puede estar asociado a enfermedades cr\u00f3nicas o lesiones no cicatrizadas. Factores psicol\u00f3gicos como ansiedad y depresi\u00f3n pueden intensificarlo. El diagn\u00f3stico del dolor cr\u00f3nico requiere evaluar la causa y su impacto en la vida diaria. El tratamiento puede incluir analg\u00e9sicos, terapias f\u00edsicas y psicol\u00f3gicas, entre otros enfoques de manejo. Medidas integrales son clave para abordar este tipo de dolor. La fisioterapia, adem\u00e1s de en la recuperaci\u00f3n, juega un papel importante en la prevenci\u00f3n de lesiones, mejora de la movilidad y rendimiento en el campo.<\/p>\n\n\n\n<figure class=\"wp-block-image size-large\"><a href=\"https:\/\/clinicajaimeicatarroja.com\/blog\/wp-content\/uploads\/2024\/04\/troubled-old-1.jpg\"><img decoding=\"async\" width=\"1024\" height=\"683\" src=\"https:\/\/clinicajaimeicatarroja.com\/blog\/wp-content\/uploads\/2024\/04\/troubled-old-1-1024x683.jpg\" alt=\"dolor-cr\u00f3nico-valencia\" class=\"wp-image-20655\" title=\"\" srcset=\"https:\/\/clinicajaimeicatarroja.com\/blog\/wp-content\/uploads\/2024\/04\/troubled-old-1-1024x683.jpg 1024w, https:\/\/clinicajaimeicatarroja.com\/blog\/wp-content\/uploads\/2024\/04\/troubled-old-1-300x200.jpg 300w, https:\/\/clinicajaimeicatarroja.com\/blog\/wp-content\/uploads\/2024\/04\/troubled-old-1-768x512.jpg 768w, https:\/\/clinicajaimeicatarroja.com\/blog\/wp-content\/uploads\/2024\/04\/troubled-old-1.jpg 1200w\" sizes=\"(max-width: 1024px) 100vw, 1024px\" \/><\/a><figcaption class=\"wp-element-caption\">persona-con-dolor-cr\u00f3nico<\/figcaption><\/figure>\n\n\n\n<div class=\"wp-block-rank-math-toc-block\" id=\"rank-math-toc\"><h2>Tabla de contenidos<\/h2><nav><ul><li><a href=\"#sintomas-y-caracteristicas-del-dolor-cronico\">S\u00edntomas y Caracter\u00edsticas del Dolor Cr\u00f3nico<\/a><ul><li><a href=\"#dolor-cronico-lumbar\">Dolor Cr\u00f3nico Lumbar<\/a><\/li><li><a href=\"#dolor-cronico-de-espalda\">Dolor Cr\u00f3nico de Espalda<\/a><\/li><li><a href=\"#dolor-cronico-de-cabeza\">Dolor Cr\u00f3nico de Cabeza<\/a><\/li><li><a href=\"#dolor-cronico-de-garganta\">Dolor Cr\u00f3nico de Garganta<\/a><\/li><\/ul><\/li><li><a href=\"#causas-y-factores-asociados-al-dolor-cronico\">Causas y Factores Asociados al Dolor Cr\u00f3nico<\/a><ul><li><a href=\"#trastornos-y-enfermedades-relacionados\">Trastornos y Enfermedades Relacionados<\/a><\/li><li><a href=\"#impacto-en-la-calidad-de-vida\">Impacto en la Calidad de Vida<\/a><\/li><li><a href=\"#sensibilizacion-de-los-nervios\">Sensibilizaci\u00f3n de los Nervios<\/a><\/li><\/ul><\/li><li><a href=\"#tratamientos-tradicionales-para-el-dolor-cronico\">Tratamientos Tradicionales para el Dolor Cr\u00f3nico<\/a><ul><li><a href=\"#farmacoterapia-para-el-dolor-cronico\">Farmacoterapia para el Dolor Cr\u00f3nico<\/a><\/li><li><a href=\"#terapias-fisicas-en-el-manejo-del-dolor\">Terapias F\u00edsicas en el Manejo del Dolor<\/a><\/li><li><a href=\"#enfoques-psicologicos-en-el-tratamiento\">Enfoques Psicol\u00f3gicos en el Tratamiento<\/a><\/li><\/ul><\/li><li><a href=\"#fisioterapia-rol-en-la-recuperacion-y-prevencion-de-lesiones\">Fisioterapia: Rol en la Recuperaci\u00f3n y Prevenci\u00f3n de Lesiones<\/a><ul><li><a href=\"#importancia-de-la-fisioterapia-en-la-rehabilitacion\">Importancia de la Fisioterapia en la Rehabilitaci\u00f3n<\/a><\/li><li><a href=\"#programas-de-prevencion-de-lesiones\">Programas de Prevenci\u00f3n de Lesiones<\/a><\/li><li><a href=\"#mejora-de-la-movilidad-y-rendimiento\">Mejora de la Movilidad y Rendimiento<\/a><\/li><\/ul><\/li><li><a href=\"#fibromialgia-y-su-relacion-con-el-dolor-cronico\">Fibromialgia y su Relaci\u00f3n con el Dolor Cr\u00f3nico<\/a><ul><li><a href=\"#caracteristicas-de-la-fibromialgia\">Caracter\u00edsticas de la Fibromialgia<\/a><\/li><li><a href=\"#impacto-en-la-vida-diaria\">Impacto en la Vida Diaria<\/a><\/li><li><a href=\"#estrategias-de-tratamiento\">Estrategias de Tratamiento<\/a><\/li><\/ul><\/li><li><a href=\"#abordaje-multidisciplinario-del-dolor-cronico\">Abordaje Multidisciplinario del Dolor Cr\u00f3nico<\/a><ul><li><a href=\"#enfoque-integral-en-la-atencion-medica\">Enfoque Integral en la Atenci\u00f3n M\u00e9dica<\/a><\/li><li><a href=\"#terapias-complementarias-y-alternativas\">Terapias Complementarias y Alternativas<\/a><\/li><li><a href=\"#importancia-de-la-atencion-primaria\">Importancia de la Atenci\u00f3n Primaria<\/a><\/li><\/ul><\/li><li><a href=\"#perspectivas-y-recomendaciones-en-el-manejo-del-dolor-cronico\">Perspectivas y Recomendaciones en el Manejo del Dolor Cr\u00f3nico<\/a><ul><li><a href=\"#estrategias-para-aliviar-el-dolor\">Estrategias para Aliviar el Dolor<\/a><\/li><li><a href=\"#como-afrontar-el-dolor-cronico-desde-una-vision-integral\">C\u00f3mo Afrontar el Dolor Cr\u00f3nico desde una Visi\u00f3n Integral<\/a><\/li><li><a href=\"#mejora-de-la-calidad-de-vida-con-un-enfoque-holistico\">Mejora de la Calidad de Vida con un Enfoque Hol\u00edstico<\/a><\/li><\/ul><\/li><\/ul><\/nav><\/div>\n\n\n\n<h2 class=\"wp-block-heading\" id=\"sintomas-y-caracteristicas-del-dolor-cronico\">S\u00edntomas y Caracter\u00edsticas del Dolor Cr\u00f3nico<\/h2>\n\n\n\n<p>El <strong>dolor cr\u00f3nico<\/strong> puede manifestarse de diversas formas en el cuerpo, afectando diferentes \u00e1reas y generando molestias persistentes. A continuaci\u00f3n, se detallan varios tipos de dolor cr\u00f3nico y sus caracter\u00edsticas espec\u00edficas:<\/p>\n\n\n\n<h3 class=\"wp-block-heading\" id=\"dolor-cronico-lumbar\"><strong><a href=\"https:\/\/clinicajaimeicatarroja.com\/blog\/dolor-lumbar\">Dolor Cr\u00f3nico Lumbar<\/a><\/strong><\/h3>\n\n\n\n<ul class=\"wp-block-list\">\n<li>Se caracteriza por una sensaci\u00f3n de malestar en la<strong> zona baja de la espalda<\/strong>.<\/li>\n\n\n\n<li>Puede ser <strong>constante o intermitente<\/strong>, limitando la movilidad y generando dificultades para realizar actividades cotidianas.<\/li>\n<\/ul>\n\n\n\n<figure class=\"wp-block-image size-large\"><a href=\"https:\/\/clinicajaimeicatarroja.com\/blog\/wp-content\/uploads\/2024\/04\/young-caucasian-1.jpg\"><img decoding=\"async\" width=\"1024\" height=\"683\" src=\"https:\/\/clinicajaimeicatarroja.com\/blog\/wp-content\/uploads\/2024\/04\/young-caucasian-1-1024x683.jpg\" alt=\"dolor-cr\u00f3nico-valencia\" class=\"wp-image-20656\" title=\"\" srcset=\"https:\/\/clinicajaimeicatarroja.com\/blog\/wp-content\/uploads\/2024\/04\/young-caucasian-1-1024x683.jpg 1024w, https:\/\/clinicajaimeicatarroja.com\/blog\/wp-content\/uploads\/2024\/04\/young-caucasian-1-300x200.jpg 300w, https:\/\/clinicajaimeicatarroja.com\/blog\/wp-content\/uploads\/2024\/04\/young-caucasian-1-768x512.jpg 768w, https:\/\/clinicajaimeicatarroja.com\/blog\/wp-content\/uploads\/2024\/04\/young-caucasian-1.jpg 1200w\" sizes=\"(max-width: 1024px) 100vw, 1024px\" \/><\/a><figcaption class=\"wp-element-caption\">persona-con-dolor-cr\u00f3nico<\/figcaption><\/figure>\n\n\n\n<h3 class=\"wp-block-heading\" id=\"dolor-cronico-de-espalda\"><strong>Dolor Cr\u00f3nico de Espalda<\/strong><\/h3>\n\n\n\n<ul class=\"wp-block-list\">\n<li>Se manifiesta como un <strong>dolor persistente<\/strong> en la zona dorsal o cervical de la espalda.<\/li>\n\n\n\n<li>A menudo est\u00e1 relacionado con <strong>malas posturas, sobreesfuerzos o lesiones previas<\/strong>.<\/li>\n<\/ul>\n\n\n\n<figure class=\"wp-block-image size-large\"><a href=\"https:\/\/clinicajaimeicatarroja.com\/blog\/wp-content\/uploads\/2024\/04\/expressive-youngp-1.jpg\"><img decoding=\"async\" width=\"1024\" height=\"683\" src=\"https:\/\/clinicajaimeicatarroja.com\/blog\/wp-content\/uploads\/2024\/04\/expressive-youngp-1-1024x683.jpg\" alt=\"dolor-cr\u00f3nico-valencia\" class=\"wp-image-20657\" title=\"\" srcset=\"https:\/\/clinicajaimeicatarroja.com\/blog\/wp-content\/uploads\/2024\/04\/expressive-youngp-1-1024x683.jpg 1024w, https:\/\/clinicajaimeicatarroja.com\/blog\/wp-content\/uploads\/2024\/04\/expressive-youngp-1-300x200.jpg 300w, https:\/\/clinicajaimeicatarroja.com\/blog\/wp-content\/uploads\/2024\/04\/expressive-youngp-1-768x512.jpg 768w, https:\/\/clinicajaimeicatarroja.com\/blog\/wp-content\/uploads\/2024\/04\/expressive-youngp-1.jpg 1200w\" sizes=\"(max-width: 1024px) 100vw, 1024px\" \/><\/a><figcaption class=\"wp-element-caption\">persona-con-dolor-cr\u00f3nico<\/figcaption><\/figure>\n\n\n\n<h3 class=\"wp-block-heading\" id=\"dolor-cronico-de-cabeza\"><strong><a href=\"https:\/\/clinicajaimeicatarroja.com\/blog\/por-que-me-duele-la-cabeza\">Dolor Cr\u00f3nico de Cabeza<\/a><\/strong><\/h3>\n\n\n\n<ul class=\"wp-block-list\">\n<li>Provoca<strong> cefaleas recurrentes <\/strong>que pueden ser puls\u00e1tiles, tensionales o migra\u00f1osas.<\/li>\n\n\n\n<li>Este tipo de dolor puede afectar significativamente la <strong>calidad de vida y el bienestar emocional<\/strong> del individuo.<\/li>\n<\/ul>\n\n\n\n<figure class=\"wp-block-image size-large\"><a href=\"https:\/\/clinicajaimeicatarroja.com\/blog\/wp-content\/uploads\/2024\/04\/blonde-young-1.jpg\"><img decoding=\"async\" width=\"1024\" height=\"683\" src=\"https:\/\/clinicajaimeicatarroja.com\/blog\/wp-content\/uploads\/2024\/04\/blonde-young-1-1024x683.jpg\" alt=\"dolor-cr\u00f3nico-valencia\" class=\"wp-image-20658\" title=\"\" srcset=\"https:\/\/clinicajaimeicatarroja.com\/blog\/wp-content\/uploads\/2024\/04\/blonde-young-1-1024x683.jpg 1024w, https:\/\/clinicajaimeicatarroja.com\/blog\/wp-content\/uploads\/2024\/04\/blonde-young-1-300x200.jpg 300w, https:\/\/clinicajaimeicatarroja.com\/blog\/wp-content\/uploads\/2024\/04\/blonde-young-1-768x512.jpg 768w, https:\/\/clinicajaimeicatarroja.com\/blog\/wp-content\/uploads\/2024\/04\/blonde-young-1.jpg 1200w\" sizes=\"(max-width: 1024px) 100vw, 1024px\" \/><\/a><figcaption class=\"wp-element-caption\">persona-con-dolor-cr\u00f3nico<\/figcaption><\/figure>\n\n\n\n<h3 class=\"wp-block-heading\" id=\"dolor-cronico-de-garganta\"><strong>Dolor Cr\u00f3nico de <a href=\"https:\/\/clinicajaimeicatarroja.com\/blog\/dolor-de-garganta\">Garganta<\/a><\/strong><\/h3>\n\n\n\n<ul class=\"wp-block-list\">\n<li>Se caracteriza por una sensaci\u00f3n de <strong>irritaci\u00f3n, sequedad o ardor en la garganta<\/strong>.<\/li>\n\n\n\n<li>Puede estar asociado a condiciones como <strong>la faringitis cr\u00f3nica o el reflujo gastroesof\u00e1gico<\/strong>.<\/li>\n<\/ul>\n\n\n\n<figure class=\"wp-block-image size-large\"><a href=\"https:\/\/clinicajaimeicatarroja.com\/blog\/wp-content\/uploads\/2024\/04\/upset-curly-1.jpg\"><img decoding=\"async\" width=\"1024\" height=\"683\" src=\"https:\/\/clinicajaimeicatarroja.com\/blog\/wp-content\/uploads\/2024\/04\/upset-curly-1-1024x683.jpg\" alt=\"dolor-cr\u00f3nico-valencia\" class=\"wp-image-20659\" title=\"\" srcset=\"https:\/\/clinicajaimeicatarroja.com\/blog\/wp-content\/uploads\/2024\/04\/upset-curly-1-1024x683.jpg 1024w, https:\/\/clinicajaimeicatarroja.com\/blog\/wp-content\/uploads\/2024\/04\/upset-curly-1-300x200.jpg 300w, https:\/\/clinicajaimeicatarroja.com\/blog\/wp-content\/uploads\/2024\/04\/upset-curly-1-768x512.jpg 768w, https:\/\/clinicajaimeicatarroja.com\/blog\/wp-content\/uploads\/2024\/04\/upset-curly-1.jpg 1200w\" sizes=\"(max-width: 1024px) 100vw, 1024px\" \/><\/a><figcaption class=\"wp-element-caption\">persona-con-dolor-cr\u00f3nico<\/figcaption><\/figure>\n\n\n\n<h2 class=\"wp-block-heading\" id=\"causas-y-factores-asociados-al-dolor-cronico\">Causas y Factores Asociados al Dolor Cr\u00f3nico<\/h2>\n\n\n\n<p>El <strong>dolor cr\u00f3nico <\/strong>puede estar relacionado con diversos trastornos y enfermedades, as\u00ed como con factores que impactan en la calidad de vida y la sensibilizaci\u00f3n de los nervios.<\/p>\n\n\n\n<h3 class=\"wp-block-heading\" id=\"trastornos-y-enfermedades-relacionados\"><strong>Trastornos y Enfermedades Relacionados<\/strong><\/h3>\n\n\n\n<p>Algunas condiciones m\u00e9dicas como<strong> la artritis, el c\u00e1ncer, la fibromialgia y la diabetes<\/strong> pueden desencadenar dolor cr\u00f3nico en quienes las padecen. Estos trastornos afectan el funcionamiento normal del cuerpo y pueden dar lugar a una experiencia dolorosa persistente.<\/p>\n\n\n\n<figure class=\"wp-block-image size-large\"><a href=\"https:\/\/clinicajaimeicatarroja.com\/blog\/wp-content\/uploads\/2024\/04\/sad-doctor-1.jpg\"><img decoding=\"async\" width=\"1024\" height=\"683\" src=\"https:\/\/clinicajaimeicatarroja.com\/blog\/wp-content\/uploads\/2024\/04\/sad-doctor-1-1024x683.jpg\" alt=\"dolor-cr\u00f3nico-valencia\" class=\"wp-image-20660\" title=\"\" srcset=\"https:\/\/clinicajaimeicatarroja.com\/blog\/wp-content\/uploads\/2024\/04\/sad-doctor-1-1024x683.jpg 1024w, https:\/\/clinicajaimeicatarroja.com\/blog\/wp-content\/uploads\/2024\/04\/sad-doctor-1-300x200.jpg 300w, https:\/\/clinicajaimeicatarroja.com\/blog\/wp-content\/uploads\/2024\/04\/sad-doctor-1-768x512.jpg 768w, https:\/\/clinicajaimeicatarroja.com\/blog\/wp-content\/uploads\/2024\/04\/sad-doctor-1.jpg 1200w\" sizes=\"(max-width: 1024px) 100vw, 1024px\" \/><\/a><figcaption class=\"wp-element-caption\">m\u00e9dico-dolor-cr\u00f3nico<\/figcaption><\/figure>\n\n\n\n<h3 class=\"wp-block-heading\" id=\"impacto-en-la-calidad-de-vida\"><strong>Impacto en la Calidad de Vida<\/strong><\/h3>\n\n\n\n<p>El <strong>dolor cr\u00f3nico<\/strong> no solo afecta la salud f\u00edsica, sino que tambi\u00e9n tiene un impacto significativo en la calidad de vida de las personas. La incapacidad para llevar a cabo actividades diarias, la disminuci\u00f3n del estado de \u00e1nimo y las limitaciones en la movilidad son solo algunas de las consecuencias del dolor cr\u00f3nico en la vida cotidiana.<\/p>\n\n\n\n<figure class=\"wp-block-image size-large\"><a href=\"https:\/\/clinicajaimeicatarroja.com\/blog\/wp-content\/uploads\/2024\/04\/side-view-1.jpg\"><img decoding=\"async\" width=\"1024\" height=\"683\" src=\"https:\/\/clinicajaimeicatarroja.com\/blog\/wp-content\/uploads\/2024\/04\/side-view-1-1024x683.jpg\" alt=\"dolor-cr\u00f3nico-valencia\" class=\"wp-image-20661\" title=\"\" srcset=\"https:\/\/clinicajaimeicatarroja.com\/blog\/wp-content\/uploads\/2024\/04\/side-view-1-1024x683.jpg 1024w, https:\/\/clinicajaimeicatarroja.com\/blog\/wp-content\/uploads\/2024\/04\/side-view-1-300x200.jpg 300w, https:\/\/clinicajaimeicatarroja.com\/blog\/wp-content\/uploads\/2024\/04\/side-view-1-768x512.jpg 768w, https:\/\/clinicajaimeicatarroja.com\/blog\/wp-content\/uploads\/2024\/04\/side-view-1.jpg 1200w\" sizes=\"(max-width: 1024px) 100vw, 1024px\" \/><\/a><figcaption class=\"wp-element-caption\">m\u00e9dico-dolor-cr\u00f3nico<\/figcaption><\/figure>\n\n\n\n<h3 class=\"wp-block-heading\" id=\"sensibilizacion-de-los-nervios\"><strong>Sensibilizaci\u00f3n de los Nervios<\/strong><\/h3>\n\n\n\n<p>La<strong> sensibilizaci\u00f3n de los nervios<\/strong> es un fen\u00f3meno en el que los receptores de dolor en el sistema nervioso central se vuelven m\u00e1s sensibles, lo que puede intensificar la percepci\u00f3n del dolor. Esta sensibilizaci\u00f3n puede ser resultado de lesiones previas, trastornos neurol\u00f3gicos o incluso factores psicol\u00f3gicos.<\/p>\n\n\n\n<figure class=\"wp-block-image size-large\"><a href=\"https:\/\/clinicajaimeicatarroja.com\/blog\/wp-content\/uploads\/2024\/04\/man-with-1.jpg\"><img decoding=\"async\" width=\"1024\" height=\"683\" src=\"https:\/\/clinicajaimeicatarroja.com\/blog\/wp-content\/uploads\/2024\/04\/man-with-1-1024x683.jpg\" alt=\"dolor-cr\u00f3nico-valencia\" class=\"wp-image-20662\" title=\"\" srcset=\"https:\/\/clinicajaimeicatarroja.com\/blog\/wp-content\/uploads\/2024\/04\/man-with-1-1024x683.jpg 1024w, https:\/\/clinicajaimeicatarroja.com\/blog\/wp-content\/uploads\/2024\/04\/man-with-1-300x200.jpg 300w, https:\/\/clinicajaimeicatarroja.com\/blog\/wp-content\/uploads\/2024\/04\/man-with-1-768x512.jpg 768w, https:\/\/clinicajaimeicatarroja.com\/blog\/wp-content\/uploads\/2024\/04\/man-with-1.jpg 1200w\" sizes=\"(max-width: 1024px) 100vw, 1024px\" \/><\/a><figcaption class=\"wp-element-caption\">persona-con-dolor-cr\u00f3nico<\/figcaption><\/figure>\n\n\n\n<h2 class=\"wp-block-heading\" id=\"tratamientos-tradicionales-para-el-dolor-cronico\">Tratamientos Tradicionales para el Dolor Cr\u00f3nico<\/h2>\n\n\n\n<h3 class=\"wp-block-heading\" id=\"farmacoterapia-para-el-dolor-cronico\"><strong>Farmacoterapia para el Dolor Cr\u00f3nico<\/strong><\/h3>\n\n\n\n<p>La <strong>farmacoterapia <\/strong>es una de las opciones tradicionales para el manejo del dolor cr\u00f3nico. Los <strong>medicamentos analg\u00e9sicos<\/strong> se prescriben seg\u00fan la intensidad y la causa del dolor. Entre los f\u00e1rmacos comunes se encuentran los antiinflamatorios no esteroides y los opioides, que pueden aliviar el dolor y mejorar la calidad de vida del paciente.<\/p>\n\n\n\n<figure class=\"wp-block-image size-large\"><a href=\"https:\/\/clinicajaimeicatarroja.com\/blog\/wp-content\/uploads\/2024\/04\/unrecognizable-vitamins-2.jpg\"><img decoding=\"async\" width=\"1024\" height=\"683\" src=\"https:\/\/clinicajaimeicatarroja.com\/blog\/wp-content\/uploads\/2024\/04\/unrecognizable-vitamins-2-1024x683.jpg\" alt=\"dolor-cr\u00f3nico-valencia\" class=\"wp-image-20651\" title=\"\" srcset=\"https:\/\/clinicajaimeicatarroja.com\/blog\/wp-content\/uploads\/2024\/04\/unrecognizable-vitamins-2-1024x683.jpg 1024w, https:\/\/clinicajaimeicatarroja.com\/blog\/wp-content\/uploads\/2024\/04\/unrecognizable-vitamins-2-300x200.jpg 300w, https:\/\/clinicajaimeicatarroja.com\/blog\/wp-content\/uploads\/2024\/04\/unrecognizable-vitamins-2-768x512.jpg 768w, https:\/\/clinicajaimeicatarroja.com\/blog\/wp-content\/uploads\/2024\/04\/unrecognizable-vitamins-2.jpg 1200w\" sizes=\"(max-width: 1024px) 100vw, 1024px\" \/><\/a><figcaption class=\"wp-element-caption\">medicamentos<\/figcaption><\/figure>\n\n\n\n<h3 class=\"wp-block-heading\" id=\"terapias-fisicas-en-el-manejo-del-dolor\"><strong>Terapias F\u00edsicas en el Manejo del Dolor<\/strong><\/h3>\n\n\n\n<p>Las<strong> terapias f\u00edsicas<\/strong> son fundamentales en el tratamiento del dolor cr\u00f3nico, ya que ayudan a fortalecer los m\u00fasculos, mejorar la movilidad y reducir la sensaci\u00f3n de dolor. La fisioterapia, los ejercicios de estiramiento y fortalecimiento, as\u00ed como la terapia ocupacional, son parte importante de los programas de rehabilitaci\u00f3n para pacientes con dolor cr\u00f3nico.<\/p>\n\n\n\n<figure class=\"wp-block-image size-large\"><a href=\"https:\/\/clinicajaimeicatarroja.com\/blog\/wp-content\/uploads\/2024\/04\/shot-young-1.jpg\"><img decoding=\"async\" width=\"1024\" height=\"683\" src=\"https:\/\/clinicajaimeicatarroja.com\/blog\/wp-content\/uploads\/2024\/04\/shot-young-1-1024x683.jpg\" alt=\"dolor-cr\u00f3nico-valencia\" class=\"wp-image-20663\" title=\"\" srcset=\"https:\/\/clinicajaimeicatarroja.com\/blog\/wp-content\/uploads\/2024\/04\/shot-young-1-1024x683.jpg 1024w, https:\/\/clinicajaimeicatarroja.com\/blog\/wp-content\/uploads\/2024\/04\/shot-young-1-300x200.jpg 300w, https:\/\/clinicajaimeicatarroja.com\/blog\/wp-content\/uploads\/2024\/04\/shot-young-1-768x512.jpg 768w, https:\/\/clinicajaimeicatarroja.com\/blog\/wp-content\/uploads\/2024\/04\/shot-young-1.jpg 1200w\" sizes=\"(max-width: 1024px) 100vw, 1024px\" \/><\/a><figcaption class=\"wp-element-caption\">m\u00e9dico-dolor-cr\u00f3nico<\/figcaption><\/figure>\n\n\n\n<h3 class=\"wp-block-heading\" id=\"enfoques-psicologicos-en-el-tratamiento\"><strong>Enfoques Psicol\u00f3gicos en el Tratamiento<\/strong><\/h3>\n\n\n\n<p>Los <strong>enfoques psicol\u00f3gicos<\/strong> son otra herramienta esencial en el tratamiento del dolor cr\u00f3nico. La terapia cognitivo-conductual, la terapia de relajaci\u00f3n, el biofeedback y la meditaci\u00f3n son t\u00e9cnicas que ayudan a gestionar el dolor, reducir el estr\u00e9s y mejorar la calidad de vida. El abordaje integral del dolor cr\u00f3nico incluye aspectos f\u00edsicos, emocionales y psicol\u00f3gicos para lograr un manejo efectivo de esta condici\u00f3n.<\/p>\n\n\n\n<figure class=\"wp-block-image size-large\"><a href=\"https:\/\/clinicajaimeicatarroja.com\/blog\/wp-content\/uploads\/2024\/04\/front-viewlp-1.jpg\"><img decoding=\"async\" width=\"1024\" height=\"683\" src=\"https:\/\/clinicajaimeicatarroja.com\/blog\/wp-content\/uploads\/2024\/04\/front-viewlp-1-1024x683.jpg\" alt=\"dolor-cr\u00f3nico-valencia\" class=\"wp-image-20664\" title=\"\" srcset=\"https:\/\/clinicajaimeicatarroja.com\/blog\/wp-content\/uploads\/2024\/04\/front-viewlp-1-1024x683.jpg 1024w, https:\/\/clinicajaimeicatarroja.com\/blog\/wp-content\/uploads\/2024\/04\/front-viewlp-1-300x200.jpg 300w, https:\/\/clinicajaimeicatarroja.com\/blog\/wp-content\/uploads\/2024\/04\/front-viewlp-1-768x512.jpg 768w, https:\/\/clinicajaimeicatarroja.com\/blog\/wp-content\/uploads\/2024\/04\/front-viewlp-1.jpg 1200w\" sizes=\"(max-width: 1024px) 100vw, 1024px\" \/><\/a><figcaption class=\"wp-element-caption\">m\u00e9dico-dolor-cr\u00f3nico<\/figcaption><\/figure>\n\n\n\n<h2 class=\"wp-block-heading\" id=\"fisioterapia-rol-en-la-recuperacion-y-prevencion-de-lesiones\">Fisioterapia: Rol en la Recuperaci\u00f3n y Prevenci\u00f3n de Lesiones<\/h2>\n\n\n\n<h3 class=\"wp-block-heading\" id=\"importancia-de-la-fisioterapia-en-la-rehabilitacion\"><strong>Importancia de la Fisioterapia en la Rehabilitaci\u00f3n<\/strong><\/h3>\n\n\n\n<p>La <strong>fisioterapia <\/strong>desempe\u00f1a un papel fundamental en la recuperaci\u00f3n de lesiones, ayudando a restablecer la funcionalidad del \u00e1rea afectada mediante ejercicios terap\u00e9uticos, masajes y t\u00e9cnicas de estiramiento. Los fisioterapeutas trabajan de forma individualizada para dise\u00f1ar planes de tratamiento espec\u00edficos que promuevan la recuperaci\u00f3n \u00f3ptima de los deportistas.<\/p>\n\n\n\n<figure class=\"wp-block-image size-large\"><a href=\"https:\/\/clinicajaimeicatarroja.com\/blog\/wp-content\/uploads\/2024\/04\/physiotherapist-giving-2.jpg\"><img decoding=\"async\" width=\"1024\" height=\"683\" src=\"https:\/\/clinicajaimeicatarroja.com\/blog\/wp-content\/uploads\/2024\/04\/physiotherapist-giving-2-1024x683.jpg\" alt=\"dolor-cr\u00f3nico-valencia\" class=\"wp-image-20652\" title=\"\" srcset=\"https:\/\/clinicajaimeicatarroja.com\/blog\/wp-content\/uploads\/2024\/04\/physiotherapist-giving-2-1024x683.jpg 1024w, https:\/\/clinicajaimeicatarroja.com\/blog\/wp-content\/uploads\/2024\/04\/physiotherapist-giving-2-300x200.jpg 300w, https:\/\/clinicajaimeicatarroja.com\/blog\/wp-content\/uploads\/2024\/04\/physiotherapist-giving-2-768x512.jpg 768w, https:\/\/clinicajaimeicatarroja.com\/blog\/wp-content\/uploads\/2024\/04\/physiotherapist-giving-2.jpg 1200w\" sizes=\"(max-width: 1024px) 100vw, 1024px\" \/><\/a><figcaption class=\"wp-element-caption\">fisioterapeuta<\/figcaption><\/figure>\n\n\n\n<h3 class=\"wp-block-heading\" id=\"programas-de-prevencion-de-lesiones\"><strong>Programas de Prevenci\u00f3n de Lesiones<\/strong><\/h3>\n\n\n\n<p>Los <strong>programas de prevenci\u00f3n de lesiones<\/strong> implementados por fisioterapeutas buscan identificar y corregir posibles desequilibrios musculares, mejorar la t\u00e9cnica de movimiento y fortalecer \u00e1reas vulnerables del cuerpo para reducir el riesgo de lesiones. Estos programas incluyen ejercicios de fortalecimiento, entrenamiento de la estabilidad y educaci\u00f3n sobre pr\u00e1cticas seguras en el deporte.<\/p>\n\n\n\n<figure class=\"wp-block-image size-large\"><a href=\"https:\/\/clinicajaimeicatarroja.com\/blog\/wp-content\/uploads\/2024\/04\/woman-with-1.jpg\"><img decoding=\"async\" width=\"1024\" height=\"683\" src=\"https:\/\/clinicajaimeicatarroja.com\/blog\/wp-content\/uploads\/2024\/04\/woman-with-1-1024x683.jpg\" alt=\"dolor-cr\u00f3nico-valencia\" class=\"wp-image-20665\" title=\"\" srcset=\"https:\/\/clinicajaimeicatarroja.com\/blog\/wp-content\/uploads\/2024\/04\/woman-with-1-1024x683.jpg 1024w, https:\/\/clinicajaimeicatarroja.com\/blog\/wp-content\/uploads\/2024\/04\/woman-with-1-300x200.jpg 300w, https:\/\/clinicajaimeicatarroja.com\/blog\/wp-content\/uploads\/2024\/04\/woman-with-1-768x512.jpg 768w, https:\/\/clinicajaimeicatarroja.com\/blog\/wp-content\/uploads\/2024\/04\/woman-with-1.jpg 1200w\" sizes=\"(max-width: 1024px) 100vw, 1024px\" \/><\/a><figcaption class=\"wp-element-caption\">persona-con-dolor-cr\u00f3nico<\/figcaption><\/figure>\n\n\n\n<h3 class=\"wp-block-heading\" id=\"mejora-de-la-movilidad-y-rendimiento\"><strong>Mejora de la Movilidad y Rendimiento<\/strong><\/h3>\n\n\n\n<p>La<strong> fisioterapia <\/strong>no solo se enfoca en la recuperaci\u00f3n y prevenci\u00f3n de lesiones, sino que tambi\u00e9n contribuye significativamente a mejorar la movilidad y el rendimiento general de los deportistas en el campo. A trav\u00e9s de t\u00e9cnicas de terapia manual, ejercicios espec\u00edficos y trabajo en equipo con otros profesionales de la salud, los fisioterapeutas ayudan a optimizar la capacidad f\u00edsica y el rendimiento deportivo de los jugadores.<\/p>\n\n\n\n<figure class=\"wp-block-image size-large\"><a href=\"https:\/\/clinicajaimeicatarroja.com\/blog\/wp-content\/uploads\/2024\/04\/osteopathy-patient-1.jpg\"><img decoding=\"async\" width=\"1024\" height=\"683\" src=\"https:\/\/clinicajaimeicatarroja.com\/blog\/wp-content\/uploads\/2024\/04\/osteopathy-patient-1-1024x683.jpg\" alt=\"dolor-cr\u00f3nico-valencia\" class=\"wp-image-20653\" title=\"\" srcset=\"https:\/\/clinicajaimeicatarroja.com\/blog\/wp-content\/uploads\/2024\/04\/osteopathy-patient-1-1024x683.jpg 1024w, https:\/\/clinicajaimeicatarroja.com\/blog\/wp-content\/uploads\/2024\/04\/osteopathy-patient-1-300x200.jpg 300w, https:\/\/clinicajaimeicatarroja.com\/blog\/wp-content\/uploads\/2024\/04\/osteopathy-patient-1-768x512.jpg 768w, https:\/\/clinicajaimeicatarroja.com\/blog\/wp-content\/uploads\/2024\/04\/osteopathy-patient-1.jpg 1200w\" sizes=\"(max-width: 1024px) 100vw, 1024px\" \/><\/a><figcaption class=\"wp-element-caption\">fisioterapeuta<\/figcaption><\/figure>\n\n\n\n<h2 class=\"wp-block-heading\" id=\"fibromialgia-y-su-relacion-con-el-dolor-cronico\">Fibromialgia y su Relaci\u00f3n con el Dolor Cr\u00f3nico<\/h2>\n\n\n\n<p>La<strong> fibromialgia <\/strong>es un s\u00edndrome de dolor cr\u00f3nico que afecta a un amplio n\u00famero de personas. Se caracteriza por la presencia de dolor generalizado en el cuerpo, fatiga persistente y sensibilidad en ciertos puntos de presi\u00f3n. A continuaci\u00f3n, se detallan algunas caracter\u00edsticas clave de la fibromialgia:<\/p>\n\n\n\n<h3 class=\"wp-block-heading\" id=\"caracteristicas-de-la-fibromialgia\"><strong>Caracter\u00edsticas de la Fibromialgia<\/strong><\/h3>\n\n\n\n<ul class=\"wp-block-list\">\n<li><strong>Dolor generalizado en m\u00fasculos y articulaciones<\/strong>.<\/li>\n\n\n\n<li><strong>Fatiga cr\u00f3nica y sensaci\u00f3n de cansancio constante<\/strong>.<\/li>\n\n\n\n<li><strong>Dificultades para conciliar el sue\u00f1o<\/strong> y mantener un descanso reparador.<\/li>\n<\/ul>\n\n\n\n<figure class=\"wp-block-image size-large\"><a href=\"https:\/\/clinicajaimeicatarroja.com\/blog\/wp-content\/uploads\/2024\/04\/aching-young-1.jpg\"><img decoding=\"async\" width=\"1024\" height=\"683\" src=\"https:\/\/clinicajaimeicatarroja.com\/blog\/wp-content\/uploads\/2024\/04\/aching-young-1-1024x683.jpg\" alt=\"dolor-cr\u00f3nico-valencia\" class=\"wp-image-20666\" title=\"\" srcset=\"https:\/\/clinicajaimeicatarroja.com\/blog\/wp-content\/uploads\/2024\/04\/aching-young-1-1024x683.jpg 1024w, https:\/\/clinicajaimeicatarroja.com\/blog\/wp-content\/uploads\/2024\/04\/aching-young-1-300x200.jpg 300w, https:\/\/clinicajaimeicatarroja.com\/blog\/wp-content\/uploads\/2024\/04\/aching-young-1-768x512.jpg 768w, https:\/\/clinicajaimeicatarroja.com\/blog\/wp-content\/uploads\/2024\/04\/aching-young-1.jpg 1200w\" sizes=\"(max-width: 1024px) 100vw, 1024px\" \/><\/a><figcaption class=\"wp-element-caption\">m\u00e9dico-dolor-cr\u00f3nico<\/figcaption><\/figure>\n\n\n\n<h3 class=\"wp-block-heading\" id=\"impacto-en-la-vida-diaria\"><strong>Impacto en la Vida Diaria<\/strong><\/h3>\n\n\n\n<p>La <strong>fibromialgia <\/strong>puede tener un impacto significativo en la vida diaria de quienes la padecen. La constante presencia de dolor y fatiga puede limitar la capacidad de realizar actividades cotidianas, afectando las relaciones interpersonales y la calidad de vida en general.<\/p>\n\n\n\n<figure class=\"wp-block-image size-large\"><a href=\"https:\/\/clinicajaimeicatarroja.com\/blog\/wp-content\/uploads\/2024\/04\/senior-man-1.jpg\"><img decoding=\"async\" width=\"1024\" height=\"683\" src=\"https:\/\/clinicajaimeicatarroja.com\/blog\/wp-content\/uploads\/2024\/04\/senior-man-1-1024x683.jpg\" alt=\"dolor-cr\u00f3nico-valencia\" class=\"wp-image-20667\" title=\"\" srcset=\"https:\/\/clinicajaimeicatarroja.com\/blog\/wp-content\/uploads\/2024\/04\/senior-man-1-1024x683.jpg 1024w, https:\/\/clinicajaimeicatarroja.com\/blog\/wp-content\/uploads\/2024\/04\/senior-man-1-300x200.jpg 300w, https:\/\/clinicajaimeicatarroja.com\/blog\/wp-content\/uploads\/2024\/04\/senior-man-1-768x512.jpg 768w, https:\/\/clinicajaimeicatarroja.com\/blog\/wp-content\/uploads\/2024\/04\/senior-man-1.jpg 1200w\" sizes=\"(max-width: 1024px) 100vw, 1024px\" \/><\/a><figcaption class=\"wp-element-caption\">persona-con-dolor-cr\u00f3nico<\/figcaption><\/figure>\n\n\n\n<h3 class=\"wp-block-heading\" id=\"estrategias-de-tratamiento\"><strong>Estrategias de Tratamiento<\/strong><\/h3>\n\n\n\n<p>El <strong>tratamiento de la fibromialgia<\/strong> suele ser multidisciplinario, incluyendo terapias f\u00edsicas, farmacoterapia, y enfoques psicol\u00f3gicos. Es fundamental establecer un plan de manejo del dolor que aborde tanto los aspectos f\u00edsicos como emocionales de la condici\u00f3n, con el objetivo de mejorar la calidad de vida y reducir la sintomatolog\u00eda asociada.<\/p>\n\n\n\n<figure class=\"wp-block-image size-large\"><a href=\"https:\/\/clinicajaimeicatarroja.com\/blog\/wp-content\/uploads\/2024\/04\/front-view-1.jpg\"><img decoding=\"async\" width=\"1024\" height=\"683\" src=\"https:\/\/clinicajaimeicatarroja.com\/blog\/wp-content\/uploads\/2024\/04\/front-view-1-1024x683.jpg\" alt=\"dolor-cr\u00f3nico-valencia\" class=\"wp-image-20668\" title=\"\" srcset=\"https:\/\/clinicajaimeicatarroja.com\/blog\/wp-content\/uploads\/2024\/04\/front-view-1-1024x683.jpg 1024w, https:\/\/clinicajaimeicatarroja.com\/blog\/wp-content\/uploads\/2024\/04\/front-view-1-300x200.jpg 300w, https:\/\/clinicajaimeicatarroja.com\/blog\/wp-content\/uploads\/2024\/04\/front-view-1-768x512.jpg 768w, https:\/\/clinicajaimeicatarroja.com\/blog\/wp-content\/uploads\/2024\/04\/front-view-1.jpg 1200w\" sizes=\"(max-width: 1024px) 100vw, 1024px\" \/><\/a><figcaption class=\"wp-element-caption\">persona-con-dolor-cr\u00f3nico<\/figcaption><\/figure>\n\n\n\n<h2 class=\"wp-block-heading\" id=\"abordaje-multidisciplinario-del-dolor-cronico\">Abordaje Multidisciplinario del Dolor Cr\u00f3nico<\/h2>\n\n\n\n<h3 class=\"wp-block-heading\" id=\"enfoque-integral-en-la-atencion-medica\"><strong>Enfoque Integral en la Atenci\u00f3n M\u00e9dica<\/strong><\/h3>\n\n\n\n<p>La <strong>atenci\u00f3n integral del dolor cr\u00f3nico <\/strong>requiere la colaboraci\u00f3n de diversos profesionales de la salud, como m\u00e9dicos, fisioterapeutas y psic\u00f3logos. Esta aproximaci\u00f3n busca abordar todas las facetas del dolor, considerando tanto sus aspectos f\u00edsicos como psicol\u00f3gicos para brindar un tratamiento completo y personalizado.<\/p>\n\n\n\n<figure class=\"wp-block-image size-large\"><a href=\"https:\/\/clinicajaimeicatarroja.com\/blog\/wp-content\/uploads\/2024\/04\/elderly-doctor-1.jpg\"><img decoding=\"async\" width=\"1024\" height=\"683\" src=\"https:\/\/clinicajaimeicatarroja.com\/blog\/wp-content\/uploads\/2024\/04\/elderly-doctor-1-1024x683.jpg\" alt=\"dolor-cr\u00f3nico-valencia\" class=\"wp-image-20669\" title=\"\" srcset=\"https:\/\/clinicajaimeicatarroja.com\/blog\/wp-content\/uploads\/2024\/04\/elderly-doctor-1-1024x683.jpg 1024w, https:\/\/clinicajaimeicatarroja.com\/blog\/wp-content\/uploads\/2024\/04\/elderly-doctor-1-300x200.jpg 300w, https:\/\/clinicajaimeicatarroja.com\/blog\/wp-content\/uploads\/2024\/04\/elderly-doctor-1-768x512.jpg 768w, https:\/\/clinicajaimeicatarroja.com\/blog\/wp-content\/uploads\/2024\/04\/elderly-doctor-1.jpg 1200w\" sizes=\"(max-width: 1024px) 100vw, 1024px\" \/><\/a><figcaption class=\"wp-element-caption\">m\u00e9dico-dolor-cr\u00f3nico<\/figcaption><\/figure>\n\n\n\n<h3 class=\"wp-block-heading\" id=\"terapias-complementarias-y-alternativas\"><strong>Terapias Complementarias y Alternativas<\/strong><\/h3>\n\n\n\n<p>Adem\u00e1s de los tratamientos convencionales, las terapias complementarias y alternativas, como la acupuntura, la terapia cognitivo-conductual o la meditaci\u00f3n, pueden ser \u00fatiles en el manejo del dolor cr\u00f3nico. Estas t\u00e9cnicas ofrecen enfoques diferentes que pueden complementar los tratamientos tradicionales y mejorar la calidad de vida de quienes sufren este tipo de dolor.<\/p>\n\n\n\n<figure class=\"wp-block-image size-large\"><a href=\"https:\/\/clinicajaimeicatarroja.com\/blog\/wp-content\/uploads\/2024\/04\/female-doctor-1.jpg\"><img decoding=\"async\" width=\"1024\" height=\"683\" src=\"https:\/\/clinicajaimeicatarroja.com\/blog\/wp-content\/uploads\/2024\/04\/female-doctor-1-1024x683.jpg\" alt=\"dolor-cr\u00f3nico-valencia\" class=\"wp-image-20670\" title=\"\" srcset=\"https:\/\/clinicajaimeicatarroja.com\/blog\/wp-content\/uploads\/2024\/04\/female-doctor-1-1024x683.jpg 1024w, https:\/\/clinicajaimeicatarroja.com\/blog\/wp-content\/uploads\/2024\/04\/female-doctor-1-300x200.jpg 300w, https:\/\/clinicajaimeicatarroja.com\/blog\/wp-content\/uploads\/2024\/04\/female-doctor-1-768x512.jpg 768w, https:\/\/clinicajaimeicatarroja.com\/blog\/wp-content\/uploads\/2024\/04\/female-doctor-1.jpg 1200w\" sizes=\"(max-width: 1024px) 100vw, 1024px\" \/><\/a><figcaption class=\"wp-element-caption\">m\u00e9dico-dolor-cr\u00f3nico<\/figcaption><\/figure>\n\n\n\n<h3 class=\"wp-block-heading\" id=\"importancia-de-la-atencion-primaria\"><strong>Importancia de la Atenci\u00f3n Primaria<\/strong><\/h3>\n\n\n\n<p>El <strong>papel del m\u00e9dico de atenci\u00f3n primaria <\/strong>es fundamental en el abordaje del dolor cr\u00f3nico, ya que es el primer contacto de los pacientes con el sistema de salud. Estos profesionales juegan un rol clave en el diagn\u00f3stico temprano, la derivaci\u00f3n a especialistas y el seguimiento del tratamiento, contribuyendo a una gesti\u00f3n efectiva y coordinada del dolor cr\u00f3nico.<\/p>\n\n\n\n<figure class=\"wp-block-image size-large\"><a href=\"https:\/\/clinicajaimeicatarroja.com\/blog\/wp-content\/uploads\/2024\/04\/expressive-young-1.jpg\"><img decoding=\"async\" width=\"1024\" height=\"683\" src=\"https:\/\/clinicajaimeicatarroja.com\/blog\/wp-content\/uploads\/2024\/04\/expressive-young-1-1024x683.jpg\" alt=\"dolor-cr\u00f3nico-valencia\" class=\"wp-image-20671\" title=\"\" srcset=\"https:\/\/clinicajaimeicatarroja.com\/blog\/wp-content\/uploads\/2024\/04\/expressive-young-1-1024x683.jpg 1024w, https:\/\/clinicajaimeicatarroja.com\/blog\/wp-content\/uploads\/2024\/04\/expressive-young-1-300x200.jpg 300w, https:\/\/clinicajaimeicatarroja.com\/blog\/wp-content\/uploads\/2024\/04\/expressive-young-1-768x512.jpg 768w, https:\/\/clinicajaimeicatarroja.com\/blog\/wp-content\/uploads\/2024\/04\/expressive-young-1.jpg 1200w\" sizes=\"(max-width: 1024px) 100vw, 1024px\" \/><\/a><figcaption class=\"wp-element-caption\">persona-con-dolor-cr\u00f3nico<\/figcaption><\/figure>\n\n\n\n<h2 class=\"wp-block-heading\" id=\"perspectivas-y-recomendaciones-en-el-manejo-del-dolor-cronico\">Perspectivas y Recomendaciones en el Manejo del Dolor Cr\u00f3nico<\/h2>\n\n\n\n<p>En el <strong>manejo del dolor cr\u00f3nico<\/strong>, es fundamental considerar distintas estrategias para aliviar el dolor, afrontarlo desde una visi\u00f3n integral y mejorar la calidad de vida con un enfoque hol\u00edstico. A continuaci\u00f3n, se presentan distintas recomendaciones para abordar este desaf\u00edo:<\/p>\n\n\n\n<h3 class=\"wp-block-heading\" id=\"estrategias-para-aliviar-el-dolor\"><strong>Estrategias para Aliviar el Dolor<\/strong><\/h3>\n\n\n\n<ul class=\"wp-block-list\">\n<li>Explorar opciones de tratamientos alternativos como<strong> acupuntura o terapias naturales<\/strong>.<\/li>\n\n\n\n<li>Practicar <strong>t\u00e9cnicas de relajaci\u00f3n y mindfulness <\/strong>para reducir la percepci\u00f3n del dolor.<\/li>\n\n\n\n<li><strong>Realizar ejercicio regular de baja intensidad<\/strong> para mantener la movilidad y fortalecer el cuerpo.<\/li>\n<\/ul>\n\n\n\n<figure class=\"wp-block-image size-large\"><a href=\"https:\/\/clinicajaimeicatarroja.com\/blog\/wp-content\/uploads\/2024\/04\/people-enjoying-2.jpg\"><img decoding=\"async\" width=\"1024\" height=\"683\" src=\"https:\/\/clinicajaimeicatarroja.com\/blog\/wp-content\/uploads\/2024\/04\/people-enjoying-2-1024x683.jpg\" alt=\"dolor-cr\u00f3nico-valencia\" class=\"wp-image-20654\" title=\"\" srcset=\"https:\/\/clinicajaimeicatarroja.com\/blog\/wp-content\/uploads\/2024\/04\/people-enjoying-2-1024x683.jpg 1024w, https:\/\/clinicajaimeicatarroja.com\/blog\/wp-content\/uploads\/2024\/04\/people-enjoying-2-300x200.jpg 300w, https:\/\/clinicajaimeicatarroja.com\/blog\/wp-content\/uploads\/2024\/04\/people-enjoying-2-768x512.jpg 768w, https:\/\/clinicajaimeicatarroja.com\/blog\/wp-content\/uploads\/2024\/04\/people-enjoying-2.jpg 1200w\" sizes=\"(max-width: 1024px) 100vw, 1024px\" \/><\/a><figcaption class=\"wp-element-caption\">t\u00e9cnicas-de-relajaci\u00f3n<\/figcaption><\/figure>\n\n\n\n<h3 class=\"wp-block-heading\" id=\"como-afrontar-el-dolor-cronico-desde-una-vision-integral\"><strong>C\u00f3mo Afrontar el Dolor Cr\u00f3nico desde una Visi\u00f3n Integral<\/strong><\/h3>\n\n\n\n<ul class=\"wp-block-list\">\n<li>Buscar el apoyo de un<strong> equipo m\u00e9dico multidisciplinario <\/strong>que aborde todas las dimensiones del dolor.<\/li>\n\n\n\n<li>Participar en<strong> grupos de apoyo o terapias de grupo<\/strong> para compartir experiencias y estrategias de afrontamiento.<\/li>\n\n\n\n<li>Identificar pensamientos negativos relacionados con el dolor y trabajar en cambiarlos hacia una<strong> visi\u00f3n m\u00e1s positiva y esperanzadora<\/strong>.<\/li>\n<\/ul>\n\n\n\n<figure class=\"wp-block-image size-large\"><a href=\"https:\/\/clinicajaimeicatarroja.com\/blog\/wp-content\/uploads\/2024\/04\/mature-woman-1.jpg\"><img decoding=\"async\" width=\"1024\" height=\"683\" src=\"https:\/\/clinicajaimeicatarroja.com\/blog\/wp-content\/uploads\/2024\/04\/mature-woman-1-1024x683.jpg\" alt=\"dolor-cr\u00f3nico-valencia\" class=\"wp-image-20672\" title=\"\" srcset=\"https:\/\/clinicajaimeicatarroja.com\/blog\/wp-content\/uploads\/2024\/04\/mature-woman-1-1024x683.jpg 1024w, https:\/\/clinicajaimeicatarroja.com\/blog\/wp-content\/uploads\/2024\/04\/mature-woman-1-300x200.jpg 300w, https:\/\/clinicajaimeicatarroja.com\/blog\/wp-content\/uploads\/2024\/04\/mature-woman-1-768x512.jpg 768w, https:\/\/clinicajaimeicatarroja.com\/blog\/wp-content\/uploads\/2024\/04\/mature-woman-1.jpg 1200w\" sizes=\"(max-width: 1024px) 100vw, 1024px\" \/><\/a><figcaption class=\"wp-element-caption\">m\u00e9dico-dolor-cr\u00f3nico<\/figcaption><\/figure>\n\n\n\n<h3 class=\"wp-block-heading\" id=\"mejora-de-la-calidad-de-vida-con-un-enfoque-holistico\"><strong>Mejora de la Calidad de Vida con un Enfoque Hol\u00edstico<\/strong><\/h3>\n\n\n\n<ul class=\"wp-block-list\">\n<li>Adoptar un <strong><a href=\"https:\/\/estilosdevidasaludable.sanidad.gob.es\/\" target=\"_blank\" rel=\"noopener\">estilo de vida saludable<\/a><\/strong> que incluya una dieta balanceada, descanso adecuado y actividad f\u00edsica regular.<\/li>\n\n\n\n<li>Explorar<strong> actividades recreativas <\/strong>que generen bienestar emocional y distracci\u00f3n del dolor, como la m\u00fasica, el arte o la lectura.<\/li>\n\n\n\n<li>Incorporar<strong> t\u00e9cnicas de gesti\u00f3n del estr\u00e9s y la ansiedad <\/strong>para mantener un equilibrio emocional que favorezca la calidad de vida.<\/li>\n<\/ul>\n\n\n\n<p>Enfrentar el<strong> dolor cr\u00f3nico <\/strong>con un enfoque integral y proactivo puede marcar la diferencia en la gesti\u00f3n de esta condici\u00f3n, permitiendo una mayor calidad de vida y bienestar general.<\/p>\n","protected":false},"excerpt":{"rendered":"<p>El dolor cr\u00f3nico es un problema de salud que persiste durante largo tiempo. Puede estar asociado a enfermedades cr\u00f3nicas o lesiones no cicatrizadas. Factores psicol\u00f3gicos como ansiedad y depresi\u00f3n pueden intensificarlo. El diagn\u00f3stico del dolor cr\u00f3nico requiere evaluar la causa y su impacto en la vida diaria. El tratamiento puede incluir analg\u00e9sicos, terapias f\u00edsicas y [&hellip;]<\/p>\n","protected":false},"author":1,"featured_media":20650,"comment_status":"open","ping_status":"open","sticky":false,"template":"","format":"standard","meta":{"footnotes":""},"categories":[45],"tags":[],"class_list":["post-20620","post","type-post","status-publish","format-standard","has-post-thumbnail","hentry","category-fisioterapia"],"_links":{"self":[{"href":"https:\/\/clinicajaimeicatarroja.com\/blog\/wp-json\/wp\/v2\/posts\/20620","targetHints":{"allow":["GET"]}}],"collection":[{"href":"https:\/\/clinicajaimeicatarroja.com\/blog\/wp-json\/wp\/v2\/posts"}],"about":[{"href":"https:\/\/clinicajaimeicatarroja.com\/blog\/wp-json\/wp\/v2\/types\/post"}],"author":[{"embeddable":true,"href":"https:\/\/clinicajaimeicatarroja.com\/blog\/wp-json\/wp\/v2\/users\/1"}],"replies":[{"embeddable":true,"href":"https:\/\/clinicajaimeicatarroja.com\/blog\/wp-json\/wp\/v2\/comments?post=20620"}],"version-history":[{"count":6,"href":"https:\/\/clinicajaimeicatarroja.com\/blog\/wp-json\/wp\/v2\/posts\/20620\/revisions"}],"predecessor-version":[{"id":20680,"href":"https:\/\/clinicajaimeicatarroja.com\/blog\/wp-json\/wp\/v2\/posts\/20620\/revisions\/20680"}],"wp:featuredmedia":[{"embeddable":true,"href":"https:\/\/clinicajaimeicatarroja.com\/blog\/wp-json\/wp\/v2\/media\/20650"}],"wp:attachment":[{"href":"https:\/\/clinicajaimeicatarroja.com\/blog\/wp-json\/wp\/v2\/media?parent=20620"}],"wp:term":[{"taxonomy":"category","embeddable":true,"href":"https:\/\/clinicajaimeicatarroja.com\/blog\/wp-json\/wp\/v2\/categories?post=20620"},{"taxonomy":"post_tag","embeddable":true,"href":"https:\/\/clinicajaimeicatarroja.com\/blog\/wp-json\/wp\/v2\/tags?post=20620"}],"curies":[{"name":"wp","href":"https:\/\/api.w.org\/{rel}","templated":true}]}}