{"id":20195,"date":"2024-03-27T00:53:29","date_gmt":"2024-03-26T23:53:29","guid":{"rendered":"https:\/\/clinicajaimeicatarroja.com\/blog\/?p=20195"},"modified":"2024-03-27T00:53:30","modified_gmt":"2024-03-26T23:53:30","slug":"esclerosis-multiple","status":"publish","type":"post","link":"https:\/\/clinicajaimeicatarroja.com\/blog\/esclerosis-multiple","title":{"rendered":"Esclerosis m\u00faltiple: causas, s\u00edntomas y tratamientos"},"content":{"rendered":"\n<p>La <strong>esclerosis m\u00faltiple <\/strong>es una enfermedad cr\u00f3nica del sistema nervioso que afecta principalmente a adultos j\u00f3venes. Se caracteriza por la destrucci\u00f3n de la mielina, una sustancia que protege las fibras nerviosas, lo que provoca problemas en la comunicaci\u00f3n entre el cerebro y el resto del cuerpo. Los s\u00edntomas var\u00edan ampliamente y pueden incluir debilidad muscular, dificultades visuales, trastornos del equilibrio y problemas cognitivos. Aunque no existe una cura, existen tratamientos farmacol\u00f3gicos y terapias complementarias que pueden ayudar a controlar los s\u00edntomas y mejorar la calidad de vida de los pacientes. El diagn\u00f3stico se realiza mediante pruebas m\u00e9dicas como an\u00e1lisis de l\u00edquido cefalorraqu\u00eddeo y resonancias magn\u00e9ticas. Es importante entender la importancia de la esclerosis m\u00faltiple y buscar formas de apoyar a quienes la padecen.<\/p>\n\n\n\n<figure class=\"wp-block-image size-large\"><a href=\"https:\/\/clinicajaimeicatarroja.com\/blog\/wp-content\/uploads\/2024\/03\/human-brain-1.jpg\"><img decoding=\"async\" width=\"1024\" height=\"683\" src=\"https:\/\/clinicajaimeicatarroja.com\/blog\/wp-content\/uploads\/2024\/03\/human-brain-1-1024x683.jpg\" alt=\"esclerosis-m\u00faltiple-valencia\" class=\"wp-image-20534\" title=\"\" srcset=\"https:\/\/clinicajaimeicatarroja.com\/blog\/wp-content\/uploads\/2024\/03\/human-brain-1-1024x683.jpg 1024w, https:\/\/clinicajaimeicatarroja.com\/blog\/wp-content\/uploads\/2024\/03\/human-brain-1-300x200.jpg 300w, https:\/\/clinicajaimeicatarroja.com\/blog\/wp-content\/uploads\/2024\/03\/human-brain-1-768x512.jpg 768w, https:\/\/clinicajaimeicatarroja.com\/blog\/wp-content\/uploads\/2024\/03\/human-brain-1.jpg 1200w\" sizes=\"(max-width: 1024px) 100vw, 1024px\" \/><\/a><figcaption class=\"wp-element-caption\">m\u00e9dico-esclerosis<\/figcaption><\/figure>\n\n\n\n<div class=\"wp-block-rank-math-toc-block\" id=\"rank-math-toc\"><h2>Tabla de contenidos<\/h2><nav><div><div><a href=\"#definicion-de-la-enfermedad\">Definici\u00f3n de la enfermedad<\/a><\/div><div><a href=\"#causas-y-factores-de-riesgo\">Causas y factores de riesgo<\/a><\/div><div><a href=\"#sintomas-motores-y-afectacion-del-sistema-nervioso\">S\u00edntomas motores y afectaci\u00f3n del sistema nervioso<\/a><div><div><a href=\"#debilidad-muscular\">Debilidad muscular<\/a><\/div><div><a href=\"#espasticidad\">Espasticidad<\/a><\/div><div><a href=\"#temblores\">Temblores<\/a><\/div><div><a href=\"#inestabilidad-y-falta-de-equilibrio\">Inestabilidad y falta de equilibrio<\/a><\/div><div><a href=\"#problemas-de-coordinacion\">Problemas de coordinaci\u00f3n<\/a><\/div><div><a href=\"#fatiga\">Fatiga<\/a><\/div><div><a href=\"#dificultades-en-el-habla-y-la-deglucion\">Dificultades en el habla y la degluci\u00f3n<\/a><\/div><\/div><\/div><div><a href=\"#manifestaciones-neurologicas-y-cognitivas\">Manifestaciones neurol\u00f3gicas y cognitivas<\/a><\/div><div><a href=\"#diagnostico-de-la-esclerosis-multiple\">Diagn\u00f3stico de la esclerosis m\u00faltiple<\/a><\/div><div><a href=\"#tratamientos-farmacologicos-y-terapias-complementarias\">Tratamientos farmacol\u00f3gicos y terapias complementarias<\/a><\/div><div><a href=\"#manejo-de-los-sintomas-y-terapias-alternativas\">Manejo de los s\u00edntomas y terapias alternativas<\/a><div><div><a href=\"#terapias-fisicas\">Terapias f\u00edsicas<\/a><\/div><div><a href=\"#terapias-ocupacionales\">Terapias ocupacionales<\/a><\/div><div><a href=\"#terapias-de-estimulacion-cognitiva\">Terapias de estimulaci\u00f3n cognitiva<\/a><\/div><div><a href=\"#terapias-de-relajacion-y-manejo-del-estres\">Terapias de relajaci\u00f3n y manejo del estr\u00e9s<\/a><\/div><div><a href=\"#acupuntura\">Acupuntura<\/a><\/div><div><a href=\"#suplementos-nutricionales\">Suplementos nutricionales<\/a><\/div><\/div><\/div><div><a href=\"#pruebas-medicas-y-analisis-para-el-diagnostico\">Pruebas m\u00e9dicas y an\u00e1lisis para el diagn\u00f3stico<\/a><\/div><div><a href=\"#historia-y-epidemiologia-de-la-esclerosis-multiple\">Historia y epidemiolog\u00eda de la esclerosis m\u00faltiple<\/a><\/div><div><a href=\"#necesidades-en-el-tratamiento-y-el-dia-mundial-de-la-esclerosis-multiple\">Necesidades en el tratamiento y el D\u00eda Mundial de la Esclerosis M\u00faltiple<\/a><div><div><a href=\"#acceso-a-tratamientos-adecuados\">Acceso a tratamientos adecuados<\/a><\/div><div><a href=\"#apoyo-emocional-y-psicologico\">Apoyo emocional y psicol\u00f3gico<\/a><\/div><div><a href=\"#rehabilitacion-y-terapias-complementarias\">Rehabilitaci\u00f3n y terapias complementarias<\/a><\/div><div><a href=\"#sensibilizacion-y-apoyo-de-la-comunidad\">Sensibilizaci\u00f3n y apoyo de la comunidad<\/a><\/div><div><a href=\"#importancia-del-dia-mundial-de-la-esclerosis-multiple\">Importancia del D\u00eda Mundial de la Esclerosis M\u00faltiple<\/a><\/div><\/div><\/div><\/div><\/nav><\/div>\n\n\n\n<h2 class=\"wp-block-heading\" id=\"definicion-de-la-enfermedad\">Definici\u00f3n de la enfermedad<\/h2>\n\n\n\n<p>La<strong> esclerosis m\u00faltiple <\/strong>es una enfermedad cr\u00f3nica del sistema nervioso central que afecta principalmente a adultos j\u00f3venes. Se caracteriza por la destrucci\u00f3n progresiva de la mielina, una sustancia que recubre las fibras nerviosas, lo que interfiere en la transmisi\u00f3n de los impulsos el\u00e9ctricos entre el cerebro y el resto del cuerpo.<\/p>\n\n\n\n<p>Esta <strong>enfermedad autoinmune <\/strong>se considera de origen multifactorial, con una combinaci\u00f3n de factores gen\u00e9ticos y ambientales que pueden desencadenar su aparici\u00f3n. Aunque no se conocen las causas exactas, se han identificado ciertos factores de riesgo, como la predisposici\u00f3n gen\u00e9tica, la exposici\u00f3n a determinados virus y factores ambientales.<\/p>\n\n\n\n<figure class=\"wp-block-image size-large\"><a href=\"https:\/\/clinicajaimeicatarroja.com\/blog\/wp-content\/uploads\/2024\/03\/handsome-smiling-1.jpg\"><img decoding=\"async\" width=\"1024\" height=\"683\" src=\"https:\/\/clinicajaimeicatarroja.com\/blog\/wp-content\/uploads\/2024\/03\/handsome-smiling-1-1024x683.jpg\" alt=\"esclerosis-m\u00faltiple-valencia\" class=\"wp-image-20535\" title=\"\" srcset=\"https:\/\/clinicajaimeicatarroja.com\/blog\/wp-content\/uploads\/2024\/03\/handsome-smiling-1-1024x683.jpg 1024w, https:\/\/clinicajaimeicatarroja.com\/blog\/wp-content\/uploads\/2024\/03\/handsome-smiling-1-300x200.jpg 300w, https:\/\/clinicajaimeicatarroja.com\/blog\/wp-content\/uploads\/2024\/03\/handsome-smiling-1-768x512.jpg 768w, https:\/\/clinicajaimeicatarroja.com\/blog\/wp-content\/uploads\/2024\/03\/handsome-smiling-1.jpg 1200w\" sizes=\"(max-width: 1024px) 100vw, 1024px\" \/><\/a><figcaption class=\"wp-element-caption\">persona-silla-de-ruedas<\/figcaption><\/figure>\n\n\n\n<p>La <strong>esclerosis m\u00faltiple<\/strong> se manifiesta de forma heterog\u00e9nea en cada individuo, lo que implica que los s\u00edntomas y su evoluci\u00f3n var\u00edan considerablemente. Los principales s\u00edntomas motores est\u00e1n relacionados con debilidad muscular, espasticidad, temblores y problemas de coordinaci\u00f3n. Adem\u00e1s, puede afectar el sistema nervioso, manifest\u00e1ndose a trav\u00e9s de s\u00edntomas como neuritis \u00f3ptica, alteraciones del equilibrio y disfunciones cognitivas.<\/p>\n\n\n\n<p>El <strong>diagn\u00f3stico <\/strong>de la esclerosis m\u00faltiple se basa en la historia cl\u00ednica del paciente, los s\u00edntomas que presenta y la realizaci\u00f3n de diversas pruebas m\u00e9dicas. Entre ellas, se pueden destacar an\u00e1lisis de sangre y de l\u00edquido cefalorraqu\u00eddeo, as\u00ed como resonancias magn\u00e9ticas m\u00faltiples, que permiten observar lesiones caracter\u00edsticas en el sistema nervioso central.<\/p>\n\n\n\n<figure class=\"wp-block-image size-large\"><a href=\"https:\/\/clinicajaimeicatarroja.com\/blog\/wp-content\/uploads\/2024\/03\/unrecognizable-woman-1.jpg\"><img decoding=\"async\" width=\"1024\" height=\"683\" src=\"https:\/\/clinicajaimeicatarroja.com\/blog\/wp-content\/uploads\/2024\/03\/unrecognizable-woman-1-1024x683.jpg\" alt=\"esclerosis-m\u00faltiple-valencia\" class=\"wp-image-20536\" title=\"\" srcset=\"https:\/\/clinicajaimeicatarroja.com\/blog\/wp-content\/uploads\/2024\/03\/unrecognizable-woman-1-1024x683.jpg 1024w, https:\/\/clinicajaimeicatarroja.com\/blog\/wp-content\/uploads\/2024\/03\/unrecognizable-woman-1-300x200.jpg 300w, https:\/\/clinicajaimeicatarroja.com\/blog\/wp-content\/uploads\/2024\/03\/unrecognizable-woman-1-768x512.jpg 768w, https:\/\/clinicajaimeicatarroja.com\/blog\/wp-content\/uploads\/2024\/03\/unrecognizable-woman-1.jpg 1200w\" sizes=\"(max-width: 1024px) 100vw, 1024px\" \/><\/a><figcaption class=\"wp-element-caption\">m\u00e9dico-esclerosis<\/figcaption><\/figure>\n\n\n\n<p>Aunque no existe una cura definitiva para la esclerosis m\u00faltiple, se dispone de diversos tratamientos farmacol\u00f3gicos y terapias complementarias que pueden ayudar a controlar los s\u00edntomas y retrasar su progresi\u00f3n. Adem\u00e1s, el manejo de los s\u00edntomas y la implementaci\u00f3n de terapias alternativas tambi\u00e9n juegan un papel importante en el abordaje de esta enfermedad.<\/p>\n\n\n\n<h2 class=\"wp-block-heading\" id=\"causas-y-factores-de-riesgo\">Causas y factores de riesgo<\/h2>\n\n\n\n<p>La<strong> esclerosis m\u00faltiple<\/strong> es una enfermedad compleja y multifactorial, en la que intervienen diversas causas y factores de riesgo que pueden influir en su desarrollo. Aunque no se conoce una causa exacta, se cree que la esclerosis m\u00faltiple es el resultado de una combinaci\u00f3n de factores gen\u00e9ticos y ambientales.<\/p>\n\n\n\n<p><strong>Factores gen\u00e9ticos<\/strong>: Se ha observado que existe una predisposici\u00f3n gen\u00e9tica a desarrollar esclerosis m\u00faltiple. Se ha identificado la presencia de ciertos genes que parecen estar relacionados con un mayor riesgo de padecer la enfermedad. Sin embargo, no se trata de una enfermedad hereditaria en el sentido de que no se transmite directamente de padres a hijos.<\/p>\n\n\n\n<figure class=\"wp-block-image size-large\"><a href=\"https:\/\/clinicajaimeicatarroja.com\/blog\/wp-content\/uploads\/2024\/03\/asian-older-1.jpg\"><img decoding=\"async\" width=\"1024\" height=\"683\" src=\"https:\/\/clinicajaimeicatarroja.com\/blog\/wp-content\/uploads\/2024\/03\/asian-older-1-1024x683.jpg\" alt=\"esclerosis-m\u00faltiple-valencia\" class=\"wp-image-20537\" title=\"\" srcset=\"https:\/\/clinicajaimeicatarroja.com\/blog\/wp-content\/uploads\/2024\/03\/asian-older-1-1024x683.jpg 1024w, https:\/\/clinicajaimeicatarroja.com\/blog\/wp-content\/uploads\/2024\/03\/asian-older-1-300x200.jpg 300w, https:\/\/clinicajaimeicatarroja.com\/blog\/wp-content\/uploads\/2024\/03\/asian-older-1-768x512.jpg 768w, https:\/\/clinicajaimeicatarroja.com\/blog\/wp-content\/uploads\/2024\/03\/asian-older-1.jpg 1200w\" sizes=\"(max-width: 1024px) 100vw, 1024px\" \/><\/a><figcaption class=\"wp-element-caption\">persona-silla-de-ruedas<\/figcaption><\/figure>\n\n\n\n<p><strong>Factores ambientales<\/strong>: Se ha observado que ciertos factores ambientales pueden desencadenar o desencadenar el desarrollo de la esclerosis m\u00faltiple en personas gen\u00e9ticamente susceptibles. Estos factores ambientales pueden incluir infecciones virales, exposici\u00f3n a toxinas ambientales, deficiencias vitam\u00ednicas y h\u00e1bitos de vida poco saludables.<\/p>\n\n\n\n<p><strong>H\u00e1bitos de vida<\/strong>: Algunos h\u00e1bitos de vida como fumar, tener una dieta poco saludable y una falta de actividad f\u00edsica pueden aumentar el riesgo de desarrollar esclerosis m\u00faltiple. Adem\u00e1s, se ha observado que las personas que viven en \u00e1reas geogr\u00e1ficas con una alta incidencia de la enfermedad tambi\u00e9n tienen un mayor riesgo.<\/p>\n\n\n\n<figure class=\"wp-block-image size-large\"><a href=\"https:\/\/clinicajaimeicatarroja.com\/blog\/wp-content\/uploads\/2024\/03\/cheerful-lady-1.jpg\"><img decoding=\"async\" width=\"1024\" height=\"683\" src=\"https:\/\/clinicajaimeicatarroja.com\/blog\/wp-content\/uploads\/2024\/03\/cheerful-lady-1-1024x683.jpg\" alt=\"esclerosis-m\u00faltiple-valencia\" class=\"wp-image-20538\" title=\"\" srcset=\"https:\/\/clinicajaimeicatarroja.com\/blog\/wp-content\/uploads\/2024\/03\/cheerful-lady-1-1024x683.jpg 1024w, https:\/\/clinicajaimeicatarroja.com\/blog\/wp-content\/uploads\/2024\/03\/cheerful-lady-1-300x200.jpg 300w, https:\/\/clinicajaimeicatarroja.com\/blog\/wp-content\/uploads\/2024\/03\/cheerful-lady-1-768x512.jpg 768w, https:\/\/clinicajaimeicatarroja.com\/blog\/wp-content\/uploads\/2024\/03\/cheerful-lady-1.jpg 1200w\" sizes=\"(max-width: 1024px) 100vw, 1024px\" \/><\/a><figcaption class=\"wp-element-caption\">m\u00e9dico-esclerosis<\/figcaption><\/figure>\n\n\n\n<h2 class=\"wp-block-heading\" id=\"sintomas-motores-y-afectacion-del-sistema-nervioso\">S\u00edntomas motores y afectaci\u00f3n del sistema nervioso<\/h2>\n\n\n\n<p>La <strong>esclerosis m\u00faltiple<\/strong> es una enfermedad que puede tener una amplia variedad de s\u00edntomas motores y afectaci\u00f3n del sistema nervioso. Estos s\u00edntomas pueden variar de una persona a otra y pueden manifestarse de diferentes formas.<\/p>\n\n\n\n<h3 class=\"wp-block-heading\" id=\"debilidad-muscular\"><strong>Debilidad muscular<\/strong><\/h3>\n\n\n\n<p>Uno de los s\u00edntomas m\u00e1s comunes en la esclerosis m\u00faltiple es la<strong> debilidad muscular<\/strong>. Esto puede afectar a cualquier parte del cuerpo y puede provocar dificultad para moverse, falta de coordinaci\u00f3n y p\u00e9rdida de fuerza.<\/p>\n\n\n\n<figure class=\"wp-block-image size-large\"><a href=\"https:\/\/clinicajaimeicatarroja.com\/blog\/wp-content\/uploads\/2024\/03\/brunette-woman-1.jpg\"><img decoding=\"async\" width=\"1024\" height=\"683\" src=\"https:\/\/clinicajaimeicatarroja.com\/blog\/wp-content\/uploads\/2024\/03\/brunette-woman-1-1024x683.jpg\" alt=\"esclerosis-m\u00faltiple-valencia\" class=\"wp-image-20539\" title=\"\" srcset=\"https:\/\/clinicajaimeicatarroja.com\/blog\/wp-content\/uploads\/2024\/03\/brunette-woman-1-1024x683.jpg 1024w, https:\/\/clinicajaimeicatarroja.com\/blog\/wp-content\/uploads\/2024\/03\/brunette-woman-1-300x200.jpg 300w, https:\/\/clinicajaimeicatarroja.com\/blog\/wp-content\/uploads\/2024\/03\/brunette-woman-1-768x512.jpg 768w, https:\/\/clinicajaimeicatarroja.com\/blog\/wp-content\/uploads\/2024\/03\/brunette-woman-1.jpg 1200w\" sizes=\"(max-width: 1024px) 100vw, 1024px\" \/><\/a><figcaption class=\"wp-element-caption\">persona-silla-de-ruedas<\/figcaption><\/figure>\n\n\n\n<h3 class=\"wp-block-heading\" id=\"espasticidad\"><strong>Espasticidad<\/strong><\/h3>\n\n\n\n<p>Otro s\u00edntoma frecuente es la <strong>espasticidad<\/strong>, que se caracteriza por la rigidez y la contracci\u00f3n excesiva de los m\u00fasculos. Esto puede dificultar la realizaci\u00f3n de movimientos y causar molestias y dolor en la persona afectada.<\/p>\n\n\n\n<figure class=\"wp-block-image size-large\"><a href=\"https:\/\/clinicajaimeicatarroja.com\/blog\/wp-content\/uploads\/2024\/03\/doctor-holding-1.jpg\"><img decoding=\"async\" width=\"1024\" height=\"683\" src=\"https:\/\/clinicajaimeicatarroja.com\/blog\/wp-content\/uploads\/2024\/03\/doctor-holding-1-1024x683.jpg\" alt=\"esclerosis-m\u00faltiple-valencia\" class=\"wp-image-20540\" title=\"\" srcset=\"https:\/\/clinicajaimeicatarroja.com\/blog\/wp-content\/uploads\/2024\/03\/doctor-holding-1-1024x683.jpg 1024w, https:\/\/clinicajaimeicatarroja.com\/blog\/wp-content\/uploads\/2024\/03\/doctor-holding-1-300x200.jpg 300w, https:\/\/clinicajaimeicatarroja.com\/blog\/wp-content\/uploads\/2024\/03\/doctor-holding-1-768x512.jpg 768w, https:\/\/clinicajaimeicatarroja.com\/blog\/wp-content\/uploads\/2024\/03\/doctor-holding-1.jpg 1200w\" sizes=\"(max-width: 1024px) 100vw, 1024px\" \/><\/a><figcaption class=\"wp-element-caption\">m\u00e9dico-esclerosis<\/figcaption><\/figure>\n\n\n\n<h3 class=\"wp-block-heading\" id=\"temblores\"><strong>Temblores<\/strong><\/h3>\n\n\n\n<p>Los <strong>temblores <\/strong>tambi\u00e9n pueden ser un s\u00edntoma de la esclerosis m\u00faltiple. Estos temblores pueden afectar las manos, las piernas, la cabeza o incluso todo el cuerpo. Pueden ser intermitentes o constantes y pueden ser m\u00e1s pronunciados durante el estr\u00e9s o la fatiga.<\/p>\n\n\n\n<figure class=\"wp-block-image size-large\"><a href=\"https:\/\/clinicajaimeicatarroja.com\/blog\/wp-content\/uploads\/2024\/03\/female-doctor-1.jpg\"><img decoding=\"async\" width=\"1024\" height=\"683\" src=\"https:\/\/clinicajaimeicatarroja.com\/blog\/wp-content\/uploads\/2024\/03\/female-doctor-1-1024x683.jpg\" alt=\"esclerosis-m\u00faltiple-valencia\" class=\"wp-image-20541\" title=\"\" srcset=\"https:\/\/clinicajaimeicatarroja.com\/blog\/wp-content\/uploads\/2024\/03\/female-doctor-1-1024x683.jpg 1024w, https:\/\/clinicajaimeicatarroja.com\/blog\/wp-content\/uploads\/2024\/03\/female-doctor-1-300x200.jpg 300w, https:\/\/clinicajaimeicatarroja.com\/blog\/wp-content\/uploads\/2024\/03\/female-doctor-1-768x512.jpg 768w, https:\/\/clinicajaimeicatarroja.com\/blog\/wp-content\/uploads\/2024\/03\/female-doctor-1.jpg 1200w\" sizes=\"(max-width: 1024px) 100vw, 1024px\" \/><\/a><figcaption class=\"wp-element-caption\">m\u00e9dico-esclerosism\u00e9dico-esclerosis<\/figcaption><\/figure>\n\n\n\n<h3 class=\"wp-block-heading\" id=\"inestabilidad-y-falta-de-equilibrio\"><strong>Inestabilidad y falta de equilibrio<\/strong><\/h3>\n\n\n\n<p>La <strong>esclerosis m\u00faltiple <\/strong>puede afectar el equilibrio y la coordinaci\u00f3n motora, lo que puede provocar inestabilidad al caminar, dificultad para mantenerse de pie o cambios en la marcha. Esto puede aumentar el riesgo de ca\u00eddas y lesiones.<\/p>\n\n\n\n<figure class=\"wp-block-image size-large\"><a href=\"https:\/\/clinicajaimeicatarroja.com\/blog\/wp-content\/uploads\/2024\/03\/curly-redhaired-1.jpg\"><img decoding=\"async\" width=\"1024\" height=\"683\" src=\"https:\/\/clinicajaimeicatarroja.com\/blog\/wp-content\/uploads\/2024\/03\/curly-redhaired-1-1024x683.jpg\" alt=\"esclerosis-m\u00faltiple-valencia\" class=\"wp-image-20542\" title=\"\" srcset=\"https:\/\/clinicajaimeicatarroja.com\/blog\/wp-content\/uploads\/2024\/03\/curly-redhaired-1-1024x683.jpg 1024w, https:\/\/clinicajaimeicatarroja.com\/blog\/wp-content\/uploads\/2024\/03\/curly-redhaired-1-300x200.jpg 300w, https:\/\/clinicajaimeicatarroja.com\/blog\/wp-content\/uploads\/2024\/03\/curly-redhaired-1-768x512.jpg 768w, https:\/\/clinicajaimeicatarroja.com\/blog\/wp-content\/uploads\/2024\/03\/curly-redhaired-1.jpg 1200w\" sizes=\"(max-width: 1024px) 100vw, 1024px\" \/><\/a><figcaption class=\"wp-element-caption\">persona-silla-de-ruedas<\/figcaption><\/figure>\n\n\n\n<h3 class=\"wp-block-heading\" id=\"problemas-de-coordinacion\"><strong>Problemas de coordinaci\u00f3n<\/strong><\/h3>\n\n\n\n<p>La <strong>falta de coordinaci\u00f3n motora<\/strong> es otro s\u00edntoma frecuente en la esclerosis m\u00faltiple. Esto puede afectar la precisi\u00f3n de los movimientos finos, como escribir, abotonarse la ropa o realizar tareas que requieran habilidades manuales.<\/p>\n\n\n\n<figure class=\"wp-block-image size-large\"><a href=\"https:\/\/clinicajaimeicatarroja.com\/blog\/wp-content\/uploads\/2024\/03\/asian-son-1.jpg\"><img decoding=\"async\" width=\"1024\" height=\"683\" src=\"https:\/\/clinicajaimeicatarroja.com\/blog\/wp-content\/uploads\/2024\/03\/asian-son-1-1024x683.jpg\" alt=\"esclerosis-m\u00faltiple-valencia\" class=\"wp-image-20543\" title=\"\" srcset=\"https:\/\/clinicajaimeicatarroja.com\/blog\/wp-content\/uploads\/2024\/03\/asian-son-1-1024x683.jpg 1024w, https:\/\/clinicajaimeicatarroja.com\/blog\/wp-content\/uploads\/2024\/03\/asian-son-1-300x200.jpg 300w, https:\/\/clinicajaimeicatarroja.com\/blog\/wp-content\/uploads\/2024\/03\/asian-son-1-768x512.jpg 768w, https:\/\/clinicajaimeicatarroja.com\/blog\/wp-content\/uploads\/2024\/03\/asian-son-1.jpg 1200w\" sizes=\"(max-width: 1024px) 100vw, 1024px\" \/><\/a><figcaption class=\"wp-element-caption\">persona-silla-de-ruedas<\/figcaption><\/figure>\n\n\n\n<h3 class=\"wp-block-heading\" id=\"fatiga\"><strong>Fatiga<\/strong><\/h3>\n\n\n\n<p>La <strong>fatiga <\/strong>es un s\u00edntoma com\u00fan en la esclerosis m\u00faltiple y puede manifestarse como una sensaci\u00f3n de agotamiento f\u00edsico y mental. Puede impactar significativamente en la capacidad de la persona para realizar actividades diarias y afectar su calidad de vida.<\/p>\n\n\n\n<figure class=\"wp-block-image size-large\"><a href=\"https:\/\/clinicajaimeicatarroja.com\/blog\/wp-content\/uploads\/2024\/03\/disabled-girl-1.jpg\"><img decoding=\"async\" width=\"1024\" height=\"683\" src=\"https:\/\/clinicajaimeicatarroja.com\/blog\/wp-content\/uploads\/2024\/03\/disabled-girl-1-1024x683.jpg\" alt=\"esclerosis-m\u00faltiple-valencia\" class=\"wp-image-20544\" title=\"\" srcset=\"https:\/\/clinicajaimeicatarroja.com\/blog\/wp-content\/uploads\/2024\/03\/disabled-girl-1-1024x683.jpg 1024w, https:\/\/clinicajaimeicatarroja.com\/blog\/wp-content\/uploads\/2024\/03\/disabled-girl-1-300x200.jpg 300w, https:\/\/clinicajaimeicatarroja.com\/blog\/wp-content\/uploads\/2024\/03\/disabled-girl-1-768x512.jpg 768w, https:\/\/clinicajaimeicatarroja.com\/blog\/wp-content\/uploads\/2024\/03\/disabled-girl-1.jpg 1200w\" sizes=\"(max-width: 1024px) 100vw, 1024px\" \/><\/a><figcaption class=\"wp-element-caption\">persona-silla-de-ruedas<\/figcaption><\/figure>\n\n\n\n<h3 class=\"wp-block-heading\" id=\"dificultades-en-el-habla-y-la-deglucion\"><strong>Dificultades en el habla y la degluci\u00f3n<\/strong><\/h3>\n\n\n\n<p>La <strong>afectaci\u00f3n del sistema nervioso<\/strong> en la esclerosis m\u00faltiple puede causar dificultades en el habla y la degluci\u00f3n. Esto puede manifestarse como dificultad para articular palabras, voz d\u00e9bil o ronca, problemas para tragar alimentos o l\u00edquidos, entre otros.<\/p>\n\n\n\n<figure class=\"wp-block-image size-large\"><a href=\"https:\/\/clinicajaimeicatarroja.com\/blog\/wp-content\/uploads\/2024\/03\/doctors-nurses-1.jpg\"><img decoding=\"async\" width=\"1024\" height=\"683\" src=\"https:\/\/clinicajaimeicatarroja.com\/blog\/wp-content\/uploads\/2024\/03\/doctors-nurses-1-1024x683.jpg\" alt=\"esclerosis-m\u00faltiple-valencia\" class=\"wp-image-20545\" title=\"\" srcset=\"https:\/\/clinicajaimeicatarroja.com\/blog\/wp-content\/uploads\/2024\/03\/doctors-nurses-1-1024x683.jpg 1024w, https:\/\/clinicajaimeicatarroja.com\/blog\/wp-content\/uploads\/2024\/03\/doctors-nurses-1-300x200.jpg 300w, https:\/\/clinicajaimeicatarroja.com\/blog\/wp-content\/uploads\/2024\/03\/doctors-nurses-1-768x512.jpg 768w, https:\/\/clinicajaimeicatarroja.com\/blog\/wp-content\/uploads\/2024\/03\/doctors-nurses-1.jpg 1200w\" sizes=\"(max-width: 1024px) 100vw, 1024px\" \/><\/a><figcaption class=\"wp-element-caption\">m\u00e9dico-esclerosis<\/figcaption><\/figure>\n\n\n\n<h2 class=\"wp-block-heading\" id=\"manifestaciones-neurologicas-y-cognitivas\">Manifestaciones neurol\u00f3gicas y cognitivas<\/h2>\n\n\n\n<p>La <strong>esclerosis m\u00faltiple<\/strong> puede manifestarse con una amplia variedad de s\u00edntomas neurol\u00f3gicos y cognitivos, que pueden variar de una persona a otra. Estos s\u00edntomas est\u00e1n relacionados con la afectaci\u00f3n del sistema nervioso central y pueden tener un impacto significativo en la calidad de vida de los pacientes.<\/p>\n\n\n\n<ul class=\"wp-block-list\">\n<li><strong>Problemas motores<\/strong>: Los s\u00edntomas motores son comunes en la esclerosis m\u00faltiple y pueden incluir debilidad muscular, espasticidad, temblores y dificultades para coordinar movimientos.<\/li>\n\n\n\n<li><strong>Trastornos sensoriales<\/strong>: Algunas personas con esclerosis m\u00faltiple pueden experimentar alteraciones de la sensibilidad, como entumecimiento, hormigueo o p\u00e9rdida de sensibilidad en diferentes partes del cuerpo.<\/li>\n\n\n\n<li><strong>Problemas de equilibrio y coordinaci\u00f3n<\/strong>: La esclerosis m\u00faltiple puede afectar el equilibrio y la coordinaci\u00f3n, lo que dificulta la realizaci\u00f3n de actividades cotidianas y puede aumentar el riesgo de ca\u00eddas.<\/li>\n\n\n\n<li><strong>Dificultades visuales<\/strong>: La neuritis \u00f3ptica es uno de los s\u00edntomas m\u00e1s comunes en la esclerosis m\u00faltiple, y puede causar visi\u00f3n borrosa, p\u00e9rdida de la visi\u00f3n de color, dolor ocular y visi\u00f3n doble.<\/li>\n\n\n\n<li><strong>Alteraciones cognitivas<\/strong>: Muchos pacientes con esclerosis m\u00faltiple experimentan problemas cognitivos, como dificultades en la memoria, concentraci\u00f3n, atenci\u00f3n y procesamiento de la informaci\u00f3n.<\/li>\n\n\n\n<li><strong>Problemas del habla y la degluci\u00f3n<\/strong>: La esclerosis m\u00faltiple puede afectar la capacidad de articular palabras correctamente y puede dificultar la degluci\u00f3n de alimentos y l\u00edquidos.<\/li>\n<\/ul>\n\n\n\n<figure class=\"wp-block-image size-large\"><a href=\"https:\/\/clinicajaimeicatarroja.com\/blog\/wp-content\/uploads\/2024\/03\/happy-boy-1.jpg\"><img decoding=\"async\" width=\"1024\" height=\"683\" src=\"https:\/\/clinicajaimeicatarroja.com\/blog\/wp-content\/uploads\/2024\/03\/happy-boy-1-1024x683.jpg\" alt=\"esclerosis-m\u00faltiple-valencia\" class=\"wp-image-20546\" title=\"\" srcset=\"https:\/\/clinicajaimeicatarroja.com\/blog\/wp-content\/uploads\/2024\/03\/happy-boy-1-1024x683.jpg 1024w, https:\/\/clinicajaimeicatarroja.com\/blog\/wp-content\/uploads\/2024\/03\/happy-boy-1-300x200.jpg 300w, https:\/\/clinicajaimeicatarroja.com\/blog\/wp-content\/uploads\/2024\/03\/happy-boy-1-768x512.jpg 768w, https:\/\/clinicajaimeicatarroja.com\/blog\/wp-content\/uploads\/2024\/03\/happy-boy-1.jpg 1200w\" sizes=\"(max-width: 1024px) 100vw, 1024px\" \/><\/a><figcaption class=\"wp-element-caption\">persona-silla-de-ruedas<\/figcaption><\/figure>\n\n\n\n<p>Es importante destacar que los s\u00edntomas neurol\u00f3gicos y cognitivos pueden variar en intensidad y duraci\u00f3n a lo largo del tiempo, y pueden afectar de manera diferente a cada individuo. El tratamiento y la terapia adecuados pueden ayudar a controlar y mitigar estos s\u00edntomas, mejorando la calidad de vida de los pacientes con esclerosis m\u00faltiple.<\/p>\n\n\n\n<h2 class=\"wp-block-heading\" id=\"diagnostico-de-la-esclerosis-multiple\">Diagn\u00f3stico de la esclerosis m\u00faltiple<\/h2>\n\n\n\n<p>El <strong>diagn\u00f3stico de la esclerosis m\u00faltiple <\/strong>puede ser todo un desaf\u00edo para los m\u00e9dicos debido a la variedad de s\u00edntomas y a la similitud con otras enfermedades neurol\u00f3gicas. Se requiere de un proceso exhaustivo y una evaluaci\u00f3n detallada para llegar a un diagn\u00f3stico preciso.<\/p>\n\n\n\n<p>Uno de los primeros pasos en el diagn\u00f3stico es la obtenci\u00f3n de un historial m\u00e9dico completo del paciente, incluyendo antecedentes familiares de enfermedades relacionadas con el sistema nervioso. Adem\u00e1s, se deben tener en cuenta los s\u00edntomas presentes y su evoluci\u00f3n a lo largo del tiempo.<\/p>\n\n\n\n<figure class=\"wp-block-image size-large\"><a href=\"https:\/\/clinicajaimeicatarroja.com\/blog\/wp-content\/uploads\/2024\/03\/friendly-female-1.jpg\"><img decoding=\"async\" width=\"1024\" height=\"683\" src=\"https:\/\/clinicajaimeicatarroja.com\/blog\/wp-content\/uploads\/2024\/03\/friendly-female-1-1024x683.jpg\" alt=\"esclerosis-m\u00faltiple-valencia\" class=\"wp-image-20547\" title=\"\" srcset=\"https:\/\/clinicajaimeicatarroja.com\/blog\/wp-content\/uploads\/2024\/03\/friendly-female-1-1024x683.jpg 1024w, https:\/\/clinicajaimeicatarroja.com\/blog\/wp-content\/uploads\/2024\/03\/friendly-female-1-300x200.jpg 300w, https:\/\/clinicajaimeicatarroja.com\/blog\/wp-content\/uploads\/2024\/03\/friendly-female-1-768x512.jpg 768w, https:\/\/clinicajaimeicatarroja.com\/blog\/wp-content\/uploads\/2024\/03\/friendly-female-1.jpg 1200w\" sizes=\"(max-width: 1024px) 100vw, 1024px\" \/><\/a><figcaption class=\"wp-element-caption\">m\u00e9dico-esclerosis<\/figcaption><\/figure>\n\n\n\n<p>Para confirmar el diagn\u00f3stico, se realizan una serie de pruebas m\u00e9dicas. Entre las m\u00e1s comunes se encuentra el an\u00e1lisis del l\u00edquido cefalorraqu\u00eddeo, el cual se obtiene mediante una punci\u00f3n lumbar. Este an\u00e1lisis busca la presencia de ciertos biomarcadores y ayuda a descartar otras enfermedades que puedan tener s\u00edntomas similares.<\/p>\n\n\n\n<p>Otra prueba importante es la<strong> resonancia magn\u00e9tica<\/strong>, que permite obtener im\u00e1genes detalladas del cerebro y la m\u00e9dula espinal. En la resonancia se pueden observar lesiones caracter\u00edsticas de la esclerosis m\u00faltiple, como placas desmielinizantes. Estas lesiones suelen afectar diferentes \u00e1reas del sistema nervioso central.<\/p>\n\n\n\n<figure class=\"wp-block-image size-large\"><a href=\"https:\/\/clinicajaimeicatarroja.com\/blog\/wp-content\/uploads\/2024\/03\/happy-medical-1.jpg\"><img decoding=\"async\" width=\"1024\" height=\"683\" src=\"https:\/\/clinicajaimeicatarroja.com\/blog\/wp-content\/uploads\/2024\/03\/happy-medical-1-1024x683.jpg\" alt=\"esclerosis-m\u00faltiple-valencia\" class=\"wp-image-20548\" title=\"\" srcset=\"https:\/\/clinicajaimeicatarroja.com\/blog\/wp-content\/uploads\/2024\/03\/happy-medical-1-1024x683.jpg 1024w, https:\/\/clinicajaimeicatarroja.com\/blog\/wp-content\/uploads\/2024\/03\/happy-medical-1-300x200.jpg 300w, https:\/\/clinicajaimeicatarroja.com\/blog\/wp-content\/uploads\/2024\/03\/happy-medical-1-768x512.jpg 768w, https:\/\/clinicajaimeicatarroja.com\/blog\/wp-content\/uploads\/2024\/03\/happy-medical-1.jpg 1200w\" sizes=\"(max-width: 1024px) 100vw, 1024px\" \/><\/a><figcaption class=\"wp-element-caption\">m\u00e9dico-esclerosis<\/figcaption><\/figure>\n\n\n\n<p>Adem\u00e1s, pueden realizarse otras pruebas complementarias, como la resonancia magn\u00e9tica funcional para evaluar la actividad cerebral, el estudio visual evocado para detectar posibles da\u00f1os en el nervio \u00f3ptico, y la electromiograf\u00eda para evaluar la funci\u00f3n de los m\u00fasculos y los nervios perif\u00e9ricos.<\/p>\n\n\n\n<p>Es importante destacar que el diagn\u00f3stico de la esclerosis m\u00faltiple se realiza en base a la combinaci\u00f3n de estos resultados y la evaluaci\u00f3n cl\u00ednica del m\u00e9dico especialista en enfermedades neurol\u00f3gicas. La experiencia y conocimiento del profesional son fundamentales para establecer un diagn\u00f3stico preciso.<\/p>\n\n\n\n<figure class=\"wp-block-image size-large\"><a href=\"https:\/\/clinicajaimeicatarroja.com\/blog\/wp-content\/uploads\/2024\/03\/modern-mri-1-1.jpg\"><img decoding=\"async\" width=\"1024\" height=\"683\" src=\"https:\/\/clinicajaimeicatarroja.com\/blog\/wp-content\/uploads\/2024\/03\/modern-mri-1-1-1024x683.jpg\" alt=\"esclerosis-m\u00faltiple-valencia\" class=\"wp-image-20550\" title=\"\" srcset=\"https:\/\/clinicajaimeicatarroja.com\/blog\/wp-content\/uploads\/2024\/03\/modern-mri-1-1-1024x683.jpg 1024w, https:\/\/clinicajaimeicatarroja.com\/blog\/wp-content\/uploads\/2024\/03\/modern-mri-1-1-300x200.jpg 300w, https:\/\/clinicajaimeicatarroja.com\/blog\/wp-content\/uploads\/2024\/03\/modern-mri-1-1-768x512.jpg 768w, https:\/\/clinicajaimeicatarroja.com\/blog\/wp-content\/uploads\/2024\/03\/modern-mri-1-1.jpg 1200w\" sizes=\"(max-width: 1024px) 100vw, 1024px\" \/><\/a><figcaption class=\"wp-element-caption\">resonancia-magn\u00e9tica<\/figcaption><\/figure>\n\n\n\n<h2 class=\"wp-block-heading\" id=\"tratamientos-farmacologicos-y-terapias-complementarias\">Tratamientos farmacol\u00f3gicos y terapias complementarias<\/h2>\n\n\n\n<p>En el contexto del<strong> tratamiento de la esclerosis m\u00faltiple<\/strong>, existen diferentes enfoques terap\u00e9uticos que buscan controlar los s\u00edntomas y mejorar la calidad de vida de los pacientes. Uno de los pilares fundamentales es el uso de medicamentos modificadores de la enfermedad, los cuales tienen como objetivo principal frenar la progresi\u00f3n de la enfermedad y reducir la frecuencia y gravedad de las reca\u00eddas.<\/p>\n\n\n\n<p>Estos <strong>medicamentos <\/strong>pueden variar dependiendo del tipo de esclerosis m\u00faltiple y de la evoluci\u00f3n de cada paciente. Algunos de los m\u00e1s comunes incluyen los interferones, que ayudan a regular la respuesta inmunol\u00f3gica, y los agentes inmunosupresores, que reducen la actividad del sistema inmunitario. Tambi\u00e9n se utilizan f\u00e1rmacos moduladores del sistema inmune, como la teriflunomida y el fingolimod.<\/p>\n\n\n\n<figure class=\"wp-block-image size-large\"><a href=\"https:\/\/clinicajaimeicatarroja.com\/blog\/wp-content\/uploads\/2024\/03\/doctor-holds-1.jpg\"><img decoding=\"async\" width=\"1024\" height=\"683\" src=\"https:\/\/clinicajaimeicatarroja.com\/blog\/wp-content\/uploads\/2024\/03\/doctor-holds-1-1024x683.jpg\" alt=\"esclerosis-m\u00faltiple-valencia\" class=\"wp-image-20552\" title=\"\" srcset=\"https:\/\/clinicajaimeicatarroja.com\/blog\/wp-content\/uploads\/2024\/03\/doctor-holds-1-1024x683.jpg 1024w, https:\/\/clinicajaimeicatarroja.com\/blog\/wp-content\/uploads\/2024\/03\/doctor-holds-1-300x200.jpg 300w, https:\/\/clinicajaimeicatarroja.com\/blog\/wp-content\/uploads\/2024\/03\/doctor-holds-1-768x512.jpg 768w, https:\/\/clinicajaimeicatarroja.com\/blog\/wp-content\/uploads\/2024\/03\/doctor-holds-1.jpg 1200w\" sizes=\"(max-width: 1024px) 100vw, 1024px\" \/><\/a><figcaption class=\"wp-element-caption\">medicamentos-esclerosis<\/figcaption><\/figure>\n\n\n\n<p>Adem\u00e1s de los <strong>tratamientos farmacol\u00f3gicos<\/strong>, las terapias complementarias y alternativas pueden desempe\u00f1ar un papel importante en el manejo de la esclerosis m\u00faltiple. Estas terapias buscan abordar los s\u00edntomas y mejorar la calidad de vida del paciente de forma hol\u00edstica. Algunas opciones incluyen la acupuntura, la fisioterapia, la terapia ocupacional y la terapia del habla y del lenguaje.<\/p>\n\n\n\n<p>La elecci\u00f3n de la terapia complementaria depende de las necesidades y preferencias individuales de cada paciente. Es importante destacar que estas terapias no reemplazan los tratamientos farmacol\u00f3gicos, sino que se utilizan como complemento para brindar un enfoque integral en el manejo de la enfermedad. Los pacientes deben consultar con profesionales de salud especializados para evaluar las opciones de tratamiento m\u00e1s adecuadas para su caso espec\u00edfico.<\/p>\n\n\n\n<figure class=\"wp-block-image size-large\"><a href=\"https:\/\/clinicajaimeicatarroja.com\/blog\/wp-content\/uploads\/2024\/03\/pharmacist-holding-1.jpg\"><img decoding=\"async\" width=\"1024\" height=\"683\" src=\"https:\/\/clinicajaimeicatarroja.com\/blog\/wp-content\/uploads\/2024\/03\/pharmacist-holding-1-1024x683.jpg\" alt=\"esclerosis-m\u00faltiple-valencia\" class=\"wp-image-20553\" title=\"\" srcset=\"https:\/\/clinicajaimeicatarroja.com\/blog\/wp-content\/uploads\/2024\/03\/pharmacist-holding-1-1024x683.jpg 1024w, https:\/\/clinicajaimeicatarroja.com\/blog\/wp-content\/uploads\/2024\/03\/pharmacist-holding-1-300x200.jpg 300w, https:\/\/clinicajaimeicatarroja.com\/blog\/wp-content\/uploads\/2024\/03\/pharmacist-holding-1-768x512.jpg 768w, https:\/\/clinicajaimeicatarroja.com\/blog\/wp-content\/uploads\/2024\/03\/pharmacist-holding-1.jpg 1200w\" sizes=\"(max-width: 1024px) 100vw, 1024px\" \/><\/a><figcaption class=\"wp-element-caption\">medicamentos-esclerosis<\/figcaption><\/figure>\n\n\n\n<h2 class=\"wp-block-heading\" id=\"manejo-de-los-sintomas-y-terapias-alternativas\">Manejo de los s\u00edntomas y terapias alternativas<\/h2>\n\n\n\n<p>El manejo de los s\u00edntomas en la <strong>esclerosis m\u00faltiple<\/strong> es fundamental para mejorar la calidad de vida de los pacientes. Adem\u00e1s de los tratamientos farmacol\u00f3gicos, existen terapias alternativas que pueden ayudar a aliviar los s\u00edntomas y promover el bienestar general.<\/p>\n\n\n\n<h3 class=\"wp-block-heading\" id=\"terapias-fisicas\"><strong>Terapias f\u00edsicas<\/strong><\/h3>\n\n\n\n<p>Las<strong> terapias f\u00edsicas<\/strong> desempe\u00f1an un papel importante en el manejo de los s\u00edntomas motores en la esclerosis m\u00faltiple. La fisioterapia puede ayudar a mejorar la fuerza muscular, la movilidad y el equilibrio. Los ejercicios de rehabilitaci\u00f3n y fisioterapia espec\u00edficos pueden adaptarse a las necesidades individuales de cada paciente para maximizar los beneficios.<\/p>\n\n\n\n<figure class=\"wp-block-image size-large\"><a href=\"https:\/\/clinicajaimeicatarroja.com\/blog\/wp-content\/uploads\/2024\/03\/high-angle-1-1.jpg\"><img decoding=\"async\" width=\"1024\" height=\"683\" src=\"https:\/\/clinicajaimeicatarroja.com\/blog\/wp-content\/uploads\/2024\/03\/high-angle-1-1-1024x683.jpg\" alt=\"esclerosis-m\u00faltiple-valencia\" class=\"wp-image-20551\" title=\"\" srcset=\"https:\/\/clinicajaimeicatarroja.com\/blog\/wp-content\/uploads\/2024\/03\/high-angle-1-1-1024x683.jpg 1024w, https:\/\/clinicajaimeicatarroja.com\/blog\/wp-content\/uploads\/2024\/03\/high-angle-1-1-300x200.jpg 300w, https:\/\/clinicajaimeicatarroja.com\/blog\/wp-content\/uploads\/2024\/03\/high-angle-1-1-768x512.jpg 768w, https:\/\/clinicajaimeicatarroja.com\/blog\/wp-content\/uploads\/2024\/03\/high-angle-1-1.jpg 1200w\" sizes=\"(max-width: 1024px) 100vw, 1024px\" \/><\/a><figcaption class=\"wp-element-caption\">persona-silla-de-ruedas<\/figcaption><\/figure>\n\n\n\n<h3 class=\"wp-block-heading\" id=\"terapias-ocupacionales\"><strong>Terapias ocupacionales<\/strong><\/h3>\n\n\n\n<p>Las<strong> terapias ocupacionales <\/strong>se centran en mejorar la capacidad de realizar actividades diarias y en conservar la independencia funcional. Los terapeutas ocupacionales pueden ayudar a los pacientes a aprender t\u00e9cnicas y estrategias para enfrentar los desaf\u00edos cotidianos, como las dificultades para moverse o realizar tareas manuales. Tambi\u00e9n pueden proporcionar dispositivos de ayuda y adaptaciones del entorno para facilitar la vida diaria.<\/p>\n\n\n\n<figure class=\"wp-block-image size-large\"><a href=\"https:\/\/clinicajaimeicatarroja.com\/blog\/wp-content\/uploads\/2024\/03\/man-wheelchair-1.jpg\"><img decoding=\"async\" width=\"1024\" height=\"683\" src=\"https:\/\/clinicajaimeicatarroja.com\/blog\/wp-content\/uploads\/2024\/03\/man-wheelchair-1-1024x683.jpg\" alt=\"esclerosis-m\u00faltiple-valencia\" class=\"wp-image-20554\" title=\"\" srcset=\"https:\/\/clinicajaimeicatarroja.com\/blog\/wp-content\/uploads\/2024\/03\/man-wheelchair-1-1024x683.jpg 1024w, https:\/\/clinicajaimeicatarroja.com\/blog\/wp-content\/uploads\/2024\/03\/man-wheelchair-1-300x200.jpg 300w, https:\/\/clinicajaimeicatarroja.com\/blog\/wp-content\/uploads\/2024\/03\/man-wheelchair-1-768x512.jpg 768w, https:\/\/clinicajaimeicatarroja.com\/blog\/wp-content\/uploads\/2024\/03\/man-wheelchair-1.jpg 1200w\" sizes=\"(max-width: 1024px) 100vw, 1024px\" \/><\/a><figcaption class=\"wp-element-caption\">persona-silla-de-ruedas<\/figcaption><\/figure>\n\n\n\n<h3 class=\"wp-block-heading\" id=\"terapias-de-estimulacion-cognitiva\"><strong>Terapias de estimulaci\u00f3n cognitiva<\/strong><\/h3>\n\n\n\n<p>La <strong>esclerosis m\u00faltiple <\/strong>puede afectar las funciones cognitivas, como la memoria, la atenci\u00f3n y la concentraci\u00f3n. Las terapias de estimulaci\u00f3n cognitiva, como los ejercicios de memoria y los juegos espec\u00edficos, pueden ayudar a mantener y mejorar estas habilidades cognitivas. Adem\u00e1s, la terapia ocupacional puede incluir estrategias para compensar las dificultades cognitivas y promover la autonom\u00eda.<\/p>\n\n\n\n<figure class=\"wp-block-image size-large\"><a href=\"https:\/\/clinicajaimeicatarroja.com\/blog\/wp-content\/uploads\/2024\/03\/large-group-1.jpg\"><img decoding=\"async\" width=\"1024\" height=\"683\" src=\"https:\/\/clinicajaimeicatarroja.com\/blog\/wp-content\/uploads\/2024\/03\/large-group-1-1024x683.jpg\" alt=\"esclerosis-m\u00faltiple-valencia\" class=\"wp-image-20555\" title=\"\" srcset=\"https:\/\/clinicajaimeicatarroja.com\/blog\/wp-content\/uploads\/2024\/03\/large-group-1-1024x683.jpg 1024w, https:\/\/clinicajaimeicatarroja.com\/blog\/wp-content\/uploads\/2024\/03\/large-group-1-300x200.jpg 300w, https:\/\/clinicajaimeicatarroja.com\/blog\/wp-content\/uploads\/2024\/03\/large-group-1-768x512.jpg 768w, https:\/\/clinicajaimeicatarroja.com\/blog\/wp-content\/uploads\/2024\/03\/large-group-1.jpg 1200w\" sizes=\"(max-width: 1024px) 100vw, 1024px\" \/><\/a><figcaption class=\"wp-element-caption\">m\u00e9dico-esclerosis<\/figcaption><\/figure>\n\n\n\n<h3 class=\"wp-block-heading\" id=\"terapias-de-relajacion-y-manejo-del-estres\"><strong>Terapias de relajaci\u00f3n y manejo del estr\u00e9s<\/strong><\/h3>\n\n\n\n<p>El <strong>estr\u00e9s<\/strong> puede exacerbar los s\u00edntomas de la esclerosis m\u00faltiple. Por ello, es importante incluir terapias de relajaci\u00f3n y manejo del estr\u00e9s como parte del manejo de los s\u00edntomas. Ejercicios de respiraci\u00f3n, t\u00e9cnicas de relajaci\u00f3n muscular y meditaci\u00f3n pueden ser beneficiosos para reducir la ansiedad y el estr\u00e9s, y mejorar el bienestar emocional de los pacientes.<\/p>\n\n\n\n<figure class=\"wp-block-image size-large\"><a href=\"https:\/\/clinicajaimeicatarroja.com\/blog\/wp-content\/uploads\/2024\/03\/person-with-1.jpg\"><img decoding=\"async\" width=\"1024\" height=\"683\" src=\"https:\/\/clinicajaimeicatarroja.com\/blog\/wp-content\/uploads\/2024\/03\/person-with-1-1024x683.jpg\" alt=\"esclerosis-m\u00faltiple-valencia\" class=\"wp-image-20556\" title=\"\" srcset=\"https:\/\/clinicajaimeicatarroja.com\/blog\/wp-content\/uploads\/2024\/03\/person-with-1-1024x683.jpg 1024w, https:\/\/clinicajaimeicatarroja.com\/blog\/wp-content\/uploads\/2024\/03\/person-with-1-300x200.jpg 300w, https:\/\/clinicajaimeicatarroja.com\/blog\/wp-content\/uploads\/2024\/03\/person-with-1-768x512.jpg 768w, https:\/\/clinicajaimeicatarroja.com\/blog\/wp-content\/uploads\/2024\/03\/person-with-1.jpg 1200w\" sizes=\"(max-width: 1024px) 100vw, 1024px\" \/><\/a><figcaption class=\"wp-element-caption\">m\u00e9dico-esclerosis<\/figcaption><\/figure>\n\n\n\n<h3 class=\"wp-block-heading\" id=\"acupuntura\"><strong>Acupuntura<\/strong><\/h3>\n\n\n\n<p>La <strong>acupuntura <\/strong>es una terapia alternativa que implica la inserci\u00f3n de agujas delgadas en puntos espec\u00edficos del cuerpo. Se ha utilizado para tratar una variedad de s\u00edntomas en la esclerosis m\u00faltiple, como el dolor, la fatiga y los trastornos del sue\u00f1o. Aunque se necesita m\u00e1s investigaci\u00f3n para determinar su eficacia, algunos pacientes encuentran alivio de los s\u00edntomas a trav\u00e9s de la acupuntura.<\/p>\n\n\n\n<figure class=\"wp-block-image size-large\"><a href=\"https:\/\/clinicajaimeicatarroja.com\/blog\/wp-content\/uploads\/2024\/03\/pretty-young-1.jpg\"><img decoding=\"async\" width=\"1024\" height=\"683\" src=\"https:\/\/clinicajaimeicatarroja.com\/blog\/wp-content\/uploads\/2024\/03\/pretty-young-1-1024x683.jpg\" alt=\"esclerosis-m\u00faltiple-valencia\" class=\"wp-image-20557\" title=\"\" srcset=\"https:\/\/clinicajaimeicatarroja.com\/blog\/wp-content\/uploads\/2024\/03\/pretty-young-1-1024x683.jpg 1024w, https:\/\/clinicajaimeicatarroja.com\/blog\/wp-content\/uploads\/2024\/03\/pretty-young-1-300x200.jpg 300w, https:\/\/clinicajaimeicatarroja.com\/blog\/wp-content\/uploads\/2024\/03\/pretty-young-1-768x512.jpg 768w, https:\/\/clinicajaimeicatarroja.com\/blog\/wp-content\/uploads\/2024\/03\/pretty-young-1.jpg 1200w\" sizes=\"(max-width: 1024px) 100vw, 1024px\" \/><\/a><figcaption class=\"wp-element-caption\">m\u00e9dico-esclerosis<\/figcaption><\/figure>\n\n\n\n<h3 class=\"wp-block-heading\" id=\"suplementos-nutricionales\"><strong>Suplementos nutricionales<\/strong><\/h3>\n\n\n\n<p>Algunos <strong>suplementos nutricionales<\/strong>, como la vitamina D y los \u00e1cidos grasos omega-3, han demostrado tener efectos positivos en la salud de los pacientes con esclerosis m\u00faltiple. Estos suplementos pueden ayudar a fortalecer el sistema inmunol\u00f3gico y mejorar la funci\u00f3n neurol\u00f3gica. Sin embargo, es importante hablar con un m\u00e9dico antes de comenzar cualquier suplemento para asegurarse de que sea seguro y adecuado.<\/p>\n\n\n\n<figure class=\"wp-block-image size-large\"><a href=\"https:\/\/clinicajaimeicatarroja.com\/blog\/wp-content\/uploads\/2024\/03\/portrait-young-1-1.jpg\"><img decoding=\"async\" width=\"1024\" height=\"683\" src=\"https:\/\/clinicajaimeicatarroja.com\/blog\/wp-content\/uploads\/2024\/03\/portrait-young-1-1-1024x683.jpg\" alt=\"esclerosis-m\u00faltiple-valencia\" class=\"wp-image-20558\" title=\"\" srcset=\"https:\/\/clinicajaimeicatarroja.com\/blog\/wp-content\/uploads\/2024\/03\/portrait-young-1-1-1024x683.jpg 1024w, https:\/\/clinicajaimeicatarroja.com\/blog\/wp-content\/uploads\/2024\/03\/portrait-young-1-1-300x200.jpg 300w, https:\/\/clinicajaimeicatarroja.com\/blog\/wp-content\/uploads\/2024\/03\/portrait-young-1-1-768x512.jpg 768w, https:\/\/clinicajaimeicatarroja.com\/blog\/wp-content\/uploads\/2024\/03\/portrait-young-1-1.jpg 1200w\" sizes=\"(max-width: 1024px) 100vw, 1024px\" \/><\/a><figcaption class=\"wp-element-caption\">persona-silla-de-ruedas<\/figcaption><\/figure>\n\n\n\n<h2 class=\"wp-block-heading\" id=\"pruebas-medicas-y-analisis-para-el-diagnostico\">Pruebas m\u00e9dicas y an\u00e1lisis para el diagn\u00f3stico<\/h2>\n\n\n\n<p>El diagn\u00f3stico de la esclerosis m\u00faltiple requiere de una evaluaci\u00f3n m\u00e9dica exhaustiva, acompa\u00f1ada de pruebas y an\u00e1lisis espec\u00edficos. A continuaci\u00f3n, se mencionan las principales pruebas utilizadas en el proceso de diagn\u00f3stico:<\/p>\n\n\n\n<ul class=\"wp-block-list\">\n<li><strong>Historia cl\u00ednica y examen f\u00edsico:<\/strong>&nbsp;El m\u00e9dico recopilar\u00e1 informaci\u00f3n sobre los s\u00edntomas y antecedentes m\u00e9dicos del paciente. Adem\u00e1s, realizar\u00e1 un examen f\u00edsico para evaluar posibles problemas motores, visuales o cognitivos.<\/li>\n\n\n\n<li><strong><a href=\"https:\/\/resobert.es\/servicios\/resonancia-magnetica-en-valencia\/\" target=\"_blank\" rel=\"noopener\">Resonancia magn\u00e9tica<\/a>:<\/strong>\u00a0Esta prueba permite detectar las lesiones en el sistema nervioso central. Se utilizan im\u00e1genes detalladas del cerebro y la m\u00e9dula espinal para identificar las \u00e1reas afectadas.<\/li>\n\n\n\n<li><strong>Tomograf\u00eda computarizada:<\/strong>&nbsp;Aunque menos precisa que la resonancia magn\u00e9tica, puede ser \u00fatil para descartar otras enfermedades que presenten s\u00edntomas similares a la esclerosis m\u00faltiple.<\/li>\n\n\n\n<li><strong>An\u00e1lisis del l\u00edquido cefalorraqu\u00eddeo:<\/strong>&nbsp;Se extrae una muestra de l\u00edquido cefalorraqu\u00eddeo mediante una punci\u00f3n lumbar para analizar la presencia de c\u00e9lulas inflamatorias o anticuerpos caracter\u00edsticos de la enfermedad.<\/li>\n\n\n\n<li><strong>Potenciales evocados:<\/strong>&nbsp;Estas pruebas eval\u00faan la actividad el\u00e9ctrica en el sistema nervioso en respuesta a est\u00edmulos visuales, auditivos o sensoriales. Pueden detectar alteraciones en la conducci\u00f3n nerviosa.<\/li>\n\n\n\n<li><strong>Biopsia de piel:<\/strong>&nbsp;Aunque menos com\u00fan, en algunos casos se puede realizar una biopsia de piel para buscar signos de inflamaci\u00f3n o destrucci\u00f3n de la mielina.<\/li>\n<\/ul>\n\n\n\n<figure class=\"wp-block-image size-large\"><a href=\"https:\/\/clinicajaimeicatarroja.com\/blog\/wp-content\/uploads\/2024\/03\/modern-mrii-1.jpg\"><img decoding=\"async\" width=\"1024\" height=\"683\" src=\"https:\/\/clinicajaimeicatarroja.com\/blog\/wp-content\/uploads\/2024\/03\/modern-mrii-1-1024x683.jpg\" alt=\"esclerosis-m\u00faltiple-valencia\" class=\"wp-image-20559\" title=\"\" srcset=\"https:\/\/clinicajaimeicatarroja.com\/blog\/wp-content\/uploads\/2024\/03\/modern-mrii-1-1024x683.jpg 1024w, https:\/\/clinicajaimeicatarroja.com\/blog\/wp-content\/uploads\/2024\/03\/modern-mrii-1-300x200.jpg 300w, https:\/\/clinicajaimeicatarroja.com\/blog\/wp-content\/uploads\/2024\/03\/modern-mrii-1-768x512.jpg 768w, https:\/\/clinicajaimeicatarroja.com\/blog\/wp-content\/uploads\/2024\/03\/modern-mrii-1.jpg 1200w\" sizes=\"(max-width: 1024px) 100vw, 1024px\" \/><\/a><figcaption class=\"wp-element-caption\">resonancia-magn\u00e9tica<\/figcaption><\/figure>\n\n\n\n<p>Es importante destacar que no todas las pruebas son necesarias en todos los casos. El m\u00e9dico determinar\u00e1 cu\u00e1les son las pruebas m\u00e1s adecuadas en base a los s\u00edntomas del paciente y otros factores cl\u00ednicos.<\/p>\n\n\n\n<h2 class=\"wp-block-heading\" id=\"historia-y-epidemiologia-de-la-esclerosis-multiple\">Historia y epidemiolog\u00eda de la esclerosis m\u00faltiple<\/h2>\n\n\n\n<p>La <strong>esclerosis m\u00faltiple <\/strong>es una enfermedad que ha sido objeto de inter\u00e9s y estudio a lo largo de la historia. Sus primeras menciones datan de hace siglos, aunque en aquel entonces no se conoc\u00eda su verdadera naturaleza y se la relacionaba con otros trastornos neurol\u00f3gicos.<\/p>\n\n\n\n<p>Fue a mediados del siglo XIX cuando se lograron avances significativos en la comprensi\u00f3n de la enfermedad. El m\u00e9dico franc\u00e9s Jean-Martin Charcot fue pionero en describir la esclerosis m\u00faltiple como una entidad cl\u00ednica distinta, realizando observaciones minuciosas y detalladas sobre los s\u00edntomas y patrones de afectaci\u00f3n.<\/p>\n\n\n\n<p>En cuanto a la<strong> epidemiolog\u00eda<\/strong> de la esclerosis m\u00faltiple, se ha observado que presenta una distribuci\u00f3n geogr\u00e1fica heterog\u00e9nea. Algunas regiones del mundo tienen una mayor incidencia de casos, mientras que en otras es menos frecuente. Por ejemplo, en Europa y Am\u00e9rica del Norte se registra una mayor prevalencia de la enfermedad, mientras que en \u00e1reas tropicales la incidencia es menor.<\/p>\n\n\n\n<figure class=\"wp-block-image size-large\"><a href=\"https:\/\/clinicajaimeicatarroja.com\/blog\/wp-content\/uploads\/2024\/03\/sad-womanept-1.jpg\"><img decoding=\"async\" width=\"1024\" height=\"683\" src=\"https:\/\/clinicajaimeicatarroja.com\/blog\/wp-content\/uploads\/2024\/03\/sad-womanept-1-1024x683.jpg\" alt=\"esclerosis-m\u00faltiple-valencia\" class=\"wp-image-20560\" title=\"\" srcset=\"https:\/\/clinicajaimeicatarroja.com\/blog\/wp-content\/uploads\/2024\/03\/sad-womanept-1-1024x683.jpg 1024w, https:\/\/clinicajaimeicatarroja.com\/blog\/wp-content\/uploads\/2024\/03\/sad-womanept-1-300x200.jpg 300w, https:\/\/clinicajaimeicatarroja.com\/blog\/wp-content\/uploads\/2024\/03\/sad-womanept-1-768x512.jpg 768w, https:\/\/clinicajaimeicatarroja.com\/blog\/wp-content\/uploads\/2024\/03\/sad-womanept-1.jpg 1200w\" sizes=\"(max-width: 1024px) 100vw, 1024px\" \/><\/a><figcaption class=\"wp-element-caption\">persona-silla-de-ruedas<\/figcaption><\/figure>\n\n\n\n<p>Adem\u00e1s, se ha observado que la esclerosis m\u00faltiple tiene una predisposici\u00f3n gen\u00e9tica, es decir, ciertos genes pueden aumentar la susceptibilidad a desarrollar la enfermedad. Sin embargo, el componente gen\u00e9tico no lo explica todo, ya que factores ambientales tambi\u00e9n parecen desempe\u00f1ar un papel relevante en su aparici\u00f3n.<\/p>\n\n\n\n<ul class=\"wp-block-list\">\n<li>La influencia de factores ambientales como la exposici\u00f3n al sol y la deficiencia de vitamina D ha sido objeto de estudio y se ha asociado con un mayor riesgo de desarrollar esclerosis m\u00faltiple.<\/li>\n\n\n\n<li>Asimismo, se han investigado posibles factores infecciosos como desencadenantes de la enfermedad, aunque a\u00fan se necesitan m\u00e1s investigaciones para confirmar estas asociaciones.<\/li>\n\n\n\n<li>Es importante mencionar que la esclerosis m\u00faltiple no es una enfermedad contagiosa ni hereditaria de forma directa, pero ciertos genes pueden aumentar la susceptibilidad a desarrollarla.<\/li>\n<\/ul>\n\n\n\n<figure class=\"wp-block-image size-large\"><a href=\"https:\/\/clinicajaimeicatarroja.com\/blog\/wp-content\/uploads\/2024\/03\/team-doctors-1.jpg\"><img decoding=\"async\" width=\"1024\" height=\"683\" src=\"https:\/\/clinicajaimeicatarroja.com\/blog\/wp-content\/uploads\/2024\/03\/team-doctors-1-1024x683.jpg\" alt=\"esclerosis-m\u00faltiple-valencia\" class=\"wp-image-20561\" title=\"\" srcset=\"https:\/\/clinicajaimeicatarroja.com\/blog\/wp-content\/uploads\/2024\/03\/team-doctors-1-1024x683.jpg 1024w, https:\/\/clinicajaimeicatarroja.com\/blog\/wp-content\/uploads\/2024\/03\/team-doctors-1-300x200.jpg 300w, https:\/\/clinicajaimeicatarroja.com\/blog\/wp-content\/uploads\/2024\/03\/team-doctors-1-768x512.jpg 768w, https:\/\/clinicajaimeicatarroja.com\/blog\/wp-content\/uploads\/2024\/03\/team-doctors-1.jpg 1200w\" sizes=\"(max-width: 1024px) 100vw, 1024px\" \/><\/a><figcaption class=\"wp-element-caption\">m\u00e9dico-esclerosis<\/figcaption><\/figure>\n\n\n\n<h2 class=\"wp-block-heading\" id=\"necesidades-en-el-tratamiento-y-el-dia-mundial-de-la-esclerosis-multiple\">Necesidades en el tratamiento y el D\u00eda Mundial de la Esclerosis M\u00faltiple<\/h2>\n\n\n\n<p>La esclerosis m\u00faltiple es una enfermedad cr\u00f3nica y compleja que requiere un enfoque multidisciplinario en su tratamiento. Si bien existen avances en la investigaci\u00f3n m\u00e9dica y farmacol\u00f3gica, a\u00fan persisten necesidades importantes en la atenci\u00f3n de los pacientes con esta enfermedad.<\/p>\n\n\n\n<h3 class=\"wp-block-heading\" id=\"acceso-a-tratamientos-adecuados\"><strong>Acceso a tratamientos adecuados<\/strong><\/h3>\n\n\n\n<p>Una de las necesidades m\u00e1s importantes es garantizar el acceso de todos los pacientes a los <strong>tratamientos m\u00e1s adecuados<\/strong>. La esclerosis m\u00faltiple afecta de manera diferente a cada persona, por lo que es crucial contar con una amplia gama de opciones terap\u00e9uticas. Es fundamental que los tratamientos est\u00e9n disponibles de manera equitativa y en tiempo oportuno para todos los afectados.<\/p>\n\n\n\n<figure class=\"wp-block-image size-large\"><a href=\"https:\/\/clinicajaimeicatarroja.com\/blog\/wp-content\/uploads\/2024\/03\/woman-wheelchair-1.jpg\"><img decoding=\"async\" width=\"1024\" height=\"683\" src=\"https:\/\/clinicajaimeicatarroja.com\/blog\/wp-content\/uploads\/2024\/03\/woman-wheelchair-1-1024x683.jpg\" alt=\"esclerosis-m\u00faltiple-valencia\" class=\"wp-image-20562\" title=\"\" srcset=\"https:\/\/clinicajaimeicatarroja.com\/blog\/wp-content\/uploads\/2024\/03\/woman-wheelchair-1-1024x683.jpg 1024w, https:\/\/clinicajaimeicatarroja.com\/blog\/wp-content\/uploads\/2024\/03\/woman-wheelchair-1-300x200.jpg 300w, https:\/\/clinicajaimeicatarroja.com\/blog\/wp-content\/uploads\/2024\/03\/woman-wheelchair-1-768x512.jpg 768w, https:\/\/clinicajaimeicatarroja.com\/blog\/wp-content\/uploads\/2024\/03\/woman-wheelchair-1.jpg 1200w\" sizes=\"(max-width: 1024px) 100vw, 1024px\" \/><\/a><figcaption class=\"wp-element-caption\">persona-silla-de-ruedas<\/figcaption><\/figure>\n\n\n\n<h3 class=\"wp-block-heading\" id=\"apoyo-emocional-y-psicologico\"><strong>Apoyo emocional y psicol\u00f3gico<\/strong><\/h3>\n\n\n\n<p>Los pacientes con esclerosis m\u00faltiple enfrentan un gran impacto emocional y psicol\u00f3gico, ya que la enfermedad puede afectar su calidad de vida y sus relaciones personales. Es fundamental brindarles un apoyo integral que abarque tanto el aspecto f\u00edsico como el emocional. El acceso a profesionales de salud mental especializados en esta patolog\u00eda es esencial para ayudar a los pacientes a enfrentar los desaf\u00edos emocionales que conlleva la enfermedad.<\/p>\n\n\n\n<figure class=\"wp-block-image size-large\"><a href=\"https:\/\/clinicajaimeicatarroja.com\/blog\/wp-content\/uploads\/2024\/03\/young-female-1.jpg\"><img decoding=\"async\" width=\"1024\" height=\"683\" src=\"https:\/\/clinicajaimeicatarroja.com\/blog\/wp-content\/uploads\/2024\/03\/young-female-1-1024x683.jpg\" alt=\"esclerosis-m\u00faltiple-valencia\" class=\"wp-image-20563\" title=\"\" srcset=\"https:\/\/clinicajaimeicatarroja.com\/blog\/wp-content\/uploads\/2024\/03\/young-female-1-1024x683.jpg 1024w, https:\/\/clinicajaimeicatarroja.com\/blog\/wp-content\/uploads\/2024\/03\/young-female-1-300x200.jpg 300w, https:\/\/clinicajaimeicatarroja.com\/blog\/wp-content\/uploads\/2024\/03\/young-female-1-768x512.jpg 768w, https:\/\/clinicajaimeicatarroja.com\/blog\/wp-content\/uploads\/2024\/03\/young-female-1.jpg 1200w\" sizes=\"(max-width: 1024px) 100vw, 1024px\" \/><\/a><figcaption class=\"wp-element-caption\">persona-silla-de-ruedas<\/figcaption><\/figure>\n\n\n\n<h3 class=\"wp-block-heading\" id=\"rehabilitacion-y-terapias-complementarias\"><strong>Rehabilitaci\u00f3n y terapias complementarias<\/strong><\/h3>\n\n\n\n<p>La <strong>rehabilitaci\u00f3n<\/strong> juega un papel crucial en el manejo de la esclerosis m\u00faltiple. Los pacientes pueden experimentar limitaciones funcionales y discapacidades, por lo que es importante contar con programas de rehabilitaci\u00f3n personalizados que aborden sus necesidades espec\u00edficas. Adem\u00e1s de la rehabilitaci\u00f3n tradicional, tambi\u00e9n se pueden explorar terapias complementarias, como la fisioterapia, la terapia ocupacional y la terapia del habla, que pueden ayudar a mejorar la calidad de vida de los pacientes.<\/p>\n\n\n\n<figure class=\"wp-block-image size-large\"><a href=\"https:\/\/clinicajaimeicatarroja.com\/blog\/wp-content\/uploads\/2024\/03\/young-woman-1.jpg\"><img decoding=\"async\" width=\"1024\" height=\"683\" src=\"https:\/\/clinicajaimeicatarroja.com\/blog\/wp-content\/uploads\/2024\/03\/young-woman-1-1024x683.jpg\" alt=\"esclerosis-m\u00faltiple-valencia\" class=\"wp-image-20564\" title=\"\" srcset=\"https:\/\/clinicajaimeicatarroja.com\/blog\/wp-content\/uploads\/2024\/03\/young-woman-1-1024x683.jpg 1024w, https:\/\/clinicajaimeicatarroja.com\/blog\/wp-content\/uploads\/2024\/03\/young-woman-1-300x200.jpg 300w, https:\/\/clinicajaimeicatarroja.com\/blog\/wp-content\/uploads\/2024\/03\/young-woman-1-768x512.jpg 768w, https:\/\/clinicajaimeicatarroja.com\/blog\/wp-content\/uploads\/2024\/03\/young-woman-1.jpg 1200w\" sizes=\"(max-width: 1024px) 100vw, 1024px\" \/><\/a><figcaption class=\"wp-element-caption\">m\u00e9dico-esclerosis<\/figcaption><\/figure>\n\n\n\n<h3 class=\"wp-block-heading\" id=\"sensibilizacion-y-apoyo-de-la-comunidad\"><strong>Sensibilizaci\u00f3n y apoyo de la comunidad<\/strong><\/h3>\n\n\n\n<p>La <strong>esclerosis m\u00faltiple<\/strong> es una enfermedad compleja y a\u00fan poco comprendida por la comunidad en general. Es necesario brindar informaci\u00f3n y sensibilizar a la sociedad sobre los desaf\u00edos que enfrentan los pacientes con esta enfermedad. Asimismo, es fundamental fomentar el apoyo y la solidaridad de la comunidad hacia las personas con esclerosis m\u00faltiple, para que se sientan respaldadas y comprendidas en su d\u00eda a d\u00eda.<\/p>\n\n\n\n<figure class=\"wp-block-image size-large\"><a href=\"https:\/\/clinicajaimeicatarroja.com\/blog\/wp-content\/uploads\/2024\/03\/young-happy-1.jpg\"><img decoding=\"async\" width=\"1024\" height=\"683\" src=\"https:\/\/clinicajaimeicatarroja.com\/blog\/wp-content\/uploads\/2024\/03\/young-happy-1-1024x683.jpg\" alt=\"esclerosis-m\u00faltiple-valencia\" class=\"wp-image-20566\" title=\"\" srcset=\"https:\/\/clinicajaimeicatarroja.com\/blog\/wp-content\/uploads\/2024\/03\/young-happy-1-1024x683.jpg 1024w, https:\/\/clinicajaimeicatarroja.com\/blog\/wp-content\/uploads\/2024\/03\/young-happy-1-300x200.jpg 300w, https:\/\/clinicajaimeicatarroja.com\/blog\/wp-content\/uploads\/2024\/03\/young-happy-1-768x512.jpg 768w, https:\/\/clinicajaimeicatarroja.com\/blog\/wp-content\/uploads\/2024\/03\/young-happy-1.jpg 1200w\" sizes=\"(max-width: 1024px) 100vw, 1024px\" \/><\/a><figcaption class=\"wp-element-caption\">persona-silla-de-ruedas<\/figcaption><\/figure>\n\n\n\n<h3 class=\"wp-block-heading\" id=\"importancia-del-dia-mundial-de-la-esclerosis-multiple\"><strong>Importancia del D\u00eda Mundial de la Esclerosis M\u00faltiple<\/strong><\/h3>\n\n\n\n<p>El D\u00eda Mundial de la Esclerosis M\u00faltiple, que se conmemora cada a\u00f1o el \u00faltimo mi\u00e9rcoles de mayo, es una ocasi\u00f3n para crear conciencia sobre esta enfermedad y para unirse en solidaridad con los afectados. Durante este d\u00eda, se realizan actividades y eventos en todo el mundo para informar y educar sobre la esclerosis m\u00faltiple, as\u00ed como para recaudar fondos destinados a la investigaci\u00f3n y el apoyo a los pacientes.<\/p>\n","protected":false},"excerpt":{"rendered":"<p>La esclerosis m\u00faltiple es una enfermedad cr\u00f3nica del sistema nervioso que afecta principalmente a adultos j\u00f3venes. Se caracteriza por la destrucci\u00f3n de la mielina, una sustancia que protege las fibras nerviosas, lo que provoca problemas en la comunicaci\u00f3n entre el cerebro y el resto del cuerpo. Los s\u00edntomas var\u00edan ampliamente y pueden incluir debilidad muscular, [&hellip;]<\/p>\n","protected":false},"author":1,"featured_media":20533,"comment_status":"open","ping_status":"open","sticky":false,"template":"","format":"standard","meta":{"footnotes":""},"categories":[315],"tags":[],"class_list":["post-20195","post","type-post","status-publish","format-standard","has-post-thumbnail","hentry","category-neurologia"],"_links":{"self":[{"href":"https:\/\/clinicajaimeicatarroja.com\/blog\/wp-json\/wp\/v2\/posts\/20195","targetHints":{"allow":["GET"]}}],"collection":[{"href":"https:\/\/clinicajaimeicatarroja.com\/blog\/wp-json\/wp\/v2\/posts"}],"about":[{"href":"https:\/\/clinicajaimeicatarroja.com\/blog\/wp-json\/wp\/v2\/types\/post"}],"author":[{"embeddable":true,"href":"https:\/\/clinicajaimeicatarroja.com\/blog\/wp-json\/wp\/v2\/users\/1"}],"replies":[{"embeddable":true,"href":"https:\/\/clinicajaimeicatarroja.com\/blog\/wp-json\/wp\/v2\/comments?post=20195"}],"version-history":[{"count":10,"href":"https:\/\/clinicajaimeicatarroja.com\/blog\/wp-json\/wp\/v2\/posts\/20195\/revisions"}],"predecessor-version":[{"id":20585,"href":"https:\/\/clinicajaimeicatarroja.com\/blog\/wp-json\/wp\/v2\/posts\/20195\/revisions\/20585"}],"wp:featuredmedia":[{"embeddable":true,"href":"https:\/\/clinicajaimeicatarroja.com\/blog\/wp-json\/wp\/v2\/media\/20533"}],"wp:attachment":[{"href":"https:\/\/clinicajaimeicatarroja.com\/blog\/wp-json\/wp\/v2\/media?parent=20195"}],"wp:term":[{"taxonomy":"category","embeddable":true,"href":"https:\/\/clinicajaimeicatarroja.com\/blog\/wp-json\/wp\/v2\/categories?post=20195"},{"taxonomy":"post_tag","embeddable":true,"href":"https:\/\/clinicajaimeicatarroja.com\/blog\/wp-json\/wp\/v2\/tags?post=20195"}],"curies":[{"name":"wp","href":"https:\/\/api.w.org\/{rel}","templated":true}]}}