{"id":18650,"date":"2023-11-04T19:17:53","date_gmt":"2023-11-04T18:17:53","guid":{"rendered":"https:\/\/clinicajaimeicatarroja.com\/blog\/?p=18650"},"modified":"2023-11-07T22:06:45","modified_gmt":"2023-11-07T21:06:45","slug":"catarro-en-ninos","status":"publish","type":"post","link":"https:\/\/clinicajaimeicatarroja.com\/blog\/catarro-en-ninos","title":{"rendered":"Catarro en ni\u00f1os: s\u00edntomas, prevenci\u00f3n y tratamiento en la infancia"},"content":{"rendered":"\n<p>El catarro en ni\u00f1os es una <strong>infecci\u00f3n com\u00fan <\/strong>de las <strong>v\u00edas respiratorias altas<\/strong>. Provoca s\u00edntomas como <strong>secreci\u00f3n nasal<\/strong>, <strong>estornudos<\/strong>,<strong> tos<\/strong> y <strong>dolor de garganta<\/strong>. Afecta principalmente a <strong>ni\u00f1os <\/strong>en edad escolar y puede ocurrir varias veces al a\u00f1o. Los <strong>rinovirus<\/strong> son los principales causantes de esta enfermedad. No existe una vacuna para<strong> prevenirlo<\/strong>, por lo que es importante lavarse las manos regularmente y evitar el contacto con personas resfriadas. El tratamiento se basa en aliviar los s\u00edntomas y se deben evitar los antibi\u00f3ticos a menos que sean recetados por un pediatra.<\/p>\n\n\n\n<figure class=\"wp-block-image size-large\"><a href=\"https:\/\/clinicajaimeicatarroja.com\/blog\/wp-content\/uploads\/2023\/11\/nina-resfriada-1.jpg\"><img decoding=\"async\" width=\"1024\" height=\"683\" src=\"https:\/\/clinicajaimeicatarroja.com\/blog\/wp-content\/uploads\/2023\/11\/nina-resfriada-1-1024x683.jpg\" alt=\"catarro-en-ni\u00f1os, resfriado, gripe-ni\u00f1os\" class=\"wp-image-18704\" title=\"\" srcset=\"https:\/\/clinicajaimeicatarroja.com\/blog\/wp-content\/uploads\/2023\/11\/nina-resfriada-1-1024x683.jpg 1024w, https:\/\/clinicajaimeicatarroja.com\/blog\/wp-content\/uploads\/2023\/11\/nina-resfriada-1-300x200.jpg 300w, https:\/\/clinicajaimeicatarroja.com\/blog\/wp-content\/uploads\/2023\/11\/nina-resfriada-1-768x512.jpg 768w, https:\/\/clinicajaimeicatarroja.com\/blog\/wp-content\/uploads\/2023\/11\/nina-resfriada-1.jpg 1200w\" sizes=\"(max-width: 1024px) 100vw, 1024px\" \/><\/a><figcaption class=\"wp-element-caption\">fiebre<\/figcaption><\/figure>\n\n\n\n<div class=\"wp-block-rank-math-toc-block\" id=\"rank-math-toc\"><h2>Tabla de Contenidos<\/h2><nav><ul><li class=\"\"><a href=\"#catarro-en-ninos-una-infeccion-comun-de-las-vias-respiratorias-altas\">Catarro en ni\u00f1os: una infecci\u00f3n com\u00fan de las v\u00edas respiratorias altas<\/a><ul><li class=\"\"><a href=\"#definicion-y-causas-del-catarro-en-ninos\">Definici\u00f3n y causas del catarro en ni\u00f1os<\/a><\/li><li class=\"\"><a href=\"#sintomas-del-catarro-en-ninos\">S\u00edntomas del catarro en ni\u00f1os<\/a><\/li><li class=\"\"><a href=\"#factores-de-riesgo-en-los-ninos\">Factores de riesgo en los ni\u00f1os<\/a><\/li><\/ul><\/li><li class=\"\"><a href=\"#prevencion-del-catarro-en-ninos\">Prevenci\u00f3n del catarro en ni\u00f1os<\/a><ul><li class=\"\"><a href=\"#medidas-preventivas-en-el-entorno-escolar\">Medidas preventivas en el entorno escolar<\/a><\/li><li class=\"\"><a href=\"#importancia-del-lavado-de-manos-en-la-prevencion\">Importancia del lavado de manos en la prevenci\u00f3n<\/a><\/li><\/ul><\/li><li class=\"\"><a href=\"#tratamiento-del-catarro-en-ninos\">Tratamiento del catarro en ni\u00f1os<\/a><ul><li class=\"\"><a href=\"#enfoque-sintomatico-para-aliviar-los-sintomas\">Enfoque sintom\u00e1tico para aliviar los s\u00edntomas<\/a><\/li><li class=\"\"><a href=\"#uso-de-medicamentos-adecuados-para-tratar-la-fiebre-y-la-tos\">Uso de medicamentos adecuados para tratar la fiebre y la tos<\/a><\/li><li class=\"\"><a href=\"#importancia-de-consultar-a-un-pediatra-antes-de-administrar-cualquier-medicacion\">Importancia de consultar a un pediatra antes de administrar cualquier medicaci\u00f3n<\/a><\/li><\/ul><\/li><li class=\"\"><a href=\"#complicaciones-relacionadas-con-el-catarro-en-ninos\">Complicaciones relacionadas con el catarro en ni\u00f1os<\/a><ul><li class=\"\"><a href=\"#sobreinfeccion-bacteriana-y-posibles-complicaciones\">Sobreinfecci\u00f3n bacteriana y posibles complicaciones<\/a><\/li><li class=\"\"><a href=\"#signos-de-alarma-y-cuando-acudir-al-pediatra\">Signos de alarma y cu\u00e1ndo acudir al pediatra<\/a><\/li><\/ul><\/li><li class=\"\"><a href=\"#medidas-de-apoyo-durante-el-catarro-en-ninos\">Medidas de apoyo durante el catarro en ni\u00f1os<\/a><ul><li class=\"\"><a href=\"#importancia-del-descanso-y-la-hidratacion-adecuada\">Importancia del descanso y la hidrataci\u00f3n adecuada<\/a><\/li><li class=\"\"><a href=\"#alimentacion-balanceada-y-alivio-a-traves-de-bebidas-calientes-y-vapor\">Alimentaci\u00f3n balanceada y alivio a trav\u00e9s de bebidas calientes y vapor<\/a><\/li><\/ul><\/li><\/ul><\/nav><\/div>\n\n\n\n<figure class=\"wp-block-image size-large\"><a href=\"https:\/\/clinicajaimeicatarroja.com\/blog\/wp-content\/uploads\/2023\/11\/problemas-respiratorios-1.jpg\"><img decoding=\"async\" width=\"1024\" height=\"683\" src=\"https:\/\/clinicajaimeicatarroja.com\/blog\/wp-content\/uploads\/2023\/11\/problemas-respiratorios-1-1024x683.jpg\" alt=\"catarro-en-ni\u00f1os, resfriado, gripe-ni\u00f1os\" class=\"wp-image-18706\" title=\"\" srcset=\"https:\/\/clinicajaimeicatarroja.com\/blog\/wp-content\/uploads\/2023\/11\/problemas-respiratorios-1-1024x683.jpg 1024w, https:\/\/clinicajaimeicatarroja.com\/blog\/wp-content\/uploads\/2023\/11\/problemas-respiratorios-1-300x200.jpg 300w, https:\/\/clinicajaimeicatarroja.com\/blog\/wp-content\/uploads\/2023\/11\/problemas-respiratorios-1-768x512.jpg 768w, https:\/\/clinicajaimeicatarroja.com\/blog\/wp-content\/uploads\/2023\/11\/problemas-respiratorios-1.jpg 1200w\" sizes=\"(max-width: 1024px) 100vw, 1024px\" \/><\/a><figcaption class=\"wp-element-caption\">problemas-respiratorios<\/figcaption><\/figure>\n\n\n\n<h2 class=\"wp-block-heading\" id=\"catarro-en-ninos-una-infeccion-comun-de-las-vias-respiratorias-altas\">Catarro en ni\u00f1os: una infecci\u00f3n com\u00fan de las v\u00edas respiratorias altas<\/h2>\n\n\n\n<p>El catarro en ni\u00f1os es una infecci\u00f3n frecuente que afecta las v\u00edas respiratorias altas, como la<strong> nariz<\/strong>, la <strong>garganta<\/strong> y los <strong>senos nasales<\/strong>. <\/p>\n\n\n\n<h3 class=\"wp-block-heading\" id=\"definicion-y-causas-del-catarro-en-ninos\">Definici\u00f3n y causas del catarro en ni\u00f1os<\/h3>\n\n\n\n<p>El catarro en ni\u00f1os es causado por una <strong>variedad de virus<\/strong>, siendo los rinovirus los m\u00e1s comunes. M\u00e1s de<strong> 200<\/strong> virus pueden desencadenar esta infecci\u00f3n respiratoria, lo que explica por qu\u00e9 los ni\u00f1os pueden padecer entre cuatro y ocho episodios de catarro al a\u00f1o. La <strong>escolarizaci\u00f3n <\/strong>aumenta la exposici\u00f3n al virus, lo que contribuye a\u00fan m\u00e1s a la frecuencia de los catarros en los ni\u00f1os.<\/p>\n\n\n\n<figure class=\"wp-block-image size-large\"><a href=\"https:\/\/clinicajaimeicatarroja.com\/blog\/wp-content\/uploads\/2023\/11\/fiebre-1-1.jpg\"><img decoding=\"async\" width=\"1024\" height=\"683\" src=\"https:\/\/clinicajaimeicatarroja.com\/blog\/wp-content\/uploads\/2023\/11\/fiebre-1-1-1024x683.jpg\" alt=\"catarro-en-ni\u00f1os, resfriado, gripe-ni\u00f1os\" class=\"wp-image-18715\" title=\"\" srcset=\"https:\/\/clinicajaimeicatarroja.com\/blog\/wp-content\/uploads\/2023\/11\/fiebre-1-1-1024x683.jpg 1024w, https:\/\/clinicajaimeicatarroja.com\/blog\/wp-content\/uploads\/2023\/11\/fiebre-1-1-300x200.jpg 300w, https:\/\/clinicajaimeicatarroja.com\/blog\/wp-content\/uploads\/2023\/11\/fiebre-1-1-768x512.jpg 768w, https:\/\/clinicajaimeicatarroja.com\/blog\/wp-content\/uploads\/2023\/11\/fiebre-1-1.jpg 1200w\" sizes=\"(max-width: 1024px) 100vw, 1024px\" \/><\/a><figcaption class=\"wp-element-caption\">catarroa-en-ni\u00f1os<\/figcaption><\/figure>\n\n\n\n<h3 class=\"wp-block-heading\" id=\"sintomas-del-catarro-en-ninos\">S\u00edntomas del catarro en ni\u00f1os<\/h3>\n\n\n\n<p>Los s\u00edntomas del catarro en ni\u00f1os pueden variar, pero generalmente incluyen secreci\u00f3n nasal, estornudos, tos, dolor de garganta y, en algunos casos, fiebre baja. La <strong>secreci\u00f3n nasal<\/strong> suele ser inicialmente fluida y luego puede volverse m\u00e1s<strong> espesa<\/strong> y adquirir un color verdoso o amarillento. La <strong>fiebre<\/strong>, cuando est\u00e1 presente, suele durar entre tres y cuatro d\u00edas. La tos puede persistir durante d\u00edas o incluso semanas, siendo m\u00e1s evidente durante la noche.<\/p>\n\n\n\n<figure class=\"wp-block-image size-large\"><a href=\"https:\/\/clinicajaimeicatarroja.com\/blog\/wp-content\/uploads\/2023\/11\/nino-enfermo-1.jpg\"><img decoding=\"async\" width=\"1024\" height=\"683\" src=\"https:\/\/clinicajaimeicatarroja.com\/blog\/wp-content\/uploads\/2023\/11\/nino-enfermo-1-1024x683.jpg\" alt=\"catarro-en-ni\u00f1os, resfriado, gripe-ni\u00f1os\" class=\"wp-image-18707\" title=\"\" srcset=\"https:\/\/clinicajaimeicatarroja.com\/blog\/wp-content\/uploads\/2023\/11\/nino-enfermo-1-1024x683.jpg 1024w, https:\/\/clinicajaimeicatarroja.com\/blog\/wp-content\/uploads\/2023\/11\/nino-enfermo-1-300x200.jpg 300w, https:\/\/clinicajaimeicatarroja.com\/blog\/wp-content\/uploads\/2023\/11\/nino-enfermo-1-768x512.jpg 768w, https:\/\/clinicajaimeicatarroja.com\/blog\/wp-content\/uploads\/2023\/11\/nino-enfermo-1.jpg 1200w\" sizes=\"(max-width: 1024px) 100vw, 1024px\" \/><\/a><figcaption class=\"wp-element-caption\">mucosidad<\/figcaption><\/figure>\n\n\n\n<h3 class=\"wp-block-heading\" id=\"factores-de-riesgo-en-los-ninos\">Factores de riesgo en los ni\u00f1os<\/h3>\n\n\n\n<p>Los ni\u00f1os son m\u00e1s propensos a contraer catarros debido a su <strong>sistema inmunitario inmaduro<\/strong> y a su exposici\u00f3n a una gran cantidad de virus en entornos escolares. La transmisi\u00f3n del catarro ocurre principalmente a trav\u00e9s de estornudos, tos y contacto con secreciones nasales. Para reducir el riesgo de contraer catarros, es importante fomentar en los ni\u00f1os <strong>h\u00e1bitos de higiene<\/strong> como lavarse las manos con frecuencia y evitar el contacto cercano con personas resfriadas.<\/p>\n\n\n\n<figure class=\"wp-block-image size-large\"><a href=\"https:\/\/clinicajaimeicatarroja.com\/blog\/wp-content\/uploads\/2023\/11\/catarro-en-bebes-1.jpg\"><img decoding=\"async\" width=\"1024\" height=\"683\" src=\"https:\/\/clinicajaimeicatarroja.com\/blog\/wp-content\/uploads\/2023\/11\/catarro-en-bebes-1-1024x683.jpg\" alt=\"catarro-en-ni\u00f1os, resfriado, gripe-ni\u00f1os\" class=\"wp-image-18716\" title=\"\" srcset=\"https:\/\/clinicajaimeicatarroja.com\/blog\/wp-content\/uploads\/2023\/11\/catarro-en-bebes-1-1024x683.jpg 1024w, https:\/\/clinicajaimeicatarroja.com\/blog\/wp-content\/uploads\/2023\/11\/catarro-en-bebes-1-300x200.jpg 300w, https:\/\/clinicajaimeicatarroja.com\/blog\/wp-content\/uploads\/2023\/11\/catarro-en-bebes-1-768x512.jpg 768w, https:\/\/clinicajaimeicatarroja.com\/blog\/wp-content\/uploads\/2023\/11\/catarro-en-bebes-1.jpg 1200w\" sizes=\"(max-width: 1024px) 100vw, 1024px\" \/><\/a><figcaption class=\"wp-element-caption\">auscultando<\/figcaption><\/figure>\n\n\n\n<h2 class=\"wp-block-heading\" id=\"prevencion-del-catarro-en-ninos\">Prevenci\u00f3n del catarro en ni\u00f1os<\/h2>\n\n\n\n<h3 class=\"wp-block-heading\" id=\"medidas-preventivas-en-el-entorno-escolar\">Medidas preventivas en el entorno escolar<\/h3>\n\n\n\n<p>En el entorno escolar, es importante tomar ciertas medidas para prevenir la propagaci\u00f3n del catarro en ni\u00f1os. Algunas estrategias efectivas incluyen:<\/p>\n\n\n\n<ul class=\"wp-block-list\">\n<li><strong>Ense\u00f1ar a los ni\u00f1os a cubrirse<\/strong> la boca y la nariz con el codo o un pa\u00f1uelo desechable al toser o estornudar.<\/li>\n\n\n\n<li>Promover el uso de<strong> pa\u00f1uelos desechables <\/strong>y su posterior eliminaci\u00f3n adecuada.<\/li>\n\n\n\n<li>Fomentar la <strong>ventilaci\u00f3n adecuada <\/strong>en las aulas y espacios comunes.<\/li>\n\n\n\n<li><strong>Limpiar y desinfectar<\/strong> regularmente superficies y objetos de uso com\u00fan, como mesas, sillas y juguetes.<\/li>\n\n\n\n<li><strong>Evitar el contacto cercano<\/strong> con ni\u00f1os resfriados y fomentar el distanciamiento social cuando sea posible.<\/li>\n<\/ul>\n\n\n\n<figure class=\"wp-block-image size-large\"><a href=\"https:\/\/clinicajaimeicatarroja.com\/blog\/wp-content\/uploads\/2023\/11\/estornudar-1.jpg\"><img decoding=\"async\" width=\"1024\" height=\"683\" src=\"https:\/\/clinicajaimeicatarroja.com\/blog\/wp-content\/uploads\/2023\/11\/estornudar-1-1024x683.jpg\" alt=\"catarro-en-ni\u00f1os, resfriado, gripe-ni\u00f1os\" class=\"wp-image-18708\" title=\"\" srcset=\"https:\/\/clinicajaimeicatarroja.com\/blog\/wp-content\/uploads\/2023\/11\/estornudar-1-1024x683.jpg 1024w, https:\/\/clinicajaimeicatarroja.com\/blog\/wp-content\/uploads\/2023\/11\/estornudar-1-300x200.jpg 300w, https:\/\/clinicajaimeicatarroja.com\/blog\/wp-content\/uploads\/2023\/11\/estornudar-1-768x512.jpg 768w, https:\/\/clinicajaimeicatarroja.com\/blog\/wp-content\/uploads\/2023\/11\/estornudar-1.jpg 1200w\" sizes=\"(max-width: 1024px) 100vw, 1024px\" \/><\/a><figcaption class=\"wp-element-caption\">estornudando<\/figcaption><\/figure>\n\n\n\n<h3 class=\"wp-block-heading\" id=\"importancia-del-lavado-de-manos-en-la-prevencion\">Importancia del lavado de manos en la prevenci\u00f3n<\/h3>\n\n\n\n<p>El lavado de manos es una de las medidas m\u00e1s efectivas para prevenir la propagaci\u00f3n del catarro en ni\u00f1os. Es fundamental ense\u00f1ar a los ni\u00f1os la importancia de <strong>lavarse las manos<\/strong> correctamente y de manera regular. Algunos aspectos relevantes del lavado de manos son:<\/p>\n\n\n\n<ul class=\"wp-block-list\">\n<li>Lavarse las manos con <strong>agua y jab\u00f3n <\/strong>durante al menos 20 segundos.<\/li>\n\n\n\n<li>Hacerlo <strong>antes de comer, despu\u00e9s de usar el ba\u00f1o y despu\u00e9s de estar en contacto con superficies y objetos potencialmente contaminados<\/strong>.<\/li>\n\n\n\n<li>Ense\u00f1ar a <strong>frotar<\/strong> todas las \u00e1reas de las manos, incluyendo los dedos, las u\u00f1as y la parte posterior de las manos.<\/li>\n\n\n\n<li>Animar a los ni\u00f1os a usar <strong>toallitas desinfectantes o gel desinfectante<\/strong> a base de alcohol cuando no haya acceso a agua y jab\u00f3n.<\/li>\n<\/ul>\n\n\n\n<p>Al seguir estas medidas preventivas en el entorno escolar y promover el lavado de manos adecuado, se puede<strong> reducir<\/strong> significativamente el<strong> riesgo<\/strong> de que los ni\u00f1os contraigan el catarro y otros virus respiratorios.<\/p>\n\n\n\n<figure class=\"wp-block-image size-large\"><a href=\"https:\/\/clinicajaimeicatarroja.com\/blog\/wp-content\/uploads\/2023\/11\/lavarse-manos-1.jpg\"><img decoding=\"async\" width=\"1024\" height=\"683\" src=\"https:\/\/clinicajaimeicatarroja.com\/blog\/wp-content\/uploads\/2023\/11\/lavarse-manos-1-1024x683.jpg\" alt=\"catarro-en-ni\u00f1os, resfriado, gripe-ni\u00f1os\" class=\"wp-image-18709\" title=\"\" srcset=\"https:\/\/clinicajaimeicatarroja.com\/blog\/wp-content\/uploads\/2023\/11\/lavarse-manos-1-1024x683.jpg 1024w, https:\/\/clinicajaimeicatarroja.com\/blog\/wp-content\/uploads\/2023\/11\/lavarse-manos-1-300x200.jpg 300w, https:\/\/clinicajaimeicatarroja.com\/blog\/wp-content\/uploads\/2023\/11\/lavarse-manos-1-768x512.jpg 768w, https:\/\/clinicajaimeicatarroja.com\/blog\/wp-content\/uploads\/2023\/11\/lavarse-manos-1.jpg 1200w\" sizes=\"(max-width: 1024px) 100vw, 1024px\" \/><\/a><figcaption class=\"wp-element-caption\">lavarse-manos<\/figcaption><\/figure>\n\n\n\n<h2 class=\"wp-block-heading\" id=\"tratamiento-del-catarro-en-ninos\">Tratamiento del catarro en ni\u00f1os<\/h2>\n\n\n\n<p>El tratamiento del catarro en ni\u00f1os se enfoca en <strong>aliviar los s\u00edntomas <\/strong>y promover la <strong>recuperaci\u00f3n<\/strong>. Es importante tener en cuenta que los catarros son causados por virus, por lo que los antibi\u00f3ticos no son efectivos en su tratamiento, a menos que haya complicaciones y sean<strong> recetados por un pediatra<\/strong>.<\/p>\n\n\n\n<h3 class=\"wp-block-heading\" id=\"enfoque-sintomatico-para-aliviar-los-sintomas\">Enfoque sintom\u00e1tico para aliviar los s\u00edntomas<\/h3>\n\n\n\n<p>Para aliviar los s\u00edntomas del catarro en ni\u00f1os, se recomienda el uso de<strong> medidas sintom\u00e1ticas<\/strong>. Estas incluyen:<\/p>\n\n\n\n<ul class=\"wp-block-list\">\n<li><strong>Mantener al ni\u00f1o hidratado<\/strong> para ayudar a aflojar la mucosidad y aliviar la congesti\u00f3n nasal.<\/li>\n\n\n\n<li><strong>Fomentar el descanso<\/strong> adecuado para permitir que el cuerpo se recupere.<\/li>\n\n\n\n<li><strong>Utilizar un humidificador o vaporizado<\/strong>r en la habitaci\u00f3n del ni\u00f1o para aliviar la congesti\u00f3n y facilitar la respiraci\u00f3n.<\/li>\n\n\n\n<li><strong>Realizar lavados nasales<\/strong> con suero fisiol\u00f3gico para aliviar la congesti\u00f3n nasal.<\/li>\n\n\n\n<li><strong>Proporcionar alimentos y bebidas calientes, <\/strong>como caldo de pollo o t\u00e9 tibio, para aliviar la irritaci\u00f3n de la garganta.<\/li>\n<\/ul>\n\n\n\n<figure class=\"wp-block-image size-large\"><a href=\"https:\/\/clinicajaimeicatarroja.com\/blog\/wp-content\/uploads\/2023\/11\/hidratacion-1-1.jpg\"><img decoding=\"async\" width=\"1024\" height=\"683\" src=\"https:\/\/clinicajaimeicatarroja.com\/blog\/wp-content\/uploads\/2023\/11\/hidratacion-1-1-1024x683.jpg\" alt=\"catarro-en-ni\u00f1os, resfriado, gripe-ni\u00f1os\" class=\"wp-image-18710\" title=\"\" srcset=\"https:\/\/clinicajaimeicatarroja.com\/blog\/wp-content\/uploads\/2023\/11\/hidratacion-1-1-1024x683.jpg 1024w, https:\/\/clinicajaimeicatarroja.com\/blog\/wp-content\/uploads\/2023\/11\/hidratacion-1-1-300x200.jpg 300w, https:\/\/clinicajaimeicatarroja.com\/blog\/wp-content\/uploads\/2023\/11\/hidratacion-1-1-768x512.jpg 768w, https:\/\/clinicajaimeicatarroja.com\/blog\/wp-content\/uploads\/2023\/11\/hidratacion-1-1.jpg 1200w\" sizes=\"(max-width: 1024px) 100vw, 1024px\" \/><\/a><figcaption class=\"wp-element-caption\">hidratandose<\/figcaption><\/figure>\n\n\n\n<h3 class=\"wp-block-heading\" id=\"uso-de-medicamentos-adecuados-para-tratar-la-fiebre-y-la-tos\">Uso de medicamentos adecuados para tratar la fiebre y la tos<\/h3>\n\n\n\n<p>En caso de fiebre, se pueden utilizar <strong>antit\u00e9rmicos comunes<\/strong> como el paracetamol o el ibuprofeno, siempre siguiendo las indicaciones del pediatra y respetando las <strong>dosis adecuadas<\/strong> seg\u00fan la edad del ni\u00f1o. Estos medicamentos ayudar\u00e1n a reducir la temperatura corporal y aliviar el malestar.<\/p>\n\n\n\n<p>En cuanto a la<strong> tos<\/strong>, es importante tener en cuenta que la tos ayuda a eliminar las secreciones de las v\u00edas respiratorias, por lo que no se recomienda suprimirla por completo a menos que afecte el sue\u00f1o, dificulte la alimentaci\u00f3n o provoque v\u00f3mitos. En estos casos, se pueden utilizar <strong>antitus\u00edgenos<\/strong> bajo la supervisi\u00f3n de un pediatra.<\/p>\n\n\n\n<figure class=\"wp-block-image size-large\"><a href=\"https:\/\/clinicajaimeicatarroja.com\/blog\/wp-content\/uploads\/2023\/11\/enfermo-de-gripe-1.jpg\"><img decoding=\"async\" width=\"1024\" height=\"683\" src=\"https:\/\/clinicajaimeicatarroja.com\/blog\/wp-content\/uploads\/2023\/11\/enfermo-de-gripe-1-1024x683.jpg\" alt=\"catarro-en-ni\u00f1os, resfriado, gripe-ni\u00f1os\" class=\"wp-image-18717\" title=\"\" srcset=\"https:\/\/clinicajaimeicatarroja.com\/blog\/wp-content\/uploads\/2023\/11\/enfermo-de-gripe-1-1024x683.jpg 1024w, https:\/\/clinicajaimeicatarroja.com\/blog\/wp-content\/uploads\/2023\/11\/enfermo-de-gripe-1-300x200.jpg 300w, https:\/\/clinicajaimeicatarroja.com\/blog\/wp-content\/uploads\/2023\/11\/enfermo-de-gripe-1-768x512.jpg 768w, https:\/\/clinicajaimeicatarroja.com\/blog\/wp-content\/uploads\/2023\/11\/enfermo-de-gripe-1.jpg 1200w\" sizes=\"(max-width: 1024px) 100vw, 1024px\" \/><\/a><figcaption class=\"wp-element-caption\">enfermo-fiebre<\/figcaption><\/figure>\n\n\n\n<h3 class=\"wp-block-heading\" id=\"importancia-de-consultar-a-un-pediatra-antes-de-administrar-cualquier-medicacion\">Importancia de consultar a un pediatra antes de administrar cualquier medicaci\u00f3n<\/h3>\n\n\n\n<p>Es fundamental<strong> consultar a un pediatra <\/strong>antes de administrar cualquier medicaci\u00f3n a un ni\u00f1o con catarro. El pediatra podr\u00e1 evaluar los s\u00edntomas del ni\u00f1o y <strong>brindar recomendaciones personalizadas<\/strong> sobre el tratamiento m\u00e1s adecuado. Nunca se deben administrar medicamentos sin la debida autorizaci\u00f3n y orientaci\u00f3n m\u00e9dica.<\/p>\n\n\n\n<figure class=\"wp-block-image size-large\"><a href=\"https:\/\/clinicajaimeicatarroja.com\/blog\/wp-content\/uploads\/2023\/11\/medicacion-1-1.jpg\"><img decoding=\"async\" width=\"1024\" height=\"683\" src=\"https:\/\/clinicajaimeicatarroja.com\/blog\/wp-content\/uploads\/2023\/11\/medicacion-1-1-1024x683.jpg\" alt=\"catarro-en-ni\u00f1os, resfriado, gripe-ni\u00f1os\" class=\"wp-image-18711\" title=\"\" srcset=\"https:\/\/clinicajaimeicatarroja.com\/blog\/wp-content\/uploads\/2023\/11\/medicacion-1-1-1024x683.jpg 1024w, https:\/\/clinicajaimeicatarroja.com\/blog\/wp-content\/uploads\/2023\/11\/medicacion-1-1-300x200.jpg 300w, https:\/\/clinicajaimeicatarroja.com\/blog\/wp-content\/uploads\/2023\/11\/medicacion-1-1-768x512.jpg 768w, https:\/\/clinicajaimeicatarroja.com\/blog\/wp-content\/uploads\/2023\/11\/medicacion-1-1.jpg 1200w\" sizes=\"(max-width: 1024px) 100vw, 1024px\" \/><\/a><figcaption class=\"wp-element-caption\">medicacion-resfriado<\/figcaption><\/figure>\n\n\n\n<h2 class=\"wp-block-heading\" id=\"complicaciones-relacionadas-con-el-catarro-en-ninos\">Complicaciones relacionadas con el catarro en ni\u00f1os<\/h2>\n\n\n\n<p>El catarro en ni\u00f1os puede dar lugar a complicaciones, especialmente cuando se produce una <strong>sobreinfecci\u00f3n bacteriana<\/strong>. Es importante conocer estas posibles complicaciones para poder identificar los<strong> signos de alarma<\/strong> y acudir al pediatra en caso necesario.<\/p>\n\n\n\n<h3 class=\"wp-block-heading\" id=\"sobreinfeccion-bacteriana-y-posibles-complicaciones\">Sobreinfecci\u00f3n bacteriana y posibles complicaciones<\/h3>\n\n\n\n<p>En algunos casos, el catarro en ni\u00f1os puede llevar a una sobreinfecci\u00f3n bacteriana, lo que significa que las bacterias se aprovechan de la debilidad del sistema inmunitario y causan una <strong>infecci\u00f3n adicional<\/strong>. Las posibles complicaciones que pueden surgir como resultado incluyen:<\/p>\n\n\n\n<ul class=\"wp-block-list\">\n<li><strong>Otitis media-aguda<\/strong>: una infecci\u00f3n en el o\u00eddo medio que causa dolor de o\u00eddo y puede afectar la audici\u00f3n.<\/li>\n\n\n\n<li><strong>Conjuntivitis<\/strong>: una inflamaci\u00f3n de la conjuntiva que produce enrojecimiento y secreci\u00f3n en los ojos.<\/li>\n\n\n\n<li><strong>Sinusitis<\/strong>: una inflamaci\u00f3n de los senos paranasales que puede causar dolor de cabeza y presi\u00f3n facial.<\/li>\n\n\n\n<li><strong>Bronquitis<\/strong>: una inflamaci\u00f3n de los bronquios que puede provocar tos intensa y dificultad para respirar.<\/li>\n\n\n\n<li><strong>Neumon\u00eda<\/strong>: una infecci\u00f3n de los pulmones que puede causar fiebre alta, tos con flema y dificultad para respirar.<\/li>\n<\/ul>\n\n\n\n<figure class=\"wp-block-image size-large\"><a href=\"https:\/\/clinicajaimeicatarroja.com\/blog\/wp-content\/uploads\/2023\/11\/conjuntivitis-1.jpg\"><img decoding=\"async\" width=\"1024\" height=\"683\" src=\"https:\/\/clinicajaimeicatarroja.com\/blog\/wp-content\/uploads\/2023\/11\/conjuntivitis-1-1024x683.jpg\" alt=\"catarro-en-ni\u00f1os, resfriado, gripe-ni\u00f1os\" class=\"wp-image-18712\" title=\"\" srcset=\"https:\/\/clinicajaimeicatarroja.com\/blog\/wp-content\/uploads\/2023\/11\/conjuntivitis-1-1024x683.jpg 1024w, https:\/\/clinicajaimeicatarroja.com\/blog\/wp-content\/uploads\/2023\/11\/conjuntivitis-1-300x200.jpg 300w, https:\/\/clinicajaimeicatarroja.com\/blog\/wp-content\/uploads\/2023\/11\/conjuntivitis-1-768x512.jpg 768w, https:\/\/clinicajaimeicatarroja.com\/blog\/wp-content\/uploads\/2023\/11\/conjuntivitis-1.jpg 1200w\" sizes=\"(max-width: 1024px) 100vw, 1024px\" \/><\/a><figcaption class=\"wp-element-caption\">conjuntivitis<\/figcaption><\/figure>\n\n\n\n<h3 class=\"wp-block-heading\" id=\"signos-de-alarma-y-cuando-acudir-al-pediatra\">Signos de alarma y cu\u00e1ndo acudir al pediatra<\/h3>\n\n\n\n<p>Es importante estar atentos a los signos de alarma que podr\u00edan indicar que el catarro en un ni\u00f1o est\u00e1 <strong>empeorando <\/strong>o que se han desarrollado <strong>complicaciones<\/strong>. En estos casos, se debe acudir al pediatra de manera oportuna. Algunos signos de alarma a los que se debe prestar atenci\u00f3n incluyen:<\/p>\n\n\n\n<ul class=\"wp-block-list\">\n<li><strong>Fiebre alta <\/strong>que dura m\u00e1s de dos o tres d\u00edas.<\/li>\n\n\n\n<li>Dolor de <strong>o\u00eddos intenso<\/strong>.<\/li>\n\n\n\n<li><strong>Decaimiento<\/strong> o falta de energ\u00eda excesiva.<\/li>\n\n\n\n<li><strong>Irritabilidad <\/strong>o cambios en el comportamiento del ni\u00f1o.<\/li>\n\n\n\n<li>Dificultad para respirar o<strong> respiraci\u00f3n r\u00e1pida y superficial<\/strong>.<\/li>\n<\/ul>\n\n\n\n<p>Ante la presencia de alguno de estos s\u00edntomas, es recomendable buscar atenci\u00f3n m\u00e9dica para evaluar la situaci\u00f3n del ni\u00f1o y determinar si es necesario un tratamiento adicional o medidas espec\u00edficas para controlar las complicaciones.<\/p>\n\n\n\n<figure class=\"wp-block-image size-large\"><a href=\"https:\/\/clinicajaimeicatarroja.com\/blog\/wp-content\/uploads\/2023\/11\/pediatra-1-3.jpg\"><img decoding=\"async\" width=\"1024\" height=\"683\" src=\"https:\/\/clinicajaimeicatarroja.com\/blog\/wp-content\/uploads\/2023\/11\/pediatra-1-3-1024x683.jpg\" alt=\"catarro-en-ni\u00f1os, resfriado, gripe-ni\u00f1os\" class=\"wp-image-18713\" title=\"\" srcset=\"https:\/\/clinicajaimeicatarroja.com\/blog\/wp-content\/uploads\/2023\/11\/pediatra-1-3-1024x683.jpg 1024w, https:\/\/clinicajaimeicatarroja.com\/blog\/wp-content\/uploads\/2023\/11\/pediatra-1-3-300x200.jpg 300w, https:\/\/clinicajaimeicatarroja.com\/blog\/wp-content\/uploads\/2023\/11\/pediatra-1-3-768x512.jpg 768w, https:\/\/clinicajaimeicatarroja.com\/blog\/wp-content\/uploads\/2023\/11\/pediatra-1-3.jpg 1200w\" sizes=\"(max-width: 1024px) 100vw, 1024px\" \/><\/a><figcaption class=\"wp-element-caption\">pediatra<\/figcaption><\/figure>\n\n\n\n<h2 class=\"wp-block-heading\" id=\"medidas-de-apoyo-durante-el-catarro-en-ninos\">Medidas de apoyo durante el catarro en ni\u00f1os<\/h2>\n\n\n\n<p>El catarro en ni\u00f1os puede ser inc\u00f3modo y afectar su <strong>bienestar general<\/strong>. Durante este periodo, es importante tomar medidas de apoyo que ayuden a aliviar los s\u00edntomas y promuevan una recuperaci\u00f3n m\u00e1s r\u00e1pida.<\/p>\n\n\n\n<h3 class=\"wp-block-heading\" id=\"importancia-del-descanso-y-la-hidratacion-adecuada\">Importancia del descanso y la hidrataci\u00f3n adecuada<\/h3>\n\n\n\n<p>El <strong>descanso adecuado<\/strong> es fundamental para que el cuerpo del ni\u00f1o pueda recuperarse y combatir la infecci\u00f3n. Aseg\u00farate de que duerma lo suficiente y, si es necesario, permite que tome<strong> siestas <\/strong>adicionales durante el d\u00eda.<\/p>\n\n\n\n<p>Adem\u00e1s, una<strong> hidrataci\u00f3n adecuada<\/strong> es esencial para mantener la mucosa nasal y la garganta hidratadas, lo que ayuda a aliviar la congesti\u00f3n y la irritaci\u00f3n. Fomenta que el ni\u00f1o beba abundante l\u00edquido, como agua, caldos o infusiones suaves sin cafe\u00edna. <strong>Evita<\/strong> las<strong> bebidas azucaradas o carbonatadas<\/strong>, ya que pueden empeorar la inflamaci\u00f3n.<\/p>\n\n\n\n<figure class=\"wp-block-image size-large\"><a href=\"https:\/\/clinicajaimeicatarroja.com\/blog\/wp-content\/uploads\/2023\/11\/vitaminac-1.jpg\"><img decoding=\"async\" width=\"1024\" height=\"683\" src=\"https:\/\/clinicajaimeicatarroja.com\/blog\/wp-content\/uploads\/2023\/11\/vitaminac-1-1024x683.jpg\" alt=\"catarro-en-ni\u00f1os, resfriado, gripe-ni\u00f1os\" class=\"wp-image-18714\" title=\"\" srcset=\"https:\/\/clinicajaimeicatarroja.com\/blog\/wp-content\/uploads\/2023\/11\/vitaminac-1-1024x683.jpg 1024w, https:\/\/clinicajaimeicatarroja.com\/blog\/wp-content\/uploads\/2023\/11\/vitaminac-1-300x200.jpg 300w, https:\/\/clinicajaimeicatarroja.com\/blog\/wp-content\/uploads\/2023\/11\/vitaminac-1-768x512.jpg 768w, https:\/\/clinicajaimeicatarroja.com\/blog\/wp-content\/uploads\/2023\/11\/vitaminac-1.jpg 1200w\" sizes=\"(max-width: 1024px) 100vw, 1024px\" \/><\/a><figcaption class=\"wp-element-caption\">tomar-vitamina-c<\/figcaption><\/figure>\n\n\n\n<h3 class=\"wp-block-heading\" id=\"alimentacion-balanceada-y-alivio-a-traves-de-bebidas-calientes-y-vapor\">Alimentaci\u00f3n balanceada y alivio a trav\u00e9s de bebidas calientes y vapor<\/h3>\n\n\n\n<p>Una <strong>alimentaci\u00f3n equilibrada <\/strong>contribuye a fortalecer el<strong> sistema<\/strong> <strong>inmunol\u00f3gico <\/strong>del ni\u00f1o. Aseg\u00farate de que consuma alimentos ricos en<strong> nutrientes<\/strong>, como frutas, verduras, prote\u00ednas magras y granos enteros. <strong>Evita<\/strong> los alimentos procesados y ricos en <strong>grasas saturadas<\/strong>, ya que pueden afectar negativamente la respuesta del sistema inmunol\u00f3gico.<\/p>\n\n\n\n<p>Adem\u00e1s, las <strong>bebidas calientes<\/strong> como infusiones de hierbas naturales o leche tibia con miel pueden proporcionar alivio para la garganta irritada y la congesti\u00f3n nasal. Tambi\u00e9n se puede <strong>beneficiar del vapor<\/strong>, ya sea tomando una ducha caliente o respirando el vapor de un recipiente con agua caliente. Esto ayuda a disolver las secreciones y a aliviar la congesti\u00f3n nasal.<\/p>\n\n\n\n<p>Recuerda que estas medidas de apoyo son <strong>complementarias al tratamiento sintom\u00e1tico<\/strong> y no reemplazan la consulta con un pediatra. Si el ni\u00f1o presenta s\u00edntomas graves o empeoramiento, es importante buscar atenci\u00f3n m\u00e9dica de inmediato.<\/p>\n","protected":false},"excerpt":{"rendered":"<p>El catarro en ni\u00f1os es una infecci\u00f3n com\u00fan de las v\u00edas respiratorias altas. Provoca s\u00edntomas como secreci\u00f3n nasal, estornudos, tos y dolor de garganta. Afecta principalmente a ni\u00f1os en edad escolar y puede ocurrir varias veces al a\u00f1o. Los rinovirus son los principales causantes de esta enfermedad. No existe una vacuna para prevenirlo, por lo [&hellip;]<\/p>\n","protected":false},"author":1,"featured_media":18703,"comment_status":"open","ping_status":"open","sticky":false,"template":"","format":"standard","meta":{"footnotes":""},"categories":[170],"tags":[],"class_list":["post-18650","post","type-post","status-publish","format-standard","has-post-thumbnail","hentry","category-pediatria"],"_links":{"self":[{"href":"https:\/\/clinicajaimeicatarroja.com\/blog\/wp-json\/wp\/v2\/posts\/18650","targetHints":{"allow":["GET"]}}],"collection":[{"href":"https:\/\/clinicajaimeicatarroja.com\/blog\/wp-json\/wp\/v2\/posts"}],"about":[{"href":"https:\/\/clinicajaimeicatarroja.com\/blog\/wp-json\/wp\/v2\/types\/post"}],"author":[{"embeddable":true,"href":"https:\/\/clinicajaimeicatarroja.com\/blog\/wp-json\/wp\/v2\/users\/1"}],"replies":[{"embeddable":true,"href":"https:\/\/clinicajaimeicatarroja.com\/blog\/wp-json\/wp\/v2\/comments?post=18650"}],"version-history":[{"count":7,"href":"https:\/\/clinicajaimeicatarroja.com\/blog\/wp-json\/wp\/v2\/posts\/18650\/revisions"}],"predecessor-version":[{"id":18718,"href":"https:\/\/clinicajaimeicatarroja.com\/blog\/wp-json\/wp\/v2\/posts\/18650\/revisions\/18718"}],"wp:featuredmedia":[{"embeddable":true,"href":"https:\/\/clinicajaimeicatarroja.com\/blog\/wp-json\/wp\/v2\/media\/18703"}],"wp:attachment":[{"href":"https:\/\/clinicajaimeicatarroja.com\/blog\/wp-json\/wp\/v2\/media?parent=18650"}],"wp:term":[{"taxonomy":"category","embeddable":true,"href":"https:\/\/clinicajaimeicatarroja.com\/blog\/wp-json\/wp\/v2\/categories?post=18650"},{"taxonomy":"post_tag","embeddable":true,"href":"https:\/\/clinicajaimeicatarroja.com\/blog\/wp-json\/wp\/v2\/tags?post=18650"}],"curies":[{"name":"wp","href":"https:\/\/api.w.org\/{rel}","templated":true}]}}