{"id":18573,"date":"2023-10-28T11:06:00","date_gmt":"2023-10-28T09:06:00","guid":{"rendered":"https:\/\/clinicajaimeicatarroja.com\/blog\/?p=18573"},"modified":"2023-11-01T11:34:59","modified_gmt":"2023-11-01T10:34:59","slug":"colicos-en-bebes","status":"publish","type":"post","link":"https:\/\/clinicajaimeicatarroja.com\/blog\/colicos-en-bebes","title":{"rendered":"C\u00f3licos en beb\u00e9s: causas, s\u00edntomas y consejos para aliviarlos"},"content":{"rendered":"\n<p>Los <strong>c\u00f3licos en beb\u00e9s<\/strong> son comunes y afectan a aproximadamente un 40% de los beb\u00e9s. Los s\u00edntomas incluyen <strong>llanto intenso, dificultad para calmarse, problemas de alimentaci\u00f3n y, en algunos casos, diarrea o sangre en las heces<\/strong>. Aunque <strong>la causa exacta se desconoce, se sugiere que la intolerancia a la leche de vaca puede ser un factor<\/strong>. <strong>Para aliviar los c\u00f3licos,<\/strong> se recomienda utilizar <strong>t\u00e9cnicas de calma y confort y hacer cambios en la dieta materna<\/strong>. Es importante <strong>buscar atenci\u00f3n m\u00e9dic<\/strong>a si hay signos de alarma o si el beb\u00e9 no se alimenta adecuadamente. Tambi\u00e9n se destaca la importancia de cuidar tanto al beb\u00e9 como a los padres durante esta etapa.<\/p>\n\n\n\n<figure class=\"wp-block-image size-large\"><a href=\"https:\/\/clinicajaimeicatarroja.com\/blog\/wp-content\/uploads\/2023\/11\/biberon-1.jpg\"><img decoding=\"async\" width=\"1024\" height=\"683\" src=\"https:\/\/clinicajaimeicatarroja.com\/blog\/wp-content\/uploads\/2023\/11\/biberon-1-1024x683.jpg\" alt=\"c\u00f3licos-en-beb\u00e9s\" class=\"wp-image-18579\" title=\"\" srcset=\"https:\/\/clinicajaimeicatarroja.com\/blog\/wp-content\/uploads\/2023\/11\/biberon-1-1024x683.jpg 1024w, https:\/\/clinicajaimeicatarroja.com\/blog\/wp-content\/uploads\/2023\/11\/biberon-1-300x200.jpg 300w, https:\/\/clinicajaimeicatarroja.com\/blog\/wp-content\/uploads\/2023\/11\/biberon-1-768x512.jpg 768w, https:\/\/clinicajaimeicatarroja.com\/blog\/wp-content\/uploads\/2023\/11\/biberon-1.jpg 1200w\" sizes=\"(max-width: 1024px) 100vw, 1024px\" \/><\/a><figcaption class=\"wp-element-caption\">biber\u00f3n<\/figcaption><\/figure>\n\n\n\n<div class=\"wp-block-rank-math-toc-block\" id=\"rank-math-toc\"><h2>Tabla de Contenidos<\/h2><nav><ul><li class=\"\"><a href=\"#sintomas-de-los-colicos-en-bebes\">S\u00edntomas de los c\u00f3licos en beb\u00e9s<\/a><ul><li class=\"\"><a href=\"#llanto-intenso-y-prolongado\">Llanto intenso y prolongado<\/a><\/li><li class=\"\"><a href=\"#dificultad-para-calmarse\">Dificultad para calmarse<\/a><\/li><li class=\"\"><a href=\"#reflejo-de-succion-normal\">Reflejo de succi\u00f3n normal<\/a><\/li><li class=\"\"><a href=\"#problemas-de-alimentacion\">Problemas de alimentaci\u00f3n<\/a><\/li><li class=\"\"><a href=\"#diarrea-y-sangre-en-las-heces\">Diarrea y sangre en las heces<\/a><\/li><\/ul><\/li><li class=\"\"><a href=\"#causas-de-los-colicos-en-bebes\">Causas de los c\u00f3licos en beb\u00e9s<\/a><ul><li class=\"\"><a href=\"#intolerancia-a-la-leche-de-vaca\">Intolerancia a la leche de vaca<\/a><\/li><li class=\"\"><a href=\"#otros-posibles-factores-desencadenantes\">Otros posibles factores desencadenantes<\/a><\/li><\/ul><\/li><li class=\"\"><a href=\"#tratamiento-y-consejos-para-aliviar-los-colicos\">Tratamiento y consejos para aliviar los c\u00f3licos<\/a><ul><li class=\"\"><a href=\"#tecnicas-de-calma-y-confort\">T\u00e9cnicas de calma y confort<\/a><\/li><li class=\"\"><a href=\"#cambios-en-la-dieta-materna\">Cambios en la dieta materna<\/a><\/li><li class=\"\"><a href=\"#cuidados-complementarios-durante-las-crisis-de-colicos\">Cuidados complementarios durante las crisis de c\u00f3licos<\/a><\/li><\/ul><\/li><li class=\"\"><a href=\"#cuando-buscar-atencion-medica\">Cu\u00e1ndo buscar atenci\u00f3n m\u00e9dica<\/a><ul><li class=\"\"><a href=\"#signos-de-alarma\">Signos de alarma<\/a><\/li><li class=\"\"><a href=\"#importancia-de-consultar-al-medico\">Importancia de consultar al m\u00e9dico<\/a><\/li><\/ul><\/li><li class=\"\"><a href=\"#cuidados-y-bienestar-para-padres-y-bebes\">Cuidados y bienestar para padres y beb\u00e9s<\/a><ul><li class=\"\"><a href=\"#manejo-emocional-y-apoyo-psicologico\">Manejo emocional y apoyo psicol\u00f3gico<\/a><\/li><li class=\"\"><a href=\"#seguridad-y-prevencion-de-enfermedades\">Seguridad y prevenci\u00f3n de enfermedades<\/a><\/li><li class=\"\"><a href=\"#promocion-de-habitos-saludables-desde-el-inicio\">Promoci\u00f3n de h\u00e1bitos saludables desde el inicio<\/a><\/li><\/ul><\/li><\/ul><\/nav><\/div>\n\n\n\n<figure class=\"wp-block-image size-large\"><a href=\"https:\/\/clinicajaimeicatarroja.com\/blog\/wp-content\/uploads\/2023\/11\/bebe-mestizo-1.jpg\"><img decoding=\"async\" width=\"1024\" height=\"683\" src=\"https:\/\/clinicajaimeicatarroja.com\/blog\/wp-content\/uploads\/2023\/11\/bebe-mestizo-1-1024x683.jpg\" alt=\"c\u00f3licos-en-beb\u00e9s\" class=\"wp-image-18580\" title=\"\" srcset=\"https:\/\/clinicajaimeicatarroja.com\/blog\/wp-content\/uploads\/2023\/11\/bebe-mestizo-1-1024x683.jpg 1024w, https:\/\/clinicajaimeicatarroja.com\/blog\/wp-content\/uploads\/2023\/11\/bebe-mestizo-1-300x200.jpg 300w, https:\/\/clinicajaimeicatarroja.com\/blog\/wp-content\/uploads\/2023\/11\/bebe-mestizo-1-768x512.jpg 768w, https:\/\/clinicajaimeicatarroja.com\/blog\/wp-content\/uploads\/2023\/11\/bebe-mestizo-1.jpg 1200w\" sizes=\"(max-width: 1024px) 100vw, 1024px\" \/><\/a><figcaption class=\"wp-element-caption\">beb\u00e9-llanto<\/figcaption><\/figure>\n\n\n\n<h2 class=\"wp-block-heading\" id=\"sintomas-de-los-colicos-en-bebes\">S\u00edntomas de los c\u00f3licos en beb\u00e9s<\/h2>\n\n\n\n<p>Los<strong> c\u00f3licos en beb\u00e9s<\/strong> se manifiestan a trav\u00e9s de diversos s\u00edntomas que pueden causar preocupaci\u00f3n en los padres. A continuaci\u00f3n, se describen los principales signos a tener en cuenta:<\/p>\n\n\n\n<h3 class=\"wp-block-heading\" id=\"llanto-intenso-y-prolongado\">Llanto intenso y prolongado<\/h3>\n\n\n\n<p>Uno de los s\u00edntomas m\u00e1s caracter\u00edsticos de los c\u00f3licos en beb\u00e9s es el <strong>llanto intenso y prolongado,<\/strong> sin una aparente raz\u00f3n. El beb\u00e9 puede mostrar signos de malestar y angustia, y es dif\u00edcil consolarlo. Este llanto se repite de forma recurrente, generalmente al final de la tarde o durante la noche.<\/p>\n\n\n\n<figure class=\"wp-block-image size-large\"><a href=\"https:\/\/clinicajaimeicatarroja.com\/blog\/wp-content\/uploads\/2023\/11\/llorando-1.jpg\"><img decoding=\"async\" width=\"1024\" height=\"683\" src=\"https:\/\/clinicajaimeicatarroja.com\/blog\/wp-content\/uploads\/2023\/11\/llorando-1-1024x683.jpg\" alt=\"c\u00f3licos-en-beb\u00e9s\" class=\"wp-image-18593\" title=\"\" srcset=\"https:\/\/clinicajaimeicatarroja.com\/blog\/wp-content\/uploads\/2023\/11\/llorando-1-1024x683.jpg 1024w, https:\/\/clinicajaimeicatarroja.com\/blog\/wp-content\/uploads\/2023\/11\/llorando-1-300x200.jpg 300w, https:\/\/clinicajaimeicatarroja.com\/blog\/wp-content\/uploads\/2023\/11\/llorando-1-768x512.jpg 768w, https:\/\/clinicajaimeicatarroja.com\/blog\/wp-content\/uploads\/2023\/11\/llorando-1.jpg 1200w\" sizes=\"(max-width: 1024px) 100vw, 1024px\" \/><\/a><figcaption class=\"wp-element-caption\">c\u00f3licos-en-beb\u00e9s<\/figcaption><\/figure>\n\n\n\n<h3 class=\"wp-block-heading\" id=\"dificultad-para-calmarse\">Dificultad para calmarse<\/h3>\n\n\n\n<p>Los beb\u00e9s con c\u00f3licos tienen <strong>dificultad para calmarse<\/strong> incluso cuando se les brinda atenci\u00f3n y cuidado. A pesar de los esfuerzos por parte de los padres, el beb\u00e9 sigue llorando y muestra resistencia a las t\u00e9cnicas habituales de tranquilizaci\u00f3n, como el balanceo o la succi\u00f3n. Esta dificultad para encontrar consuelo puede generar ansiedad tanto en el beb\u00e9 como en los padres.<\/p>\n\n\n\n<figure class=\"wp-block-image size-large\"><a href=\"https:\/\/clinicajaimeicatarroja.com\/blog\/wp-content\/uploads\/2023\/11\/trabajando-con-bebe-1.jpg\"><img decoding=\"async\" width=\"1024\" height=\"683\" src=\"https:\/\/clinicajaimeicatarroja.com\/blog\/wp-content\/uploads\/2023\/11\/trabajando-con-bebe-1-1024x683.jpg\" alt=\"c\u00f3licos-en-beb\u00e9s\" class=\"wp-image-18581\" title=\"\" srcset=\"https:\/\/clinicajaimeicatarroja.com\/blog\/wp-content\/uploads\/2023\/11\/trabajando-con-bebe-1-1024x683.jpg 1024w, https:\/\/clinicajaimeicatarroja.com\/blog\/wp-content\/uploads\/2023\/11\/trabajando-con-bebe-1-300x200.jpg 300w, https:\/\/clinicajaimeicatarroja.com\/blog\/wp-content\/uploads\/2023\/11\/trabajando-con-bebe-1-768x512.jpg 768w, https:\/\/clinicajaimeicatarroja.com\/blog\/wp-content\/uploads\/2023\/11\/trabajando-con-bebe-1.jpg 1200w\" sizes=\"(max-width: 1024px) 100vw, 1024px\" \/><\/a><figcaption class=\"wp-element-caption\">beb\u00e9-llorando<\/figcaption><\/figure>\n\n\n\n<h3 class=\"wp-block-heading\" id=\"reflejo-de-succion-normal\">Reflejo de succi\u00f3n normal<\/h3>\n\n\n\n<p>A pesar de los c\u00f3licos, los beb\u00e9s suelen <strong>mantener un reflejo de succi\u00f3n normal y presentar buen apetito<\/strong>. Sin embargo, es importante prestar atenci\u00f3n si el beb\u00e9 no se alimenta correctamente, no gana peso adecuadamente o presenta dificultades con la succi\u00f3n, ya que estos pueden ser signos de alg\u00fan otro problema subyacente.<\/p>\n\n\n\n<h3 class=\"wp-block-heading\" id=\"problemas-de-alimentacion\">Problemas de alimentaci\u00f3n<\/h3>\n\n\n\n<p><strong>Algunos beb\u00e9s con c\u00f3licos <\/strong>pueden experimentar dificultades durante la alimentaci\u00f3n, como <strong>rechazo del pecho o del biber\u00f3n, interrupci\u00f3n de las tomas <\/strong>o succi\u00f3n ineficiente. Estos problemas de alimentaci\u00f3n pueden resultar estresantes tanto para el beb\u00e9 como para los padres, y es importante buscar ayuda m\u00e9dica si persisten.<\/p>\n\n\n\n<figure class=\"wp-block-image size-large\"><a href=\"https:\/\/clinicajaimeicatarroja.com\/blog\/wp-content\/uploads\/2023\/11\/bebe-alegre-1.jpg\"><img decoding=\"async\" width=\"1024\" height=\"683\" src=\"https:\/\/clinicajaimeicatarroja.com\/blog\/wp-content\/uploads\/2023\/11\/bebe-alegre-1-1024x683.jpg\" alt=\"c\u00f3licos-en-beb\u00e9s\" class=\"wp-image-18582\" title=\"\" srcset=\"https:\/\/clinicajaimeicatarroja.com\/blog\/wp-content\/uploads\/2023\/11\/bebe-alegre-1-1024x683.jpg 1024w, https:\/\/clinicajaimeicatarroja.com\/blog\/wp-content\/uploads\/2023\/11\/bebe-alegre-1-300x200.jpg 300w, https:\/\/clinicajaimeicatarroja.com\/blog\/wp-content\/uploads\/2023\/11\/bebe-alegre-1-768x512.jpg 768w, https:\/\/clinicajaimeicatarroja.com\/blog\/wp-content\/uploads\/2023\/11\/bebe-alegre-1.jpg 1200w\" sizes=\"(max-width: 1024px) 100vw, 1024px\" \/><\/a><figcaption class=\"wp-element-caption\">alimentando-beb\u00e9<\/figcaption><\/figure>\n\n\n\n<h3 class=\"wp-block-heading\" id=\"diarrea-y-sangre-en-las-heces\">Diarrea y sangre en las heces<\/h3>\n\n\n\n<p>Si bien no es com\u00fan, en algunos casos los beb\u00e9s con c\u00f3licos pueden presentar <strong>diarrea o sangre en las heces<\/strong>. Estos son signos de alarma que requieren atenci\u00f3n m\u00e9dica inmediata. Es importante comunicarse con el m\u00e9dico si se observa alg\u00fan cambio inusual en las deposiciones del beb\u00e9.<\/p>\n\n\n\n<h2 class=\"wp-block-heading\" id=\"causas-de-los-colicos-en-bebes\">Causas de los c\u00f3licos en beb\u00e9s<\/h2>\n\n\n\n<p>Los c\u00f3licos en beb\u00e9s <strong>pueden tener varias causas<\/strong>, algunas de las cuales se discuten a continuaci\u00f3n. Es importante tener en cuenta que la causa exacta de los c\u00f3licos del lactante a\u00fan no se conoce con certeza.<\/p>\n\n\n\n<figure class=\"wp-block-image size-large\"><a href=\"https:\/\/clinicajaimeicatarroja.com\/blog\/wp-content\/uploads\/2023\/11\/pediatra-1.jpg\"><img decoding=\"async\" width=\"1024\" height=\"683\" src=\"https:\/\/clinicajaimeicatarroja.com\/blog\/wp-content\/uploads\/2023\/11\/pediatra-1-1024x683.jpg\" alt=\"c\u00f3licos-en-beb\u00e9s\" class=\"wp-image-18583\" title=\"\" srcset=\"https:\/\/clinicajaimeicatarroja.com\/blog\/wp-content\/uploads\/2023\/11\/pediatra-1-1024x683.jpg 1024w, https:\/\/clinicajaimeicatarroja.com\/blog\/wp-content\/uploads\/2023\/11\/pediatra-1-300x200.jpg 300w, https:\/\/clinicajaimeicatarroja.com\/blog\/wp-content\/uploads\/2023\/11\/pediatra-1-768x512.jpg 768w, https:\/\/clinicajaimeicatarroja.com\/blog\/wp-content\/uploads\/2023\/11\/pediatra-1.jpg 1200w\" sizes=\"(max-width: 1024px) 100vw, 1024px\" \/><\/a><figcaption class=\"wp-element-caption\">pediatra<\/figcaption><\/figure>\n\n\n\n<h3 class=\"wp-block-heading\" id=\"intolerancia-a-la-leche-de-vaca\">Intolerancia a la leche de vaca<\/h3>\n\n\n\n<p>Una de las posibles causas de los c\u00f3licos en beb\u00e9s es <strong>la intolerancia a la prote\u00edna de la leche de vaca. <\/strong>Algunos beb\u00e9s pueden tener dificultades para digerir esta prote\u00edna, lo que puede causar malestar y c\u00f3licos. Si la madre est\u00e1 amamantando, es posible que los s\u00edntomas mejoren al eliminar los productos l\u00e1cteos de su dieta. En caso de que el beb\u00e9 est\u00e9 siendo alimentado con f\u00f3rmula, es posible que sea necesario cambiar a una f\u00f3rmula hipoalerg\u00e9nica bajo la supervisi\u00f3n de un m\u00e9dico.<\/p>\n\n\n\n<figure class=\"wp-block-image size-large\"><a href=\"https:\/\/clinicajaimeicatarroja.com\/blog\/wp-content\/uploads\/2023\/11\/madre-1.jpg\"><img decoding=\"async\" width=\"1024\" height=\"683\" src=\"https:\/\/clinicajaimeicatarroja.com\/blog\/wp-content\/uploads\/2023\/11\/madre-1-1024x683.jpg\" alt=\"c\u00f3licos-en-beb\u00e9s\" class=\"wp-image-18595\" title=\"\" srcset=\"https:\/\/clinicajaimeicatarroja.com\/blog\/wp-content\/uploads\/2023\/11\/madre-1-1024x683.jpg 1024w, https:\/\/clinicajaimeicatarroja.com\/blog\/wp-content\/uploads\/2023\/11\/madre-1-300x200.jpg 300w, https:\/\/clinicajaimeicatarroja.com\/blog\/wp-content\/uploads\/2023\/11\/madre-1-768x512.jpg 768w, https:\/\/clinicajaimeicatarroja.com\/blog\/wp-content\/uploads\/2023\/11\/madre-1.jpg 1200w\" sizes=\"(max-width: 1024px) 100vw, 1024px\" \/><\/a><figcaption class=\"wp-element-caption\">madre<\/figcaption><\/figure>\n\n\n\n<h3 class=\"wp-block-heading\" id=\"otros-posibles-factores-desencadenantes\">Otros posibles factores desencadenantes<\/h3>\n\n\n\n<p>Adem\u00e1s de la intolerancia a la leche de vaca, existen <strong>otros factores<\/strong> que podr\u00edan desencadenar los c\u00f3licos en beb\u00e9s. Estos factores pueden incluir:<\/p>\n\n\n\n<ul class=\"wp-block-list\">\n<li>Problemas en el sistema digestivo: Algunos beb\u00e9s pueden tener inmadurez en su sistema digestivo, lo que puede provocar una digesti\u00f3n m\u00e1s lenta y provocar c\u00f3licos.<\/li>\n\n\n\n<li>Sensibilidad a ciertos alimentos: Algunos beb\u00e9s pueden ser sensibles a ciertos alimentos que consumen la madre (si est\u00e1 amamantando) o que se encuentran en la f\u00f3rmula. Estos alimentos pueden incluir alimentos picantes, c\u00edtricos, chocolate, cafe\u00edna o alimentos con alto contenido de gas.<\/li>\n\n\n\n<li>Problemas en la microbiota intestinal: Algunos estudios sugieren que desequilibrios en la microbiota intestinal podr\u00edan estar relacionados con los c\u00f3licos en beb\u00e9s. Se cree que la presencia de ciertas bacterias en el intestino podr\u00eda estar asociada con los s\u00edntomas de los c\u00f3licos.<\/li>\n<\/ul>\n\n\n\n<p>Es importante recordar que cada beb\u00e9 es \u00fanico y puede reaccionar de manera diferente a estos factores desencadenantes. Por lo tanto, es <strong>fundamental <a href=\"https:\/\/clinicajaimeicatarroja.com\/especialidades\/pediatria\">consultar a un m\u00e9dico<\/a> para establecer un diagn\u00f3stico preciso y determinar la mejor forma de manejar los c\u00f3licos <\/strong>en cada caso.<\/p>\n\n\n\n<figure class=\"wp-block-image size-large\"><a href=\"https:\/\/clinicajaimeicatarroja.com\/blog\/wp-content\/uploads\/2023\/11\/pediatria-1.jpg\"><img decoding=\"async\" width=\"1024\" height=\"683\" src=\"https:\/\/clinicajaimeicatarroja.com\/blog\/wp-content\/uploads\/2023\/11\/pediatria-1-1024x683.jpg\" alt=\"c\u00f3licos-en-beb\u00e9s\" class=\"wp-image-18584\" title=\"\" srcset=\"https:\/\/clinicajaimeicatarroja.com\/blog\/wp-content\/uploads\/2023\/11\/pediatria-1-1024x683.jpg 1024w, https:\/\/clinicajaimeicatarroja.com\/blog\/wp-content\/uploads\/2023\/11\/pediatria-1-300x200.jpg 300w, https:\/\/clinicajaimeicatarroja.com\/blog\/wp-content\/uploads\/2023\/11\/pediatria-1-768x512.jpg 768w, https:\/\/clinicajaimeicatarroja.com\/blog\/wp-content\/uploads\/2023\/11\/pediatria-1.jpg 1200w\" sizes=\"(max-width: 1024px) 100vw, 1024px\" \/><\/a><figcaption class=\"wp-element-caption\">seevicio-pediatr\u00eda-valencia<\/figcaption><\/figure>\n\n\n\n<h2 class=\"wp-block-heading\" id=\"tratamiento-y-consejos-para-aliviar-los-colicos\">Tratamiento y consejos para aliviar los c\u00f3licos<\/h2>\n\n\n\n<p>El c\u00f3lico en beb\u00e9s puede ser una experiencia agotadora tanto para los padres como para el peque\u00f1o. Aunque no existe una cura definitiva, existen diferentes t\u00e9cnicas y consejos que pueden ayudar a aliviar los s\u00edntomas y ofrecer confort al beb\u00e9 durante los episodios de c\u00f3licos.<\/p>\n\n\n\n<h3 class=\"wp-block-heading\" id=\"tecnicas-de-calma-y-confort\">T\u00e9cnicas de calma y confort<\/h3>\n\n\n\n<p>Existen diversas t\u00e9cnicas que pueden resultar efectivas para <strong><a href=\"https:\/\/enfamilia.aeped.es\/edades-etapas\/colicos-lactante\" target=\"_blank\" rel=\"noopener\">tranquilizar al beb\u00e9<\/a><\/strong> durante un episodio de c\u00f3licos:<\/p>\n\n\n\n<ul class=\"wp-block-list\">\n<li>Mece al beb\u00e9 suavemente en una mecedora o en tus brazos. El movimiento r\u00edtmico puede ayudar a calmarlo.<\/li>\n\n\n\n<li>Prueba diferentes posturas para encontrar la m\u00e1s c\u00f3moda para el beb\u00e9. Algunas posiciones como llevarlo en posici\u00f3n vertical o acunar suavemente sus piernas contra el abdomen pueden aliviar el malestar.<\/li>\n\n\n\n<li>Coloca al beb\u00e9 boca abajo en tu regazo y frota suavemente su espalda. Este masaje suave puede ayudar a aliviar los gases y la incomodidad abdominal.<\/li>\n\n\n\n<li>Si dispones de un columpio o una sillita con vibrador, puedes probar a poner al beb\u00e9 en ellos. El movimiento suave puede ser reconfortante y ayudar a calmarlo.<\/li>\n\n\n\n<li>Ofrece un chupete al beb\u00e9 para que succione, ya que esto puede tener un efecto calmante.<\/li>\n<\/ul>\n\n\n\n<figure class=\"wp-block-image size-large\"><a href=\"https:\/\/clinicajaimeicatarroja.com\/blog\/wp-content\/uploads\/2023\/11\/tranquilizar-1.jpg\"><img decoding=\"async\" width=\"1024\" height=\"683\" src=\"https:\/\/clinicajaimeicatarroja.com\/blog\/wp-content\/uploads\/2023\/11\/tranquilizar-1-1024x683.jpg\" alt=\"c\u00f3licos-en-beb\u00e9s\" class=\"wp-image-18585\" title=\"\" srcset=\"https:\/\/clinicajaimeicatarroja.com\/blog\/wp-content\/uploads\/2023\/11\/tranquilizar-1-1024x683.jpg 1024w, https:\/\/clinicajaimeicatarroja.com\/blog\/wp-content\/uploads\/2023\/11\/tranquilizar-1-300x200.jpg 300w, https:\/\/clinicajaimeicatarroja.com\/blog\/wp-content\/uploads\/2023\/11\/tranquilizar-1-768x512.jpg 768w, https:\/\/clinicajaimeicatarroja.com\/blog\/wp-content\/uploads\/2023\/11\/tranquilizar-1.jpg 1200w\" sizes=\"(max-width: 1024px) 100vw, 1024px\" \/><\/a><figcaption class=\"wp-element-caption\">calmando-bebe<\/figcaption><\/figure>\n\n\n\n<h3 class=\"wp-block-heading\" id=\"cambios-en-la-dieta-materna\">Cambios en la dieta materna<\/h3>\n\n\n\n<p>Si est\u00e1s amamantando, algunos <strong>cambios en tu dieta<\/strong> pueden ayudar a aliviar los c\u00f3licos en el beb\u00e9:<\/p>\n\n\n\n<ul class=\"wp-block-list\">\n<li>Elimina ciertos alimentos que podr\u00edan causar molestias al beb\u00e9, como la cafe\u00edna, los l\u00e1cteos, la soja, los huevos o los productos que contienen trigo. Prueba a eliminarlos de forma gradual y observa si hay mejor\u00eda en los s\u00edntomas.<\/li>\n\n\n\n<li>Mant\u00e9n una alimentaci\u00f3n equilibrada y saludable para asegurar una buena nutrici\u00f3n tanto para ti como para tu beb\u00e9.<\/li>\n<\/ul>\n\n\n\n<figure class=\"wp-block-image size-large\"><a href=\"https:\/\/clinicajaimeicatarroja.com\/blog\/wp-content\/uploads\/2023\/11\/padre-con-bebe-1.jpg\"><img decoding=\"async\" width=\"1024\" height=\"683\" src=\"https:\/\/clinicajaimeicatarroja.com\/blog\/wp-content\/uploads\/2023\/11\/padre-con-bebe-1-1024x683.jpg\" alt=\"c\u00f3licos-en-beb\u00e9s\" class=\"wp-image-18586\" title=\"\" srcset=\"https:\/\/clinicajaimeicatarroja.com\/blog\/wp-content\/uploads\/2023\/11\/padre-con-bebe-1-1024x683.jpg 1024w, https:\/\/clinicajaimeicatarroja.com\/blog\/wp-content\/uploads\/2023\/11\/padre-con-bebe-1-300x200.jpg 300w, https:\/\/clinicajaimeicatarroja.com\/blog\/wp-content\/uploads\/2023\/11\/padre-con-bebe-1-768x512.jpg 768w, https:\/\/clinicajaimeicatarroja.com\/blog\/wp-content\/uploads\/2023\/11\/padre-con-bebe-1.jpg 1200w\" sizes=\"(max-width: 1024px) 100vw, 1024px\" \/><\/a><figcaption class=\"wp-element-caption\">alimentando-beb\u00e9<\/figcaption><\/figure>\n\n\n\n<h3 class=\"wp-block-heading\" id=\"cuidados-complementarios-durante-las-crisis-de-colicos\">Cuidados complementarios durante las crisis de c\u00f3licos<\/h3>\n\n\n\n<p>Adem\u00e1s de las t\u00e9cnicas de calma y los cambios en la dieta, puedes llevar a cabo otros cuidados complementarios durante las crisis de c\u00f3licos:<\/p>\n\n\n\n<ul class=\"wp-block-list\">\n<li>Aseg\u00farate de que el entorno del beb\u00e9 sea tranquilo y libre de est\u00edmulos excesivos. El ruido y las luces brillantes pueden empeorar su malestar.<\/li>\n\n\n\n<li>Intenta establecer rutinas diarias para el beb\u00e9, como ba\u00f1arlo o darle un suave masaje antes de dormir. Esto puede ayudar a crear un ambiente relajante y propicio para calmar los c\u00f3licos.<\/li>\n\n\n\n<li>Busca apoyo y consejo de otros padres que hayan pasado por la misma situaci\u00f3n. Compartir experiencias puede ayudarte a enfrentar mejor los momentos dif\u00edciles.<\/li>\n<\/ul>\n\n\n\n<p>Recuerda que cada beb\u00e9 es diferente, por lo que es posible que algunas t\u00e9cnicas funcionen mejor que otras. Es importante tener paciencia y explorar diferentes m\u00e9todos hasta encontrar los que mejor funcionen para tu beb\u00e9. No dudes en buscar ayuda m\u00e9dica si los s\u00edntomas persisten o si te sientes abrumado durante esta etapa.<\/p>\n\n\n\n<figure class=\"wp-block-image size-large\"><a href=\"https:\/\/clinicajaimeicatarroja.com\/blog\/wp-content\/uploads\/2023\/11\/tranquilizando-nina-1.jpg\"><img decoding=\"async\" width=\"1024\" height=\"683\" src=\"https:\/\/clinicajaimeicatarroja.com\/blog\/wp-content\/uploads\/2023\/11\/tranquilizando-nina-1-1024x683.jpg\" alt=\"c\u00f3licos-en-beb\u00e9s\" class=\"wp-image-18587\" title=\"\" srcset=\"https:\/\/clinicajaimeicatarroja.com\/blog\/wp-content\/uploads\/2023\/11\/tranquilizando-nina-1-1024x683.jpg 1024w, https:\/\/clinicajaimeicatarroja.com\/blog\/wp-content\/uploads\/2023\/11\/tranquilizando-nina-1-300x200.jpg 300w, https:\/\/clinicajaimeicatarroja.com\/blog\/wp-content\/uploads\/2023\/11\/tranquilizando-nina-1-768x512.jpg 768w, https:\/\/clinicajaimeicatarroja.com\/blog\/wp-content\/uploads\/2023\/11\/tranquilizando-nina-1.jpg 1200w\" sizes=\"(max-width: 1024px) 100vw, 1024px\" \/><\/a><figcaption class=\"wp-element-caption\">tranquilizando-bebe<\/figcaption><\/figure>\n\n\n\n<h2 class=\"wp-block-heading\" id=\"cuando-buscar-atencion-medica\">Cu\u00e1ndo buscar atenci\u00f3n m\u00e9dica<\/h2>\n\n\n\n<p>La aparici\u00f3n de c\u00f3licos en beb\u00e9s puede generar preocupaci\u00f3n en los padres, y es importante estar atentos a ciertos signos de alarma que pueden indicar la necesidad de buscar atenci\u00f3n m\u00e9dica. A continuaci\u00f3n, se detallan los posibles signos de alarma y se explica la importancia de consultar al m\u00e9dico en estos casos.<\/p>\n\n\n\n<h3 class=\"wp-block-heading\" id=\"signos-de-alarma\">Signos de alarma<\/h3>\n\n\n\n<p>Ante la presencia de <strong>los siguientes s\u00edntomas,<\/strong> es necesario ponerse en contacto con el m\u00e9dico para una evaluaci\u00f3n adecuada:<\/p>\n\n\n\n<ul class=\"wp-block-list\">\n<li>Llanto continuo durante m\u00e1s de dos horas seguidas.<\/li>\n\n\n\n<li>V\u00f3mitos persistentes o regurgitaci\u00f3n excesiva.<\/li>\n\n\n\n<li>Fiebre alta (m\u00e1s de 38\u00b0C) en el lactante.<\/li>\n\n\n\n<li>Diarrea cr\u00f3nica o presencia de sangre en las heces.<\/li>\n\n\n\n<li>Problemas de alimentaci\u00f3n, como rechazo constante de la leche o falta de aumento de peso.<\/li>\n<\/ul>\n\n\n\n<figure class=\"wp-block-image size-large\"><a href=\"https:\/\/clinicajaimeicatarroja.com\/blog\/wp-content\/uploads\/2023\/11\/nino-llorando-1.jpg\"><img decoding=\"async\" width=\"1024\" height=\"683\" src=\"https:\/\/clinicajaimeicatarroja.com\/blog\/wp-content\/uploads\/2023\/11\/nino-llorando-1-1024x683.jpg\" alt=\"c\u00f3licos-en-beb\u00e9s\" class=\"wp-image-18590\" title=\"\" srcset=\"https:\/\/clinicajaimeicatarroja.com\/blog\/wp-content\/uploads\/2023\/11\/nino-llorando-1-1024x683.jpg 1024w, https:\/\/clinicajaimeicatarroja.com\/blog\/wp-content\/uploads\/2023\/11\/nino-llorando-1-300x200.jpg 300w, https:\/\/clinicajaimeicatarroja.com\/blog\/wp-content\/uploads\/2023\/11\/nino-llorando-1-768x512.jpg 768w, https:\/\/clinicajaimeicatarroja.com\/blog\/wp-content\/uploads\/2023\/11\/nino-llorando-1.jpg 1200w\" sizes=\"(max-width: 1024px) 100vw, 1024px\" \/><\/a><figcaption class=\"wp-element-caption\">c\u00f3loco-alimentario<\/figcaption><\/figure>\n\n\n\n<h3 class=\"wp-block-heading\" id=\"importancia-de-consultar-al-medico\">Importancia de consultar al m\u00e9dico<\/h3>\n\n\n\n<p>Es fundamental <strong>buscar atenci\u00f3n m\u00e9dica <\/strong>cuando se presenten los signos de alarma mencionados anteriormente. El m\u00e9dico podr\u00e1 realizar una evaluaci\u00f3n exhaustiva del beb\u00e9, descartar otras posibles causas de malestar y proporcionar un diagn\u00f3stico adecuado. Adem\u00e1s, el m\u00e9dico tambi\u00e9n podr\u00e1 brindar orientaci\u00f3n y consejos sobre el manejo de los c\u00f3licos, as\u00ed como ofrecer tranquilidad y apoyo a los padres.<\/p>\n\n\n\n<p>Al acudir a la consulta m\u00e9dica, es recomendable llevar un registro detallado de los s\u00edntomas del beb\u00e9, incluyendo la duraci\u00f3n y la intensidad del llanto, los problemas de alimentaci\u00f3n y cualquier otro s\u00edntoma relevante. Esto ayudar\u00e1 al m\u00e9dico a tener una visi\u00f3n m\u00e1s completa de la situaci\u00f3n y tomar decisiones informadas.<\/p>\n\n\n\n<p>Es importante recordar que cada beb\u00e9 es \u00fanico y puede haber variaciones en la forma en que experimentan los c\u00f3licos. Por eso, es clave confiar en el criterio m\u00e9dico y buscar su ayuda cuando sea necesario para proporcionar el mejor cuidado posible al beb\u00e9.<\/p>\n\n\n\n<figure class=\"wp-block-image size-large\"><a href=\"https:\/\/clinicajaimeicatarroja.com\/blog\/wp-content\/uploads\/2023\/11\/madre-desquiciada-1.jpg\"><img decoding=\"async\" width=\"1024\" height=\"683\" src=\"https:\/\/clinicajaimeicatarroja.com\/blog\/wp-content\/uploads\/2023\/11\/madre-desquiciada-1-1024x683.jpg\" alt=\"c\u00f3licos-en-beb\u00e9s\" class=\"wp-image-18588\" title=\"\" srcset=\"https:\/\/clinicajaimeicatarroja.com\/blog\/wp-content\/uploads\/2023\/11\/madre-desquiciada-1-1024x683.jpg 1024w, https:\/\/clinicajaimeicatarroja.com\/blog\/wp-content\/uploads\/2023\/11\/madre-desquiciada-1-300x200.jpg 300w, https:\/\/clinicajaimeicatarroja.com\/blog\/wp-content\/uploads\/2023\/11\/madre-desquiciada-1-768x512.jpg 768w, https:\/\/clinicajaimeicatarroja.com\/blog\/wp-content\/uploads\/2023\/11\/madre-desquiciada-1.jpg 1200w\" sizes=\"(max-width: 1024px) 100vw, 1024px\" \/><\/a><figcaption class=\"wp-element-caption\">desesperada<\/figcaption><\/figure>\n\n\n\n<h2 class=\"wp-block-heading\" id=\"cuidados-y-bienestar-para-padres-y-bebes\">Cuidados y bienestar para padres y beb\u00e9s<\/h2>\n\n\n\n<p>En esta etapa de c\u00f3licos en beb\u00e9s, es fundamental prestar atenci\u00f3n tanto al cuidado del beb\u00e9 como al bienestar de los padres. A continuaci\u00f3n, se abordar\u00e1n varios aspectos relacionados con la crianza consciente y saludable.<\/p>\n\n\n\n<figure class=\"wp-block-image size-large\"><a href=\"https:\/\/clinicajaimeicatarroja.com\/blog\/wp-content\/uploads\/2023\/11\/bebe-comiendo-1.jpg\"><img decoding=\"async\" width=\"1024\" height=\"683\" src=\"https:\/\/clinicajaimeicatarroja.com\/blog\/wp-content\/uploads\/2023\/11\/bebe-comiendo-1-1024x683.jpg\" alt=\"c\u00f3licos-en-beb\u00e9s\" class=\"wp-image-18596\" title=\"\" srcset=\"https:\/\/clinicajaimeicatarroja.com\/blog\/wp-content\/uploads\/2023\/11\/bebe-comiendo-1-1024x683.jpg 1024w, https:\/\/clinicajaimeicatarroja.com\/blog\/wp-content\/uploads\/2023\/11\/bebe-comiendo-1-300x200.jpg 300w, https:\/\/clinicajaimeicatarroja.com\/blog\/wp-content\/uploads\/2023\/11\/bebe-comiendo-1-768x512.jpg 768w, https:\/\/clinicajaimeicatarroja.com\/blog\/wp-content\/uploads\/2023\/11\/bebe-comiendo-1.jpg 1200w\" sizes=\"(max-width: 1024px) 100vw, 1024px\" \/><\/a><figcaption class=\"wp-element-caption\">amamantando-beb\u00e9<\/figcaption><\/figure>\n\n\n\n<h3 class=\"wp-block-heading\" id=\"manejo-emocional-y-apoyo-psicologico\">Manejo emocional y apoyo psicol\u00f3gico<\/h3>\n\n\n\n<p>Los c\u00f3licos en beb\u00e9s <strong>pueden generar altos niveles de estr\u00e9s y ansiedad en los padres<\/strong>. Es importante recordar que los c\u00f3licos no son culpa de nadie y buscar apoyo emocional para sobrellevar esta etapa. Algunas pautas que pueden ayudar incluyen:<\/p>\n\n\n\n<ul class=\"wp-block-list\">\n<li>Compartir experiencias con otros padres que hayan pasado por lo mismo.<\/li>\n\n\n\n<li>Buscar ayuda profesional, como consultas con psic\u00f3logos especializados en crianza.<\/li>\n\n\n\n<li>Practicar t\u00e9cnicas de relajaci\u00f3n y cuidado personal.<\/li>\n\n\n\n<li>Establecer rutinas y momentos de descanso para los padres.<\/li>\n<\/ul>\n\n\n\n<figure class=\"wp-block-image size-large\"><a href=\"https:\/\/clinicajaimeicatarroja.com\/blog\/wp-content\/uploads\/2023\/11\/tranquilizar-al-bebe-1.jpg\"><img decoding=\"async\" width=\"1024\" height=\"683\" src=\"https:\/\/clinicajaimeicatarroja.com\/blog\/wp-content\/uploads\/2023\/11\/tranquilizar-al-bebe-1-1024x683.jpg\" alt=\"c\u00f3licos-en-beb\u00e9s\" class=\"wp-image-18589\" title=\"\" srcset=\"https:\/\/clinicajaimeicatarroja.com\/blog\/wp-content\/uploads\/2023\/11\/tranquilizar-al-bebe-1-1024x683.jpg 1024w, https:\/\/clinicajaimeicatarroja.com\/blog\/wp-content\/uploads\/2023\/11\/tranquilizar-al-bebe-1-300x200.jpg 300w, https:\/\/clinicajaimeicatarroja.com\/blog\/wp-content\/uploads\/2023\/11\/tranquilizar-al-bebe-1-768x512.jpg 768w, https:\/\/clinicajaimeicatarroja.com\/blog\/wp-content\/uploads\/2023\/11\/tranquilizar-al-bebe-1.jpg 1200w\" sizes=\"(max-width: 1024px) 100vw, 1024px\" \/><\/a><figcaption class=\"wp-element-caption\">beb\u00e9<\/figcaption><\/figure>\n\n\n\n<h3 class=\"wp-block-heading\" id=\"seguridad-y-prevencion-de-enfermedades\">Seguridad y prevenci\u00f3n de enfermedades<\/h3>\n\n\n\n<p>Adem\u00e1s de lidiar con los c\u00f3licos, es esencial <strong>brindar un entorno seguro para el beb\u00e9 y tomar medidas para prevenir enfermedades.<\/strong> Algunas recomendaciones incluyen:<\/p>\n\n\n\n<ul class=\"wp-block-list\">\n<li>Asegurar una correcta higiene tanto del beb\u00e9 como del entorno en el que se encuentra.<\/li>\n\n\n\n<li>Mantener al beb\u00e9 alejado de personas enfermas y lavar adecuadamente las manos antes de tocar al beb\u00e9.<\/li>\n\n\n\n<li>Seguir el calendario de vacunaci\u00f3n recomendado por el m\u00e9dico.<\/li>\n\n\n\n<li>Evitar el humo de tabaco y mantener el ambiente libre de sustancias t\u00f3xicas.<\/li>\n<\/ul>\n\n\n\n<figure class=\"wp-block-image size-large\"><a href=\"https:\/\/clinicajaimeicatarroja.com\/blog\/wp-content\/uploads\/2023\/11\/amamantando-1.jpg\"><img decoding=\"async\" width=\"1024\" height=\"683\" src=\"https:\/\/clinicajaimeicatarroja.com\/blog\/wp-content\/uploads\/2023\/11\/amamantando-1-1024x683.jpg\" alt=\"c\u00f3licos-en-beb\u00e9s\" class=\"wp-image-18591\" title=\"\" srcset=\"https:\/\/clinicajaimeicatarroja.com\/blog\/wp-content\/uploads\/2023\/11\/amamantando-1-1024x683.jpg 1024w, https:\/\/clinicajaimeicatarroja.com\/blog\/wp-content\/uploads\/2023\/11\/amamantando-1-300x200.jpg 300w, https:\/\/clinicajaimeicatarroja.com\/blog\/wp-content\/uploads\/2023\/11\/amamantando-1-768x512.jpg 768w, https:\/\/clinicajaimeicatarroja.com\/blog\/wp-content\/uploads\/2023\/11\/amamantando-1.jpg 1200w\" sizes=\"(max-width: 1024px) 100vw, 1024px\" \/><\/a><figcaption class=\"wp-element-caption\">causa-c\u00f3licos-en-beb\u00e9s<\/figcaption><\/figure>\n\n\n\n<h3 class=\"wp-block-heading\" id=\"promocion-de-habitos-saludables-desde-el-inicio\">Promoci\u00f3n de h\u00e1bitos saludables desde el inicio<\/h3>\n\n\n\n<p>Desde los primeros meses de vida, es importante <strong>impulsar h\u00e1bitos saludables que contribuyan al bienestar del beb\u00e9<\/strong>. Algunas pr\u00e1cticas a tener en cuenta son:<\/p>\n\n\n\n<ul class=\"wp-block-list\">\n<li>Establecer horarios regulares para las comidas y el sue\u00f1o.<\/li>\n\n\n\n<li>Promover la lactancia materna o la correcta alimentaci\u00f3n seg\u00fan la edad del beb\u00e9.<\/li>\n\n\n\n<li>Fomentar la actividad f\u00edsica adecuada al desarrollo del beb\u00e9.<\/li>\n\n\n\n<li>Crear un ambiente tranquilo y relajado para promover un buen descanso.<\/li>\n<\/ul>\n","protected":false},"excerpt":{"rendered":"<p>c\u00f3licos-en-beb\u00e9s<\/p>\n","protected":false},"author":1,"featured_media":18578,"comment_status":"open","ping_status":"open","sticky":false,"template":"","format":"standard","meta":{"footnotes":""},"categories":[170],"tags":[],"class_list":["post-18573","post","type-post","status-publish","format-standard","has-post-thumbnail","hentry","category-pediatria"],"_links":{"self":[{"href":"https:\/\/clinicajaimeicatarroja.com\/blog\/wp-json\/wp\/v2\/posts\/18573","targetHints":{"allow":["GET"]}}],"collection":[{"href":"https:\/\/clinicajaimeicatarroja.com\/blog\/wp-json\/wp\/v2\/posts"}],"about":[{"href":"https:\/\/clinicajaimeicatarroja.com\/blog\/wp-json\/wp\/v2\/types\/post"}],"author":[{"embeddable":true,"href":"https:\/\/clinicajaimeicatarroja.com\/blog\/wp-json\/wp\/v2\/users\/1"}],"replies":[{"embeddable":true,"href":"https:\/\/clinicajaimeicatarroja.com\/blog\/wp-json\/wp\/v2\/comments?post=18573"}],"version-history":[{"count":6,"href":"https:\/\/clinicajaimeicatarroja.com\/blog\/wp-json\/wp\/v2\/posts\/18573\/revisions"}],"predecessor-version":[{"id":18597,"href":"https:\/\/clinicajaimeicatarroja.com\/blog\/wp-json\/wp\/v2\/posts\/18573\/revisions\/18597"}],"wp:featuredmedia":[{"embeddable":true,"href":"https:\/\/clinicajaimeicatarroja.com\/blog\/wp-json\/wp\/v2\/media\/18578"}],"wp:attachment":[{"href":"https:\/\/clinicajaimeicatarroja.com\/blog\/wp-json\/wp\/v2\/media?parent=18573"}],"wp:term":[{"taxonomy":"category","embeddable":true,"href":"https:\/\/clinicajaimeicatarroja.com\/blog\/wp-json\/wp\/v2\/categories?post=18573"},{"taxonomy":"post_tag","embeddable":true,"href":"https:\/\/clinicajaimeicatarroja.com\/blog\/wp-json\/wp\/v2\/tags?post=18573"}],"curies":[{"name":"wp","href":"https:\/\/api.w.org\/{rel}","templated":true}]}}