{"id":18410,"date":"2023-10-26T09:17:12","date_gmt":"2023-10-26T07:17:12","guid":{"rendered":"https:\/\/clinicajaimeicatarroja.com\/blog\/?p=18410"},"modified":"2023-10-27T09:57:10","modified_gmt":"2023-10-27T07:57:10","slug":"enfermedades-en-bebes","status":"publish","type":"post","link":"https:\/\/clinicajaimeicatarroja.com\/blog\/enfermedades-en-bebes","title":{"rendered":"Principales enfermedades en beb\u00e9s: Conoce las m\u00e1s comunes"},"content":{"rendered":"\n<p>Las <strong>enfermedades m\u00e1s comunes en los beb\u00e9s<\/strong> abarcan <strong>desde el resfriado com\u00fan hasta enfermedades en beb\u00e9s del o\u00eddo y problemas gen\u00e9ticos<\/strong>. Estas afectan el bienestar de los peque\u00f1os y requieren atenci\u00f3n y cuidados espec\u00edficos. Adem\u00e1s, es importante conocer los <strong>s\u00edntomas, tratamientos y medidas preventivas<\/strong> para cada enfermedad. A continuaci\u00f3n, se explorar\u00e1n algunas de estas enfermedades y aspectos relacionados, como <strong>la bronquiolitis, la gastroenteritis y las enfermedades del oto\u00f1o, as\u00ed como la importancia del apoyo emocional<\/strong> para los padres.<\/p>\n\n\n\n<figure class=\"wp-block-image size-large\"><a href=\"https:\/\/clinicajaimeicatarroja.com\/blog\/wp-content\/uploads\/2023\/10\/doctor-vacunando-al-bebe-1.jpg\"><img decoding=\"async\" width=\"1024\" height=\"683\" src=\"https:\/\/clinicajaimeicatarroja.com\/blog\/wp-content\/uploads\/2023\/10\/doctor-vacunando-al-bebe-1-1024x683.jpg\" alt=\"enfermedades en beb\u00e9s\" class=\"wp-image-18415\" title=\"\" srcset=\"https:\/\/clinicajaimeicatarroja.com\/blog\/wp-content\/uploads\/2023\/10\/doctor-vacunando-al-bebe-1-1024x683.jpg 1024w, https:\/\/clinicajaimeicatarroja.com\/blog\/wp-content\/uploads\/2023\/10\/doctor-vacunando-al-bebe-1-300x200.jpg 300w, https:\/\/clinicajaimeicatarroja.com\/blog\/wp-content\/uploads\/2023\/10\/doctor-vacunando-al-bebe-1-768x512.jpg 768w, https:\/\/clinicajaimeicatarroja.com\/blog\/wp-content\/uploads\/2023\/10\/doctor-vacunando-al-bebe-1.jpg 1200w\" sizes=\"(max-width: 1024px) 100vw, 1024px\" \/><\/a><figcaption class=\"wp-element-caption\">inyecci\u00f3n<\/figcaption><\/figure>\n\n\n\n<div class=\"wp-block-rank-math-toc-block\" id=\"rank-math-toc\"><h2>Tabla deContenidos<\/h2><nav><ul><li class=\"\"><a href=\"#resfriado-comun\">Resfriado com\u00fan<\/a><ul><li class=\"\"><a href=\"#tratamiento-y-cuidados-para-aliviar-el-resfriado-comun-en-bebes\">Tratamiento y cuidados para aliviar el resfriado com\u00fan en beb\u00e9s<\/a><\/li><li class=\"\"><a href=\"#prevencion-del-resfriado-comun-en-bebes\">Prevenci\u00f3n del resfriado com\u00fan en beb\u00e9s<\/a><\/li><\/ul><\/li><li class=\"\"><a href=\"#bronquiolitis\">Bronquiolitis<\/a><ul><li class=\"\"><a href=\"#que-es-la-bronquiolitis-y-como-afecta-a-los-bebes\">Qu\u00e9 es la bronquiolitis y c\u00f3mo afecta a los beb\u00e9s<\/a><\/li><li class=\"\"><a href=\"#sintomas-y-diagnostico-de-la-bronquiolitis-en-bebes\">S\u00edntomas y diagn\u00f3stico de la bronquiolitis en beb\u00e9s<\/a><\/li><li class=\"\"><a href=\"#tratamiento-y-cuidados-para-la-bronquiolitis-en-bebes\">Tratamiento y cuidados para la bronquiolitis en beb\u00e9s<\/a><\/li><\/ul><\/li><li class=\"\"><a href=\"#gastroenteritis\">Gastroenteritis<\/a><ul><li class=\"\"><a href=\"#causas-y-sintomas-de-la-gastroenteritis-en-bebes\">Causas y s\u00edntomas de la gastroenteritis en beb\u00e9s<\/a><\/li><li class=\"\"><a href=\"#tratamiento-y-cuidados-para-la-gastroenteritis-en-bebes\">Tratamiento y cuidados para la gastroenteritis en beb\u00e9s<\/a><\/li><li class=\"\"><a href=\"#prevencion-de-la-gastroenteritis-en-bebes\">Prevenci\u00f3n de la gastroenteritis en beb\u00e9s<\/a><\/li><\/ul><\/li><li class=\"\"><a href=\"#enfermedades-del-otono\">Enfermedades del oto\u00f1o<\/a><ul><li class=\"\"><a href=\"#principales-enfermedades-comunes-en-bebes-durante-el-otono\">Principales enfermedades comunes en beb\u00e9s durante el oto\u00f1o<\/a><\/li><\/ul><\/li><li class=\"\"><a href=\"#enfermedades-relacionadas-con-la-intolerancia-y-la-celiaquia\">Enfermedades relacionadas con la intolerancia y la celiaqu\u00eda<\/a><ul><li class=\"\"><a href=\"#celiaquia-genetica-en-bebes-causas-y-diagnostico\">Celiaqu\u00eda gen\u00e9tica en beb\u00e9s: causas y diagn\u00f3stico<\/a><\/li><li class=\"\"><a href=\"#intolerancia-alimentaria-en-bebes-sintomas-y-tratamiento\">Intolerancia alimentaria en beb\u00e9s: s\u00edntomas y tratamiento<\/a><\/li><\/ul><\/li><li class=\"\"><a href=\"#casos-comunes-de-enfermedades-en-bebes\">Casos comunes de enfermedades en beb\u00e9s<\/a><ul><li class=\"\"><a href=\"#enfermedades-frecuentes-en-bebes-prematuros\">Enfermedades frecuentes en beb\u00e9s prematuros<\/a><\/li><li class=\"\"><a href=\"#enfermedades-comunes-en-bebes-de-0-a-6-meses\">Enfermedades comunes en beb\u00e9s de 0 a 6 meses<\/a><\/li><li class=\"\"><a href=\"#enfermedades-frecuentes-en-bebes-de-6-a-12-meses\">Enfermedades frecuentes en beb\u00e9s de 6 a 12 meses<\/a><\/li><\/ul><\/li><li class=\"\"><a href=\"#enfermedades-del-oido-en-bebes\">Enfermedades del o\u00eddo en beb\u00e9s<\/a><ul><li class=\"\"><a href=\"#otitis-en-bebes-causas-sintomas-y-tratamiento\">Otitis en beb\u00e9s: causas, s\u00edntomas y tratamiento<\/a><\/li><li class=\"\"><a href=\"#prevencion-de-enfermedades-del-oido-en-bebes\">Prevenci\u00f3n de enfermedades del o\u00eddo en beb\u00e9s<\/a><\/li><\/ul><\/li><li class=\"\"><a href=\"#aspectos-geneticos-de-enfermedades-en-bebes\">Aspectos gen\u00e9ticos de enfermedades en beb\u00e9s<\/a><ul><li class=\"\"><a href=\"#enfermedades-geneticas-comunes-en-bebes\">Enfermedades gen\u00e9ticas comunes en beb\u00e9s<\/a><\/li><li class=\"\"><a href=\"#diagnostico-y-tratamiento-de-enfermedades-geneticas-en-bebes\">Diagn\u00f3stico y tratamiento de enfermedades gen\u00e9ticas en beb\u00e9s<\/a><\/li><\/ul><\/li><li class=\"\"><a href=\"#aspectos-emocionales-y-psicologicos-relacionados-con-enfermedades-en-bebes\">Aspectos emocionales y psicol\u00f3gicos relacionados con enfermedades en beb\u00e9s<\/a><ul><li class=\"\"><a href=\"#impacto-emocional-de-las-enfermedades-en-bebes-en-los-padres\">Impacto emocional de las enfermedades en beb\u00e9s en los padres<\/a><\/li><li class=\"\"><a href=\"#apoyo-emocional-y-recursos-para-enfrentar-las-enfermedades-en-bebes\">Apoyo emocional y recursos para enfrentar las enfermedades en beb\u00e9s<\/a><\/li><\/ul><\/li><\/ul><\/nav><\/div>\n\n\n\n<figure class=\"wp-block-image size-large\"><a href=\"https:\/\/clinicajaimeicatarroja.com\/blog\/wp-content\/uploads\/2023\/10\/nina-frio-sonandose-nariz-1.jpg\"><img decoding=\"async\" width=\"1024\" height=\"683\" src=\"https:\/\/clinicajaimeicatarroja.com\/blog\/wp-content\/uploads\/2023\/10\/nina-frio-sonandose-nariz-1-1024x683.jpg\" alt=\"enfermedades en beb\u00e9s\" class=\"wp-image-18416\" title=\"\" srcset=\"https:\/\/clinicajaimeicatarroja.com\/blog\/wp-content\/uploads\/2023\/10\/nina-frio-sonandose-nariz-1-1024x683.jpg 1024w, https:\/\/clinicajaimeicatarroja.com\/blog\/wp-content\/uploads\/2023\/10\/nina-frio-sonandose-nariz-1-300x200.jpg 300w, https:\/\/clinicajaimeicatarroja.com\/blog\/wp-content\/uploads\/2023\/10\/nina-frio-sonandose-nariz-1-768x512.jpg 768w, https:\/\/clinicajaimeicatarroja.com\/blog\/wp-content\/uploads\/2023\/10\/nina-frio-sonandose-nariz-1.jpg 1200w\" sizes=\"(max-width: 1024px) 100vw, 1024px\" \/><\/a><figcaption class=\"wp-element-caption\">inflamaci\u00f3n de la nariz y la garganta<\/figcaption><\/figure>\n\n\n\n<h2 class=\"wp-block-heading\" id=\"resfriado-comun\">Resfriado com\u00fan<\/h2>\n\n\n\n<p>El <strong>resfriado com\u00fan <\/strong>es una enfermedad respiratoria muy frecuente en los beb\u00e9s, especialmente durante los primeros a\u00f1os de vida. Se caracteriza por la <strong>inflamaci\u00f3n de la nariz y la garganta causada principalmente por virus<\/strong>. Aunque los s\u00edntomas pueden variar, es importante reconocerlos para brindar el cuidado adecuado al beb\u00e9.<\/p>\n\n\n\n<h3 class=\"wp-block-heading\" id=\"sintomas-del-resfriado-comun-en-bebes\">S\u00edntomas del resfriado com\u00fan en beb\u00e9s<\/h3>\n\n\n\n<ul class=\"wp-block-list\">\n<li><strong>Congesti\u00f3n nasal<\/strong>: el beb\u00e9 puede presentar la nariz tapada y dificultad para respirar.<\/li>\n\n\n\n<li><strong>Estornudos frecuentes<\/strong>: es com\u00fan que el beb\u00e9 estornude repetidamente durante el resfriado.<\/li>\n\n\n\n<li><strong>Tos<\/strong>: una tos leve a moderada es otro s\u00edntoma com\u00fan del resfriado en los beb\u00e9s.<\/li>\n\n\n\n<li><strong>S\u00edntomas nasales<\/strong>: secreci\u00f3n nasal clara o ligeramente espesa, que puede volverse m\u00e1s espesa y de color amarillo o verde a medida que progresa el resfriado.<\/li>\n\n\n\n<li><strong>Fiebre baja<\/strong>: en algunos casos, el beb\u00e9 puede tener una leve elevaci\u00f3n de la temperatura corporal.<\/li>\n<\/ul>\n\n\n\n<figure class=\"wp-block-image size-large\"><a href=\"https:\/\/clinicajaimeicatarroja.com\/blog\/wp-content\/uploads\/2023\/10\/fiebre-resfriad-1.jpg\"><img decoding=\"async\" width=\"1024\" height=\"683\" src=\"https:\/\/clinicajaimeicatarroja.com\/blog\/wp-content\/uploads\/2023\/10\/fiebre-resfriad-1-1024x683.jpg\" alt=\"enfermedades en beb\u00e9s\" class=\"wp-image-18417\" title=\"\" srcset=\"https:\/\/clinicajaimeicatarroja.com\/blog\/wp-content\/uploads\/2023\/10\/fiebre-resfriad-1-1024x683.jpg 1024w, https:\/\/clinicajaimeicatarroja.com\/blog\/wp-content\/uploads\/2023\/10\/fiebre-resfriad-1-300x200.jpg 300w, https:\/\/clinicajaimeicatarroja.com\/blog\/wp-content\/uploads\/2023\/10\/fiebre-resfriad-1-768x512.jpg 768w, https:\/\/clinicajaimeicatarroja.com\/blog\/wp-content\/uploads\/2023\/10\/fiebre-resfriad-1.jpg 1199w\" sizes=\"(max-width: 1024px) 100vw, 1024px\" \/><\/a><figcaption class=\"wp-element-caption\">enfermedades en beb\u00e9s del o\u00eddo y problemas gen\u00e9ticos<\/figcaption><\/figure>\n\n\n\n<h3 class=\"wp-block-heading\" id=\"tratamiento-y-cuidados-para-aliviar-el-resfriado-comun-en-bebes\">Tratamiento y cuidados para aliviar el resfriado com\u00fan en beb\u00e9s<\/h3>\n\n\n\n<p><strong>No existe una cura para el resfriado com\u00fan<\/strong>, ya que generalmente es causado por virus que deben desaparecer por s\u00ed solos. Sin embargo, hay <strong>medidas que se pueden tomar para aliviar los s\u00edntomas<\/strong> y hacer que el beb\u00e9 se sienta m\u00e1s c\u00f3modo:<\/p>\n\n\n\n<ul class=\"wp-block-list\">\n<li><strong>Mantener al beb\u00e9 hidratado<\/strong>: ofrecer l\u00edquidos con frecuencia, como leche materna o f\u00f3rmula, para prevenir la deshidrataci\u00f3n.<\/li>\n\n\n\n<li><strong>Aspirar la nariz<\/strong>: utilizar suero fisiol\u00f3gico y un aspirador nasal para ayudar a eliminar la congesti\u00f3n nasal.<\/li>\n\n\n\n<li><strong>Elevar la cabeza del beb\u00e9<\/strong>: colocar almohadas debajo del colch\u00f3n de la cuna para ayudar a mantener las v\u00edas respiratorias despejadas.<\/li>\n\n\n\n<li>D<strong>ar ba\u00f1os de vapor:<\/strong> crear un ambiente h\u00famedo en el ba\u00f1o para ayudar a descongestionar al beb\u00e9.<\/li>\n\n\n\n<li><strong>Administrar medicamentos seg\u00fan indicaci\u00f3n m\u00e9dica<\/strong>: en casos de fiebre o malestar, el m\u00e9dico puede recomendar analg\u00e9sicos o antipir\u00e9ticos adecuados para la edad del beb\u00e9.<\/li>\n<\/ul>\n\n\n\n<figure class=\"wp-block-image size-large\"><a href=\"https:\/\/clinicajaimeicatarroja.com\/blog\/wp-content\/uploads\/2023\/10\/tratamiento-resfriado-comun-bebe-1.jpg\"><img decoding=\"async\" width=\"1024\" height=\"576\" src=\"https:\/\/clinicajaimeicatarroja.com\/blog\/wp-content\/uploads\/2023\/10\/tratamiento-resfriado-comun-bebe-1-1024x576.jpg\" alt=\"enfermedades en beb\u00e9s\" class=\"wp-image-18419\" title=\"\" srcset=\"https:\/\/clinicajaimeicatarroja.com\/blog\/wp-content\/uploads\/2023\/10\/tratamiento-resfriado-comun-bebe-1-1024x576.jpg 1024w, https:\/\/clinicajaimeicatarroja.com\/blog\/wp-content\/uploads\/2023\/10\/tratamiento-resfriado-comun-bebe-1-300x169.jpg 300w, https:\/\/clinicajaimeicatarroja.com\/blog\/wp-content\/uploads\/2023\/10\/tratamiento-resfriado-comun-bebe-1-768x432.jpg 768w, https:\/\/clinicajaimeicatarroja.com\/blog\/wp-content\/uploads\/2023\/10\/tratamiento-resfriado-comun-bebe-1.jpg 1422w\" sizes=\"(max-width: 1024px) 100vw, 1024px\" \/><\/a><figcaption class=\"wp-element-caption\">aspiraci\u00f3n-nasal<\/figcaption><\/figure>\n\n\n\n<h3 class=\"wp-block-heading\" id=\"prevencion-del-resfriado-comun-en-bebes\">Prevenci\u00f3n del resfriado com\u00fan en beb\u00e9s<\/h3>\n\n\n\n<p>Si bien no se puede prevenir por completo el resfriado com\u00fan, se pueden tomar ciertas <strong>medidas para reducir el riesgo de contagio<\/strong>:<\/p>\n\n\n\n<ul class=\"wp-block-list\">\n<li>Lavado de manos: es fundamental lavarse las manos de manera regular, especialmente antes de tocar al beb\u00e9.<\/li>\n\n\n\n<li>Evitar el contacto con personas enfermas: mantener al beb\u00e9 alejado de personas que presenten s\u00edntomas de resfriado.<\/li>\n\n\n\n<li>Evitar compartir utensilios: asegurarse de que los objetos utilizados por el beb\u00e9 no sean compartidos con otras personas.<\/li>\n\n\n\n<li>Mantener una buena higiene del entorno: limpiar regularmente las superficies y los juguetes que el beb\u00e9 pueda utilizar.<\/li>\n<\/ul>\n\n\n\n<p>Es fundamental recordar que cada beb\u00e9 es \u00fanico y puede responder de manera diferente al resfriado com\u00fan. Si el beb\u00e9 presenta s\u00edntomas graves, como dificultad para respirar, fiebre alta o problemas de alimentaci\u00f3n, se debe buscar atenci\u00f3n m\u00e9dica de inmediato.<\/p>\n\n\n\n<figure class=\"wp-block-image size-large\"><a href=\"https:\/\/clinicajaimeicatarroja.com\/blog\/wp-content\/uploads\/2023\/10\/manos-bebe-dormido-1.jpg\"><img decoding=\"async\" width=\"1024\" height=\"683\" src=\"https:\/\/clinicajaimeicatarroja.com\/blog\/wp-content\/uploads\/2023\/10\/manos-bebe-dormido-1-1024x683.jpg\" alt=\"enfermedades en beb\u00e9s\" class=\"wp-image-18421\" title=\"\" srcset=\"https:\/\/clinicajaimeicatarroja.com\/blog\/wp-content\/uploads\/2023\/10\/manos-bebe-dormido-1-1024x683.jpg 1024w, https:\/\/clinicajaimeicatarroja.com\/blog\/wp-content\/uploads\/2023\/10\/manos-bebe-dormido-1-300x200.jpg 300w, https:\/\/clinicajaimeicatarroja.com\/blog\/wp-content\/uploads\/2023\/10\/manos-bebe-dormido-1-768x512.jpg 768w, https:\/\/clinicajaimeicatarroja.com\/blog\/wp-content\/uploads\/2023\/10\/manos-bebe-dormido-1.jpg 1200w\" sizes=\"(max-width: 1024px) 100vw, 1024px\" \/><\/a><figcaption class=\"wp-element-caption\">lavando-las-manos<\/figcaption><\/figure>\n\n\n\n<h2 class=\"wp-block-heading\" id=\"bronquiolitis\">Bronquiolitis<\/h2>\n\n\n\n<p>La <strong>bronquiolitis<\/strong> es una enfermedad respiratoria com\u00fan que afecta principalmente a los beb\u00e9s y ni\u00f1os peque\u00f1os. Se produce <strong>cuando los bronquiolos, que son las v\u00edas respiratorias m\u00e1s peque\u00f1as en los pulmones, se inflaman y se llenan de moco.<\/strong><\/p>\n\n\n\n<h3 class=\"wp-block-heading\" id=\"que-es-la-bronquiolitis-y-como-afecta-a-los-bebes\">Qu\u00e9 es la bronquiolitis y c\u00f3mo afecta a los beb\u00e9s<\/h3>\n\n\n\n<p>La bronquiolitis es <strong>causada principalmente por una infecci\u00f3n viral<\/strong>, generalmente por el virus sincitial respiratorio (VSR). Este virus se propaga f\u00e1cilmente y es especialmente com\u00fan durante los meses de oto\u00f1o e invierno. Los beb\u00e9s y ni\u00f1os peque\u00f1os son m\u00e1s susceptibles a la bronquiolitis porque sus v\u00edas respiratorias son m\u00e1s estrechas y a\u00fan no est\u00e1n completamente desarrolladas.<\/p>\n\n\n\n<p>La bronquiolitis puede afectar a los beb\u00e9s de diferentes maneras, pero generalmente comienza con s\u00edntomas similares a un resfriado com\u00fan, como congesti\u00f3n nasal, tos y fiebre leve. Con el tiempo, los s\u00edntomas pueden empeorar y causar dificultad para respirar, aumento de la frecuencia respiratoria y retracciones en el pecho.<\/p>\n\n\n\n<figure class=\"wp-block-image size-large\"><a href=\"https:\/\/clinicajaimeicatarroja.com\/blog\/wp-content\/uploads\/2023\/10\/bebe-con-fiebre-1.jpg\"><img decoding=\"async\" width=\"1024\" height=\"752\" src=\"https:\/\/clinicajaimeicatarroja.com\/blog\/wp-content\/uploads\/2023\/10\/bebe-con-fiebre-1-1024x752.jpg\" alt=\"enfermedades en beb\u00e9s\" class=\"wp-image-18422\" title=\"\" srcset=\"https:\/\/clinicajaimeicatarroja.com\/blog\/wp-content\/uploads\/2023\/10\/bebe-con-fiebre-1-1024x752.jpg 1024w, https:\/\/clinicajaimeicatarroja.com\/blog\/wp-content\/uploads\/2023\/10\/bebe-con-fiebre-1-300x220.jpg 300w, https:\/\/clinicajaimeicatarroja.com\/blog\/wp-content\/uploads\/2023\/10\/bebe-con-fiebre-1-768x564.jpg 768w, https:\/\/clinicajaimeicatarroja.com\/blog\/wp-content\/uploads\/2023\/10\/bebe-con-fiebre-1.jpg 1089w\" sizes=\"(max-width: 1024px) 100vw, 1024px\" \/><\/a><figcaption class=\"wp-element-caption\">temperatura-alta-fiebre<\/figcaption><\/figure>\n\n\n\n<h3 class=\"wp-block-heading\" id=\"sintomas-y-diagnostico-de-la-bronquiolitis-en-bebes\">S\u00edntomas y diagn\u00f3stico de la bronquiolitis en beb\u00e9s<\/h3>\n\n\n\n<p>Los <strong>s\u00edntomas de la bronquiolitis <\/strong>pueden variar de un beb\u00e9 a otro, pero los m\u00e1s comunes incluyen tos persistente, congesti\u00f3n nasal, dificultad para respirar, sibilancias y fiebre baja. Estos s\u00edntomas suelen aparecer de 2 a 3 d\u00edas despu\u00e9s de la exposici\u00f3n al virus.<\/p>\n\n\n\n<p>El diagn\u00f3stico de la bronquiolitis se basa en los s\u00edntomas y en la evaluaci\u00f3n cl\u00ednica del m\u00e9dico. En algunos casos, pueden ser necesarios ex\u00e1menes complementarios, como radiograf\u00edas de t\u00f3rax o an\u00e1lisis de sangre, para descartar otras enfermedades respiratorias.<\/p>\n\n\n\n<h3 class=\"wp-block-heading\" id=\"tratamiento-y-cuidados-para-la-bronquiolitis-en-bebes\">Tratamiento y cuidados para la bronquiolitis en beb\u00e9s<\/h3>\n\n\n\n<p>En la mayor\u00eda de los casos, el <strong>tratamiento de la bronquiolitis en beb\u00e9s <\/strong>se centra en aliviar los s\u00edntomas y asegurar una adecuada hidrataci\u00f3n y nutrici\u00f3n. Los medicamentos antivirales no suelen ser necesarios, ya que la mayor\u00eda de los casos son causados por virus y los antibi\u00f3ticos no son efectivos en las infecciones virales.<\/p>\n\n\n\n<p>Se recomienda mantener al beb\u00e9 bien hidratado, utilizando suero fisiol\u00f3gico para limpiar las fosas nasales congestionadas y administrando l\u00edquidos en peque\u00f1as cantidades y con mayor frecuencia. Tambi\u00e9n es importante vigilar los s\u00edntomas y buscar atenci\u00f3n m\u00e9dica si empeoran o si el beb\u00e9 muestra signos de dificultad respiratoria.<\/p>\n\n\n\n<p>Adem\u00e1s, es fundamental evitar la exposici\u00f3n del beb\u00e9 a personas enfermas, mantener un ambiente libre de humo de tabaco y lavarse las manos con regularidad para reducir el riesgo de contagio. La bronquiolitis suele mejorar en un plazo de 7 a 10 d\u00edas, pero en casos graves o en beb\u00e9s con factores de riesgo, puede requerir hospitalizaci\u00f3n y cuidados m\u00e9dicos m\u00e1s intensivos.<\/p>\n\n\n\n<figure class=\"wp-block-image size-large\"><a href=\"https:\/\/clinicajaimeicatarroja.com\/blog\/wp-content\/uploads\/2023\/10\/bebe-2-meses-toma-vacuna-1.jpg\"><img decoding=\"async\" width=\"1024\" height=\"683\" src=\"https:\/\/clinicajaimeicatarroja.com\/blog\/wp-content\/uploads\/2023\/10\/bebe-2-meses-toma-vacuna-1-1024x683.jpg\" alt=\"enfermedades en beb\u00e9s\" class=\"wp-image-18423\" title=\"\" srcset=\"https:\/\/clinicajaimeicatarroja.com\/blog\/wp-content\/uploads\/2023\/10\/bebe-2-meses-toma-vacuna-1-1024x683.jpg 1024w, https:\/\/clinicajaimeicatarroja.com\/blog\/wp-content\/uploads\/2023\/10\/bebe-2-meses-toma-vacuna-1-300x200.jpg 300w, https:\/\/clinicajaimeicatarroja.com\/blog\/wp-content\/uploads\/2023\/10\/bebe-2-meses-toma-vacuna-1-768x512.jpg 768w, https:\/\/clinicajaimeicatarroja.com\/blog\/wp-content\/uploads\/2023\/10\/bebe-2-meses-toma-vacuna-1.jpg 1200w\" sizes=\"(max-width: 1024px) 100vw, 1024px\" \/><\/a><figcaption class=\"wp-element-caption\">dando-medicaci\u00f3n-via-nasal-oral<\/figcaption><\/figure>\n\n\n\n<h2 class=\"wp-block-heading\" id=\"gastroenteritis\">Gastroenteritis<\/h2>\n\n\n\n<h3 class=\"wp-block-heading\" id=\"causas-y-sintomas-de-la-gastroenteritis-en-bebes\">Causas y s\u00edntomas de la gastroenteritis en beb\u00e9s<\/h3>\n\n\n\n<p>La <strong>gastroenteritis<\/strong> en beb\u00e9s es una <strong>inflamaci\u00f3n del tracto gastrointestinal que puede ser causada por virus, bacterias o par\u00e1sitos.<\/strong> Los s\u00edntomas m\u00e1s comunes incluyen v\u00f3mitos, diarrea, fiebre, dolor abdominal y p\u00e9rdida de apetito. Tambi\u00e9n puede presentarse deshidrataci\u00f3n debido a la p\u00e9rdida de l\u00edquidos. Es fundamental reconocer los signos tempranos de la gastroenteritis para poder actuar r\u00e1pidamente.<\/p>\n\n\n\n<figure class=\"wp-block-image size-large\"><a href=\"https:\/\/clinicajaimeicatarroja.com\/blog\/wp-content\/uploads\/2023\/10\/ninos-recien-nacidos-estan-cajas-hospital-1.jpg\"><img decoding=\"async\" width=\"1024\" height=\"683\" src=\"https:\/\/clinicajaimeicatarroja.com\/blog\/wp-content\/uploads\/2023\/10\/ninos-recien-nacidos-estan-cajas-hospital-1-1024x683.jpg\" alt=\"enfermedades en beb\u00e9s\" class=\"wp-image-18434\" title=\"\" srcset=\"https:\/\/clinicajaimeicatarroja.com\/blog\/wp-content\/uploads\/2023\/10\/ninos-recien-nacidos-estan-cajas-hospital-1-1024x683.jpg 1024w, https:\/\/clinicajaimeicatarroja.com\/blog\/wp-content\/uploads\/2023\/10\/ninos-recien-nacidos-estan-cajas-hospital-1-300x200.jpg 300w, https:\/\/clinicajaimeicatarroja.com\/blog\/wp-content\/uploads\/2023\/10\/ninos-recien-nacidos-estan-cajas-hospital-1-768x512.jpg 768w, https:\/\/clinicajaimeicatarroja.com\/blog\/wp-content\/uploads\/2023\/10\/ninos-recien-nacidos-estan-cajas-hospital-1.jpg 1200w\" sizes=\"(max-width: 1024px) 100vw, 1024px\" \/><\/a><figcaption class=\"wp-element-caption\">recien-nacido<\/figcaption><\/figure>\n\n\n\n<h3 class=\"wp-block-heading\" id=\"tratamiento-y-cuidados-para-la-gastroenteritis-en-bebes\">Tratamiento y cuidados para la gastroenteritis en beb\u00e9s<\/h3>\n\n\n\n<p>El t<strong>ratamiento de la gastroenteritis en beb\u00e9<\/strong>s se basa principalmente en mantener una adecuada hidrataci\u00f3n. Se recomienda darle l\u00edquidos en peque\u00f1as cantidades y con frecuencia, como suero oral, agua o leche materna. Es importante evitar alimentos s\u00f3lidos hasta que el beb\u00e9 se recupere. En ciertos casos, se pueden indicar medicamentos para aliviar los s\u00edntomas como la diarrea o el v\u00f3mito, pero siempre bajo supervisi\u00f3n m\u00e9dica.<\/p>\n\n\n\n<p>Adem\u00e1s, es fundamental brindar un ambiente c\u00f3modo y tranquilo para que el beb\u00e9 descanse. Si es necesario, se pueden utilizar medidas para controlar la fiebre, como la administraci\u00f3n de antit\u00e9rmicos recomendados por el m\u00e9dico. Se debe tener especial atenci\u00f3n a la higiene para evitar la propagaci\u00f3n de la infecci\u00f3n a otros miembros de la familia.<\/p>\n\n\n\n<figure class=\"wp-block-image size-large\"><a href=\"https:\/\/clinicajaimeicatarroja.com\/blog\/wp-content\/uploads\/2023\/10\/escuchar-sonido-pulmones-1.jpg\"><img decoding=\"async\" width=\"1024\" height=\"683\" src=\"https:\/\/clinicajaimeicatarroja.com\/blog\/wp-content\/uploads\/2023\/10\/escuchar-sonido-pulmones-1-1024x683.jpg\" alt=\"enfermedades en beb\u00e9s\" class=\"wp-image-18424\" title=\"\" srcset=\"https:\/\/clinicajaimeicatarroja.com\/blog\/wp-content\/uploads\/2023\/10\/escuchar-sonido-pulmones-1-1024x683.jpg 1024w, https:\/\/clinicajaimeicatarroja.com\/blog\/wp-content\/uploads\/2023\/10\/escuchar-sonido-pulmones-1-300x200.jpg 300w, https:\/\/clinicajaimeicatarroja.com\/blog\/wp-content\/uploads\/2023\/10\/escuchar-sonido-pulmones-1-768x512.jpg 768w, https:\/\/clinicajaimeicatarroja.com\/blog\/wp-content\/uploads\/2023\/10\/escuchar-sonido-pulmones-1.jpg 1200w\" sizes=\"(max-width: 1024px) 100vw, 1024px\" \/><\/a><figcaption class=\"wp-element-caption\">bronquiolitis<\/figcaption><\/figure>\n\n\n\n<h3 class=\"wp-block-heading\" id=\"prevencion-de-la-gastroenteritis-en-bebes\">Prevenci\u00f3n de la gastroenteritis en beb\u00e9s<\/h3>\n\n\n\n<ul class=\"wp-block-list\">\n<li>Mantener una correcta higiene de manos, tanto para el beb\u00e9 como para quienes lo cuidan.<\/li>\n\n\n\n<li>Lavar cuidadosamente las frutas y verduras antes de darle alimentos s\u00f3lidos al beb\u00e9.<\/li>\n\n\n\n<li>Asegurarse de que los utensilios y recipientes utilizados est\u00e9n limpios y desinfectados.<\/li>\n\n\n\n<li>Evitar el contacto con personas enfermas y espacios p\u00fablicos con aglomeraci\u00f3n de personas.<\/li>\n\n\n\n<li>Amamantar a los beb\u00e9s, ya que la leche materna contiene anticuerpos que pueden proteger al beb\u00e9 de ciertas infecciones.<\/li>\n<\/ul>\n\n\n\n<figure class=\"wp-block-image size-large\"><a href=\"https:\/\/clinicajaimeicatarroja.com\/blog\/wp-content\/uploads\/2023\/10\/pediatra-estetoscopio-1.jpg\"><img decoding=\"async\" width=\"1024\" height=\"683\" src=\"https:\/\/clinicajaimeicatarroja.com\/blog\/wp-content\/uploads\/2023\/10\/pediatra-estetoscopio-1-1024x683.jpg\" alt=\"enfermedades en beb\u00e9s\" class=\"wp-image-18425\" title=\"\" srcset=\"https:\/\/clinicajaimeicatarroja.com\/blog\/wp-content\/uploads\/2023\/10\/pediatra-estetoscopio-1-1024x683.jpg 1024w, https:\/\/clinicajaimeicatarroja.com\/blog\/wp-content\/uploads\/2023\/10\/pediatra-estetoscopio-1-300x200.jpg 300w, https:\/\/clinicajaimeicatarroja.com\/blog\/wp-content\/uploads\/2023\/10\/pediatra-estetoscopio-1-768x512.jpg 768w, https:\/\/clinicajaimeicatarroja.com\/blog\/wp-content\/uploads\/2023\/10\/pediatra-estetoscopio-1.jpg 1200w\" sizes=\"(max-width: 1024px) 100vw, 1024px\" \/><\/a><figcaption class=\"wp-element-caption\">cuidadndo-bebe<\/figcaption><\/figure>\n\n\n\n<h2 class=\"wp-block-heading\" id=\"enfermedades-del-otono\">Enfermedades del oto\u00f1o<\/h2>\n\n\n\n<p><strong>El oto\u00f1o como hemos comentado es una \u00e9poca del a\u00f1o en la que los beb\u00e9s pueden verse m\u00e1s susceptibles a ciertas enfermedades<\/strong>. A medida que se acerca el cambio de estaci\u00f3n, es importante conocer las principales enfermedades comunes que afectan a los beb\u00e9s durante esta \u00e9poca, as\u00ed como sus s\u00edntomas, tratamientos y medidas preventivas.<\/p>\n\n\n\n<h3 class=\"wp-block-heading\" id=\"principales-enfermedades-comunes-en-bebes-durante-el-otono\">Principales enfermedades comunes en beb\u00e9s durante el oto\u00f1o<\/h3>\n\n\n\n<p>Durante el oto\u00f1o, los beb\u00e9s pueden experimentar un <strong>aumento de enfermedades respiratorias, como el resfriado com\u00fan y la gripe. Tambi\u00e9n son m\u00e1s propensos a sufrir bronquiolitis<\/strong>, una infecci\u00f3n viral que afecta a las v\u00edas respiratorias m\u00e1s peque\u00f1as.<\/p>\n\n\n\n<p>Otra enfermedad com\u00fan en esta \u00e9poca es la gastroenteritis, que provoca diarrea y v\u00f3mitos. Adem\u00e1s, es importante tener en cuenta las enfermedades del o\u00eddo, como la otitis, que pueden ser m\u00e1s frecuentes durante esta temporada.<\/p>\n\n\n\n<figure class=\"wp-block-image size-large\"><a href=\"https:\/\/clinicajaimeicatarroja.com\/blog\/wp-content\/uploads\/2023\/10\/examen-medico-1.jpg\"><img decoding=\"async\" width=\"1024\" height=\"727\" src=\"https:\/\/clinicajaimeicatarroja.com\/blog\/wp-content\/uploads\/2023\/10\/examen-medico-1-1024x727.jpg\" alt=\"enfermedades en beb\u00e9s\" class=\"wp-image-18426\" title=\"\" srcset=\"https:\/\/clinicajaimeicatarroja.com\/blog\/wp-content\/uploads\/2023\/10\/examen-medico-1-1024x727.jpg 1024w, https:\/\/clinicajaimeicatarroja.com\/blog\/wp-content\/uploads\/2023\/10\/examen-medico-1-300x213.jpg 300w, https:\/\/clinicajaimeicatarroja.com\/blog\/wp-content\/uploads\/2023\/10\/examen-medico-1-768x545.jpg 768w, https:\/\/clinicajaimeicatarroja.com\/blog\/wp-content\/uploads\/2023\/10\/examen-medico-1.jpg 1127w\" sizes=\"(max-width: 1024px) 100vw, 1024px\" \/><\/a><figcaption class=\"wp-element-caption\">auscultando<\/figcaption><\/figure>\n\n\n\n<h2 class=\"wp-block-heading\" id=\"enfermedades-relacionadas-con-la-intolerancia-y-la-celiaquia\">Enfermedades relacionadas con la intolerancia y la celiaqu\u00eda<\/h2>\n\n\n\n<h3 class=\"wp-block-heading\" id=\"celiaquia-genetica-en-bebes-causas-y-diagnostico\">Celiaqu\u00eda gen\u00e9tica en beb\u00e9s: causas y diagn\u00f3stico<\/h3>\n\n\n\n<p>La <strong>celiaqu\u00eda es una enfermedad autoinmune que afecta el intestino delgado de los beb\u00e9s<\/strong>. Tiene un componente gen\u00e9tico importante y se caracteriza por la <strong>intolerancia al gluten<\/strong>. Las causas de la celiaqu\u00eda gen\u00e9tica en beb\u00e9s pueden estar relacionadas con antecedentes familiares de la enfermedad.<\/p>\n\n\n\n<p>El <strong>diagn\u00f3stico de la celiaqu\u00eda gen\u00e9tica<\/strong> en beb\u00e9s se realiza a trav\u00e9s de pruebas gen\u00e9ticas que buscan la presencia de determinados marcadores gen\u00e9ticos asociados a la enfermedad. Estas pruebas son seguras y no invasivas, y pueden proporcionar informaci\u00f3n temprana sobre el riesgo de desarrollar celiaqu\u00eda en beb\u00e9s.<\/p>\n\n\n\n<h3 class=\"wp-block-heading\" id=\"intolerancia-alimentaria-en-bebes-sintomas-y-tratamiento\">Intolerancia alimentaria en beb\u00e9s: s\u00edntomas y tratamiento<\/h3>\n\n\n\n<p>La <strong>intolerancia alimentaria en beb\u00e9s<\/strong> se refiere a la <strong>incapacidad del organismo de tolerar ciertos alimentos, lo que puede provocar una reacci\u00f3n adversa. <\/strong>Los <strong>s\u00edntomas<\/strong> m\u00e1s comunes de la intolerancia alimentaria en beb\u00e9s incluyen <strong>diarrea, v\u00f3mitos, dolor abdominal y erupciones cut\u00e1neas.<\/strong><\/p>\n\n\n\n<p>El tratamiento de la intolerancia alimentaria en beb\u00e9s implica evitar el consumo de los alimentos desencadenantes. En algunos casos, puede ser necesario el reemplazo de ciertos nutrientes a trav\u00e9s de f\u00f3rmulas especiales o suplementos. Es importante trabajar junto con un profesional de la salud para identificar los alimentos problem\u00e1ticos y brindar una alimentaci\u00f3n adecuada al beb\u00e9.<\/p>\n\n\n\n<figure class=\"wp-block-image size-large\"><a href=\"https:\/\/clinicajaimeicatarroja.com\/blog\/wp-content\/uploads\/2023\/10\/bebe-vacunacion-inyeccion-1.jpg\"><img decoding=\"async\" width=\"1024\" height=\"666\" src=\"https:\/\/clinicajaimeicatarroja.com\/blog\/wp-content\/uploads\/2023\/10\/bebe-vacunacion-inyeccion-1-1024x666.jpg\" alt=\"enfermedades en beb\u00e9s\" class=\"wp-image-18427\" title=\"\" srcset=\"https:\/\/clinicajaimeicatarroja.com\/blog\/wp-content\/uploads\/2023\/10\/bebe-vacunacion-inyeccion-1-1024x666.jpg 1024w, https:\/\/clinicajaimeicatarroja.com\/blog\/wp-content\/uploads\/2023\/10\/bebe-vacunacion-inyeccion-1-300x195.jpg 300w, https:\/\/clinicajaimeicatarroja.com\/blog\/wp-content\/uploads\/2023\/10\/bebe-vacunacion-inyeccion-1-768x500.jpg 768w, https:\/\/clinicajaimeicatarroja.com\/blog\/wp-content\/uploads\/2023\/10\/bebe-vacunacion-inyeccion-1.jpg 1230w\" sizes=\"(max-width: 1024px) 100vw, 1024px\" \/><\/a><figcaption class=\"wp-element-caption\">vacunacion-beb\u00e9<\/figcaption><\/figure>\n\n\n\n<h2 class=\"wp-block-heading\" id=\"casos-comunes-de-enfermedades-en-bebes\">Casos comunes de enfermedades en beb\u00e9s<\/h2>\n\n\n\n<h3 class=\"wp-block-heading\" id=\"enfermedades-frecuentes-en-bebes-prematuros\">Enfermedades frecuentes en beb\u00e9s prematuros<\/h3>\n\n\n\n<p>Los <strong>beb\u00e9s prematuros <\/strong>son m\u00e1s propensos a desarrollar ciertas enfermedades debido a su inmadurez y vulnerabilidad. Algunas enfermedades frecuentes incluyen:<\/p>\n\n\n\n<ul class=\"wp-block-list\">\n<li><strong>Problemas respiratorios<\/strong>: los beb\u00e9s prematuros pueden experimentar dificultades respiratorias, como el s\u00edndrome de dificultad respiratoria (SDR) o la enfermedad de la membrana hialina (EMH).<\/li>\n\n\n\n<li><strong>Problemas gastrointestinales<\/strong>: la prematuridad puede aumentar el riesgo de enfermedades digestivas, como la enterocolitis necrotizante (ECN) o la intolerancia a la lactosa.<\/li>\n\n\n\n<li><strong>Infecciones<\/strong>: los beb\u00e9s prematuros son m\u00e1s susceptibles a infecciones, como la sepsis o la meningitis neonatal.<\/li>\n<\/ul>\n\n\n\n<figure class=\"wp-block-image size-large\"><a href=\"https:\/\/clinicajaimeicatarroja.com\/blog\/wp-content\/uploads\/2023\/10\/incubadora-especial-1.jpg\"><img decoding=\"async\" width=\"1024\" height=\"683\" src=\"https:\/\/clinicajaimeicatarroja.com\/blog\/wp-content\/uploads\/2023\/10\/incubadora-especial-1-1024x683.jpg\" alt=\"enfermedades en beb\u00e9s\" class=\"wp-image-18428\" title=\"\" srcset=\"https:\/\/clinicajaimeicatarroja.com\/blog\/wp-content\/uploads\/2023\/10\/incubadora-especial-1-1024x683.jpg 1024w, https:\/\/clinicajaimeicatarroja.com\/blog\/wp-content\/uploads\/2023\/10\/incubadora-especial-1-300x200.jpg 300w, https:\/\/clinicajaimeicatarroja.com\/blog\/wp-content\/uploads\/2023\/10\/incubadora-especial-1-768x512.jpg 768w, https:\/\/clinicajaimeicatarroja.com\/blog\/wp-content\/uploads\/2023\/10\/incubadora-especial-1.jpg 1200w\" sizes=\"(max-width: 1024px) 100vw, 1024px\" \/><\/a><figcaption class=\"wp-element-caption\">beb\u00e9-prematuro<\/figcaption><\/figure>\n\n\n\n<h3 class=\"wp-block-heading\" id=\"enfermedades-comunes-en-bebes-de-0-a-6-meses\">Enfermedades comunes en beb\u00e9s de 0 a 6 meses<\/h3>\n\n\n\n<p>Durante los primeros meses de vida, los beb\u00e9s pueden enfrentarse a diversas enfermedades. Algunas de las m\u00e1s comunes son:<\/p>\n\n\n\n<ul class=\"wp-block-list\">\n<li><strong>Resfriado com\u00fan:<\/strong> los beb\u00e9s son especialmente susceptibles a los virus del resfriado, lo que puede causar congesti\u00f3n nasal, tos y fiebre leve.<\/li>\n\n\n\n<li><strong>Otitis media<\/strong>: la inflamaci\u00f3n del o\u00eddo medio puede ser frecuente en beb\u00e9s, y se caracteriza por dolor de o\u00eddo, fiebre y llanto excesivo.<\/li>\n\n\n\n<li><strong>Gastroenteritis<\/strong>: una infecci\u00f3n intestinal que causa v\u00f3mitos, diarrea y deshidrataci\u00f3n en los beb\u00e9s.<\/li>\n\n\n\n<li><strong>Erupciones cut\u00e1neas<\/strong>: las erupciones, como la dermatitis del pa\u00f1al, son comunes en esta etapa debido a la piel sensible y el roce constante del pa\u00f1al.<\/li>\n<\/ul>\n\n\n\n<figure class=\"wp-block-image size-large\"><a href=\"https:\/\/clinicajaimeicatarroja.com\/blog\/wp-content\/uploads\/2023\/10\/medico-sintiendo-temperatura-bebe-1.jpg\"><img decoding=\"async\" width=\"1024\" height=\"683\" src=\"https:\/\/clinicajaimeicatarroja.com\/blog\/wp-content\/uploads\/2023\/10\/medico-sintiendo-temperatura-bebe-1-1024x683.jpg\" alt=\"enfermedades en beb\u00e9s\" class=\"wp-image-18429\" title=\"\" srcset=\"https:\/\/clinicajaimeicatarroja.com\/blog\/wp-content\/uploads\/2023\/10\/medico-sintiendo-temperatura-bebe-1-1024x683.jpg 1024w, https:\/\/clinicajaimeicatarroja.com\/blog\/wp-content\/uploads\/2023\/10\/medico-sintiendo-temperatura-bebe-1-300x200.jpg 300w, https:\/\/clinicajaimeicatarroja.com\/blog\/wp-content\/uploads\/2023\/10\/medico-sintiendo-temperatura-bebe-1-768x512.jpg 768w, https:\/\/clinicajaimeicatarroja.com\/blog\/wp-content\/uploads\/2023\/10\/medico-sintiendo-temperatura-bebe-1.jpg 1199w\" sizes=\"(max-width: 1024px) 100vw, 1024px\" \/><\/a><figcaption class=\"wp-element-caption\">pediatra-tomando-temperatura<\/figcaption><\/figure>\n\n\n\n<h3 class=\"wp-block-heading\" id=\"enfermedades-frecuentes-en-bebes-de-6-a-12-meses\">Enfermedades frecuentes en beb\u00e9s de 6 a 12 meses<\/h3>\n\n\n\n<p>A medida que los beb\u00e9s crecen, su sistema inmunol\u00f3gico sigue desarroll\u00e1ndose, pero a\u00fan pueden sufrir ciertas enfermedades. Algunas de las m\u00e1s frecuentes son:<\/p>\n\n\n\n<ul class=\"wp-block-list\">\n<li><strong>Gripe<\/strong>: los beb\u00e9s de esta edad pueden contraer el virus de la gripe, lo que provoca fiebre, tos, congesti\u00f3n nasal y malestar general.<\/li>\n\n\n\n<li><strong>Brotes dentales<\/strong>: cuando los dientes comienzan a salir, los beb\u00e9s pueden experimentar molestias, irritabilidad y babeo excesivo.<\/li>\n\n\n\n<li><strong>Infecciones respiratorias<\/strong>: enfermedades como la bronquiolitis o la neumon\u00eda son m\u00e1s comunes en beb\u00e9s de 6 a 12 meses.<\/li>\n\n\n\n<li><strong>C\u00f3licos<\/strong>: algunos beb\u00e9s pueden experimentar c\u00f3licos, lo que provoca llanto intenso y malestar abdominal.<\/li>\n<\/ul>\n\n\n\n<p>Recuerda que cada beb\u00e9 es \u00fanico y puede manifestar diferentes s\u00edntomas o padecer otras enfermedades. Siempre es importante consultar a un profesional de la salud ante cualquier preocupaci\u00f3n o signo de enfermedad en un beb\u00e9.<\/p>\n\n\n\n<h2 class=\"wp-block-heading\" id=\"enfermedades-del-oido-en-bebes\">Enfermedades del o\u00eddo en beb\u00e9s<\/h2>\n\n\n\n<h3 class=\"wp-block-heading\" id=\"otitis-en-bebes-causas-sintomas-y-tratamiento\">Otitis en beb\u00e9s: causas, s\u00edntomas y tratamiento<\/h3>\n\n\n\n<p>La <strong>otitis<\/strong> es una de las enfermedades del o\u00eddo m\u00e1s comunes en los beb\u00e9s. Se produce debido a una <strong>infecci\u00f3n en el o\u00eddo medio, causada generalmente por bacterias o virus.<\/strong> Algunas de las causas de la otitis en beb\u00e9s incluyen resfriados, alergias o la presencia de l\u00edquido en el o\u00eddo.<\/p>\n\n\n\n<p>Los <strong>s\u00edntomas de la otitis<\/strong> en beb\u00e9s pueden variar, pero generalmente incluyen llanto frecuente, dificultad para dormir, irritabilidad, p\u00e9rdida de apetito y fiebre. Tambi\u00e9n es com\u00fan que los beb\u00e9s se toquen o tiren de sus orejas afectadas.<\/p>\n\n\n\n<p>El <strong>tratamiento de la otitis <\/strong>en beb\u00e9s suele incluir el uso de medicamentos recetados por un m\u00e9dico para controlar la infecci\u00f3n y aliviar los s\u00edntomas. Tambi\u00e9n se recomienda administrar analg\u00e9sicos adecuados seg\u00fan la indicaci\u00f3n del pediatra. Es importante seguir las indicaciones m\u00e9dicas y completar el tratamiento completo para asegurar una recuperaci\u00f3n adecuada.<\/p>\n\n\n\n<figure class=\"wp-block-image size-large\"><a href=\"https:\/\/clinicajaimeicatarroja.com\/blog\/wp-content\/uploads\/2023\/10\/recibe-gotas-nariz-1.jpg\"><img decoding=\"async\" width=\"1024\" height=\"683\" src=\"https:\/\/clinicajaimeicatarroja.com\/blog\/wp-content\/uploads\/2023\/10\/recibe-gotas-nariz-1-1024x683.jpg\" alt=\"enfermedades en beb\u00e9s\" class=\"wp-image-18433\" title=\"\" srcset=\"https:\/\/clinicajaimeicatarroja.com\/blog\/wp-content\/uploads\/2023\/10\/recibe-gotas-nariz-1-1024x683.jpg 1024w, https:\/\/clinicajaimeicatarroja.com\/blog\/wp-content\/uploads\/2023\/10\/recibe-gotas-nariz-1-300x200.jpg 300w, https:\/\/clinicajaimeicatarroja.com\/blog\/wp-content\/uploads\/2023\/10\/recibe-gotas-nariz-1-768x512.jpg 768w, https:\/\/clinicajaimeicatarroja.com\/blog\/wp-content\/uploads\/2023\/10\/recibe-gotas-nariz-1.jpg 1200w\" sizes=\"(max-width: 1024px) 100vw, 1024px\" \/><\/a><figcaption class=\"wp-element-caption\">recibiendo-medicacion<\/figcaption><\/figure>\n\n\n\n<h3 class=\"wp-block-heading\" id=\"prevencion-de-enfermedades-del-oido-en-bebes\">Prevenci\u00f3n de enfermedades del o\u00eddo en beb\u00e9s<\/h3>\n\n\n\n<p>Para <strong>prevenir las enfermedades del o\u00eddo en los beb\u00e9s<\/strong>, es fundamental seguir algunas recomendaciones. En primer lugar, es importante evitar la exposici\u00f3n del beb\u00e9 a humo de cigarrillo, ya que esto puede aumentar el riesgo de infecciones en el o\u00eddo.<\/p>\n\n\n\n<p>Tambi\u00e9n se recomienda evitar que el beb\u00e9 est\u00e9 expuesto a largos periodos de tiempo en lugares con ruido excesivo, ya que esto puede da\u00f1ar su audici\u00f3n. Adem\u00e1s, es conveniente amamantar al beb\u00e9 durante los primeros meses de vida, ya que la leche materna puede ayudar a fortalecer su sistema inmunol\u00f3gico y prevenir infecciones.<\/p>\n\n\n\n<p>Asimismo, es importante cuidar la higiene del beb\u00e9 y evitar introducir objetos extra\u00f1os en sus o\u00eddos, como hisopos de algod\u00f3n. Adem\u00e1s, se debe evitar el contacto con personas que tengan infecciones respiratorias, ya que esto puede aumentar el riesgo de desarrollar otitis.<\/p>\n\n\n\n<figure class=\"wp-block-image size-large\"><a href=\"https:\/\/clinicajaimeicatarroja.com\/blog\/wp-content\/uploads\/2023\/10\/temperatura-1.jpg\"><img decoding=\"async\" width=\"1024\" height=\"683\" src=\"https:\/\/clinicajaimeicatarroja.com\/blog\/wp-content\/uploads\/2023\/10\/temperatura-1-1024x683.jpg\" alt=\"enfermedades en beb\u00e9s\" class=\"wp-image-18430\" title=\"\" srcset=\"https:\/\/clinicajaimeicatarroja.com\/blog\/wp-content\/uploads\/2023\/10\/temperatura-1-1024x683.jpg 1024w, https:\/\/clinicajaimeicatarroja.com\/blog\/wp-content\/uploads\/2023\/10\/temperatura-1-300x200.jpg 300w, https:\/\/clinicajaimeicatarroja.com\/blog\/wp-content\/uploads\/2023\/10\/temperatura-1-768x512.jpg 768w, https:\/\/clinicajaimeicatarroja.com\/blog\/wp-content\/uploads\/2023\/10\/temperatura-1.jpg 1199w\" sizes=\"(max-width: 1024px) 100vw, 1024px\" \/><\/a><figcaption class=\"wp-element-caption\">fiebre-en-valencia<\/figcaption><\/figure>\n\n\n\n<h2 class=\"wp-block-heading\" id=\"aspectos-geneticos-de-enfermedades-en-bebes\">Aspectos gen\u00e9ticos de enfermedades en beb\u00e9s<\/h2>\n\n\n\n<h3 class=\"wp-block-heading\" id=\"enfermedades-geneticas-comunes-en-bebes\">Enfermedades gen\u00e9ticas comunes en beb\u00e9s<\/h3>\n\n\n\n<p>Algunas <strong>enfermedades en beb\u00e9s tienen un componente gen\u00e9tico<\/strong>. Estas condiciones pueden transmitirse de manera hereditaria o manifestarse de forma espont\u00e1nea. Entre las enfermedades gen\u00e9ticas m\u00e1s comunes en beb\u00e9s se incluyen:<\/p>\n\n\n\n<ul class=\"wp-block-list\">\n<li>S\u00edndrome de Down<\/li>\n\n\n\n<li>Fibrosis qu\u00edstica<\/li>\n\n\n\n<li>S\u00edndrome de Turner<\/li>\n\n\n\n<li>Distrofia muscular<\/li>\n\n\n\n<li>Anemia de c\u00e9lulas falciformes<\/li>\n\n\n\n<li>S\u00edndrome de Marfan<\/li>\n<\/ul>\n\n\n\n<p>Estas enfermedades pueden presentar s\u00edntomas y complicaciones variadas, y su tratamiento y seguimiento requieren de un enfoque multidisciplinario que involucre a profesionales m\u00e9dicos especializados.<\/p>\n\n\n\n<h3 class=\"wp-block-heading\" id=\"diagnostico-y-tratamiento-de-enfermedades-geneticas-en-bebes\">Diagn\u00f3stico y tratamiento de enfermedades gen\u00e9ticas en beb\u00e9s<\/h3>\n\n\n\n<p>El <strong>diagn\u00f3stico de enfermedades gen\u00e9ticas en beb\u00e9s<\/strong> implica una evaluaci\u00f3n cl\u00ednica detallada y pruebas espec\u00edficas. Los an\u00e1lisis gen\u00e9ticos, como el cariotipo o pruebas de secuenciaci\u00f3n de ADN, pueden ayudar a identificar alteraciones gen\u00e9ticas subyacentes. Una vez realizado el diagn\u00f3stico, el tratamiento se basa en el manejo de los s\u00edntomas y las complicaciones asociadas a cada enfermedad. En algunos casos, las terapias g\u00e9nicas y los avances en medicina personalizada ofrecen opciones prometedoras para mejorar la calidad de vida de los beb\u00e9s afectados.<\/p>\n\n\n\n<figure class=\"wp-block-image size-large\"><a href=\"https:\/\/clinicajaimeicatarroja.com\/blog\/wp-content\/uploads\/2023\/10\/doctor-recien-nacido-1.jpg\"><img decoding=\"async\" width=\"1024\" height=\"682\" src=\"https:\/\/clinicajaimeicatarroja.com\/blog\/wp-content\/uploads\/2023\/10\/doctor-recien-nacido-1-1024x682.jpg\" alt=\"enfermedades en beb\u00e9s\" class=\"wp-image-18431\" title=\"\" srcset=\"https:\/\/clinicajaimeicatarroja.com\/blog\/wp-content\/uploads\/2023\/10\/doctor-recien-nacido-1-1024x682.jpg 1024w, https:\/\/clinicajaimeicatarroja.com\/blog\/wp-content\/uploads\/2023\/10\/doctor-recien-nacido-1-300x200.jpg 300w, https:\/\/clinicajaimeicatarroja.com\/blog\/wp-content\/uploads\/2023\/10\/doctor-recien-nacido-1-768x511.jpg 768w, https:\/\/clinicajaimeicatarroja.com\/blog\/wp-content\/uploads\/2023\/10\/doctor-recien-nacido-1.jpg 1202w\" sizes=\"(max-width: 1024px) 100vw, 1024px\" \/><\/a><figcaption class=\"wp-element-caption\">beb\u00e9-enfermo<\/figcaption><\/figure>\n\n\n\n<h2 class=\"wp-block-heading\" id=\"aspectos-emocionales-y-psicologicos-relacionados-con-enfermedades-en-bebes\">Aspectos emocionales y psicol\u00f3gicos relacionados con enfermedades en beb\u00e9s<\/h2>\n\n\n\n<h3 class=\"wp-block-heading\" id=\"impacto-emocional-de-las-enfermedades-en-bebes-en-los-padres\">Impacto emocional de las enfermedades en beb\u00e9s en los padres<\/h3>\n\n\n\n<p>Las <strong>enfermedades en beb\u00e9s pueden generar un gran impacto emocional en los padres<\/strong>. La preocupaci\u00f3n, el miedo y la angustia son emociones comunes cuando nuestro peque\u00f1o se enfrenta a una enfermedad. Es normal sentirse abrumado y desbordado ante la situaci\u00f3n, especialmente cuando el beb\u00e9 presenta s\u00edntomas graves o requiere hospitalizaci\u00f3n.<\/p>\n\n\n\n<p>Es importante reconocer y validar estas emociones, permiti\u00e9ndonos expresarlas y buscar apoyo en familiares, amigos o profesionales de la salud. Compartir nuestras preocupaciones y miedos puede aliviar el peso emocional que conlleva tener un beb\u00e9 enfermo.<\/p>\n\n\n\n<figure class=\"wp-block-image size-large\"><a href=\"https:\/\/clinicajaimeicatarroja.com\/blog\/wp-content\/uploads\/2023\/10\/rechazando-gotas-nasales-1.jpg\"><img decoding=\"async\" width=\"1024\" height=\"683\" src=\"https:\/\/clinicajaimeicatarroja.com\/blog\/wp-content\/uploads\/2023\/10\/rechazando-gotas-nasales-1-1024x683.jpg\" alt=\"enfermedades en beb\u00e9s\" class=\"wp-image-18432\" title=\"\" srcset=\"https:\/\/clinicajaimeicatarroja.com\/blog\/wp-content\/uploads\/2023\/10\/rechazando-gotas-nasales-1-1024x683.jpg 1024w, https:\/\/clinicajaimeicatarroja.com\/blog\/wp-content\/uploads\/2023\/10\/rechazando-gotas-nasales-1-300x200.jpg 300w, https:\/\/clinicajaimeicatarroja.com\/blog\/wp-content\/uploads\/2023\/10\/rechazando-gotas-nasales-1-768x512.jpg 768w, https:\/\/clinicajaimeicatarroja.com\/blog\/wp-content\/uploads\/2023\/10\/rechazando-gotas-nasales-1.jpg 1199w\" sizes=\"(max-width: 1024px) 100vw, 1024px\" \/><\/a><figcaption class=\"wp-element-caption\">beb\u00e9-llorando<\/figcaption><\/figure>\n\n\n\n<h3 class=\"wp-block-heading\" id=\"apoyo-emocional-y-recursos-para-enfrentar-las-enfermedades-en-bebes\">Apoyo emocional y recursos para enfrentar las enfermedades en beb\u00e9s<\/h3>\n\n\n\n<p>Enfrentar las enfermedades en beb\u00e9s requiere de un buen <strong>apoyo emocional<\/strong>. Los padres pueden buscar grupos de apoyo y comunidades en l\u00ednea donde puedan compartir experiencias y recibir consejos de otras familias que hayan pasado por situaciones similares. Este intercambio de experiencias puede brindar consuelo y ofrecer perspectiva.<\/p>\n\n\n\n<p>Adem\u00e1s, es importante buscar informaci\u00f3n y educarse sobre la enfermedad espec\u00edfica que afecta a nuestro beb\u00e9. Los profesionales de la salud pueden ser una fuente confiable de informaci\u00f3n y orientaci\u00f3n, brindando pautas claras sobre el tratamiento, el cuidado en el hogar y las medidas preventivas para evitar complicaciones.<\/p>\n\n\n\n<ul class=\"wp-block-list\">\n<li>Aceptar nuestras emociones y buscar apoyo en familiares y amigos cercanos.<\/li>\n\n\n\n<li>Participar en grupos de apoyo en l\u00ednea o comunidades de padres en situaciones similares.<\/li>\n\n\n\n<li>Educarse sobre la enfermedad del beb\u00e9 a trav\u00e9s de recursos confiables y orientaci\u00f3n m\u00e9dica.<\/li>\n\n\n\n<li>Comunicarse con el equipo m\u00e9dico para aclarar dudas y recibir pautas claras.<\/li>\n\n\n\n<li>Mantener una comunicaci\u00f3n abierta y sincera con la pareja para compartir el peso emocional.<\/li>\n\n\n\n<li>Priorizar el autocuidado y buscar momentos de descanso y relajaci\u00f3n.<\/li>\n<\/ul>\n","protected":false},"excerpt":{"rendered":"<p>Las enfermedades m\u00e1s comunes en los beb\u00e9s abarcan desde el resfriado com\u00fan hasta enfermedades en beb\u00e9s del o\u00eddo y problemas gen\u00e9ticos. Estas afectan el bienestar de los peque\u00f1os y requieren atenci\u00f3n y cuidados espec\u00edficos. Adem\u00e1s, es importante conocer los s\u00edntomas, tratamientos y medidas preventivas para cada enfermedad. A continuaci\u00f3n, se explorar\u00e1n algunas de estas enfermedades [&hellip;]<\/p>\n","protected":false},"author":1,"featured_media":18414,"comment_status":"open","ping_status":"open","sticky":false,"template":"","format":"standard","meta":{"footnotes":""},"categories":[170],"tags":[],"class_list":["post-18410","post","type-post","status-publish","format-standard","has-post-thumbnail","hentry","category-pediatria"],"_links":{"self":[{"href":"https:\/\/clinicajaimeicatarroja.com\/blog\/wp-json\/wp\/v2\/posts\/18410","targetHints":{"allow":["GET"]}}],"collection":[{"href":"https:\/\/clinicajaimeicatarroja.com\/blog\/wp-json\/wp\/v2\/posts"}],"about":[{"href":"https:\/\/clinicajaimeicatarroja.com\/blog\/wp-json\/wp\/v2\/types\/post"}],"author":[{"embeddable":true,"href":"https:\/\/clinicajaimeicatarroja.com\/blog\/wp-json\/wp\/v2\/users\/1"}],"replies":[{"embeddable":true,"href":"https:\/\/clinicajaimeicatarroja.com\/blog\/wp-json\/wp\/v2\/comments?post=18410"}],"version-history":[{"count":4,"href":"https:\/\/clinicajaimeicatarroja.com\/blog\/wp-json\/wp\/v2\/posts\/18410\/revisions"}],"predecessor-version":[{"id":18435,"href":"https:\/\/clinicajaimeicatarroja.com\/blog\/wp-json\/wp\/v2\/posts\/18410\/revisions\/18435"}],"wp:featuredmedia":[{"embeddable":true,"href":"https:\/\/clinicajaimeicatarroja.com\/blog\/wp-json\/wp\/v2\/media\/18414"}],"wp:attachment":[{"href":"https:\/\/clinicajaimeicatarroja.com\/blog\/wp-json\/wp\/v2\/media?parent=18410"}],"wp:term":[{"taxonomy":"category","embeddable":true,"href":"https:\/\/clinicajaimeicatarroja.com\/blog\/wp-json\/wp\/v2\/categories?post=18410"},{"taxonomy":"post_tag","embeddable":true,"href":"https:\/\/clinicajaimeicatarroja.com\/blog\/wp-json\/wp\/v2\/tags?post=18410"}],"curies":[{"name":"wp","href":"https:\/\/api.w.org\/{rel}","templated":true}]}}