{"id":18343,"date":"2023-10-22T21:26:05","date_gmt":"2023-10-22T19:26:05","guid":{"rendered":"https:\/\/clinicajaimeicatarroja.com\/blog\/?p=18343"},"modified":"2023-10-22T21:26:07","modified_gmt":"2023-10-22T19:26:07","slug":"hasta-que-edad-pediatra","status":"publish","type":"post","link":"https:\/\/clinicajaimeicatarroja.com\/blog\/hasta-que-edad-pediatra","title":{"rendered":"Hasta qu\u00e9 edad puedo llevar a mi hijo al pediatra"},"content":{"rendered":"\n<p>La <strong>edad l\u00edmite para llevar a los ni\u00f1os al pediatra es hasta los 14 a\u00f1os<\/strong>, seg\u00fan la normativa general en Espa\u00f1a. Sin embargo, <strong>existen excepciones en casos de enfermedades graves o cr\u00f3nicas<\/strong> y deber\u00e1s asegurarte<strong> hasta qu\u00e9 edad <\/strong>seguir\u00e1 tu pediatra trat\u00e1ndolo. Es fundamental acudir al pediatra durante la infancia y adolescencia para garantizar el cuidado de la salud y el seguimiento adecuado de vacunas y revisiones peri\u00f3dicas. Para facilitar la transici\u00f3n al m\u00e9dico de adultos, se recomienda una buena comunicaci\u00f3n entre ambos profesionales y explicar al ni\u00f1o la importancia de cuidar de su propia salud. La elecci\u00f3n de un seguro m\u00e9dico adecuado tambi\u00e9n es relevante para mantener una cobertura completa.<\/p>\n\n\n\n<figure class=\"wp-block-image size-large\"><a href=\"https:\/\/clinicajaimeicatarroja.com\/blog\/wp-content\/uploads\/2023\/10\/altura-nino-1.jpg\"><img decoding=\"async\" width=\"1024\" height=\"683\" src=\"https:\/\/clinicajaimeicatarroja.com\/blog\/wp-content\/uploads\/2023\/10\/altura-nino-1-1024x683.jpg\" alt=\"hasta-qu\u00e9-edad-puedo-acudir-al-pediatra\" class=\"wp-image-18348\" title=\"\" srcset=\"https:\/\/clinicajaimeicatarroja.com\/blog\/wp-content\/uploads\/2023\/10\/altura-nino-1-1024x683.jpg 1024w, https:\/\/clinicajaimeicatarroja.com\/blog\/wp-content\/uploads\/2023\/10\/altura-nino-1-300x200.jpg 300w, https:\/\/clinicajaimeicatarroja.com\/blog\/wp-content\/uploads\/2023\/10\/altura-nino-1-768x512.jpg 768w, https:\/\/clinicajaimeicatarroja.com\/blog\/wp-content\/uploads\/2023\/10\/altura-nino-1.jpg 1200w\" sizes=\"(max-width: 1024px) 100vw, 1024px\" \/><\/a><figcaption class=\"wp-element-caption\">crecimiento<\/figcaption><\/figure>\n\n\n\n<div class=\"wp-block-rank-math-toc-block\" id=\"rank-math-toc\"><h2>Tabla de Contenidos<\/h2><nav><ul><li class=\"\"><a href=\"#importancia-de-la-pediatria-en-el-cuidado-de-la-salud-de-los-ninos\">Importancia de la pediatr\u00eda en el cuidado de la salud de los ni\u00f1os<\/a><ul><li class=\"\"><a href=\"#definicion-y-alcance-de-la-pediatria\">Definici\u00f3n y alcance de la pediatr\u00eda<\/a><\/li><li class=\"\"><a href=\"#consultas-y-vacunas-necesarias-durante-la-infancia-y-adolescencia\">Consultas y vacunas necesarias durante la infancia y adolescencia<\/a><\/li><li class=\"\"><a href=\"#especializacion-de-los-pediatras-en-enfermedades-y-patologias-infantiles\">Especializaci\u00f3n de los pediatras en enfermedades y patolog\u00edas infantiles<\/a><\/li><\/ul><\/li><li class=\"\"><a href=\"#hasta-que-edad-se-pueden-llevar-los-ninos-al-pediatra\">Hasta qu\u00e9 edad se pueden llevar los ni\u00f1os al pediatra<\/a><ul><li class=\"\"><a href=\"#cambio-al-medico-de-cabecera-a-partir-de-los-14-anos\">Cambio al m\u00e9dico de cabecera a partir de los 14 a\u00f1os<\/a><\/li><li class=\"\"><a href=\"#excepciones-y-casos-especiales-segun-la-situacion-de-salud-del-nino\">Excepciones y casos especiales seg\u00fan la situaci\u00f3n de salud del ni\u00f1o<\/a><\/li><li class=\"\"><a href=\"#recomendaciones-para-facilitar-la-transicion-al-medico-de-adultos\">Recomendaciones para facilitar la transici\u00f3n al m\u00e9dico de adultos<\/a><\/li><\/ul><\/li><li class=\"\"><a href=\"#importancia-de-acudir-al-pediatra-hasta-la-adolescencia\">Importancia de acudir al pediatra hasta la adolescencia<\/a><ul><li class=\"\"><a href=\"#conocimiento-de-vacunas-obligatorias-y-su-administracion-adecuada\">Conocimiento de vacunas obligatorias y su administraci\u00f3n adecuada<\/a><\/li><li class=\"\"><a href=\"#revisiones-periodicas-y-deteccion-temprana-de-problemas-de-salud\">Revisiones peri\u00f3dicas y detecci\u00f3n temprana de problemas de salud<\/a><\/li><li class=\"\"><a href=\"#atencion-especializada-en-el-crecimiento-y-desarrollo-de-los-ninos\">Atenci\u00f3n especializada en el crecimiento y desarrollo de los ni\u00f1os<\/a><\/li><\/ul><\/li><li class=\"\"><a href=\"#cobertura-medica-y-seguros-de-salud-para-los-hijos\">Cobertura m\u00e9dica y seguros de salud para los hijos<\/a><ul><li class=\"\"><a href=\"#opciones-de-cobertura-medica-y-contacto-entre-profesionales\">Opciones de cobertura m\u00e9dica y contacto entre profesionales<\/a><\/li><li class=\"\"><a href=\"#eleccion-de-cobertura-adecuada-para-el-acceso-a-atencion-medica\">Elecci\u00f3n de cobertura adecuada para el acceso a atenci\u00f3n m\u00e9dica<\/a><\/li><li class=\"\"><a href=\"#exploracion-de-opciones-de-cobertura-individual-si-no-se-cuenta-con-seguro\">Exploraci\u00f3n de opciones de cobertura individual si no se cuenta con seguro<\/a><\/li><\/ul><\/li><\/ul><\/nav><\/div>\n\n\n\n<figure class=\"wp-block-image size-large\"><a href=\"https:\/\/clinicajaimeicatarroja.com\/blog\/wp-content\/uploads\/2023\/10\/vacunacion-1-1.jpg\"><img decoding=\"async\" width=\"1024\" height=\"683\" src=\"https:\/\/clinicajaimeicatarroja.com\/blog\/wp-content\/uploads\/2023\/10\/vacunacion-1-1-1024x683.jpg\" alt=\"hasta-qu\u00e9-edad-puedo-acudir-al-pediatra\" class=\"wp-image-18349\" title=\"\" srcset=\"https:\/\/clinicajaimeicatarroja.com\/blog\/wp-content\/uploads\/2023\/10\/vacunacion-1-1-1024x683.jpg 1024w, https:\/\/clinicajaimeicatarroja.com\/blog\/wp-content\/uploads\/2023\/10\/vacunacion-1-1-300x200.jpg 300w, https:\/\/clinicajaimeicatarroja.com\/blog\/wp-content\/uploads\/2023\/10\/vacunacion-1-1-768x512.jpg 768w, https:\/\/clinicajaimeicatarroja.com\/blog\/wp-content\/uploads\/2023\/10\/vacunacion-1-1.jpg 1200w\" sizes=\"(max-width: 1024px) 100vw, 1024px\" \/><\/a><figcaption class=\"wp-element-caption\">vacunando<\/figcaption><\/figure>\n\n\n\n<h2 class=\"wp-block-heading\" id=\"importancia-de-la-pediatria-en-el-cuidado-de-la-salud-de-los-ninos\">Importancia de la pediatr\u00eda en el cuidado de la salud de los ni\u00f1os<\/h2>\n\n\n\n<p>La <strong>pediatr\u00eda <\/strong>desempe\u00f1a un papel fundamental en el cuidado de la salud de los ni\u00f1os, garantizando su bienestar y desarrollo adecuado. A continuaci\u00f3n, se abordan diferentes aspectos que demuestran la importancia de esta <strong><a href=\"https:\/\/clinicajaimeicatarroja.com\/especialidades\/pediatria\/pediatria-general-valencia\">especialidad m\u00e9dica<\/a><\/strong>.<\/p>\n\n\n\n<h3 class=\"wp-block-heading\" id=\"definicion-y-alcance-de-la-pediatria\">Definici\u00f3n y alcance de la pediatr\u00eda<\/h3>\n\n\n\n<p>La <strong>pediatr\u00eda<\/strong> es la <strong>rama de la medicina que se ocupa de la salud de los ni\u00f1os y adolescentes desde su concepci\u00f3n hasta la finalizaci\u00f3n de la adolescencia<\/strong>. Los pediatras son profesionales altamente capacitados, especializados en el diagn\u00f3stico, tratamiento y prevenci\u00f3n de enfermedades que afectan a esta poblaci\u00f3n vulnerable.<\/p>\n\n\n\n<figure class=\"wp-block-image size-large\"><a href=\"https:\/\/clinicajaimeicatarroja.com\/blog\/wp-content\/uploads\/2023\/10\/explorando-nino-1.jpg\"><img decoding=\"async\" width=\"1024\" height=\"683\" src=\"https:\/\/clinicajaimeicatarroja.com\/blog\/wp-content\/uploads\/2023\/10\/explorando-nino-1-1024x683.jpg\" alt=\"hasta-qu\u00e9-edad-puedo-acudir-al-pediatra\" class=\"wp-image-18358\" title=\"\" srcset=\"https:\/\/clinicajaimeicatarroja.com\/blog\/wp-content\/uploads\/2023\/10\/explorando-nino-1-1024x683.jpg 1024w, https:\/\/clinicajaimeicatarroja.com\/blog\/wp-content\/uploads\/2023\/10\/explorando-nino-1-300x200.jpg 300w, https:\/\/clinicajaimeicatarroja.com\/blog\/wp-content\/uploads\/2023\/10\/explorando-nino-1-768x512.jpg 768w, https:\/\/clinicajaimeicatarroja.com\/blog\/wp-content\/uploads\/2023\/10\/explorando-nino-1.jpg 1199w\" sizes=\"(max-width: 1024px) 100vw, 1024px\" \/><\/a><figcaption class=\"wp-element-caption\">revision<\/figcaption><\/figure>\n\n\n\n<h3 class=\"wp-block-heading\" id=\"consultas-y-vacunas-necesarias-durante-la-infancia-y-adolescencia\">Consultas y vacunas necesarias durante la infancia y adolescencia<\/h3>\n\n\n\n<p><strong>Durante la infancia y adolescencia<\/strong>, es de vital importancia realizar consultas peri\u00f3dicas con el pediatra. Estas visitas permiten llevar un seguimiento exhaustivo del crecimiento, desarrollo y estado de salud del ni\u00f1o. Adem\u00e1s, el pediatra es quien conoce las <strong><a href=\"https:\/\/clinicajaimeicatarroja.com\/especialidades\/pediatria\/centro-de-vacunacion-valencia\">vacunas obligatorias<\/a><\/strong> y los momentos adecuados para administrarlas, protegiendo as\u00ed al ni\u00f1o de enfermedades potencialmente graves.<\/p>\n\n\n\n<figure class=\"wp-block-image size-large\"><a href=\"https:\/\/clinicajaimeicatarroja.com\/blog\/wp-content\/uploads\/2023\/10\/vacunas-adolescente-1.jpg\"><img decoding=\"async\" width=\"1024\" height=\"683\" src=\"https:\/\/clinicajaimeicatarroja.com\/blog\/wp-content\/uploads\/2023\/10\/vacunas-adolescente-1-1024x683.jpg\" alt=\"hasta-qu\u00e9-edad-puedo-acudir-al-pediatra\" class=\"wp-image-18350\" title=\"\" srcset=\"https:\/\/clinicajaimeicatarroja.com\/blog\/wp-content\/uploads\/2023\/10\/vacunas-adolescente-1-1024x683.jpg 1024w, https:\/\/clinicajaimeicatarroja.com\/blog\/wp-content\/uploads\/2023\/10\/vacunas-adolescente-1-300x200.jpg 300w, https:\/\/clinicajaimeicatarroja.com\/blog\/wp-content\/uploads\/2023\/10\/vacunas-adolescente-1-768x512.jpg 768w, https:\/\/clinicajaimeicatarroja.com\/blog\/wp-content\/uploads\/2023\/10\/vacunas-adolescente-1.jpg 1200w\" sizes=\"(max-width: 1024px) 100vw, 1024px\" \/><\/a><figcaption class=\"wp-element-caption\">vacunacion-adolescentes<\/figcaption><\/figure>\n\n\n\n<h3 class=\"wp-block-heading\" id=\"especializacion-de-los-pediatras-en-enfermedades-y-patologias-infantiles\">Especializaci\u00f3n de los pediatras en enfermedades y patolog\u00edas infantiles<\/h3>\n\n\n\n<p>Los <strong>pediatras<\/strong> est\u00e1n altamente <strong>especializados en el diagn\u00f3stico y tratamiento de enfermedades y patolog\u00edas espec\u00edficas que afectan a los ni\u00f1os <\/strong>en las diferentes etapas de su desarrollo. Gracias a su formaci\u00f3n y experiencia, cuentan con los conocimientos necesarios para identificar y abordar de manera adecuada los problemas de salud que pueden surgir en la infancia y adolescencia.<\/p>\n\n\n\n<figure class=\"wp-block-image size-large\"><a href=\"https:\/\/clinicajaimeicatarroja.com\/blog\/wp-content\/uploads\/2023\/10\/explorando-oido-1.jpg\"><img decoding=\"async\" width=\"1024\" height=\"683\" src=\"https:\/\/clinicajaimeicatarroja.com\/blog\/wp-content\/uploads\/2023\/10\/explorando-oido-1-1024x683.jpg\" alt=\"hasta-qu\u00e9-edad-puedo-acudir-al-pediatra\" class=\"wp-image-18351\" title=\"\" srcset=\"https:\/\/clinicajaimeicatarroja.com\/blog\/wp-content\/uploads\/2023\/10\/explorando-oido-1-1024x683.jpg 1024w, https:\/\/clinicajaimeicatarroja.com\/blog\/wp-content\/uploads\/2023\/10\/explorando-oido-1-300x200.jpg 300w, https:\/\/clinicajaimeicatarroja.com\/blog\/wp-content\/uploads\/2023\/10\/explorando-oido-1-768x512.jpg 768w, https:\/\/clinicajaimeicatarroja.com\/blog\/wp-content\/uploads\/2023\/10\/explorando-oido-1.jpg 1200w\" sizes=\"(max-width: 1024px) 100vw, 1024px\" \/><\/a><figcaption class=\"wp-element-caption\">otitis<\/figcaption><\/figure>\n\n\n\n<h2 class=\"wp-block-heading\" id=\"hasta-que-edad-se-pueden-llevar-los-ninos-al-pediatra\">Hasta qu\u00e9 edad se pueden llevar los ni\u00f1os al pediatra<\/h2>\n\n\n\n<p>La <strong>edad l\u00edmite para llevar a nuestros hijos al pediatra en Espa\u00f1a es hasta los 14 a\u00f1os,<\/strong> momento en el que se produce un cambio al m\u00e9dico de cabecera. Sin embargo, existe cierta flexibilidad en esta norma en casos especiales y seg\u00fan la situaci\u00f3n de salud del ni\u00f1o.<\/p>\n\n\n\n<h3 class=\"wp-block-heading\" id=\"cambio-al-medico-de-cabecera-a-partir-de-los-14-anos\">Cambio al m\u00e9dico de cabecera a partir de los 14 a\u00f1os<\/h3>\n\n\n\n<p>A partir de los 14 a\u00f1os, es recomendable realizar un <a href=\"https:\/\/www.boe.es\/buscar\/doc.php?id=BOE-A-1993-24302\" target=\"_blank\" rel=\"noopener\"><strong>cambio hacia el m\u00e9dico de cabecera<\/strong>.<\/a> Este cambio viene determinado por la transici\u00f3n hacia la adolescencia, una etapa en la que los ni\u00f1os comienzan a adquirir mayor autonom\u00eda y responsabilidad en el cuidado de su salud.<\/p>\n\n\n\n<figure class=\"wp-block-image size-large\"><a href=\"https:\/\/clinicajaimeicatarroja.com\/blog\/wp-content\/uploads\/2023\/10\/pediatra-valencia-1.jpg\"><img decoding=\"async\" width=\"1024\" height=\"684\" src=\"https:\/\/clinicajaimeicatarroja.com\/blog\/wp-content\/uploads\/2023\/10\/pediatra-valencia-1-1024x684.jpg\" alt=\"hasta-qu\u00e9-edad-puedo-acudir-al-pediatra\" class=\"wp-image-18352\" title=\"\" srcset=\"https:\/\/clinicajaimeicatarroja.com\/blog\/wp-content\/uploads\/2023\/10\/pediatra-valencia-1-1024x684.jpg 1024w, https:\/\/clinicajaimeicatarroja.com\/blog\/wp-content\/uploads\/2023\/10\/pediatra-valencia-1-300x200.jpg 300w, https:\/\/clinicajaimeicatarroja.com\/blog\/wp-content\/uploads\/2023\/10\/pediatra-valencia-1-768x513.jpg 768w, https:\/\/clinicajaimeicatarroja.com\/blog\/wp-content\/uploads\/2023\/10\/pediatra-valencia-1.jpg 1198w\" sizes=\"(max-width: 1024px) 100vw, 1024px\" \/><\/a><figcaption class=\"wp-element-caption\">hasta-qu\u00e9-edad-puedo-acudir-al-pediatra<\/figcaption><\/figure>\n\n\n\n<h3 class=\"wp-block-heading\" id=\"excepciones-y-casos-especiales-segun-la-situacion-de-salud-del-nino\">Excepciones y casos especiales seg\u00fan la situaci\u00f3n de salud del ni\u00f1o<\/h3>\n\n\n\n<p>Aunque generalmente se establece el cambio al m\u00e9dico de cabecera a los 14 a\u00f1os, <strong>existen excepciones y casos especiales<\/strong> en los que los ni\u00f1os pueden continuar siendo atendidos por un pediatra. Esto ocurre, por ejemplo, en situaciones donde el ni\u00f1o padece una<strong> enfermedad o patolog\u00eda grave, como c\u00e1ncer, par\u00e1lisis cerebral o alteraciones auditivas<\/strong>, que requieren una atenci\u00f3n m\u00e1s especializada. En estos casos, el pediatra puede continuar atendiendo al ni\u00f1o hasta los 18 a\u00f1os.<\/p>\n\n\n\n<figure class=\"wp-block-image size-large\"><a href=\"https:\/\/clinicajaimeicatarroja.com\/blog\/wp-content\/uploads\/2023\/10\/tratamiento-grave-1.jpg\"><img decoding=\"async\" width=\"1024\" height=\"576\" src=\"https:\/\/clinicajaimeicatarroja.com\/blog\/wp-content\/uploads\/2023\/10\/tratamiento-grave-1-1024x576.jpg\" alt=\"\" class=\"wp-image-18359\" title=\"\" srcset=\"https:\/\/clinicajaimeicatarroja.com\/blog\/wp-content\/uploads\/2023\/10\/tratamiento-grave-1-1024x576.jpg 1024w, https:\/\/clinicajaimeicatarroja.com\/blog\/wp-content\/uploads\/2023\/10\/tratamiento-grave-1-300x169.jpg 300w, https:\/\/clinicajaimeicatarroja.com\/blog\/wp-content\/uploads\/2023\/10\/tratamiento-grave-1-768x432.jpg 768w, https:\/\/clinicajaimeicatarroja.com\/blog\/wp-content\/uploads\/2023\/10\/tratamiento-grave-1.jpg 1422w\" sizes=\"(max-width: 1024px) 100vw, 1024px\" \/><\/a><figcaption class=\"wp-element-caption\">enfermedades-graves<\/figcaption><\/figure>\n\n\n\n<h3 class=\"wp-block-heading\" id=\"recomendaciones-para-facilitar-la-transicion-al-medico-de-adultos\">Recomendaciones para facilitar la transici\u00f3n al m\u00e9dico de adultos<\/h3>\n\n\n\n<p>Para facilitar la transici\u00f3n hacia el m\u00e9dico de adultos, es recomendable solicitar al pediatra que recomiende un nuevo m\u00e9dico o buscar uno antes de que el ni\u00f1o cumpla los 14 a\u00f1os. Es fundamental establecer una comunicaci\u00f3n adecuada entre ambos profesionales para asegurar una transferencia correcta del historial cl\u00ednico del menor. Asimismo, es importante hablar con el ni\u00f1o sobre esta transici\u00f3n, explicarle la importancia de cuidar de su propia salud, anim\u00e1ndole a comunicarse con el m\u00e9dico y seguir todas las indicaciones que reciba.<\/p>\n\n\n\n<figure class=\"wp-block-image size-large\"><a href=\"https:\/\/clinicajaimeicatarroja.com\/blog\/wp-content\/uploads\/2023\/10\/consulta-pediatra-1.jpg\"><img decoding=\"async\" width=\"1024\" height=\"683\" src=\"https:\/\/clinicajaimeicatarroja.com\/blog\/wp-content\/uploads\/2023\/10\/consulta-pediatra-1-1024x683.jpg\" alt=\"hasta-qu\u00e9-edad-puedo-acudir-al-pediatra\" class=\"wp-image-18353\" title=\"\" srcset=\"https:\/\/clinicajaimeicatarroja.com\/blog\/wp-content\/uploads\/2023\/10\/consulta-pediatra-1-1024x683.jpg 1024w, https:\/\/clinicajaimeicatarroja.com\/blog\/wp-content\/uploads\/2023\/10\/consulta-pediatra-1-300x200.jpg 300w, https:\/\/clinicajaimeicatarroja.com\/blog\/wp-content\/uploads\/2023\/10\/consulta-pediatra-1-768x512.jpg 768w, https:\/\/clinicajaimeicatarroja.com\/blog\/wp-content\/uploads\/2023\/10\/consulta-pediatra-1.jpg 1200w\" sizes=\"(max-width: 1024px) 100vw, 1024px\" \/><\/a><figcaption class=\"wp-element-caption\">consulta-pediatr\u00eda-hasta-los-14-a\u00f1os<\/figcaption><\/figure>\n\n\n\n<h2 class=\"wp-block-heading\" id=\"importancia-de-acudir-al-pediatra-hasta-la-adolescencia\">Importancia de acudir al pediatra hasta la adolescencia<\/h2>\n\n\n\n<p>La <strong>continuidad de las visitas al pediatra durante la adolescencia es de vital importancia para garantizar un adecuado cuidado de la salud de los ni\u00f1os<\/strong>. Durante esta etapa de transici\u00f3n, los pediatras desempe\u00f1an un papel fundamental en el seguimiento del crecimiento y desarrollo, as\u00ed como en la detecci\u00f3n temprana de posibles problemas de salud.<\/p>\n\n\n\n<figure class=\"wp-block-image size-large\"><a href=\"https:\/\/clinicajaimeicatarroja.com\/blog\/wp-content\/uploads\/2023\/10\/revision-nino-1.jpg\"><img decoding=\"async\" width=\"1024\" height=\"683\" src=\"https:\/\/clinicajaimeicatarroja.com\/blog\/wp-content\/uploads\/2023\/10\/revision-nino-1-1024x683.jpg\" alt=\"hasta-qu\u00e9-edad-puedo-acudir-al-pediatra\" class=\"wp-image-18360\" title=\"\" srcset=\"https:\/\/clinicajaimeicatarroja.com\/blog\/wp-content\/uploads\/2023\/10\/revision-nino-1-1024x683.jpg 1024w, https:\/\/clinicajaimeicatarroja.com\/blog\/wp-content\/uploads\/2023\/10\/revision-nino-1-300x200.jpg 300w, https:\/\/clinicajaimeicatarroja.com\/blog\/wp-content\/uploads\/2023\/10\/revision-nino-1-768x512.jpg 768w, https:\/\/clinicajaimeicatarroja.com\/blog\/wp-content\/uploads\/2023\/10\/revision-nino-1.jpg 1199w\" sizes=\"(max-width: 1024px) 100vw, 1024px\" \/><\/a><figcaption class=\"wp-element-caption\">auscultando-ni\u00f1o<\/figcaption><\/figure>\n\n\n\n<h3 class=\"wp-block-heading\" id=\"conocimiento-de-vacunas-obligatorias-y-su-administracion-adecuada\">Conocimiento de vacunas obligatorias y su administraci\u00f3n adecuada<\/h3>\n\n\n\n<p>Uno de los aspectos fundamentales que aborda el pediatra es el conocimiento y la administraci\u00f3n de las <strong>vacunas obligatorias<\/strong>. Estos especialistas est\u00e1n actualizados en los esquemas de vacunaci\u00f3n recomendados, lo que les permite garantizar que los ni\u00f1os reciben todas las vacunas necesarias en los momentos adecuados. La prevenci\u00f3n de enfermedades a trav\u00e9s de la vacunaci\u00f3n es esencial para proteger la salud de los ni\u00f1os y prevenir la propagaci\u00f3n de enfermedades contagiosas.<\/p>\n\n\n\n<figure class=\"wp-block-image size-large\"><a href=\"https:\/\/clinicajaimeicatarroja.com\/blog\/wp-content\/uploads\/2023\/10\/revision-tiroides-1.jpg\"><img decoding=\"async\" width=\"1024\" height=\"683\" src=\"https:\/\/clinicajaimeicatarroja.com\/blog\/wp-content\/uploads\/2023\/10\/revision-tiroides-1-1024x683.jpg\" alt=\"hasta-qu\u00e9-edad-puedo-acudir-al-pediatra\" class=\"wp-image-18357\" title=\"\" srcset=\"https:\/\/clinicajaimeicatarroja.com\/blog\/wp-content\/uploads\/2023\/10\/revision-tiroides-1-1024x683.jpg 1024w, https:\/\/clinicajaimeicatarroja.com\/blog\/wp-content\/uploads\/2023\/10\/revision-tiroides-1-300x200.jpg 300w, https:\/\/clinicajaimeicatarroja.com\/blog\/wp-content\/uploads\/2023\/10\/revision-tiroides-1-768x512.jpg 768w, https:\/\/clinicajaimeicatarroja.com\/blog\/wp-content\/uploads\/2023\/10\/revision-tiroides-1.jpg 1200w\" sizes=\"(max-width: 1024px) 100vw, 1024px\" \/><\/a><figcaption class=\"wp-element-caption\">revision-tiroides<\/figcaption><\/figure>\n\n\n\n<h3 class=\"wp-block-heading\" id=\"revisiones-periodicas-y-deteccion-temprana-de-problemas-de-salud\">Revisiones peri\u00f3dicas y detecci\u00f3n temprana de problemas de salud<\/h3>\n\n\n\n<p>Las <strong>revisiones peri\u00f3dicas<\/strong> son una oportunidad para evaluar el crecimiento, desarrollo y estado de salud general de los ni\u00f1os. Durante estas consultas, los pediatras realizan un examen f\u00edsico completo, eval\u00faan los hitos del desarrollo y analizan la historia cl\u00ednica del paciente. Adem\u00e1s, a trav\u00e9s de pruebas y an\u00e1lisis, pueden detectar tempranamente posibles problemas de salud, ya sean f\u00edsicos o emocionales.<\/p>\n\n\n\n<p>La detecci\u00f3n temprana de estos problemas permite una intervenci\u00f3n adecuada y oportuna, lo que contribuye a un mejor pron\u00f3stico y tratamiento. Asimismo, los pediatras ofrecen orientaci\u00f3n y consejos a los padres sobre h\u00e1bitos de vida saludables y prevenci\u00f3n de enfermedades.<\/p>\n\n\n\n<figure class=\"wp-block-image size-large\"><a href=\"https:\/\/clinicajaimeicatarroja.com\/blog\/wp-content\/uploads\/2023\/10\/pediatra-1-2.jpg\"><img decoding=\"async\" width=\"1024\" height=\"683\" src=\"https:\/\/clinicajaimeicatarroja.com\/blog\/wp-content\/uploads\/2023\/10\/pediatra-1-2-1024x683.jpg\" alt=\"hasta-qu\u00e9-edad-puedo-acudir-al-pediatra\" class=\"wp-image-18354\" title=\"\" srcset=\"https:\/\/clinicajaimeicatarroja.com\/blog\/wp-content\/uploads\/2023\/10\/pediatra-1-2-1024x683.jpg 1024w, https:\/\/clinicajaimeicatarroja.com\/blog\/wp-content\/uploads\/2023\/10\/pediatra-1-2-300x200.jpg 300w, https:\/\/clinicajaimeicatarroja.com\/blog\/wp-content\/uploads\/2023\/10\/pediatra-1-2-768x512.jpg 768w, https:\/\/clinicajaimeicatarroja.com\/blog\/wp-content\/uploads\/2023\/10\/pediatra-1-2.jpg 1200w\" sizes=\"(max-width: 1024px) 100vw, 1024px\" \/><\/a><figcaption class=\"wp-element-caption\">explorando-pediatra<\/figcaption><\/figure>\n\n\n\n<h3 class=\"wp-block-heading\" id=\"atencion-especializada-en-el-crecimiento-y-desarrollo-de-los-ninos\">Atenci\u00f3n especializada en el crecimiento y desarrollo de los ni\u00f1os<\/h3>\n\n\n\n<p>Los <strong><a href=\"https:\/\/clinicajaimeicatarroja.com\/blog\/pediatria-para-su-bebe\">pediatras<\/a><\/strong> est\u00e1n especializados en el cuidado de los ni\u00f1os y adolescentes en todas las etapas de su desarrollo, lo que les permite abordar de manera adecuada las necesidades espec\u00edficas de cada grupo de edad. Desde el nacimiento hasta la adolescencia, los pediatras supervisan el crecimiento f\u00edsico, el desarrollo cognitivo y emocional, y brindan recomendaciones para favorecer un crecimiento saludable.<\/p>\n\n\n\n<p>Adem\u00e1s, en situaciones donde se presentan enfermedades cr\u00f3nicas o condiciones especiales, los pediatras tienen el conocimiento y la experiencia necesaria para brindar una atenci\u00f3n especializada y coordinar el cuidado con otros profesionales de la salud. Esta atenci\u00f3n integral garantiza el bienestar de los ni\u00f1os y contribuye a formar una base s\u00f3lida para su salud en la edad adulta.<\/p>\n\n\n\n<figure class=\"wp-block-image size-large\"><a href=\"https:\/\/clinicajaimeicatarroja.com\/blog\/wp-content\/uploads\/2023\/10\/curando-ninos-1.jpg\"><img decoding=\"async\" width=\"1024\" height=\"684\" src=\"https:\/\/clinicajaimeicatarroja.com\/blog\/wp-content\/uploads\/2023\/10\/curando-ninos-1-1024x684.jpg\" alt=\"hasta-qu\u00e9-edad-puedo-acudir-al-pediatra\" class=\"wp-image-18355\" title=\"\" srcset=\"https:\/\/clinicajaimeicatarroja.com\/blog\/wp-content\/uploads\/2023\/10\/curando-ninos-1-1024x684.jpg 1024w, https:\/\/clinicajaimeicatarroja.com\/blog\/wp-content\/uploads\/2023\/10\/curando-ninos-1-300x200.jpg 300w, https:\/\/clinicajaimeicatarroja.com\/blog\/wp-content\/uploads\/2023\/10\/curando-ninos-1-768x513.jpg 768w, https:\/\/clinicajaimeicatarroja.com\/blog\/wp-content\/uploads\/2023\/10\/curando-ninos-1.jpg 1198w\" sizes=\"(max-width: 1024px) 100vw, 1024px\" \/><\/a><figcaption class=\"wp-element-caption\">hacer-curas-ni\u00f1os<\/figcaption><\/figure>\n\n\n\n<h2 class=\"wp-block-heading\" id=\"cobertura-medica-y-seguros-de-salud-para-los-hijos\">Cobertura m\u00e9dica y seguros de salud para los hijos<\/h2>\n\n\n\n<p>En el contexto de la atenci\u00f3n m\u00e9dica para los ni\u00f1os, la <strong>cobertura y los seguros de salud desempe\u00f1an un papel fundamental.<\/strong> Aqu\u00ed exploramos las diferentes opciones que existen en este sentido, con el objetivo de garantizar un acceso adecuado a los servicios m\u00e9dicos necesarios para nuestros hijos.<\/p>\n\n\n\n<h3 class=\"wp-block-heading\" id=\"opciones-de-cobertura-medica-y-contacto-entre-profesionales\">Opciones de cobertura m\u00e9dica y contacto entre profesionales<\/h3>\n\n\n\n<p>Es importante contar con una <strong>cobertura m\u00e9dica adecuada <\/strong>que garantice la atenci\u00f3n necesaria para nuestros hijos. Muchas veces, las familias optan por contratar un seguro de Asistencia M\u00e9dica familiar, que ofrece una amplia cobertura y facilita el contacto entre diferentes profesionales de la salud.<\/p>\n\n\n\n<figure class=\"wp-block-image size-large\"><a href=\"https:\/\/clinicajaimeicatarroja.com\/blog\/wp-content\/uploads\/2023\/10\/dolor-de-tripa-1.jpg\"><img decoding=\"async\" width=\"1024\" height=\"683\" src=\"https:\/\/clinicajaimeicatarroja.com\/blog\/wp-content\/uploads\/2023\/10\/dolor-de-tripa-1-1024x683.jpg\" alt=\"hasta-qu\u00e9-edad-puedo-acudir-al-pediatra\" class=\"wp-image-18356\" title=\"\" srcset=\"https:\/\/clinicajaimeicatarroja.com\/blog\/wp-content\/uploads\/2023\/10\/dolor-de-tripa-1-1024x683.jpg 1024w, https:\/\/clinicajaimeicatarroja.com\/blog\/wp-content\/uploads\/2023\/10\/dolor-de-tripa-1-300x200.jpg 300w, https:\/\/clinicajaimeicatarroja.com\/blog\/wp-content\/uploads\/2023\/10\/dolor-de-tripa-1-768x512.jpg 768w, https:\/\/clinicajaimeicatarroja.com\/blog\/wp-content\/uploads\/2023\/10\/dolor-de-tripa-1.jpg 1200w\" sizes=\"(max-width: 1024px) 100vw, 1024px\" \/><\/a><figcaption class=\"wp-element-caption\">unidad-de-pediatr\u00eda<\/figcaption><\/figure>\n\n\n\n<h3 class=\"wp-block-heading\" id=\"eleccion-de-cobertura-adecuada-para-el-acceso-a-atencion-medica\">Elecci\u00f3n de cobertura adecuada para el acceso a atenci\u00f3n m\u00e9dica<\/h3>\n\n\n\n<p>Es fundamental <strong><a href=\"https:\/\/clinicajaimeicatarroja.com\/blog\/pediatra-en-el-primer-mes\">elegir la cobertura de atenci\u00f3n m\u00e9dica que se ajuste a nuestras necesidades <\/a><\/strong>y las de nuestros hijos. Existen diversas opciones disponibles, como planes de seguros a trav\u00e9s de los padres hasta los 26 a\u00f1os o planes de seguro individuales. Es importante evaluar cada opci\u00f3n y seleccionar la que brinde la mejor atenci\u00f3n m\u00e9dica y cobertura para nuestros hijos.<\/p>\n\n\n\n<figure class=\"wp-block-image size-large\"><a href=\"https:\/\/clinicajaimeicatarroja.com\/blog\/wp-content\/uploads\/2023\/10\/servicio-de-pediatria-valencia-1.jpg\"><img decoding=\"async\" width=\"1024\" height=\"683\" src=\"https:\/\/clinicajaimeicatarroja.com\/blog\/wp-content\/uploads\/2023\/10\/servicio-de-pediatria-valencia-1-1024x683.jpg\" alt=\"hasta-qu\u00e9-edad-puedo-acudir-al-pediatra\" class=\"wp-image-18361\" title=\"\" srcset=\"https:\/\/clinicajaimeicatarroja.com\/blog\/wp-content\/uploads\/2023\/10\/servicio-de-pediatria-valencia-1-1024x683.jpg 1024w, https:\/\/clinicajaimeicatarroja.com\/blog\/wp-content\/uploads\/2023\/10\/servicio-de-pediatria-valencia-1-300x200.jpg 300w, https:\/\/clinicajaimeicatarroja.com\/blog\/wp-content\/uploads\/2023\/10\/servicio-de-pediatria-valencia-1-768x512.jpg 768w, https:\/\/clinicajaimeicatarroja.com\/blog\/wp-content\/uploads\/2023\/10\/servicio-de-pediatria-valencia-1.jpg 1199w\" sizes=\"(max-width: 1024px) 100vw, 1024px\" \/><\/a><figcaption class=\"wp-element-caption\">pediatra-valencia<\/figcaption><\/figure>\n\n\n\n<h3 class=\"wp-block-heading\" id=\"exploracion-de-opciones-de-cobertura-individual-si-no-se-cuenta-con-seguro\">Exploraci\u00f3n de opciones de cobertura individual si no se cuenta con seguro<\/h3>\n\n\n\n<p>En el caso de que nuestros hijos ya no est\u00e9n cubiertos por ning\u00fan seguro, es necesario explorar otras opciones para obtener una cobertura individual. En Espa\u00f1a, existen alternativas como  el Mercado de Seguros M\u00e9dicos, donde se pueden encontrar opciones que se ajusten a las necesidades de cada familia.<\/p>\n","protected":false},"excerpt":{"rendered":"<p>La edad l\u00edmite para llevar a los ni\u00f1os al pediatra es hasta los 14 a\u00f1os, seg\u00fan la normativa general en Espa\u00f1a. Sin embargo, existen excepciones en casos de enfermedades graves o cr\u00f3nicas y deber\u00e1s asegurarte hasta qu\u00e9 edad seguir\u00e1 tu pediatra trat\u00e1ndolo. Es fundamental acudir al pediatra durante la infancia y adolescencia para garantizar el [&hellip;]<\/p>\n","protected":false},"author":1,"featured_media":18347,"comment_status":"open","ping_status":"open","sticky":false,"template":"","format":"standard","meta":{"footnotes":""},"categories":[170],"tags":[],"class_list":["post-18343","post","type-post","status-publish","format-standard","has-post-thumbnail","hentry","category-pediatria"],"_links":{"self":[{"href":"https:\/\/clinicajaimeicatarroja.com\/blog\/wp-json\/wp\/v2\/posts\/18343","targetHints":{"allow":["GET"]}}],"collection":[{"href":"https:\/\/clinicajaimeicatarroja.com\/blog\/wp-json\/wp\/v2\/posts"}],"about":[{"href":"https:\/\/clinicajaimeicatarroja.com\/blog\/wp-json\/wp\/v2\/types\/post"}],"author":[{"embeddable":true,"href":"https:\/\/clinicajaimeicatarroja.com\/blog\/wp-json\/wp\/v2\/users\/1"}],"replies":[{"embeddable":true,"href":"https:\/\/clinicajaimeicatarroja.com\/blog\/wp-json\/wp\/v2\/comments?post=18343"}],"version-history":[{"count":4,"href":"https:\/\/clinicajaimeicatarroja.com\/blog\/wp-json\/wp\/v2\/posts\/18343\/revisions"}],"predecessor-version":[{"id":18362,"href":"https:\/\/clinicajaimeicatarroja.com\/blog\/wp-json\/wp\/v2\/posts\/18343\/revisions\/18362"}],"wp:featuredmedia":[{"embeddable":true,"href":"https:\/\/clinicajaimeicatarroja.com\/blog\/wp-json\/wp\/v2\/media\/18347"}],"wp:attachment":[{"href":"https:\/\/clinicajaimeicatarroja.com\/blog\/wp-json\/wp\/v2\/media?parent=18343"}],"wp:term":[{"taxonomy":"category","embeddable":true,"href":"https:\/\/clinicajaimeicatarroja.com\/blog\/wp-json\/wp\/v2\/categories?post=18343"},{"taxonomy":"post_tag","embeddable":true,"href":"https:\/\/clinicajaimeicatarroja.com\/blog\/wp-json\/wp\/v2\/tags?post=18343"}],"curies":[{"name":"wp","href":"https:\/\/api.w.org\/{rel}","templated":true}]}}