{"id":17571,"date":"2023-09-09T16:34:10","date_gmt":"2023-09-09T14:34:10","guid":{"rendered":"https:\/\/clinicajaimeicatarroja.com\/blog\/?p=17571"},"modified":"2023-09-09T16:34:36","modified_gmt":"2023-09-09T14:34:36","slug":"trastorno-por-atracon","status":"publish","type":"post","link":"https:\/\/clinicajaimeicatarroja.com\/blog\/trastorno-por-atracon","title":{"rendered":"Trastorno por atrac\u00f3n: Causas, s\u00edntomas y tratamiento del problema alimentario"},"content":{"rendered":"\n<p>El<strong> trastorno por atrac\u00f3n<\/strong> es un <strong>problema alimentario grave en el que las personas consumen grandes cantidades de alimentos sin poder controlarlo<\/strong>. A diferencia de la bulimia, no se realiza ninguna acci\u00f3n compensatoria despu\u00e9s de comer en exceso. Los <strong>s\u00edntomas<\/strong> caracter\u00edsticos incluyen <strong>comer en exceso, hacerlo r\u00e1pidamente y sentir malestar f\u00edsico<\/strong>. Las <strong>causas <\/strong>pueden ser <strong>de origen psicol\u00f3gico, emocional y sociocultural, y puede estar relacionado con otros trastornos mentales. <\/strong>Este trastorno puede tener consecuencias en la salud f\u00edsica y mental, y es importante buscar tratamiento especializado.<\/p>\n\n\n\n<figure class=\"wp-block-image size-large\"><a href=\"https:\/\/clinicajaimeicatarroja.com\/blog\/wp-content\/uploads\/2023\/09\/atracon-1.jpg\"><img decoding=\"async\" width=\"1024\" height=\"683\" src=\"https:\/\/clinicajaimeicatarroja.com\/blog\/wp-content\/uploads\/2023\/09\/atracon-1-1024x683.jpg\" alt=\"trastorno-por-atrac\u00f3n-valencia\" class=\"wp-image-17577\" title=\"\" srcset=\"https:\/\/clinicajaimeicatarroja.com\/blog\/wp-content\/uploads\/2023\/09\/atracon-1-1024x683.jpg 1024w, https:\/\/clinicajaimeicatarroja.com\/blog\/wp-content\/uploads\/2023\/09\/atracon-1-300x200.jpg 300w, https:\/\/clinicajaimeicatarroja.com\/blog\/wp-content\/uploads\/2023\/09\/atracon-1-768x512.jpg 768w, https:\/\/clinicajaimeicatarroja.com\/blog\/wp-content\/uploads\/2023\/09\/atracon-1.jpg 1200w\" sizes=\"(max-width: 1024px) 100vw, 1024px\" \/><\/a><figcaption class=\"wp-element-caption\">problema alimentario grave<\/figcaption><\/figure>\n\n\n\n<div class=\"wp-block-rank-math-toc-block\" id=\"rank-math-toc\"><h2>Indice de Contenidos<\/h2><nav><ul><li class=\"\"><a href=\"#que-es-el-trastorno-por-atracon\">\u00bfQu\u00e9 es el trastorno por atrac\u00f3n?<\/a><ul><li class=\"\"><a href=\"#caracteristicas-del-trastorno-por-atracon\">Caracter\u00edsticas del trastorno por atrac\u00f3n<\/a><\/li><li class=\"\"><a href=\"#diferencia-entre-el-trastorno-por-atracon-y-la-bulimia\">Diferencia entre el trastorno por atrac\u00f3n y la bulimia<\/a><\/li><\/ul><\/li><li class=\"\"><a href=\"#sintomas-del-trastorno-por-atracon\">S\u00edntomas del trastorno por atrac\u00f3n<\/a><ul><li class=\"\"><a href=\"#episodios-recurrentes-de-ingesta-compulsiva\">Episodios recurrentes de ingesta compulsiva<\/a><\/li><li class=\"\"><a href=\"#sensacion-de-perdida-de-control\">Sensaci\u00f3n de p\u00e9rdida de control<\/a><\/li><li class=\"\"><a href=\"#comer-hasta-sentirse-fisicamente-incomodo\">Comer hasta sentirse f\u00edsicamente inc\u00f3modo<\/a><\/li><\/ul><\/li><li class=\"\"><a href=\"#causas-del-trastorno-por-atracon\">Causas del trastorno por atrac\u00f3n<\/a><ul><li class=\"\"><a href=\"#factores-psicologicos-y-emocionales\">Factores psicol\u00f3gicos y emocionales<\/a><\/li><li class=\"\"><a href=\"#influencia-de-factores-socioculturales\">Influencia de factores socioculturales<\/a><\/li><li class=\"\"><a href=\"#relacion-con-otros-trastornos-mentales\">Relaci\u00f3n con otros trastornos mentales<\/a><\/li><\/ul><\/li><li class=\"\"><a href=\"#consecuencias-del-trastorno-por-atracon\">Consecuencias del trastorno por atrac\u00f3n<\/a><ul><li class=\"\"><a href=\"#riesgos-para-la-salud-fisica-y-mental\">Riesgos para la salud f\u00edsica y mental<\/a><\/li><li class=\"\"><a href=\"#impacto-en-la-imagen-corporal-y-la-autoestima\">Impacto en la imagen corporal y la autoestima<\/a><\/li><li class=\"\"><a href=\"#relacion-con-la-obesidad-y-otros-problemas-de-salud\">Relaci\u00f3n con la obesidad y otros problemas de salud<\/a><\/li><\/ul><\/li><li class=\"\"><a href=\"#tratamiento-del-trastorno-por-atracon\">Tratamiento del trastorno por atrac\u00f3n<\/a><ul><li class=\"\"><a href=\"#enfoques-terapeuticos-recomendados\">Enfoques terap\u00e9uticos recomendados<\/a><\/li><li class=\"\"><a href=\"#importancia-de-la-atencion-medica-especializada\">Importancia de la atenci\u00f3n m\u00e9dica especializada<\/a><\/li><li class=\"\"><a href=\"#apoyo-de-grupos-y-recursos-para-la-recuperacion\">Apoyo de grupos y recursos para la recuperaci\u00f3n<\/a><\/li><\/ul><\/li><li class=\"\"><a href=\"#prevencion-del-trastorno-por-atracon\">Prevenci\u00f3n del trastorno por atrac\u00f3n<\/a><ul><li class=\"\"><a href=\"#promocion-de-una-alimentacion-saludable\">Promoci\u00f3n de una alimentaci\u00f3n saludable<\/a><\/li><li class=\"\"><a href=\"#educacion-sobre-la-imagen-corporal-positiva\">Educaci\u00f3n sobre la imagen corporal positiva<\/a><\/li><li class=\"\"><a href=\"#fomento-de-la-salud-mental-y-emocional\">Fomento de la salud mental y emocional<\/a><\/li><\/ul><\/li><\/ul><\/nav><\/div>\n\n\n\n<figure class=\"wp-block-image size-large\"><a href=\"https:\/\/clinicajaimeicatarroja.com\/blog\/wp-content\/uploads\/2023\/09\/hombre-negocios-gordo-comiendo-mientras-trabaja-1.jpg\"><img decoding=\"async\" width=\"1024\" height=\"683\" src=\"https:\/\/clinicajaimeicatarroja.com\/blog\/wp-content\/uploads\/2023\/09\/hombre-negocios-gordo-comiendo-mientras-trabaja-1-1024x683.jpg\" alt=\"trastorno-por-atrac\u00f3n-valencia\" class=\"wp-image-17578\" title=\"\" srcset=\"https:\/\/clinicajaimeicatarroja.com\/blog\/wp-content\/uploads\/2023\/09\/hombre-negocios-gordo-comiendo-mientras-trabaja-1-1024x683.jpg 1024w, https:\/\/clinicajaimeicatarroja.com\/blog\/wp-content\/uploads\/2023\/09\/hombre-negocios-gordo-comiendo-mientras-trabaja-1-300x200.jpg 300w, https:\/\/clinicajaimeicatarroja.com\/blog\/wp-content\/uploads\/2023\/09\/hombre-negocios-gordo-comiendo-mientras-trabaja-1-768x512.jpg 768w, https:\/\/clinicajaimeicatarroja.com\/blog\/wp-content\/uploads\/2023\/09\/hombre-negocios-gordo-comiendo-mientras-trabaja-1.jpg 1200w\" sizes=\"(max-width: 1024px) 100vw, 1024px\" \/><\/a><figcaption class=\"wp-element-caption\">comer-rapido<\/figcaption><\/figure>\n\n\n\n<h2 class=\"wp-block-heading\" id=\"que-es-el-trastorno-por-atracon\">\u00bfQu\u00e9 es el trastorno por atrac\u00f3n?<\/h2>\n\n\n\n<p>El <strong>trastorno por atrac\u00f3n<\/strong> es un <strong>problema alimentario grave<\/strong> que se caracteriza por el<strong> consumo descontrolado y excesivo de alimentos.<\/strong> Las personas que sufren este trastorno experimentan <strong>episodios recurrentes de ingesta compulsiva en los que sienten una falta de control sobre su alimentaci\u00f3n<\/strong>. Durante estos episodios, consumen cantidades extraordinariamente grandes de comida, incluso cuando no tienen hambre.<\/p>\n\n\n\n<figure class=\"wp-block-image size-full\"><a href=\"https:\/\/clinicajaimeicatarroja.com\/blog\/wp-content\/uploads\/2023\/09\/trastorno-alimentario-por-atracon-1.jpg\"><img decoding=\"async\" width=\"900\" height=\"900\" src=\"https:\/\/clinicajaimeicatarroja.com\/blog\/wp-content\/uploads\/2023\/09\/trastorno-alimentario-por-atracon-1.jpg\" alt=\"trastorno-por-atrac\u00f3n-valencia\" class=\"wp-image-17588\" title=\"\" srcset=\"https:\/\/clinicajaimeicatarroja.com\/blog\/wp-content\/uploads\/2023\/09\/trastorno-alimentario-por-atracon-1.jpg 900w, https:\/\/clinicajaimeicatarroja.com\/blog\/wp-content\/uploads\/2023\/09\/trastorno-alimentario-por-atracon-1-300x300.jpg 300w, https:\/\/clinicajaimeicatarroja.com\/blog\/wp-content\/uploads\/2023\/09\/trastorno-alimentario-por-atracon-1-150x150.jpg 150w, https:\/\/clinicajaimeicatarroja.com\/blog\/wp-content\/uploads\/2023\/09\/trastorno-alimentario-por-atracon-1-768x768.jpg 768w, https:\/\/clinicajaimeicatarroja.com\/blog\/wp-content\/uploads\/2023\/09\/trastorno-alimentario-por-atracon-1-100x100.jpg 100w, https:\/\/clinicajaimeicatarroja.com\/blog\/wp-content\/uploads\/2023\/09\/trastorno-alimentario-por-atracon-1-54x54.jpg 54w, https:\/\/clinicajaimeicatarroja.com\/blog\/wp-content\/uploads\/2023\/09\/trastorno-alimentario-por-atracon-1-470x470.jpg 470w, https:\/\/clinicajaimeicatarroja.com\/blog\/wp-content\/uploads\/2023\/09\/trastorno-alimentario-por-atracon-1-420x420.jpg 420w, https:\/\/clinicajaimeicatarroja.com\/blog\/wp-content\/uploads\/2023\/09\/trastorno-alimentario-por-atracon-1-460x460.jpg 460w, https:\/\/clinicajaimeicatarroja.com\/blog\/wp-content\/uploads\/2023\/09\/trastorno-alimentario-por-atracon-1-60x60.jpg 60w\" sizes=\"(max-width: 900px) 100vw, 900px\" \/><\/a><figcaption class=\"wp-element-caption\">trastorno-por-atrac\u00f3n<\/figcaption><\/figure>\n\n\n\n<h3 class=\"wp-block-heading\" id=\"caracteristicas-del-trastorno-por-atracon\">Caracter\u00edsticas del trastorno por atrac\u00f3n<\/h3>\n\n\n\n<p>Algunas de las caracter\u00edsticas principales del trastorno por atrac\u00f3n incluyen:<\/p>\n\n\n\n<ul class=\"wp-block-list\">\n<li>Comer r\u00e1pidamente, de forma impulsiva y sin disfrutar realmente de la comida.<\/li>\n\n\n\n<li>Sentir una sensaci\u00f3n de falta de control mientras se come, siendo incapaz de detenerse incluso cuando se siente f\u00edsicamente inc\u00f3modo.<\/li>\n\n\n\n<li>Comer grandes cantidades de alimentos en poco tiempo.<\/li>\n\n\n\n<li>Realizar estas comidas compulsivas en secreto o en solitario, sintiendo verg\u00fcenza o culpa despu\u00e9s.<\/li>\n<\/ul>\n\n\n\n<h3 class=\"wp-block-heading\" id=\"diferencia-entre-el-trastorno-por-atracon-y-la-bulimia\">Diferencia entre el trastorno por atrac\u00f3n y la bulimia<\/h3>\n\n\n\n<p>Aunque tanto el trastorno por atrac\u00f3n como la bulimia involucran episodios de ingesta excesiva de alimentos, hay una<strong> diferencia fundamental <\/strong>entre ellos. Mientras que las personas con <strong>bulimia<\/strong> suelen tomar <strong>medidas compensatorias despu\u00e9s de comer en exceso, como inducir el v\u00f3mito o hacer ejercicio intenso, las personas con trastorno por atrac\u00f3n no realizan estas acciones.<\/strong><\/p>\n\n\n\n<figure class=\"wp-block-image size-large\"><a href=\"https:\/\/clinicajaimeicatarroja.com\/blog\/wp-content\/uploads\/2023\/09\/vomitar-1.jpg\"><img decoding=\"async\" width=\"1024\" height=\"576\" src=\"https:\/\/clinicajaimeicatarroja.com\/blog\/wp-content\/uploads\/2023\/09\/vomitar-1-1024x576.jpg\" alt=\"trastorno-por-atrac\u00f3n-valencia\" class=\"wp-image-17579\" title=\"\" srcset=\"https:\/\/clinicajaimeicatarroja.com\/blog\/wp-content\/uploads\/2023\/09\/vomitar-1-1024x576.jpg 1024w, https:\/\/clinicajaimeicatarroja.com\/blog\/wp-content\/uploads\/2023\/09\/vomitar-1-300x169.jpg 300w, https:\/\/clinicajaimeicatarroja.com\/blog\/wp-content\/uploads\/2023\/09\/vomitar-1-768x432.jpg 768w, https:\/\/clinicajaimeicatarroja.com\/blog\/wp-content\/uploads\/2023\/09\/vomitar-1.jpg 1422w\" sizes=\"(max-width: 1024px) 100vw, 1024px\" \/><\/a><figcaption class=\"wp-element-caption\">bulimia<\/figcaption><\/figure>\n\n\n\n<h2 class=\"wp-block-heading\" id=\"sintomas-del-trastorno-por-atracon\">S\u00edntomas del trastorno por atrac\u00f3n<\/h2>\n\n\n\n<p>El <strong>trastorno por atrac\u00f3n<\/strong> se caracteriza por la presencia de varios s\u00edntomas que indican la existencia de este problema alimentario. Estos s\u00edntomas pueden manifestarse de diferentes formas y afectar tanto a nivel f\u00edsico como emocional. A continuaci\u00f3n, se detallan los s\u00edntomas m\u00e1s comunes del trastorno por atrac\u00f3n:<\/p>\n\n\n\n<h3 class=\"wp-block-heading\" id=\"episodios-recurrentes-de-ingesta-compulsiva\">Episodios recurrentes de ingesta compulsiva<\/h3>\n\n\n\n<p>Una de las caracter\u00edsticas principales del trastorno por atrac\u00f3n son los<strong> episodios recurrentes de ingesta excesiva de alimentos<\/strong>. Durante estos episodios, la persona con trastorno por atrac\u00f3n consume grandes cantidades de comida en un corto per\u00edodo de tiempo, sin sentir una verdadera sensaci\u00f3n de hambre. Estos atracones son acompa\u00f1ados por un sentimiento de falta de control y la incapacidad de detenerse a pesar de sentirse satisfecho.<\/p>\n\n\n\n<h3 class=\"wp-block-heading\" id=\"sensacion-de-perdida-de-control\">Sensaci\u00f3n de p\u00e9rdida de control<\/h3>\n\n\n\n<p>Acompa\u00f1ando a los episodios de ingesta compulsiva, las personas con trastorno por atrac\u00f3n experimentan una <strong>sensaci\u00f3n intensa de p\u00e9rdida de control<\/strong>. Durante el atrac\u00f3n, sienten que no pueden parar de comer, a\u00fan cuando desean frenar o detenerse. Esta sensaci\u00f3n de falta de control puede generar sentimientos de culpa, verg\u00fcenza y angustia en la persona afectada.<\/p>\n\n\n\n<figure class=\"wp-block-image size-full\"><a href=\"https:\/\/clinicajaimeicatarroja.com\/blog\/wp-content\/uploads\/2023\/09\/trastorno-por-atracon-1.jpg\"><img decoding=\"async\" width=\"900\" height=\"900\" src=\"https:\/\/clinicajaimeicatarroja.com\/blog\/wp-content\/uploads\/2023\/09\/trastorno-por-atracon-1.jpg\" alt=\"trastorno-por-atrac\u00f3n-valencia\" class=\"wp-image-17580\" title=\"\" srcset=\"https:\/\/clinicajaimeicatarroja.com\/blog\/wp-content\/uploads\/2023\/09\/trastorno-por-atracon-1.jpg 900w, https:\/\/clinicajaimeicatarroja.com\/blog\/wp-content\/uploads\/2023\/09\/trastorno-por-atracon-1-300x300.jpg 300w, https:\/\/clinicajaimeicatarroja.com\/blog\/wp-content\/uploads\/2023\/09\/trastorno-por-atracon-1-150x150.jpg 150w, https:\/\/clinicajaimeicatarroja.com\/blog\/wp-content\/uploads\/2023\/09\/trastorno-por-atracon-1-768x768.jpg 768w, https:\/\/clinicajaimeicatarroja.com\/blog\/wp-content\/uploads\/2023\/09\/trastorno-por-atracon-1-100x100.jpg 100w, https:\/\/clinicajaimeicatarroja.com\/blog\/wp-content\/uploads\/2023\/09\/trastorno-por-atracon-1-54x54.jpg 54w, https:\/\/clinicajaimeicatarroja.com\/blog\/wp-content\/uploads\/2023\/09\/trastorno-por-atracon-1-470x470.jpg 470w, https:\/\/clinicajaimeicatarroja.com\/blog\/wp-content\/uploads\/2023\/09\/trastorno-por-atracon-1-420x420.jpg 420w, https:\/\/clinicajaimeicatarroja.com\/blog\/wp-content\/uploads\/2023\/09\/trastorno-por-atracon-1-460x460.jpg 460w, https:\/\/clinicajaimeicatarroja.com\/blog\/wp-content\/uploads\/2023\/09\/trastorno-por-atracon-1-60x60.jpg 60w\" sizes=\"(max-width: 900px) 100vw, 900px\" \/><\/a><figcaption class=\"wp-element-caption\">problemas-alimentarios<\/figcaption><\/figure>\n\n\n\n<h3 class=\"wp-block-heading\" id=\"comer-hasta-sentirse-fisicamente-incomodo\">Comer hasta sentirse f\u00edsicamente inc\u00f3modo<\/h3>\n\n\n\n<p>Otro s\u00edntoma caracter\u00edstico del trastorno por atrac\u00f3n es la tendencia a <strong>comer grandes cantidades de comida hasta llegar a sentirse f\u00edsicamente inc\u00f3modo<\/strong>. Las personas con este trastorno pueden experimentar un malestar abdominal, sensaci\u00f3n de saciedad excesiva y distensi\u00f3n estomacal despu\u00e9s de un episodio de atrac\u00f3n. Este comportamiento puede generar problemas digestivos y contribuir al desarrollo de complicaciones f\u00edsicas a largo plazo.<\/p>\n\n\n\n<figure class=\"wp-block-image size-large\"><a href=\"https:\/\/clinicajaimeicatarroja.com\/blog\/wp-content\/uploads\/2023\/09\/comer-sin-control-1.jpg\"><img decoding=\"async\" width=\"1024\" height=\"683\" src=\"https:\/\/clinicajaimeicatarroja.com\/blog\/wp-content\/uploads\/2023\/09\/comer-sin-control-1-1024x683.jpg\" alt=\"trastorno-por-atrac\u00f3n-valencia\" class=\"wp-image-17590\" title=\"\" srcset=\"https:\/\/clinicajaimeicatarroja.com\/blog\/wp-content\/uploads\/2023\/09\/comer-sin-control-1-1024x683.jpg 1024w, https:\/\/clinicajaimeicatarroja.com\/blog\/wp-content\/uploads\/2023\/09\/comer-sin-control-1-300x200.jpg 300w, https:\/\/clinicajaimeicatarroja.com\/blog\/wp-content\/uploads\/2023\/09\/comer-sin-control-1-768x512.jpg 768w, https:\/\/clinicajaimeicatarroja.com\/blog\/wp-content\/uploads\/2023\/09\/comer-sin-control-1.jpg 1200w\" sizes=\"(max-width: 1024px) 100vw, 1024px\" \/><\/a><figcaption class=\"wp-element-caption\">consumo descontrolado y excesivo de alimentos<\/figcaption><\/figure>\n\n\n\n<h2 class=\"wp-block-heading\" id=\"causas-del-trastorno-por-atracon\">Causas del trastorno por atrac\u00f3n<\/h2>\n\n\n\n<p>El trastorno por atrac\u00f3n puede ser causado por una combinaci\u00f3n de factores psicol\u00f3gicos, emocionales y socioculturales. A continuaci\u00f3n, se detallan algunos de los principales factores que pueden contribuir al desarrollo de este trastorno.<\/p>\n\n\n\n<h3 class=\"wp-block-heading\" id=\"factores-psicologicos-y-emocionales\">Factores psicol\u00f3gicos y emocionales<\/h3>\n\n\n\n<p>Las personas que sufren de trastorno por atrac\u00f3n a menudo tienen <strong>problemas emocionales subyacentes, como depresi\u00f3n, ansiedad, baja autoestima o estr\u00e9s.<\/strong> El comer en exceso puede convertirse en una forma de lidiar con estas emociones negativas o de llenar un vac\u00edo emocional. La falta de habilidades para manejar las emociones de manera saludable y la dificultad para regular el apetito tambi\u00e9n pueden desempe\u00f1ar un papel en la aparici\u00f3n del trastorno.<\/p>\n\n\n\n<figure class=\"wp-block-image size-large\"><a href=\"https:\/\/clinicajaimeicatarroja.com\/blog\/wp-content\/uploads\/2023\/09\/depresion-1-1.jpg\"><img decoding=\"async\" width=\"1024\" height=\"683\" src=\"https:\/\/clinicajaimeicatarroja.com\/blog\/wp-content\/uploads\/2023\/09\/depresion-1-1-1024x683.jpg\" alt=\"trastorno-por-atrac\u00f3n-valencia\" class=\"wp-image-17581\" title=\"\" srcset=\"https:\/\/clinicajaimeicatarroja.com\/blog\/wp-content\/uploads\/2023\/09\/depresion-1-1-1024x683.jpg 1024w, https:\/\/clinicajaimeicatarroja.com\/blog\/wp-content\/uploads\/2023\/09\/depresion-1-1-300x200.jpg 300w, https:\/\/clinicajaimeicatarroja.com\/blog\/wp-content\/uploads\/2023\/09\/depresion-1-1-768x512.jpg 768w, https:\/\/clinicajaimeicatarroja.com\/blog\/wp-content\/uploads\/2023\/09\/depresion-1-1.jpg 1200w\" sizes=\"(max-width: 1024px) 100vw, 1024px\" \/><\/a><figcaption class=\"wp-element-caption\">depresion<\/figcaption><\/figure>\n\n\n\n<h3 class=\"wp-block-heading\" id=\"influencia-de-factores-socioculturales\">Influencia de factores socioculturales<\/h3>\n\n\n\n<p>La <strong>cultura y el entorno en el que una persona vive<\/strong> pueden contribuir al desarrollo del trastorno por atrac\u00f3n. La presi\u00f3n social y los mensajes constantes sobre la apariencia f\u00edsica y la dieta pueden generar sentimientos de insatisfacci\u00f3n con el cuerpo y alimentar comportamientos desordenados relacionados con la comida. Adem\u00e1s, vivir en un entorno donde la comida es f\u00e1cilmente accesible y donde se fomenta el consumo excesivo puede aumentar el riesgo de desarrollar este trastorno.<\/p>\n\n\n\n<h3 class=\"wp-block-heading\" id=\"relacion-con-otros-trastornos-mentales\">Relaci\u00f3n con otros trastornos mentales<\/h3>\n\n\n\n<p>El trastorno por atrac\u00f3n est\u00e1 estrechamente <strong>relacionado con otros trastornos mentales, como la depresi\u00f3n, la ansiedad, el trastorno de estr\u00e9s postraum\u00e1tico y el trastorno de la personalidad por evitaci\u00f3<\/strong>n. Estos trastornos pueden contribuir a la aparici\u00f3n del trastorno por atrac\u00f3n al desencadenar comportamientos de alimentaci\u00f3n desordenada como una forma de hacer frente a las emociones negativas o como una forma de control y manejo de la vida cotidiana.<\/p>\n\n\n\n<figure class=\"wp-block-image size-large\"><a href=\"https:\/\/clinicajaimeicatarroja.com\/blog\/wp-content\/uploads\/2023\/09\/comer-con-depresion-1.jpg\"><img decoding=\"async\" width=\"1024\" height=\"683\" src=\"https:\/\/clinicajaimeicatarroja.com\/blog\/wp-content\/uploads\/2023\/09\/comer-con-depresion-1-1024x683.jpg\" alt=\"trastorno-por-atrac\u00f3n-valencia\" class=\"wp-image-17582\" title=\"\" srcset=\"https:\/\/clinicajaimeicatarroja.com\/blog\/wp-content\/uploads\/2023\/09\/comer-con-depresion-1-1024x683.jpg 1024w, https:\/\/clinicajaimeicatarroja.com\/blog\/wp-content\/uploads\/2023\/09\/comer-con-depresion-1-300x200.jpg 300w, https:\/\/clinicajaimeicatarroja.com\/blog\/wp-content\/uploads\/2023\/09\/comer-con-depresion-1-768x512.jpg 768w, https:\/\/clinicajaimeicatarroja.com\/blog\/wp-content\/uploads\/2023\/09\/comer-con-depresion-1.jpg 1200w\" sizes=\"(max-width: 1024px) 100vw, 1024px\" \/><\/a><figcaption class=\"wp-element-caption\">ansiedad<\/figcaption><\/figure>\n\n\n\n<h2 class=\"wp-block-heading\" id=\"consecuencias-del-trastorno-por-atracon\">Consecuencias del trastorno por atrac\u00f3n<\/h2>\n\n\n\n<p>El trastorno por atrac\u00f3n puede tener graves repercusiones en la salud f\u00edsica y mental de quienes lo padecen. Estas consecuencias abarcan desde complicaciones f\u00edsicas hasta impactos en la imagen corporal y la autoestima, as\u00ed como una mayor predisposici\u00f3n a desarrollar problemas de obesidad y otros trastornos relacionados.<\/p>\n\n\n\n<h3 class=\"wp-block-heading\" id=\"riesgos-para-la-salud-fisica-y-mental\">Riesgos para la salud f\u00edsica y mental<\/h3>\n\n\n\n<ul class=\"wp-block-list\">\n<li>Las personas con trastorno por atrac\u00f3n tienen un mayor riesgo de sufrir obesidad y todas las complicaciones asociadas a esta enfermedad, como diabetes tipo 2, enfermedades cardiovasculares y problemas articulares.<\/li>\n\n\n\n<li>Adem\u00e1s, el consumo excesivo de alimentos puede desencadenar alteraciones gastrointestinales, como dolor abdominal, inflamaci\u00f3n y malestar estomacal.<\/li>\n\n\n\n<li>Desde el punto de vista mental, el trastorno por atrac\u00f3n se asocia con altos niveles de ansiedad, depresi\u00f3n y sentimientos de culpa y verg\u00fcenza, lo que puede afectar negativamente la calidad de vida y la funcionalidad del individuo en diferentes \u00e1mbitos.<\/li>\n<\/ul>\n\n\n\n<figure class=\"wp-block-image size-large\"><a href=\"https:\/\/clinicajaimeicatarroja.com\/blog\/wp-content\/uploads\/2023\/09\/dolor-estomacal-1.jpg\"><img decoding=\"async\" width=\"1024\" height=\"576\" src=\"https:\/\/clinicajaimeicatarroja.com\/blog\/wp-content\/uploads\/2023\/09\/dolor-estomacal-1-1024x576.jpg\" alt=\"trastorno-por-atrac\u00f3n-valencia\" class=\"wp-image-17591\" title=\"\" srcset=\"https:\/\/clinicajaimeicatarroja.com\/blog\/wp-content\/uploads\/2023\/09\/dolor-estomacal-1-1024x576.jpg 1024w, https:\/\/clinicajaimeicatarroja.com\/blog\/wp-content\/uploads\/2023\/09\/dolor-estomacal-1-300x169.jpg 300w, https:\/\/clinicajaimeicatarroja.com\/blog\/wp-content\/uploads\/2023\/09\/dolor-estomacal-1-768x432.jpg 768w, https:\/\/clinicajaimeicatarroja.com\/blog\/wp-content\/uploads\/2023\/09\/dolor-estomacal-1.jpg 1422w\" sizes=\"(max-width: 1024px) 100vw, 1024px\" \/><\/a><figcaption class=\"wp-element-caption\">dolor-estomacal<\/figcaption><\/figure>\n\n\n\n<h3 class=\"wp-block-heading\" id=\"impacto-en-la-imagen-corporal-y-la-autoestima\">Impacto en la imagen corporal y la autoestima<\/h3>\n\n\n\n<p>Las personas con trastorno por atrac\u00f3n <strong>suelen experimentar una percepci\u00f3n negativa de su imagen corporal,<\/strong> lo que puede llevar a problemas de baja autoestima y autoaceptaci\u00f3n. Los atracones recurrentes y la falta de control sobre la alimentaci\u00f3n pueden generar sentimientos de verg\u00fcenza y frustraci\u00f3n, afectando la forma en que se perciben a s\u00ed mismos.<\/p>\n\n\n\n<figure class=\"wp-block-image size-large\"><a href=\"https:\/\/clinicajaimeicatarroja.com\/blog\/wp-content\/uploads\/2023\/09\/vista-lateral-mujer-muscular-hermosa-1.jpg\"><img decoding=\"async\" width=\"1024\" height=\"684\" src=\"https:\/\/clinicajaimeicatarroja.com\/blog\/wp-content\/uploads\/2023\/09\/vista-lateral-mujer-muscular-hermosa-1-1024x684.jpg\" alt=\"trastorno-por-atrac\u00f3n-valencia\" class=\"wp-image-17583\" title=\"\" srcset=\"https:\/\/clinicajaimeicatarroja.com\/blog\/wp-content\/uploads\/2023\/09\/vista-lateral-mujer-muscular-hermosa-1-1024x684.jpg 1024w, https:\/\/clinicajaimeicatarroja.com\/blog\/wp-content\/uploads\/2023\/09\/vista-lateral-mujer-muscular-hermosa-1-300x200.jpg 300w, https:\/\/clinicajaimeicatarroja.com\/blog\/wp-content\/uploads\/2023\/09\/vista-lateral-mujer-muscular-hermosa-1-768x513.jpg 768w, https:\/\/clinicajaimeicatarroja.com\/blog\/wp-content\/uploads\/2023\/09\/vista-lateral-mujer-muscular-hermosa-1.jpg 1198w\" sizes=\"(max-width: 1024px) 100vw, 1024px\" \/><\/a><figcaption class=\"wp-element-caption\">patron-de-belleza<\/figcaption><\/figure>\n\n\n\n<h3 class=\"wp-block-heading\" id=\"relacion-con-la-obesidad-y-otros-problemas-de-salud\">Relaci\u00f3n con la obesidad y otros problemas de salud<\/h3>\n\n\n\n<p>El trastorno por atrac\u00f3n est\u00e1 <strong>estrechamente relacionado con la obesidad<\/strong>. Las grandes cantidades de alimentos ingeridos durante los episodios de atrac\u00f3n pueden causar un aumento significativo de peso, lo cual aumenta el riesgo de desarrollar problemas de salud asociados, como diabetes, hipertensi\u00f3n arterial y enfermedades cardiovasculares.<\/p>\n\n\n\n<p>Adem\u00e1s, el trastorno por atrac\u00f3n puede tambi\u00e9n tener repercusiones en otros aspectos de la vida, como las relaciones interpersonales, el rendimiento acad\u00e9mico o laboral, y la participaci\u00f3n en actividades sociales.<\/p>\n\n\n\n<figure class=\"wp-block-image size-large\"><a href=\"https:\/\/clinicajaimeicatarroja.com\/blog\/wp-content\/uploads\/2023\/09\/mujer-obesa-agua-potable-1.jpg\"><img decoding=\"async\" width=\"1024\" height=\"683\" src=\"https:\/\/clinicajaimeicatarroja.com\/blog\/wp-content\/uploads\/2023\/09\/mujer-obesa-agua-potable-1-1024x683.jpg\" alt=\"trastorno-por-atrac\u00f3n-valencia\" class=\"wp-image-17589\" title=\"\" srcset=\"https:\/\/clinicajaimeicatarroja.com\/blog\/wp-content\/uploads\/2023\/09\/mujer-obesa-agua-potable-1-1024x683.jpg 1024w, https:\/\/clinicajaimeicatarroja.com\/blog\/wp-content\/uploads\/2023\/09\/mujer-obesa-agua-potable-1-300x200.jpg 300w, https:\/\/clinicajaimeicatarroja.com\/blog\/wp-content\/uploads\/2023\/09\/mujer-obesa-agua-potable-1-768x512.jpg 768w, https:\/\/clinicajaimeicatarroja.com\/blog\/wp-content\/uploads\/2023\/09\/mujer-obesa-agua-potable-1.jpg 1200w\" sizes=\"(max-width: 1024px) 100vw, 1024px\" \/><\/a><figcaption class=\"wp-element-caption\">obesidad<\/figcaption><\/figure>\n\n\n\n<h2 class=\"wp-block-heading\" id=\"tratamiento-del-trastorno-por-atracon\">Tratamiento del trastorno por atrac\u00f3n<\/h2>\n\n\n\n<p>El <strong>tratamiento del trastorno por atrac\u00f3n<\/strong> es fundamental para ayudar a las personas a recuperarse de este problema alimentario. Existen diversos enfoques terap\u00e9uticos recomendados que buscan abordar tanto los aspectos f\u00edsicos como los psicol\u00f3gicos de esta condici\u00f3n.<\/p>\n\n\n\n<h3 class=\"wp-block-heading\" id=\"enfoques-terapeuticos-recomendados\">Enfoques terap\u00e9uticos recomendados<\/h3>\n\n\n\n<p>Una de las opciones terap\u00e9uticas m\u00e1s comunes es la <strong><a href=\"https:\/\/clinicajaimeicatarroja.com\/blog\/psicoterapia\" target=\"_blank\" rel=\"noreferrer noopener\">terapia cognitivo-conductual (TCC)<\/a><\/strong>, que busca identificar y cambiar los patrones de pensamientos y comportamientos disfuncionales relacionados con la alimentaci\u00f3n. A trav\u00e9s de esta terapia, se ense\u00f1an habilidades de afrontamiento y se fomenta el desarrollo de una relaci\u00f3n m\u00e1s saludable con la comida.<\/p>\n\n\n\n<p>Adem\u00e1s, la terapia interpersonal puede ser beneficiosa, ya que se centra en las relaciones y los problemas emocionales que pueden contribuir al trastorno por atrac\u00f3n. Esta terapia puede ayudar a mejorar la comunicaci\u00f3n y a desarrollar estrategias para enfrentar situaciones desencadenantes de los atracones.<\/p>\n\n\n\n<p>En algunos casos, la terapia de grupo puede ser \u00fatil, ya que permite a las personas compartir sus experiencias y recibir apoyo de personas que est\u00e1n pasando por situaciones similares. El apoyo de grupos de autoayuda, como Overeaters Anonymous, tambi\u00e9n puede ser beneficioso en el proceso de recuperaci\u00f3n.<\/p>\n\n\n\n<figure class=\"wp-block-image size-large\"><a href=\"https:\/\/clinicajaimeicatarroja.com\/blog\/wp-content\/uploads\/2023\/09\/psicoterapia-1.jpg\"><img decoding=\"async\" width=\"1024\" height=\"683\" src=\"https:\/\/clinicajaimeicatarroja.com\/blog\/wp-content\/uploads\/2023\/09\/psicoterapia-1-1024x683.jpg\" alt=\"trastorno-por-atrac\u00f3n-valencia\" class=\"wp-image-17584\" title=\"\" srcset=\"https:\/\/clinicajaimeicatarroja.com\/blog\/wp-content\/uploads\/2023\/09\/psicoterapia-1-1024x683.jpg 1024w, https:\/\/clinicajaimeicatarroja.com\/blog\/wp-content\/uploads\/2023\/09\/psicoterapia-1-300x200.jpg 300w, https:\/\/clinicajaimeicatarroja.com\/blog\/wp-content\/uploads\/2023\/09\/psicoterapia-1-768x512.jpg 768w, https:\/\/clinicajaimeicatarroja.com\/blog\/wp-content\/uploads\/2023\/09\/psicoterapia-1.jpg 1200w\" sizes=\"(max-width: 1024px) 100vw, 1024px\" \/><\/a><figcaption class=\"wp-element-caption\">psicoterapia<\/figcaption><\/figure>\n\n\n\n<h3 class=\"wp-block-heading\" id=\"importancia-de-la-atencion-medica-especializada\">Importancia de la atenci\u00f3n m\u00e9dica especializada<\/h3>\n\n\n\n<p>Es fundamental <strong><a href=\"https:\/\/clinicajaimeicatarroja.com\/especialidades\/psiquiatria\" target=\"_blank\" rel=\"noreferrer noopener\">buscar atenci\u00f3n m\u00e9dica especializada <\/a><\/strong>para el tratamiento del trastorno por atrac\u00f3n. Un m\u00e9dico o especialista en trastornos alimentarios puede evaluar la salud f\u00edsica y emocional de la persona afectada, realizar un diagn\u00f3stico adecuado y proporcionar una gu\u00eda integral de tratamiento.<\/p>\n\n\n\n<p>La atenci\u00f3n m\u00e9dica especializada tambi\u00e9n puede incluir el monitoreo de la salud f\u00edsica a trav\u00e9s de an\u00e1lisis de sangre, evaluaci\u00f3n de la composici\u00f3n corporal y seguimiento de posibles complicaciones asociadas al atrac\u00f3n recurrente, como la obesidad, diabetes u otros problemas de salud.<\/p>\n\n\n\n<h3 class=\"wp-block-heading\" id=\"apoyo-de-grupos-y-recursos-para-la-recuperacion\">Apoyo de grupos y recursos para la recuperaci\u00f3n<\/h3>\n\n\n\n<p>Adem\u00e1s del tratamiento terap\u00e9utico, contar con el <strong>apoyo de grupos y recursos para la recuperaci\u00f3n es de gran ayuda<\/strong>. Los grupos de apoyo, como los mencionados anteriormente, ofrecen un espacio seguro donde las personas pueden compartir sus experiencias, recibir consejos y obtener el apoyo emocional necesario durante el proceso de recuperaci\u00f3n.<\/p>\n\n\n\n<p>Asimismo, es recomendable buscar recursos adicionales, como literatura especializada sobre el trastorno por atrac\u00f3n, gu\u00edas de alimentaci\u00f3n saludable, programas de ejercicios adaptados a las necesidades individuales y otras herramientas que puedan fortalecer el proceso de recuperaci\u00f3n y promover un estilo de vida equilibrado.<\/p>\n\n\n\n<figure class=\"wp-block-image size-large\"><a href=\"https:\/\/clinicajaimeicatarroja.com\/blog\/wp-content\/uploads\/2023\/09\/grupos-de-apoyo-1.jpg\"><img decoding=\"async\" width=\"1024\" height=\"719\" src=\"https:\/\/clinicajaimeicatarroja.com\/blog\/wp-content\/uploads\/2023\/09\/grupos-de-apoyo-1-1024x719.jpg\" alt=\"trastorno-por-atrac\u00f3n-valencia\" class=\"wp-image-17585\" title=\"\" srcset=\"https:\/\/clinicajaimeicatarroja.com\/blog\/wp-content\/uploads\/2023\/09\/grupos-de-apoyo-1-1024x719.jpg 1024w, https:\/\/clinicajaimeicatarroja.com\/blog\/wp-content\/uploads\/2023\/09\/grupos-de-apoyo-1-300x211.jpg 300w, https:\/\/clinicajaimeicatarroja.com\/blog\/wp-content\/uploads\/2023\/09\/grupos-de-apoyo-1-768x539.jpg 768w, https:\/\/clinicajaimeicatarroja.com\/blog\/wp-content\/uploads\/2023\/09\/grupos-de-apoyo-1.jpg 1140w\" sizes=\"(max-width: 1024px) 100vw, 1024px\" \/><\/a><figcaption class=\"wp-element-caption\">apoyo-grupal<\/figcaption><\/figure>\n\n\n\n<h2 class=\"wp-block-heading\" id=\"prevencion-del-trastorno-por-atracon\">Prevenci\u00f3n del trastorno por atrac\u00f3n<\/h2>\n\n\n\n<p>El trastorno por atrac\u00f3n es un problema alimentario grave que requiere atenci\u00f3n y enfoque en la prevenci\u00f3n. A continuaci\u00f3n, se presentan algunas medidas clave para prevenir el trastorno por atrac\u00f3n:<\/p>\n\n\n\n<h3 class=\"wp-block-heading\" id=\"promocion-de-una-alimentacion-saludable\">Promoci\u00f3n de una alimentaci\u00f3n saludable<\/h3>\n\n\n\n<p>Una alimentaci\u00f3n equilibrada y saludable es fundamental para prevenir el <strong><a href=\"https:\/\/es.wikipedia.org\/wiki\/Trastorno_por_atrac%C3%B3n#:~:text=El%20trastorno%20por%20atrac%C3%B3n%20(TA,control%20sobre%20lo%20que%20se\" target=\"_blank\" rel=\"noreferrer noopener\">trastorno por atrac\u00f3n.<\/a><\/strong> Es importante <strong>fomentar una relaci\u00f3n positiva y consciente con la comida<\/strong>, evitando restricciones excesivas o dietas extremas. Algunas recomendaciones incluyen:<\/p>\n\n\n\n<ul class=\"wp-block-list\">\n<li>Incluir una variedad de alimentos en la dieta, priorizando frutas, verduras, prote\u00ednas magras y granos enteros.<\/li>\n\n\n\n<li>Mantener horarios regulares de comidas y evitar saltarse comidas principales.<\/li>\n\n\n\n<li>Evitar el consumo excesivo de alimentos procesados y ricos en grasas saturadas o az\u00facares a\u00f1adidos.<\/li>\n\n\n\n<li>Escuchar las se\u00f1ales de hambre y saciedad del cuerpo, evitando comer por aburrimiento, estr\u00e9s o emociones negativas.<\/li>\n<\/ul>\n\n\n\n<figure class=\"wp-block-image size-large\"><a href=\"https:\/\/clinicajaimeicatarroja.com\/blog\/wp-content\/uploads\/2023\/09\/educacion-1.jpg\"><img decoding=\"async\" width=\"1024\" height=\"683\" src=\"https:\/\/clinicajaimeicatarroja.com\/blog\/wp-content\/uploads\/2023\/09\/educacion-1-1024x683.jpg\" alt=\"trastorno-por-atrac\u00f3n-valencia\" class=\"wp-image-17586\" title=\"\" srcset=\"https:\/\/clinicajaimeicatarroja.com\/blog\/wp-content\/uploads\/2023\/09\/educacion-1-1024x683.jpg 1024w, https:\/\/clinicajaimeicatarroja.com\/blog\/wp-content\/uploads\/2023\/09\/educacion-1-300x200.jpg 300w, https:\/\/clinicajaimeicatarroja.com\/blog\/wp-content\/uploads\/2023\/09\/educacion-1-768x512.jpg 768w, https:\/\/clinicajaimeicatarroja.com\/blog\/wp-content\/uploads\/2023\/09\/educacion-1.jpg 1200w\" sizes=\"(max-width: 1024px) 100vw, 1024px\" \/><\/a><figcaption class=\"wp-element-caption\">concienciaci\u00f3n<\/figcaption><\/figure>\n\n\n\n<h3 class=\"wp-block-heading\" id=\"educacion-sobre-la-imagen-corporal-positiva\">Educaci\u00f3n sobre la imagen corporal positiva<\/h3>\n\n\n\n<p>La sociedad actual promueve est\u00e1ndares de belleza irreales, lo que puede afectar negativamente la percepci\u00f3n de la imagen corporal. Para prevenir el trastorno por atrac\u00f3n, es importante <strong>fomentar una imagen corporal positiva y realista, ense\u00f1ando a valorar y respetar el propio cuerpo<\/strong>. Algunas estrategias incluyen:<\/p>\n\n\n\n<ul class=\"wp-block-list\">\n<li>Enfocarse en la salud y el bienestar en lugar de la apariencia externa.<\/li>\n\n\n\n<li>Promover la aceptaci\u00f3n de diferentes tipos de cuerpos y desafiar los estereotipos de belleza.<\/li>\n\n\n\n<li>Ense\u00f1ar habilidades para desarrollar una autoestima s\u00f3lida y basada en otros aspectos de la persona, m\u00e1s all\u00e1 de la apariencia f\u00edsica.<\/li>\n<\/ul>\n\n\n\n<figure class=\"wp-block-image size-large\"><a href=\"https:\/\/clinicajaimeicatarroja.com\/blog\/wp-content\/uploads\/2023\/09\/medico-1-1.jpg\"><img decoding=\"async\" width=\"1024\" height=\"683\" src=\"https:\/\/clinicajaimeicatarroja.com\/blog\/wp-content\/uploads\/2023\/09\/medico-1-1-1024x683.jpg\" alt=\"trastorno-por-atrac\u00f3n-valencia\" class=\"wp-image-17587\" title=\"\" srcset=\"https:\/\/clinicajaimeicatarroja.com\/blog\/wp-content\/uploads\/2023\/09\/medico-1-1-1024x683.jpg 1024w, https:\/\/clinicajaimeicatarroja.com\/blog\/wp-content\/uploads\/2023\/09\/medico-1-1-300x200.jpg 300w, https:\/\/clinicajaimeicatarroja.com\/blog\/wp-content\/uploads\/2023\/09\/medico-1-1-768x512.jpg 768w, https:\/\/clinicajaimeicatarroja.com\/blog\/wp-content\/uploads\/2023\/09\/medico-1-1.jpg 1200w\" sizes=\"(max-width: 1024px) 100vw, 1024px\" \/><\/a><figcaption class=\"wp-element-caption\">ayuda-especialista<\/figcaption><\/figure>\n\n\n\n<h3 class=\"wp-block-heading\" id=\"fomento-de-la-salud-mental-y-emocional\">Fomento de la salud mental y emocional<\/h3>\n\n\n\n<p>La salud mental juega un papel crucial en la <strong>prevenci\u00f3n del trastorno por atrac\u00f3n<\/strong>. Es fundamental desarrollar habilidades de afrontamiento adecuadas y manejar el estr\u00e9s y las emociones negativas de manera saludable. A continuaci\u00f3n, se presentan algunas estrategias para promover la salud mental:<\/p>\n\n\n\n<ul class=\"wp-block-list\">\n<li>Fomentar la comunicaci\u00f3n abierta y el apoyo emocional en el entorno familiar y social.<\/li>\n\n\n\n<li>Ense\u00f1ar t\u00e9cnicas de relajaci\u00f3n y manejo del estr\u00e9s, como la meditaci\u00f3n o el ejercicio regular.<\/li>\n\n\n\n<li>Promover la b\u00fasqueda de ayuda profesional en casos de estr\u00e9s cr\u00f3nico o trastornos emocionales.<\/li>\n<\/ul>\n\n\n\n<p>La prevenci\u00f3n del trastorno por atrac\u00f3n requiere un enfoque integral que abarque tanto la alimentaci\u00f3n saludable como el cuidado de la imagen corporal y la salud mental. Siguiendo estas pautas, se puede contribuir a prevenir la aparici\u00f3n de este trastorno y promover un estilo de vida saludable y equilibrado.<\/p>\n","protected":false},"excerpt":{"rendered":"<p>El trastorno por atrac\u00f3n es un problema alimentario grave en el que las personas consumen grandes cantidades de alimentos sin poder controlarlo. A diferencia de la bulimia, no se realiza ninguna acci\u00f3n compensatoria despu\u00e9s de comer en exceso. Los s\u00edntomas caracter\u00edsticos incluyen comer en exceso, hacerlo r\u00e1pidamente y sentir malestar f\u00edsico. Las causas pueden ser [&hellip;]<\/p>\n","protected":false},"author":1,"featured_media":17576,"comment_status":"open","ping_status":"open","sticky":false,"template":"","format":"standard","meta":{"footnotes":""},"categories":[309],"tags":[],"class_list":["post-17571","post","type-post","status-publish","format-standard","has-post-thumbnail","hentry","category-psiquiatria"],"_links":{"self":[{"href":"https:\/\/clinicajaimeicatarroja.com\/blog\/wp-json\/wp\/v2\/posts\/17571","targetHints":{"allow":["GET"]}}],"collection":[{"href":"https:\/\/clinicajaimeicatarroja.com\/blog\/wp-json\/wp\/v2\/posts"}],"about":[{"href":"https:\/\/clinicajaimeicatarroja.com\/blog\/wp-json\/wp\/v2\/types\/post"}],"author":[{"embeddable":true,"href":"https:\/\/clinicajaimeicatarroja.com\/blog\/wp-json\/wp\/v2\/users\/1"}],"replies":[{"embeddable":true,"href":"https:\/\/clinicajaimeicatarroja.com\/blog\/wp-json\/wp\/v2\/comments?post=17571"}],"version-history":[{"count":5,"href":"https:\/\/clinicajaimeicatarroja.com\/blog\/wp-json\/wp\/v2\/posts\/17571\/revisions"}],"predecessor-version":[{"id":17592,"href":"https:\/\/clinicajaimeicatarroja.com\/blog\/wp-json\/wp\/v2\/posts\/17571\/revisions\/17592"}],"wp:featuredmedia":[{"embeddable":true,"href":"https:\/\/clinicajaimeicatarroja.com\/blog\/wp-json\/wp\/v2\/media\/17576"}],"wp:attachment":[{"href":"https:\/\/clinicajaimeicatarroja.com\/blog\/wp-json\/wp\/v2\/media?parent=17571"}],"wp:term":[{"taxonomy":"category","embeddable":true,"href":"https:\/\/clinicajaimeicatarroja.com\/blog\/wp-json\/wp\/v2\/categories?post=17571"},{"taxonomy":"post_tag","embeddable":true,"href":"https:\/\/clinicajaimeicatarroja.com\/blog\/wp-json\/wp\/v2\/tags?post=17571"}],"curies":[{"name":"wp","href":"https:\/\/api.w.org\/{rel}","templated":true}]}}