{"id":16768,"date":"2023-08-29T08:56:11","date_gmt":"2023-08-29T06:56:11","guid":{"rendered":"https:\/\/clinicajaimeicatarroja.com\/blog\/?p=16768"},"modified":"2023-08-29T10:33:09","modified_gmt":"2023-08-29T08:33:09","slug":"suicidio","status":"publish","type":"post","link":"https:\/\/clinicajaimeicatarroja.com\/blog\/suicidio","title":{"rendered":"El suicidio: Un tema tab\u00fa que necesita ser abordado con urgencia"},"content":{"rendered":"\n<p>El <strong>suicidio<\/strong> es un tema delicado que requiere atenci\u00f3n urgente. En este art\u00edculo, exploraremos los <strong>factores de riesgo asociados, como enfermedades mentales, abuso de sustancias y factores psicosociales<\/strong>. Tambi\u00e9n examinaremos las <strong>se\u00f1ales de alerta y las estrategias de prevenci\u00f3n<\/strong>, as\u00ed como los <strong>m\u00e9todos comunes<\/strong> de suicidio y la <strong>importancia de limitar el acceso a ellos<\/strong>. Destacaremos la <strong>disponibilidad de recursos de ayuda<\/strong>, como la <strong>l\u00ednea 024<\/strong> y los servicios de salud mental. Adem\u00e1s, analizaremos las estad\u00edsticas y el impacto social del suicidio, y discutiremos las herramientas de prevenci\u00f3n y tratamientos en salud mental. Tambi\u00e9n examinaremos los desaf\u00edos en la prevenci\u00f3n del suicidio y la necesidad de pol\u00edticas y recursos en salud mental.<\/p>\n\n\n\n<figure class=\"wp-block-image size-large\"><a href=\"https:\/\/clinicajaimeicatarroja.com\/blog\/wp-content\/uploads\/2023\/08\/manos-extendidas-ayudar-1.jpg\"><img decoding=\"async\" width=\"1024\" height=\"683\" src=\"https:\/\/clinicajaimeicatarroja.com\/blog\/wp-content\/uploads\/2023\/08\/manos-extendidas-ayudar-1-1024x683.jpg\" alt=\"suicidio\" class=\"wp-image-17026\" title=\"\" srcset=\"https:\/\/clinicajaimeicatarroja.com\/blog\/wp-content\/uploads\/2023\/08\/manos-extendidas-ayudar-1-1024x683.jpg 1024w, https:\/\/clinicajaimeicatarroja.com\/blog\/wp-content\/uploads\/2023\/08\/manos-extendidas-ayudar-1-300x200.jpg 300w, https:\/\/clinicajaimeicatarroja.com\/blog\/wp-content\/uploads\/2023\/08\/manos-extendidas-ayudar-1-768x512.jpg 768w, https:\/\/clinicajaimeicatarroja.com\/blog\/wp-content\/uploads\/2023\/08\/manos-extendidas-ayudar-1.jpg 1200w\" sizes=\"(max-width: 1024px) 100vw, 1024px\" \/><\/a><figcaption class=\"wp-element-caption\">ayuda-suicidio<\/figcaption><\/figure>\n\n\n\n<div class=\"wp-block-rank-math-toc-block\" id=\"rank-math-toc\"><h2>Indice de Contenidos<\/h2><nav><ul><li class=\"\"><a href=\"#factores-de-riesgo-del-suicidio\">Factores de riesgo del suicidio<\/a><ul><li class=\"\"><a href=\"#enfermedades-mentales-y-trastornos-psicologicos\">Enfermedades mentales y trastornos psicol\u00f3gicos<\/a><\/li><li class=\"\"><a href=\"#abuso-de-sustancias-y-adicciones\">Abuso de sustancias y adicciones<\/a><\/li><li class=\"\"><a href=\"#factores-psicosociales-y-traumas\">Factores psicosociales y traumas<\/a><\/li><li class=\"\"><a href=\"#influencia-de-los-medios-de-comunicacion\">Influencia de los medios de comunicaci\u00f3n<\/a><\/li><\/ul><\/li><li class=\"\"><a href=\"#senales-de-alerta-y-prevencion\">Se\u00f1ales de alerta y prevenci\u00f3n<\/a><ul><li class=\"\"><a href=\"#identificacion-de-posibles-senales-de-suicidio\">Identificaci\u00f3n de posibles se\u00f1ales de suicidio<\/a><\/li><li class=\"\"><a href=\"#importancia-de-la-deteccion-temprana\">Importancia de la detecci\u00f3n temprana<\/a><\/li><li class=\"\"><a href=\"#estrategias-de-prevencion-y-apoyo-emocional\">Estrategias de prevenci\u00f3n y apoyo emocional<\/a><\/li><li class=\"\"><a href=\"#rol-de-los-servicios-de-salud-y-atencion-medica\">Rol de los servicios de salud y atenci\u00f3n m\u00e9dica<\/a><\/li><\/ul><\/li><li class=\"\"><a href=\"#metodos-de-suicidio-y-su-prevencion\">M\u00e9todos de suicidio y su prevenci\u00f3n<\/a><ul><li class=\"\"><a href=\"#metodos-comunes-utilizados\">M\u00e9todos comunes utilizados<\/a><\/li><li class=\"\"><a href=\"#limitacion-del-acceso-a-medios-letales\">Limitaci\u00f3n del acceso a medios letales<\/a><\/li><li class=\"\"><a href=\"#promocion-de-la-seguridad-y-proteccion\">Promoci\u00f3n de la seguridad y protecci\u00f3n<\/a><\/li><\/ul><\/li><li class=\"\"><a href=\"#recursos-de-ayuda-y-atencion\">Recursos de ayuda y atenci\u00f3n<\/a><ul><li class=\"\"><a href=\"#linea-024-de-atencion-a-la-conducta-suicida\">L\u00ednea 024 de atenci\u00f3n a la conducta suicida<\/a><\/li><li class=\"\"><a href=\"#servicios-de-salud-mental-y-bienestar-social\">Servicios de salud mental y bienestar social<\/a><\/li><li class=\"\"><a href=\"#paginas-web-y-redes-sociales-especializadas\">P\u00e1ginas web y redes sociales especializadas<\/a><\/li><li class=\"\"><a href=\"#centros-de-intervencion-y-emergencia\">Centros de intervenci\u00f3n y emergencia<\/a><\/li><\/ul><\/li><li class=\"\"><a href=\"#estadisticas-y-datos-sobre-el-suicidio\">Estad\u00edsticas y datos sobre el suicidio<\/a><ul><li class=\"\"><a href=\"#tasas-de-suicidio-a-nivel-nacional-e-internacional\">Tasas de suicidio a nivel nacional e internacional<\/a><\/li><li class=\"\"><a href=\"#factores-demograficos-y-socioeconomicos\">Factores demogr\u00e1ficos y socioecon\u00f3micos<\/a><\/li><li class=\"\"><a href=\"#impacto-en-la-salud-publica-y-consecuencias-sociales\">Impacto en la salud p\u00fablica y consecuencias sociales<\/a><\/li><\/ul><\/li><li class=\"\"><a href=\"#herramientas-de-prevencion-y-sensibilizacion\">Herramientas de prevenci\u00f3n y sensibilizaci\u00f3n<\/a><ul><li class=\"\"><a href=\"#programas-de-educacion-y-concientizacion\">Programas de educaci\u00f3n y concientizaci\u00f3n<\/a><\/li><li class=\"\"><a href=\"#politicas-y-legislacion-sobre-el-suicidio\">Pol\u00edticas y legislaci\u00f3n sobre el suicidio<\/a><\/li><li class=\"\"><a href=\"#involucramiento-de-la-comunidad-y-asociaciones\">Involucramiento de la comunidad y asociaciones<\/a><\/li><\/ul><\/li><li class=\"\"><a href=\"#tratamiento-y-terapias-de-salud-mental\">Tratamiento y terapias de salud mental<\/a><ul><li class=\"\"><a href=\"#enfoques-terapeuticos-efectivos\">Enfoques terap\u00e9uticos efectivos<\/a><\/li><li class=\"\"><a href=\"#terapia-cognitivo-conductual-y-dialectica-conductual\">Terapia cognitivo-conductual y dialectica-conductual<\/a><\/li><li class=\"\"><a href=\"#papel-de-los-medicamentos-y-tratamientos-farmacologicos\">Papel de los medicamentos y tratamientos farmacol\u00f3gicos<\/a><\/li><li class=\"\"><a href=\"#importancia-de-la-investigacion-y-analisis-de-datos\">Importancia de la investigaci\u00f3n y an\u00e1lisis de datos<\/a><\/li><li class=\"\"><a href=\"#necesidad-de-politicas-y-recursos-en-salud-mental\">Necesidad de pol\u00edticas y recursos en salud mental<\/a><\/li><\/ul><\/li><\/ul><\/nav><\/div>\n\n\n\n<figure class=\"wp-block-image size-large\"><a href=\"https:\/\/clinicajaimeicatarroja.com\/blog\/wp-content\/uploads\/2023\/08\/vendaje-autolesion-suicida-1-1.jpg\"><img decoding=\"async\" width=\"1024\" height=\"683\" src=\"https:\/\/clinicajaimeicatarroja.com\/blog\/wp-content\/uploads\/2023\/08\/vendaje-autolesion-suicida-1-1-1024x683.jpg\" alt=\"suicidio\" class=\"wp-image-17027\" title=\"\" srcset=\"https:\/\/clinicajaimeicatarroja.com\/blog\/wp-content\/uploads\/2023\/08\/vendaje-autolesion-suicida-1-1-1024x683.jpg 1024w, https:\/\/clinicajaimeicatarroja.com\/blog\/wp-content\/uploads\/2023\/08\/vendaje-autolesion-suicida-1-1-300x200.jpg 300w, https:\/\/clinicajaimeicatarroja.com\/blog\/wp-content\/uploads\/2023\/08\/vendaje-autolesion-suicida-1-1-768x512.jpg 768w, https:\/\/clinicajaimeicatarroja.com\/blog\/wp-content\/uploads\/2023\/08\/vendaje-autolesion-suicida-1-1.jpg 1199w\" sizes=\"(max-width: 1024px) 100vw, 1024px\" \/><\/a><figcaption class=\"wp-element-caption\">suicidio<\/figcaption><\/figure>\n\n\n\n<h2 class=\"wp-block-heading\" id=\"factores-de-riesgo-del-suicidio\">Factores de riesgo del suicidio<\/h2>\n\n\n\n<p>El suicidio es un fen\u00f3meno complejo y multifactorial que puede ser influenciado por diversos factores de riesgo. A continuaci\u00f3n se exploran algunas de las principales categor\u00edas que est\u00e1n asociadas con un mayor riesgo de suicidio:<\/p>\n\n\n\n<h3 class=\"wp-block-heading\" id=\"enfermedades-mentales-y-trastornos-psicologicos\">Enfermedades mentales y trastornos psicol\u00f3gicos<\/h3>\n\n\n\n<p>Las <strong>enfermedades mentales y los trastornos psicol\u00f3gicos<\/strong>, como la <strong><a href=\"https:\/\/clinicajaimeicatarroja.com\/blog\/depresion\" target=\"_blank\" rel=\"noreferrer noopener\">depresi\u00f3n<\/a><\/strong>, el <strong><a href=\"https:\/\/clinicajaimeicatarroja.com\/blog\/trastorno-bipolar\" target=\"_blank\" rel=\"noreferrer noopener\">trastorno bipola<\/a><\/strong>r, la <strong><a href=\"https:\/\/clinicajaimeicatarroja.com\/blog\/esquizofrenia\" target=\"_blank\" rel=\"noreferrer noopener\">esquizofrenia<\/a><\/strong> y los <strong><a href=\"https:\/\/clinicajaimeicatarroja.com\/blog\/ansiedad\" target=\"_blank\" rel=\"noreferrer noopener\">trastornos de ansieda<\/a><\/strong>d, pueden aumentar el riesgo de suicidio. Estas condiciones pueden generar una sensaci\u00f3n de desesperanza, desamparo y aislamiento, lo cual puede llevar a pensamientos suicidas.<\/p>\n\n\n\n<figure class=\"wp-block-image size-large\"><a href=\"https:\/\/clinicajaimeicatarroja.com\/blog\/wp-content\/uploads\/2023\/08\/ansiedad-1.jpg\"><img decoding=\"async\" width=\"1024\" height=\"597\" src=\"https:\/\/clinicajaimeicatarroja.com\/blog\/wp-content\/uploads\/2023\/08\/ansiedad-1-1024x597.jpg\" alt=\"suicidio\" class=\"wp-image-17031\" title=\"\" srcset=\"https:\/\/clinicajaimeicatarroja.com\/blog\/wp-content\/uploads\/2023\/08\/ansiedad-1-1024x597.jpg 1024w, https:\/\/clinicajaimeicatarroja.com\/blog\/wp-content\/uploads\/2023\/08\/ansiedad-1-300x175.jpg 300w, https:\/\/clinicajaimeicatarroja.com\/blog\/wp-content\/uploads\/2023\/08\/ansiedad-1-768x448.jpg 768w, https:\/\/clinicajaimeicatarroja.com\/blog\/wp-content\/uploads\/2023\/08\/ansiedad-1.jpg 1372w\" sizes=\"(max-width: 1024px) 100vw, 1024px\" \/><\/a><figcaption class=\"wp-element-caption\">ansiedad<\/figcaption><\/figure>\n\n\n\n<h3 class=\"wp-block-heading\" id=\"abuso-de-sustancias-y-adicciones\">Abuso de sustancias y adicciones<\/h3>\n\n\n\n<p>El <strong><a href=\"https:\/\/clinicajaimeicatarroja.com\/blog\/adicciones\">abuso de sustancias y las adiccione<\/a><\/strong>s, ya sea a <strong><a href=\"https:\/\/clinicajaimeicatarroja.com\/blog\/alcoholismo\" target=\"_blank\" rel=\"noreferrer noopener\">alcohol<\/a><\/strong>, drogas il\u00edcitas o medicamentos recetados, son factores de riesgo significativos para el suicidio. El consumo descontrolado de estas sustancias puede afectar negativamente el estado de \u00e1nimo, la salud mental y la capacidad de tomar decisiones racionales, incrementando as\u00ed el riesgo de ideaci\u00f3n suicida.<\/p>\n\n\n\n<figure class=\"wp-block-image size-large\"><a href=\"https:\/\/clinicajaimeicatarroja.com\/blog\/wp-content\/uploads\/2023\/08\/drogas-mayor-problema.jpg\"><img decoding=\"async\" width=\"1024\" height=\"683\" src=\"https:\/\/clinicajaimeicatarroja.com\/blog\/wp-content\/uploads\/2023\/08\/drogas-mayor-problema-1024x683.jpg\" alt=\"suicidio\" class=\"wp-image-17028\" title=\"\" srcset=\"https:\/\/clinicajaimeicatarroja.com\/blog\/wp-content\/uploads\/2023\/08\/drogas-mayor-problema-1024x683.jpg 1024w, https:\/\/clinicajaimeicatarroja.com\/blog\/wp-content\/uploads\/2023\/08\/drogas-mayor-problema-300x200.jpg 300w, https:\/\/clinicajaimeicatarroja.com\/blog\/wp-content\/uploads\/2023\/08\/drogas-mayor-problema-768x512.jpg 768w, https:\/\/clinicajaimeicatarroja.com\/blog\/wp-content\/uploads\/2023\/08\/drogas-mayor-problema.jpg 1199w\" sizes=\"(max-width: 1024px) 100vw, 1024px\" \/><\/a><\/figure>\n\n\n\n<h3 class=\"wp-block-heading\" id=\"factores-psicosociales-y-traumas\">Factores psicosociales y traumas<\/h3>\n\n\n\n<p>Los <strong>factores psicosociales<\/strong>, como la <strong><a href=\"https:\/\/clinicajaimeicatarroja.com\/blog\/duelo\" target=\"_blank\" rel=\"noreferrer noopener\">p\u00e9rdida de un ser querido<\/a><\/strong>, conflictos familiares, problemas laborales o econ\u00f3micos, experiencias de abuso o violencia, pueden aumentar la vulnerabilidad de una persona al suicidio. Adem\u00e1s, los traumas emocionales no resueltos, como el acoso o el abuso, pueden generar un profundo sufrimiento y llevar a considerar el suicidio como una posible salida.<\/p>\n\n\n\n<h3 class=\"wp-block-heading\" id=\"influencia-de-los-medios-de-comunicacion\">Influencia de los medios de comunicaci\u00f3n<\/h3>\n\n\n\n<p>La <strong>exposici\u00f3n a representaciones gr\u00e1ficas y expl\u00edcitas del suicidio en los medios de comunicaci\u00f3n puede tener un impacto en las actitudes y comportamientos de las personas<\/strong>. La existencia de relatos sensacionalistas o la glamurizaci\u00f3n del suicidio pueden normalizar esta conducta y aumentar el riesgo en personas vulnerables. Es crucial promover una cobertura responsable y crear conciencia sobre la influencia de los medios en este tema sensible.<\/p>\n\n\n\n<figure class=\"wp-block-image size-large\"><a href=\"https:\/\/clinicajaimeicatarroja.com\/blog\/wp-content\/uploads\/2023\/08\/deprimida-mujer-sentada-1.jpg\"><img decoding=\"async\" width=\"1024\" height=\"768\" src=\"https:\/\/clinicajaimeicatarroja.com\/blog\/wp-content\/uploads\/2023\/08\/deprimida-mujer-sentada-1-1024x768.jpg\" alt=\"suicidio\" class=\"wp-image-17033\" title=\"\" srcset=\"https:\/\/clinicajaimeicatarroja.com\/blog\/wp-content\/uploads\/2023\/08\/deprimida-mujer-sentada-1-1024x768.jpg 1024w, https:\/\/clinicajaimeicatarroja.com\/blog\/wp-content\/uploads\/2023\/08\/deprimida-mujer-sentada-1-300x225.jpg 300w, https:\/\/clinicajaimeicatarroja.com\/blog\/wp-content\/uploads\/2023\/08\/deprimida-mujer-sentada-1-768x576.jpg 768w, https:\/\/clinicajaimeicatarroja.com\/blog\/wp-content\/uploads\/2023\/08\/deprimida-mujer-sentada-1.jpg 1067w\" sizes=\"(max-width: 1024px) 100vw, 1024px\" \/><\/a><figcaption class=\"wp-element-caption\">esquizofrenia<\/figcaption><\/figure>\n\n\n\n<h2 class=\"wp-block-heading\" id=\"senales-de-alerta-y-prevencion\">Se\u00f1ales de alerta y prevenci\u00f3n<\/h2>\n\n\n\n<h3 class=\"wp-block-heading\" id=\"identificacion-de-posibles-senales-de-suicidio\">Identificaci\u00f3n de posibles se\u00f1ales de suicidio<\/h3>\n\n\n\n<p>Es fundamental <strong>estar atentos a ciertos signos<\/strong> que pueden indicar la presencia de pensamientos suicidas en una persona. Algunas se\u00f1ales pueden incluir cambios dr\u00e1sticos en el comportamiento o el estado de \u00e1nimo, expresiones de desesperanza o sentirse atrapado en una situaci\u00f3n sin salida. La manifestaci\u00f3n de sentimientos de culpa o inutilidad, el aislamiento social, la p\u00e9rdida de inter\u00e9s en actividades que sol\u00edan disfrutar o la falta de energ\u00eda y motivaci\u00f3n son otros posibles indicativos. Es importante prestar atenci\u00f3n a estas se\u00f1ales y no subestimar su gravedad.<\/p>\n\n\n\n<figure class=\"wp-block-image size-large\"><a href=\"https:\/\/clinicajaimeicatarroja.com\/blog\/wp-content\/uploads\/2023\/08\/silueta-cabeza-medio-llena-papel-1.jpg\"><img decoding=\"async\" width=\"1024\" height=\"683\" src=\"https:\/\/clinicajaimeicatarroja.com\/blog\/wp-content\/uploads\/2023\/08\/silueta-cabeza-medio-llena-papel-1-1024x683.jpg\" alt=\"suicidio\" class=\"wp-image-17029\" title=\"\" srcset=\"https:\/\/clinicajaimeicatarroja.com\/blog\/wp-content\/uploads\/2023\/08\/silueta-cabeza-medio-llena-papel-1-1024x683.jpg 1024w, https:\/\/clinicajaimeicatarroja.com\/blog\/wp-content\/uploads\/2023\/08\/silueta-cabeza-medio-llena-papel-1-300x200.jpg 300w, https:\/\/clinicajaimeicatarroja.com\/blog\/wp-content\/uploads\/2023\/08\/silueta-cabeza-medio-llena-papel-1-768x512.jpg 768w, https:\/\/clinicajaimeicatarroja.com\/blog\/wp-content\/uploads\/2023\/08\/silueta-cabeza-medio-llena-papel-1.jpg 1199w\" sizes=\"(max-width: 1024px) 100vw, 1024px\" \/><\/a><figcaption class=\"wp-element-caption\">suicidio-valencia<\/figcaption><\/figure>\n\n\n\n<h3 class=\"wp-block-heading\" id=\"importancia-de-la-deteccion-temprana\">Importancia de la detecci\u00f3n temprana<\/h3>\n\n\n\n<p>La <strong>detecci\u00f3n temprana<\/strong> de posibles se\u00f1ales de suicidio es clave para poder ofrecer ayuda y prevenir una tragedia. Conocer a las personas cercanas y estar atentos a los cambios en su comportamiento y estado de \u00e1nimo nos permite intervenir a tiempo. Es fundamental crear un ambiente en el que se pueda hablar abierta y libremente sobre los problemas emocionales y mentales, fomentando el di\u00e1logo y la empat\u00eda. La comunicaci\u00f3n efectiva y la capacidad de escucha activa son herramientas valiosas para detectar posibles se\u00f1ales de suicidio y brindar apoyo adecuado.<\/p>\n\n\n\n<figure class=\"wp-block-image size-large\"><a href=\"https:\/\/clinicajaimeicatarroja.com\/blog\/wp-content\/uploads\/2023\/08\/chica-infeliz-curva-labios-hace-gesto-suicidio-1.jpg\"><img decoding=\"async\" width=\"1024\" height=\"684\" src=\"https:\/\/clinicajaimeicatarroja.com\/blog\/wp-content\/uploads\/2023\/08\/chica-infeliz-curva-labios-hace-gesto-suicidio-1-1024x684.jpg\" alt=\"suicidio\" class=\"wp-image-17034\" title=\"\" srcset=\"https:\/\/clinicajaimeicatarroja.com\/blog\/wp-content\/uploads\/2023\/08\/chica-infeliz-curva-labios-hace-gesto-suicidio-1-1024x684.jpg 1024w, https:\/\/clinicajaimeicatarroja.com\/blog\/wp-content\/uploads\/2023\/08\/chica-infeliz-curva-labios-hace-gesto-suicidio-1-300x200.jpg 300w, https:\/\/clinicajaimeicatarroja.com\/blog\/wp-content\/uploads\/2023\/08\/chica-infeliz-curva-labios-hace-gesto-suicidio-1-768x513.jpg 768w, https:\/\/clinicajaimeicatarroja.com\/blog\/wp-content\/uploads\/2023\/08\/chica-infeliz-curva-labios-hace-gesto-suicidio-1.jpg 1198w\" sizes=\"(max-width: 1024px) 100vw, 1024px\" \/><\/a><figcaption class=\"wp-element-caption\">sintomas-suicidio<\/figcaption><\/figure>\n\n\n\n<h3 class=\"wp-block-heading\" id=\"estrategias-de-prevencion-y-apoyo-emocional\">Estrategias de prevenci\u00f3n y apoyo emocional<\/h3>\n\n\n\n<p>La <strong>prevenci\u00f3n del suicidio implica implementar estrategias eficaces para promover el bienestar mental y emocional.<\/strong> Es esencial fortalecer los recursos y servicios de salud mental, facilitando el acceso a terapias y tratamientos adecuados para aquellos que los necesiten. La educaci\u00f3n en salud mental y la concientizaci\u00f3n p\u00fablica son fundamentales para reducir el estigma asociado al suicidio y fomentar la b\u00fasqueda de ayuda. Asimismo, es esencial promover entornos seguros y de apoyo, donde las personas se sientan respaldadas y escuchadas en caso de crisis emocionales.<\/p>\n\n\n\n<h3 class=\"wp-block-heading\" id=\"rol-de-los-servicios-de-salud-y-atencion-medica\">Rol de los servicios de salud y atenci\u00f3n m\u00e9dica<\/h3>\n\n\n\n<p>Los servicios de salud y atenci\u00f3n m\u00e9dica desempe\u00f1an un papel crucial en la prevenci\u00f3n del suicidio. Es fundamental que los profesionales de la salud est\u00e9n capacitados para identificar posibles se\u00f1ales de suicidio, realizar evaluaciones de riesgo y ofrecer intervenciones adecuadas. La detecci\u00f3n temprana, el tratamiento oportuno y la atenci\u00f3n integral son fundamentales en la prevenci\u00f3n del suicidio. Adem\u00e1s, es necesario establecer pol\u00edticas y protocolos que faciliten la colaboraci\u00f3n entre distintos sectores de la atenci\u00f3n m\u00e9dica para abordar de manera eficaz esta problem\u00e1tica.<\/p>\n\n\n\n<ul class=\"wp-block-list\">\n<li>Identificar posibles se\u00f1ales de suicidio.<\/li>\n\n\n\n<li>Importancia de la detecci\u00f3n temprana.<\/li>\n\n\n\n<li>Estrategias de prevenci\u00f3n y apoyo emocional.<\/li>\n\n\n\n<li>Rol de los servicios de salud y atenci\u00f3n m\u00e9dica.<\/li>\n<\/ul>\n\n\n\n<figure class=\"wp-block-image size-large\"><a href=\"https:\/\/clinicajaimeicatarroja.com\/blog\/wp-content\/uploads\/2023\/08\/mujer-problemas-salud-mental-psiquiatra-1.jpg\"><img decoding=\"async\" width=\"1024\" height=\"683\" src=\"https:\/\/clinicajaimeicatarroja.com\/blog\/wp-content\/uploads\/2023\/08\/mujer-problemas-salud-mental-psiquiatra-1-1024x683.jpg\" alt=\"suicidio\" class=\"wp-image-17035\" title=\"\" srcset=\"https:\/\/clinicajaimeicatarroja.com\/blog\/wp-content\/uploads\/2023\/08\/mujer-problemas-salud-mental-psiquiatra-1-1024x683.jpg 1024w, https:\/\/clinicajaimeicatarroja.com\/blog\/wp-content\/uploads\/2023\/08\/mujer-problemas-salud-mental-psiquiatra-1-300x200.jpg 300w, https:\/\/clinicajaimeicatarroja.com\/blog\/wp-content\/uploads\/2023\/08\/mujer-problemas-salud-mental-psiquiatra-1-768x512.jpg 768w, https:\/\/clinicajaimeicatarroja.com\/blog\/wp-content\/uploads\/2023\/08\/mujer-problemas-salud-mental-psiquiatra-1.jpg 1199w\" sizes=\"(max-width: 1024px) 100vw, 1024px\" \/><\/a><figcaption class=\"wp-element-caption\">psiquiatra<\/figcaption><\/figure>\n\n\n\n<h2 class=\"wp-block-heading\" id=\"metodos-de-suicidio-y-su-prevencion\">M\u00e9todos de suicidio y su prevenci\u00f3n<\/h2>\n\n\n\n<p>La <strong>comprensi\u00f3n de los m\u00e9todos de suicidio<\/strong> utilizados es crucial para desarrollar estrategias efectivas de prevenci\u00f3n. La identificaci\u00f3n y limitaci\u00f3n del acceso a los medios letales utilizados en los actos suicidas son aspectos fundamentales para prevenir futuros casos. Adem\u00e1s, la promoci\u00f3n de la seguridad y protecci\u00f3n tanto a nivel personal como social es otra medida prioritaria en la prevenci\u00f3n del suicidio.<\/p>\n\n\n\n<h3 class=\"wp-block-heading\" id=\"metodos-comunes-utilizados\">M\u00e9todos comunes utilizados<\/h3>\n\n\n\n<ul class=\"wp-block-list\">\n<li>El ahorcamiento o estrangulamiento: uno de los m\u00e9todos m\u00e1s utilizados en los suicidios, siendo particularmente peligroso debido a su alta tasa de letalidad.<\/li>\n\n\n\n<li>Envenenamiento con plaguicidas: el acceso a sustancias venenosas, como los plaguicidas, puede facilitar el uso de este m\u00e9todo en casos de suicidio.<\/li>\n\n\n\n<li>Manipulaci\u00f3n de armas de fuego: la posesi\u00f3n de armas de fuego aumenta el riesgo de suicidio, ya que pueden ser utilizadas f\u00e1cilmente en actos impulsivos.<\/li>\n<\/ul>\n\n\n\n<figure class=\"wp-block-image size-large\"><a href=\"https:\/\/clinicajaimeicatarroja.com\/blog\/wp-content\/uploads\/2023\/08\/pildoras-sobredosis-1.jpg\"><img decoding=\"async\" width=\"1024\" height=\"682\" src=\"https:\/\/clinicajaimeicatarroja.com\/blog\/wp-content\/uploads\/2023\/08\/pildoras-sobredosis-1-1024x682.jpg\" alt=\"suicidio\" class=\"wp-image-17036\" title=\"\" srcset=\"https:\/\/clinicajaimeicatarroja.com\/blog\/wp-content\/uploads\/2023\/08\/pildoras-sobredosis-1-1024x682.jpg 1024w, https:\/\/clinicajaimeicatarroja.com\/blog\/wp-content\/uploads\/2023\/08\/pildoras-sobredosis-1-300x200.jpg 300w, https:\/\/clinicajaimeicatarroja.com\/blog\/wp-content\/uploads\/2023\/08\/pildoras-sobredosis-1-768x512.jpg 768w, https:\/\/clinicajaimeicatarroja.com\/blog\/wp-content\/uploads\/2023\/08\/pildoras-sobredosis-1.jpg 1201w\" sizes=\"(max-width: 1024px) 100vw, 1024px\" \/><\/a><figcaption class=\"wp-element-caption\">suicidio-pastillas<\/figcaption><\/figure>\n\n\n\n<h3 class=\"wp-block-heading\" id=\"limitacion-del-acceso-a-medios-letales\">Limitaci\u00f3n del acceso a medios letales<\/h3>\n\n\n\n<p>Para prevenir el suicidio, es <strong>esencial reducir el acceso a los medios utilizados en los actos suicidas<\/strong>. Esto implica implementar pol\u00edticas y medidas que restrinjan el acceso a sustancias y objetos peligrosos. Por ejemplo, imponer regulaciones m\u00e1s estrictas sobre la venta y posesi\u00f3n de armas de fuego, as\u00ed como promover el almacenamiento seguro de estos dispositivos.<\/p>\n\n\n\n<h3 class=\"wp-block-heading\" id=\"promocion-de-la-seguridad-y-proteccion\">Promoci\u00f3n de la seguridad y protecci\u00f3n<\/h3>\n\n\n\n<p>Adem\u00e1s de la limitaci\u00f3n del acceso a medios letales, es fundamenta<strong>l promover entornos seguros que eviten situaciones de riesgo y protejan a las personas vulnerable<\/strong>. Esto implica <strong>fomentar el apoyo emocional y el establecimiento de redes de apoyo social<\/strong>, as\u00ed como la implementaci\u00f3n de medidas de seguridad en espacios p\u00fablicos y privados, como puentes y edificios altos, que puedan servir como lugares para cometer suicidio.<\/p>\n\n\n\n<figure class=\"wp-block-image size-large\"><a href=\"https:\/\/clinicajaimeicatarroja.com\/blog\/wp-content\/uploads\/2023\/08\/cogidos-mano-consolarse-1.jpg\"><img decoding=\"async\" width=\"1024\" height=\"640\" src=\"https:\/\/clinicajaimeicatarroja.com\/blog\/wp-content\/uploads\/2023\/08\/cogidos-mano-consolarse-1-1024x640.jpg\" alt=\"\" class=\"wp-image-17037\" title=\"\" srcset=\"https:\/\/clinicajaimeicatarroja.com\/blog\/wp-content\/uploads\/2023\/08\/cogidos-mano-consolarse-1-1024x640.jpg 1024w, https:\/\/clinicajaimeicatarroja.com\/blog\/wp-content\/uploads\/2023\/08\/cogidos-mano-consolarse-1-300x188.jpg 300w, https:\/\/clinicajaimeicatarroja.com\/blog\/wp-content\/uploads\/2023\/08\/cogidos-mano-consolarse-1-768x480.jpg 768w, https:\/\/clinicajaimeicatarroja.com\/blog\/wp-content\/uploads\/2023\/08\/cogidos-mano-consolarse-1.jpg 1280w\" sizes=\"(max-width: 1024px) 100vw, 1024px\" \/><\/a><figcaption class=\"wp-element-caption\">ayuda-familiar<\/figcaption><\/figure>\n\n\n\n<h2 class=\"wp-block-heading\" id=\"recursos-de-ayuda-y-atencion\">Recursos de ayuda y atenci\u00f3n<\/h2>\n\n\n\n<p>En esta secci\u00f3n se presentan diferentes recursos de ayuda y atenci\u00f3n disponibles para aquellas personas que atraviesan momentos dif\u00edciles y necesitan apoyo emocional. Estos recursos est\u00e1n dise\u00f1ados para brindar contenci\u00f3n y orientaci\u00f3n en situaciones de crisis relacionadas con el suicidio.<\/p>\n\n\n\n<h3 class=\"wp-block-heading\" id=\"linea-024-de-atencion-a-la-conducta-suicida\">L\u00ednea 024 de atenci\u00f3n a la conducta suicida<\/h3>\n\n\n\n<p>La <strong>L\u00ednea 024<\/strong> es un servicio de atenci\u00f3n telef\u00f3nica promovido por el Ministerio de Sanidad para brindar apoyo y contenci\u00f3n a personas que experimentan pensamientos o ideaciones suicidas, as\u00ed como a sus familiares y allegados. Esta l\u00ednea, disponible las 24 horas del d\u00eda, ofrece un espacio seguro y confidencial donde los profesionales de la salud escuchan activamente, proporcionan apoyo emocional y ofrecen informaci\u00f3n sobre los recursos disponibles.<\/p>\n\n\n\n<figure class=\"wp-block-image size-large\"><a href=\"https:\/\/clinicajaimeicatarroja.com\/blog\/wp-content\/uploads\/2023\/08\/oficina-terapeutas-1.jpg\"><img decoding=\"async\" width=\"1024\" height=\"755\" src=\"https:\/\/clinicajaimeicatarroja.com\/blog\/wp-content\/uploads\/2023\/08\/oficina-terapeutas-1-1024x755.jpg\" alt=\"suicidio\" class=\"wp-image-17039\" title=\"\" srcset=\"https:\/\/clinicajaimeicatarroja.com\/blog\/wp-content\/uploads\/2023\/08\/oficina-terapeutas-1-1024x755.jpg 1024w, https:\/\/clinicajaimeicatarroja.com\/blog\/wp-content\/uploads\/2023\/08\/oficina-terapeutas-1-300x221.jpg 300w, https:\/\/clinicajaimeicatarroja.com\/blog\/wp-content\/uploads\/2023\/08\/oficina-terapeutas-1-768x566.jpg 768w, https:\/\/clinicajaimeicatarroja.com\/blog\/wp-content\/uploads\/2023\/08\/oficina-terapeutas-1.jpg 1085w\" sizes=\"(max-width: 1024px) 100vw, 1024px\" \/><\/a><figcaption class=\"wp-element-caption\">terapia<\/figcaption><\/figure>\n\n\n\n<h3 class=\"wp-block-heading\" id=\"servicios-de-salud-mental-y-bienestar-social\">Servicios de salud mental y bienestar social<\/h3>\n\n\n\n<p>Para aquellas personas que buscan una ayuda m\u00e1s amplia y un tratamiento integral, existen <strong>servicios de salud mental y bienestar social disponibles<\/strong>. Estos servicios suelen contar con profesionales de la salud mental, como psic\u00f3logos y psiquiatras, que ofrecen evaluaci\u00f3n, diagn\u00f3stico y tratamiento de trastornos mentales. Adem\u00e1s, se proporciona orientaci\u00f3n para el manejo de situaciones de crisis y se promueve el bienestar emocional y social.<\/p>\n\n\n\n<h3 class=\"wp-block-heading\" id=\"paginas-web-y-redes-sociales-especializadas\">P\u00e1ginas web y redes sociales especializadas<\/h3>\n\n\n\n<p>El entorno digital ofrece una amplia gama de <strong>recursos especializados en el tema del suicidio<\/strong>. Existen p\u00e1ginas web y comunidades en redes sociales dedicadas a proporcionar informaci\u00f3n, apoyo, testimonios y recursos pr\u00e1cticos para ayudar a quienes lo necesiten. Estas plataformas permiten compartir experiencias y conectarse con personas que han pasado por situaciones similares, brindando un espacio de comprensi\u00f3n y empat\u00eda.<\/p>\n\n\n\n<h3 class=\"wp-block-heading\" id=\"centros-de-intervencion-y-emergencia\">Centros de intervenci\u00f3n y emergencia<\/h3>\n\n\n\n<p>En situaciones de urgencia, los centros de intervenci\u00f3n y emergencia est\u00e1n preparados para actuar de forma inmediata. Estos centros ofrecen atenci\u00f3n especializada y recursos de emergencia para personas en riesgo de suicidio. Los equipos de profesionales capacitados trabajan las 24 horas para brindar contenci\u00f3n emocional, evaluar la situaci\u00f3n y tomar las medidas necesarias para prevenir el suicidio.<\/p>\n\n\n\n<figure class=\"wp-block-image size-large\"><a href=\"https:\/\/clinicajaimeicatarroja.com\/blog\/wp-content\/uploads\/2023\/08\/asfixiandose-1.jpg\"><img decoding=\"async\" width=\"1024\" height=\"593\" src=\"https:\/\/clinicajaimeicatarroja.com\/blog\/wp-content\/uploads\/2023\/08\/asfixiandose-1-1024x593.jpg\" alt=\"suicidio\" class=\"wp-image-17038\" title=\"\" srcset=\"https:\/\/clinicajaimeicatarroja.com\/blog\/wp-content\/uploads\/2023\/08\/asfixiandose-1-1024x593.jpg 1024w, https:\/\/clinicajaimeicatarroja.com\/blog\/wp-content\/uploads\/2023\/08\/asfixiandose-1-300x174.jpg 300w, https:\/\/clinicajaimeicatarroja.com\/blog\/wp-content\/uploads\/2023\/08\/asfixiandose-1-768x445.jpg 768w, https:\/\/clinicajaimeicatarroja.com\/blog\/wp-content\/uploads\/2023\/08\/asfixiandose-1.jpg 1382w\" sizes=\"(max-width: 1024px) 100vw, 1024px\" \/><\/a><figcaption class=\"wp-element-caption\">autoaxfixia<\/figcaption><\/figure>\n\n\n\n<h2 class=\"wp-block-heading\" id=\"estadisticas-y-datos-sobre-el-suicidio\">Estad\u00edsticas y datos sobre el suicidio<\/h2>\n\n\n\n<p>La comprensi\u00f3n de las estad\u00edsticas y datos relacionados con el suicidio es fundamental para abordar de manera efectiva este grave problema de salud p\u00fablica. A trav\u00e9s de la recopilaci\u00f3n de datos a nivel nacional e internacional, es posible identificar patrones y tendencias que ayudan a dise\u00f1ar estrategias de prevenci\u00f3n y apoyo m\u00e1s efectivas.<\/p>\n\n\n\n<h3 class=\"wp-block-heading\" id=\"tasas-de-suicidio-a-nivel-nacional-e-internacional\">Tasas de suicidio a nivel nacional e internacional<\/h3>\n\n\n\n<p>Las<strong> tasas de suicidio<\/strong> var\u00edan considerablemente tanto entre pa\u00edses como dentro de un mismo pa\u00eds. La Organizaci\u00f3n Mundial de la Salud (OMS) recopila datos y estad\u00edsticas sobre suicidios a nivel mundial, ofreciendo una visi\u00f3n panor\u00e1mica de la problem\u00e1tica. Dichos datos permiten comparar y analizar las tendencias a lo largo del tiempo y entre diferentes regiones. Asimismo, cada pa\u00eds lleva a cabo sus propios estudios y recopila informaci\u00f3n espec\u00edfica para entender la realidad nacional y tomar acciones adecuadas.<\/p>\n\n\n\n<h3 class=\"wp-block-heading\" id=\"factores-demograficos-y-socioeconomicos\">Factores demogr\u00e1ficos y socioecon\u00f3micos<\/h3>\n\n\n\n<p>Las <strong>estad\u00edsticas sobre el suicidio<\/strong> tambi\u00e9n <strong>revelan la influencia de factores demogr\u00e1ficos y socioecon\u00f3micos <\/strong>en la incidencia de esta problem\u00e1tica. Se ha observado una mayor prevalencia de suicidios en ciertos grupos de edad, especialmente en personas mayores. Adem\u00e1s, se ha evidenciado la relaci\u00f3n entre el suicidio y la situaci\u00f3n socioecon\u00f3mica, el desempleo, la pobreza y la falta de acceso a servicios de salud mental.<\/p>\n\n\n\n<h3 class=\"wp-block-heading\" id=\"impacto-en-la-salud-publica-y-consecuencias-sociales\">Impacto en la salud p\u00fablica y consecuencias sociales<\/h3>\n\n\n\n<p>El suicidio tiene un impacto significativo en la salud p\u00fablica y ocasiona consecuencias sociales adversas. Adem\u00e1s de la p\u00e9rdida de vidas humanas, afecta a familiares, amigos y comunidades en general. Estas p\u00e9rdidas generan un profundo dolor emocional y pueden contribuir a la propagaci\u00f3n del estigma asociado a la salud mental. Adem\u00e1s, el suicidio tiene un costo econ\u00f3mico considerable, tanto en t\u00e9rminos de atenci\u00f3n m\u00e9dica como de productividad laboral.<\/p>\n\n\n\n<p>Es esencial analizar y comprender las estad\u00edsticas y datos sobre el suicidio para poder desarrollar estrategias preventivas adaptadas a cada contexto. La recopilaci\u00f3n y el an\u00e1lisis riguroso de informaci\u00f3n contribuyen a la identificaci\u00f3n de factores de riesgo y se\u00f1ales de alerta, as\u00ed como a la implementaci\u00f3n de pol\u00edticas p\u00fablicas y programas de intervenci\u00f3n efectivos. Solo a trav\u00e9s de este enfoque integral podemos trabajar hacia la prevenci\u00f3n y reducci\u00f3n de los casos de suicidio, promoviendo la salud mental y el bienestar de la sociedad en su conjunto.<\/p>\n\n\n\n<figure class=\"wp-block-image size-large\"><a href=\"https:\/\/clinicajaimeicatarroja.com\/blog\/wp-content\/uploads\/2023\/08\/grupo-amigos-sentados-circulo-1.jpg\"><img decoding=\"async\" width=\"1024\" height=\"573\" src=\"https:\/\/clinicajaimeicatarroja.com\/blog\/wp-content\/uploads\/2023\/08\/grupo-amigos-sentados-circulo-1-1024x573.jpg\" alt=\"suicidio\" class=\"wp-image-17040\" title=\"\" srcset=\"https:\/\/clinicajaimeicatarroja.com\/blog\/wp-content\/uploads\/2023\/08\/grupo-amigos-sentados-circulo-1-1024x573.jpg 1024w, https:\/\/clinicajaimeicatarroja.com\/blog\/wp-content\/uploads\/2023\/08\/grupo-amigos-sentados-circulo-1-300x168.jpg 300w, https:\/\/clinicajaimeicatarroja.com\/blog\/wp-content\/uploads\/2023\/08\/grupo-amigos-sentados-circulo-1-768x430.jpg 768w, https:\/\/clinicajaimeicatarroja.com\/blog\/wp-content\/uploads\/2023\/08\/grupo-amigos-sentados-circulo-1.jpg 1429w\" sizes=\"(max-width: 1024px) 100vw, 1024px\" \/><\/a><figcaption class=\"wp-element-caption\">grupo-ayuda<\/figcaption><\/figure>\n\n\n\n<h2 class=\"wp-block-heading\" id=\"herramientas-de-prevencion-y-sensibilizacion\">Herramientas de prevenci\u00f3n y sensibilizaci\u00f3n<\/h2>\n\n\n\n<p>En esta secci\u00f3n se abordar\u00e1n las diversas herramientas y enfoques utilizados para prevenir y sensibilizar sobre el suicidio. Estas estrategias son fundamentales para generar conciencia, promover la educaci\u00f3n y garantizar una respuesta adecuada ante esta problem\u00e1tica.<\/p>\n\n\n\n<h3 class=\"wp-block-heading\" id=\"programas-de-educacion-y-concientizacion\">Programas de educaci\u00f3n y concientizaci\u00f3n<\/h3>\n\n\n\n<p>Los <strong>programas de educaci\u00f3n y concientizaci\u00f3n<\/strong> desempe\u00f1an un papel fundamental en la prevenci\u00f3n del suicidio. Estos programas tienen como objetivo informar y educar a la poblaci\u00f3n sobre los factores de riesgo, las se\u00f1ales de alerta y las medidas preventivas. Se enfocan en diferentes contextos, como en las escuelas, los lugares de trabajo y las comunidades, con el fin de llegar a un amplio espectro de personas.<\/p>\n\n\n\n<p>Estos programas incluyen charlas, conferencias, talleres y material educativo que proporcionan informaci\u00f3n actualizada, habilidades de comunicaci\u00f3n y estrategias para el manejo del estr\u00e9s y la salud emocional. Tambi\u00e9n se enfocan en la desmitificaci\u00f3n del suicidio y la eliminaci\u00f3n de estigmas asociados, fomentando un ambiente propicio para la apertura y la b\u00fasqueda de ayuda.<\/p>\n\n\n\n<h3 class=\"wp-block-heading\" id=\"politicas-y-legislacion-sobre-el-suicidio\">Pol\u00edticas y legislaci\u00f3n sobre el suicidio<\/h3>\n\n\n\n<p>La implementaci\u00f3n de <strong>pol\u00edticas y legislaci\u00f3n sobre el suicidio<\/strong> es esencial para abordar esta problem\u00e1tica de manera integral. Estas medidas buscan regular y promover acciones orientadas a la prevenci\u00f3n, as\u00ed como establecer lineamientos para la atenci\u00f3n y el tratamiento de las personas en riesgo.<\/p>\n\n\n\n<p>Es fundamental que estas pol\u00edticas cuenten con un enfoque multidisciplinario, involucrando a profesionales de la salud, autoridades gubernamentales, representantes de la sociedad civil y organizaciones especializadas. Adem\u00e1s, deben contemplar la asignaci\u00f3n de recursos adecuados para la implementaci\u00f3n de programas de prevenci\u00f3n, formaci\u00f3n de profesionales y acceso a servicios de salud mental.<\/p>\n\n\n\n<h3 class=\"wp-block-heading\" id=\"involucramiento-de-la-comunidad-y-asociaciones\">Involucramiento de la comunidad y asociaciones<\/h3>\n\n\n\n<p>El <strong>involucramiento activo de la comunidad y las asociaciones <\/strong>es clave en la prevenci\u00f3n del suicidio. El establecimiento de alianzas con organizaciones no gubernamentales, fundaciones y grupos de apoyo es fundamental para garantizar una respuesta efectiva y sostenible.<\/p>\n\n\n\n<p>Estas asociaciones desempe\u00f1an un papel crucial en la sensibilizaci\u00f3n, la detecci\u00f3n temprana y el apoyo emocional a las personas en riesgo. A trav\u00e9s de actividades de difusi\u00f3n, campa\u00f1as de concientizaci\u00f3n y eventos comunitarios, contribuyen a romper el silencio y brindar un espacio seguro donde las personas afectadas puedan expresar sus emociones y buscar ayuda.<\/p>\n\n\n\n<p>Asimismo, estas asociaciones trabajan para influir en las pol\u00edticas p\u00fablicas, promoviendo la inclusi\u00f3n de programas y recursos que aborden el suicidio de manera integral. Su acci\u00f3n conjunta con los servicios de salud, las instituciones educativas y las autoridades locales es esencial para lograr un impacto significativo en la prevenci\u00f3n del suicidio.<\/p>\n\n\n\n<h2 class=\"wp-block-heading\" id=\"tratamiento-y-terapias-de-salud-mental\">Tratamiento y terapias de salud mental<\/h2>\n\n\n\n<p>La adecuada atenci\u00f3n y tratamiento de la salud mental desempe\u00f1an un papel crucial en la prevenci\u00f3n del suicidio. En esta secci\u00f3n, se explorar\u00e1n los enfoques terap\u00e9uticos efectivos, destacando la terapia cognitivo-conductual y dialectica-conductual, as\u00ed como el papel de los medicamentos y tratamientos farmacol\u00f3gicos.<\/p>\n\n\n\n<figure class=\"wp-block-image size-large\"><a href=\"https:\/\/clinicajaimeicatarroja.com\/blog\/wp-content\/uploads\/2023\/08\/mujer-adulta-sesion-terapia-1.jpg\"><img decoding=\"async\" width=\"1024\" height=\"683\" src=\"https:\/\/clinicajaimeicatarroja.com\/blog\/wp-content\/uploads\/2023\/08\/mujer-adulta-sesion-terapia-1-1024x683.jpg\" alt=\"suicidio\" class=\"wp-image-17025\" title=\"\" srcset=\"https:\/\/clinicajaimeicatarroja.com\/blog\/wp-content\/uploads\/2023\/08\/mujer-adulta-sesion-terapia-1-1024x683.jpg 1024w, https:\/\/clinicajaimeicatarroja.com\/blog\/wp-content\/uploads\/2023\/08\/mujer-adulta-sesion-terapia-1-300x200.jpg 300w, https:\/\/clinicajaimeicatarroja.com\/blog\/wp-content\/uploads\/2023\/08\/mujer-adulta-sesion-terapia-1-768x512.jpg 768w, https:\/\/clinicajaimeicatarroja.com\/blog\/wp-content\/uploads\/2023\/08\/mujer-adulta-sesion-terapia-1.jpg 1200w\" sizes=\"(max-width: 1024px) 100vw, 1024px\" \/><\/a><figcaption class=\"wp-element-caption\">terapia-suicidio<\/figcaption><\/figure>\n\n\n\n<h3 class=\"wp-block-heading\" id=\"enfoques-terapeuticos-efectivos\">Enfoques terap\u00e9uticos efectivos<\/h3>\n\n\n\n<p>Existen varios enfoques terap\u00e9uticos que han demostrado ser efectivos en el tratamiento de los trastornos mentales y la prevenci\u00f3n del suicidio. Estos incluyen la<strong> terapia cognitivo-conductual (TCC), la terapia dialectica-conductual (TDC), la terapia interpersonal y la terapia familiar<\/strong>. Estos enfoques se centran en la identificaci\u00f3n y modificaci\u00f3n de pensamientos y comportamientos negativos, as\u00ed como en el fomento de habilidades de afrontamiento saludables.<\/p>\n\n\n\n<h3 class=\"wp-block-heading\" id=\"terapia-cognitivo-conductual-y-dialectica-conductual\">Terapia cognitivo-conductual y dialectica-conductual<\/h3>\n\n\n\n<p>La <strong>terapia cognitivo-conductual (TCC)<\/strong> es uno de los enfoques terap\u00e9uticos m\u00e1s utilizados y respaldados por evidencia en el tratamiento de la salud mental. Esta terapia se centra en la identificaci\u00f3n y cambio de los patrones de pensamiento negativos y distorsionados, as\u00ed como en la adquisici\u00f3n de habilidades de afrontamiento efectivas. Por otro lado, la<strong> terapia dialectica-conductual (TDC)<\/strong> se ha mostrado particularmente \u00fatil en el abordaje de los trastornos de la personalidad y la regulaci\u00f3n emocional.<\/p>\n\n\n\n<h3 class=\"wp-block-heading\" id=\"papel-de-los-medicamentos-y-tratamientos-farmacologicos\">Papel de los medicamentos y tratamientos farmacol\u00f3gicos<\/h3>\n\n\n\n<p>En algunos casos, los <strong>medicamentos y tratamientos farmacol\u00f3gicos<\/strong> pueden ser una parte importante del tratamiento de los trastornos mentales y la prevenci\u00f3n del suicidio. Los antidepresivos, estabilizadores del estado de \u00e1nimo y ansiol\u00edticos son ejemplos de medicamentos utilizados para tratar los s\u00edntomas de los trastornos mentales. Sin embargo, es importante que estos medicamentos sean prescritos y supervisados por profesionales de la salud mental, ya que cada individuo puede responder de manera diferente a los medicamentos y pueden surgir efectos secundarios.<\/p>\n\n\n\n<p>La prevenci\u00f3n del suicidio sigue enfrentando diversos retos y desaf\u00edos en nuestra sociedad. A pesar de los esfuerzos realizados, a\u00fan persisten barreras culturales y estigmatizaci\u00f3n que dificultan el abordaje de esta problem\u00e1tica de manera efectiva. Es fundamental superar estos desaf\u00edos y trabajar en conjunto para lograr una prevenci\u00f3n adecuada.<\/p>\n\n\n\n<h3 class=\"wp-block-heading\" id=\"importancia-de-la-investigacion-y-analisis-de-datos\">Importancia de la investigaci\u00f3n y an\u00e1lisis de datos<\/h3>\n\n\n\n<p>La<strong> investigaci\u00f3n y el an\u00e1lisis de datos desempe\u00f1an un papel fundamental en la prevenci\u00f3n del suicidio<\/strong>. Es necesario recopilar informaci\u00f3n precisa y actualizada sobre las caracter\u00edsticas de las personas en riesgo, los factores desencadenantes y las estrategias de prevenci\u00f3n m\u00e1s efectivas. Este conocimiento nos permitir\u00e1 tomar decisiones informadas y desarrollar programas de prevenci\u00f3n m\u00e1s efectivos.<\/p>\n\n\n\n<h3 class=\"wp-block-heading\" id=\"necesidad-de-politicas-y-recursos-en-salud-mental\">Necesidad de pol\u00edticas y recursos en salud mental<\/h3>\n\n\n\n<p>La <strong>falta de recursos y servicios en salud mental constituye otro desaf\u00edo en la prevenci\u00f3n del suicidio<\/strong>. Es fundamental contar con pol\u00edticas gubernamentales que prioricen la salud mental y destinen los recursos necesarios para garantizar la disponibilidad y accesibilidad de servicios de calidad. Asimismo, se requiere una mayor colaboraci\u00f3n entre diferentes sectores (salud, educaci\u00f3n, justicia, etc.) para abordar de manera integral este problema.<\/p>\n","protected":false},"excerpt":{"rendered":"<p>El suicidio es un tema delicado que requiere atenci\u00f3n urgente. En este art\u00edculo, exploraremos los factores de riesgo asociados, como enfermedades mentales, abuso de sustancias y factores psicosociales. Tambi\u00e9n examinaremos las se\u00f1ales de alerta y las estrategias de prevenci\u00f3n, as\u00ed como los m\u00e9todos comunes de suicidio y la importancia de limitar el acceso a ellos. [&hellip;]<\/p>\n","protected":false},"author":1,"featured_media":17024,"comment_status":"open","ping_status":"open","sticky":false,"template":"","format":"standard","meta":{"footnotes":""},"categories":[309],"tags":[],"class_list":["post-16768","post","type-post","status-publish","format-standard","has-post-thumbnail","hentry","category-psiquiatria"],"_links":{"self":[{"href":"https:\/\/clinicajaimeicatarroja.com\/blog\/wp-json\/wp\/v2\/posts\/16768","targetHints":{"allow":["GET"]}}],"collection":[{"href":"https:\/\/clinicajaimeicatarroja.com\/blog\/wp-json\/wp\/v2\/posts"}],"about":[{"href":"https:\/\/clinicajaimeicatarroja.com\/blog\/wp-json\/wp\/v2\/types\/post"}],"author":[{"embeddable":true,"href":"https:\/\/clinicajaimeicatarroja.com\/blog\/wp-json\/wp\/v2\/users\/1"}],"replies":[{"embeddable":true,"href":"https:\/\/clinicajaimeicatarroja.com\/blog\/wp-json\/wp\/v2\/comments?post=16768"}],"version-history":[{"count":5,"href":"https:\/\/clinicajaimeicatarroja.com\/blog\/wp-json\/wp\/v2\/posts\/16768\/revisions"}],"predecessor-version":[{"id":17041,"href":"https:\/\/clinicajaimeicatarroja.com\/blog\/wp-json\/wp\/v2\/posts\/16768\/revisions\/17041"}],"wp:featuredmedia":[{"embeddable":true,"href":"https:\/\/clinicajaimeicatarroja.com\/blog\/wp-json\/wp\/v2\/media\/17024"}],"wp:attachment":[{"href":"https:\/\/clinicajaimeicatarroja.com\/blog\/wp-json\/wp\/v2\/media?parent=16768"}],"wp:term":[{"taxonomy":"category","embeddable":true,"href":"https:\/\/clinicajaimeicatarroja.com\/blog\/wp-json\/wp\/v2\/categories?post=16768"},{"taxonomy":"post_tag","embeddable":true,"href":"https:\/\/clinicajaimeicatarroja.com\/blog\/wp-json\/wp\/v2\/tags?post=16768"}],"curies":[{"name":"wp","href":"https:\/\/api.w.org\/{rel}","templated":true}]}}