{"id":16743,"date":"2023-08-23T18:38:34","date_gmt":"2023-08-23T16:38:34","guid":{"rendered":"https:\/\/clinicajaimeicatarroja.com\/blog\/?p=16743"},"modified":"2023-08-23T18:38:36","modified_gmt":"2023-08-23T16:38:36","slug":"trastorno-neurocognitivo","status":"publish","type":"post","link":"https:\/\/clinicajaimeicatarroja.com\/blog\/trastorno-neurocognitivo","title":{"rendered":"Trastornos neurocognitivos: s\u00edntomas, causas y tratamientos"},"content":{"rendered":"\n<p>Los <strong>trastornos neurocognitivos<\/strong> afectan la funci\u00f3n mental debido a diversas enfermedades. Estos trastornos pueden manifestarse a trav\u00e9s de <strong>s\u00edntomas como agitaci\u00f3n, confusi\u00f3n y p\u00e9rdida de memoria<\/strong>. Su <strong>diagn\u00f3stico implica pruebas m\u00e9dicas y neuropsicol\u00f3gicas<\/strong>. El<strong> tratamiento<\/strong> <strong>var\u00eda seg\u00fan la causa subyacente e incluye terapias y medicamentos<\/strong>. Estos trastornos pueden dificultar la interacci\u00f3n con otros y la autonom\u00eda personal. Es importante mantener un estilo de vida saludable y realizar revisiones m\u00e9dicas regulares para reducir el riesgo. Organizaciones y programas brindan apoyo a las personas afectadas por estos trastornos neurocognitivos, ofreciendo servicios y terapias complementarias.<\/p>\n\n\n\n<figure class=\"wp-block-image size-large\"><a href=\"https:\/\/clinicajaimeicatarroja.com\/blog\/wp-content\/uploads\/2023\/08\/doctor-revisando-cerebro-1.jpg\"><img decoding=\"async\" width=\"1024\" height=\"647\" src=\"https:\/\/clinicajaimeicatarroja.com\/blog\/wp-content\/uploads\/2023\/08\/doctor-revisando-cerebro-1-1024x647.jpg\" alt=\"trastornos-neurocognitivos-valencia\" class=\"wp-image-16853\" title=\"\" srcset=\"https:\/\/clinicajaimeicatarroja.com\/blog\/wp-content\/uploads\/2023\/08\/doctor-revisando-cerebro-1-1024x647.jpg 1024w, https:\/\/clinicajaimeicatarroja.com\/blog\/wp-content\/uploads\/2023\/08\/doctor-revisando-cerebro-1-300x190.jpg 300w, https:\/\/clinicajaimeicatarroja.com\/blog\/wp-content\/uploads\/2023\/08\/doctor-revisando-cerebro-1-768x485.jpg 768w, https:\/\/clinicajaimeicatarroja.com\/blog\/wp-content\/uploads\/2023\/08\/doctor-revisando-cerebro-1.jpg 1266w\" sizes=\"(max-width: 1024px) 100vw, 1024px\" \/><\/a><figcaption class=\"wp-element-caption\">trastornos-neurocognitivos-valencia<\/figcaption><\/figure>\n\n\n\n<div class=\"wp-block-rank-math-toc-block\" id=\"rank-math-toc\"><h2>Tabla de Contenidos<\/h2><nav><ul><li class=\"\"><a href=\"#que-son-los-trastornos-neurocognitivos\">\u00bfQu\u00e9 son los trastornos neurocognitivos?<\/a><ul><li class=\"\"><a href=\"#definicion-de-trastornos-neurocognitivos\">Definici\u00f3n de trastornos neurocognitivos<\/a><\/li><li class=\"\"><a href=\"#causas-y-factores-de-riesgo\">Causas y factores de riesgo<\/a><\/li><li class=\"\"><a href=\"#tipos-de-trastornos-neurocognitivos\">Tipos de trastornos neurocognitivos<\/a><\/li><\/ul><\/li><li class=\"\"><a href=\"#sintomas-de-los-trastornos-neurocognitivos\">S\u00edntomas de los trastornos neurocognitivos<\/a><ul><li class=\"\"><a href=\"#manifestaciones-cognitivas-y-funcionales\">Manifestaciones cognitivas y funcionales<\/a><\/li><li class=\"\"><a href=\"#alteraciones-en-la-memoria-y-atencion\">Alteraciones en la memoria y atenci\u00f3n<\/a><\/li><li class=\"\"><a href=\"#cambios-en-el-comportamiento-y-la-personalidad\">Cambios en el comportamiento y la personalidad<\/a><\/li><\/ul><\/li><li class=\"\"><a href=\"#diagnostico-y-pruebas-para-los-trastornos-neurocognitivos\">Diagn\u00f3stico y pruebas para los trastornos neurocognitivos<\/a><ul><li class=\"\"><a href=\"#evaluacion-medica-y-neuropsicologica\">Evaluaci\u00f3n m\u00e9dica y neuropsicol\u00f3gica<\/a><\/li><li class=\"\"><a href=\"#examenes-de-diagnostico-complementarios\">Ex\u00e1menes de diagn\u00f3stico complementarios<\/a><\/li><li class=\"\"><a href=\"#crioglobulinas-y-biomarcadores-en-el-diagnostico\">Crioglobulinas y biomarcadores en el diagn\u00f3stico<\/a><\/li><\/ul><\/li><li class=\"\"><a href=\"#tratamiento-de-los-trastornos-neurocognitivos\">Tratamiento de los trastornos neurocognitivos<\/a><ul><li class=\"\"><a href=\"#enfoque-terapeutico-multidisciplinar\">Enfoque terap\u00e9utico multidisciplinar<\/a><\/li><li class=\"\"><a href=\"#medicamentos-y-terapias-farmacologicas\">Medicamentos y terapias farmacol\u00f3gicas<\/a><\/li><li class=\"\"><a href=\"#terapias-no-farmacologicas-y-rehabilitacion\">Terapias no farmacol\u00f3gicas y rehabilitaci\u00f3n<\/a><\/li><\/ul><\/li><li class=\"\"><a href=\"#complicaciones-y-pronostico-de-los-trastornos-neurocognitivos\">Complicaciones y pron\u00f3stico de los trastornos neurocognitivos<\/a><ul><li class=\"\"><a href=\"#impacto-en-la-vida-diaria\">Impacto en la vida diaria<\/a><\/li><li class=\"\"><a href=\"#posibles-complicaciones-y-progresion\">Posibles complicaciones y progresi\u00f3n<\/a><\/li><li class=\"\"><a href=\"#prevencion-y-medidas-de-estilo-de-vida-saludable\">Prevenci\u00f3n y medidas de estilo de vida saludable<\/a><\/li><\/ul><\/li><li class=\"\"><a href=\"#recursos-y-apoyo-para-personas-con-trastornos-neurocognitivos\">Recursos y apoyo para personas con trastornos neurocognitivos<\/a><ul><li class=\"\"><a href=\"#organizaciones-y-programas-de-ayuda\">Organizaciones y programas de ayuda<\/a><\/li><li class=\"\"><a href=\"#servicios-profesionales-y-terapias-complementarias\">Servicios profesionales y terapias complementarias<\/a><\/li><li class=\"\"><a href=\"#acceso-a-asesoramiento-y-comunidad-de-apoyo\">Acceso a asesoramiento y comunidad de apoyo<\/a><\/li><\/ul><\/li><\/ul><\/nav><\/div>\n\n\n\n<figure class=\"wp-block-image size-large\"><a href=\"https:\/\/clinicajaimeicatarroja.com\/blog\/wp-content\/uploads\/2023\/08\/enfermera-joven-cuidando-anciana-acostada-cama-1.jpg\"><img decoding=\"async\" width=\"1024\" height=\"720\" src=\"https:\/\/clinicajaimeicatarroja.com\/blog\/wp-content\/uploads\/2023\/08\/enfermera-joven-cuidando-anciana-acostada-cama-1-1024x720.jpg\" alt=\"trastornos-neurocognitivos-valencia\" class=\"wp-image-16854\" title=\"\" srcset=\"https:\/\/clinicajaimeicatarroja.com\/blog\/wp-content\/uploads\/2023\/08\/enfermera-joven-cuidando-anciana-acostada-cama-1-1024x720.jpg 1024w, https:\/\/clinicajaimeicatarroja.com\/blog\/wp-content\/uploads\/2023\/08\/enfermera-joven-cuidando-anciana-acostada-cama-1-300x211.jpg 300w, https:\/\/clinicajaimeicatarroja.com\/blog\/wp-content\/uploads\/2023\/08\/enfermera-joven-cuidando-anciana-acostada-cama-1-768x540.jpg 768w, https:\/\/clinicajaimeicatarroja.com\/blog\/wp-content\/uploads\/2023\/08\/enfermera-joven-cuidando-anciana-acostada-cama-1.jpg 1138w\" sizes=\"(max-width: 1024px) 100vw, 1024px\" \/><\/a><figcaption class=\"wp-element-caption\">trastornos neurocognitivos personas mayores<\/figcaption><\/figure>\n\n\n\n<h2 class=\"wp-block-heading\" id=\"que-son-los-trastornos-neurocognitivos\">\u00bfQu\u00e9 son los trastornos neurocognitivos?<\/h2>\n\n\n\n<p>Los <strong>trastornos neurocognitivos<\/strong> son afecciones que causan un<strong> deterioro en las funciones mentales debido a diversas enfermedades<\/strong>. Estos trastornos <strong>afectan la capacidad cognitiva de una persona, lo que incluye aspectos como la memoria, la atenci\u00f3n, el lenguaje, el razonamiento y la capacidad para realizar actividades diarias.<\/strong><\/p>\n\n\n\n<figure class=\"wp-block-image size-large\"><a href=\"https:\/\/clinicajaimeicatarroja.com\/blog\/wp-content\/uploads\/2023\/08\/hombre-mayor-sindrome-parkinson-1.jpg\"><img decoding=\"async\" width=\"1024\" height=\"683\" src=\"https:\/\/clinicajaimeicatarroja.com\/blog\/wp-content\/uploads\/2023\/08\/hombre-mayor-sindrome-parkinson-1-1024x683.jpg\" alt=\"trastornos-neurocognitivos-valencia\" class=\"wp-image-16856\" title=\"\" srcset=\"https:\/\/clinicajaimeicatarroja.com\/blog\/wp-content\/uploads\/2023\/08\/hombre-mayor-sindrome-parkinson-1-1024x683.jpg 1024w, https:\/\/clinicajaimeicatarroja.com\/blog\/wp-content\/uploads\/2023\/08\/hombre-mayor-sindrome-parkinson-1-300x200.jpg 300w, https:\/\/clinicajaimeicatarroja.com\/blog\/wp-content\/uploads\/2023\/08\/hombre-mayor-sindrome-parkinson-1-768x512.jpg 768w, https:\/\/clinicajaimeicatarroja.com\/blog\/wp-content\/uploads\/2023\/08\/hombre-mayor-sindrome-parkinson-1.jpg 1199w\" sizes=\"(max-width: 1024px) 100vw, 1024px\" \/><\/a><figcaption class=\"wp-element-caption\">parkinson<\/figcaption><\/figure>\n\n\n\n<h3 class=\"wp-block-heading\" id=\"definicion-de-trastornos-neurocognitivos\">Definici\u00f3n de trastornos neurocognitivos<\/h3>\n\n\n\n<p>Los <strong>trastornos neurocognitivos<\/strong> se caracterizan por una <strong>disminuci\u00f3n de la funci\u00f3n mental debido a una enfermedad distinta a una enfermedad psiqui\u00e1trica<\/strong>. Estos trastornos pueden manifestarse en diferentes grados de severidad y van m\u00e1s all\u00e1 de los olvidos normales asociados al envejecimiento.<\/p>\n\n\n\n<h3 class=\"wp-block-heading\" id=\"causas-y-factores-de-riesgo\">Causas y factores de riesgo<\/h3>\n\n\n\n<p>Existen diversas<strong> causas<\/strong> asociadas con los trastornos neurocognitivos. Algunas <strong>enfermedades comunes<\/strong> que pueden provocar estos trastornos incluyen el <strong>Alzheimer, la enfermedad de Parkinson, lesiones cerebrales traum\u00e1ticas y otras afecciones neurodegenerativas<\/strong>. Los <strong>factores de riesgo<\/strong> pueden incluir <strong>antecedentes familiares de trastornos cognitivos, edad avanzada y ciertas condiciones de salud, como hipertensi\u00f3n, diabetes y obesidad<\/strong>.<\/p>\n\n\n\n<figure class=\"wp-block-image size-large\"><a href=\"https:\/\/clinicajaimeicatarroja.com\/blog\/wp-content\/uploads\/2023\/08\/hombre-mayor-alzeihmer-1.jpg\"><img decoding=\"async\" width=\"1024\" height=\"683\" src=\"https:\/\/clinicajaimeicatarroja.com\/blog\/wp-content\/uploads\/2023\/08\/hombre-mayor-alzeihmer-1-1024x683.jpg\" alt=\"trastornos-neurocognitivos-valencia\" class=\"wp-image-16855\" title=\"\" srcset=\"https:\/\/clinicajaimeicatarroja.com\/blog\/wp-content\/uploads\/2023\/08\/hombre-mayor-alzeihmer-1-1024x683.jpg 1024w, https:\/\/clinicajaimeicatarroja.com\/blog\/wp-content\/uploads\/2023\/08\/hombre-mayor-alzeihmer-1-300x200.jpg 300w, https:\/\/clinicajaimeicatarroja.com\/blog\/wp-content\/uploads\/2023\/08\/hombre-mayor-alzeihmer-1-768x512.jpg 768w, https:\/\/clinicajaimeicatarroja.com\/blog\/wp-content\/uploads\/2023\/08\/hombre-mayor-alzeihmer-1.jpg 1199w\" sizes=\"(max-width: 1024px) 100vw, 1024px\" \/><\/a><figcaption class=\"wp-element-caption\">alzeihmer-valencia<\/figcaption><\/figure>\n\n\n\n<h3 class=\"wp-block-heading\" id=\"tipos-de-trastornos-neurocognitivos\">Tipos de trastornos neurocognitivos<\/h3>\n\n\n\n<ul class=\"wp-block-list\">\n<li><strong>Delirio<\/strong>: Se caracteriza por un estado de confusi\u00f3n agudo, fluctuante y generalmente reversible. Los pacientes pueden experimentar cambios en la conciencia, atenci\u00f3n y pensamiento.<\/li>\n\n\n\n<li><strong>Trastorno neurocognitivo leve<\/strong>: Se presenta como un deterioro cognitivo leve, que no representa un impedimento significativo en la vida diaria de la persona afectada.<\/li>\n\n\n\n<li><strong>Demencia (trastorno neurocognitivo mayor)<\/strong>: Es una forma m\u00e1s avanzada de deterioro cognitivo que afecta la capacidad funcional de la persona en su vida diaria. La demencia puede tener <strong>diferentes causas, siendo el Alzheimer la m\u00e1s com\u00fan, pero tambi\u00e9n puede ser causada por otras enfermedades degenerativas.<\/strong><\/li>\n<\/ul>\n\n\n\n<p>Es importante entender los trastornos neurocognitivos para poder identificar los s\u00edntomas, buscar un diagn\u00f3stico adecuado y brindar el tratamiento necesario. A continuaci\u00f3n, exploraremos en detalle los s\u00edntomas de estos trastornos, c\u00f3mo se diagnostican y cu\u00e1les son las opciones de tratamiento disponibles.<\/p>\n\n\n\n<figure class=\"wp-block-image size-full\"><a href=\"https:\/\/clinicajaimeicatarroja.com\/blog\/wp-content\/uploads\/2023\/08\/hombre-deprimido-palmas-mejillas-pensando-1.jpg\"><img decoding=\"async\" width=\"900\" height=\"927\" src=\"https:\/\/clinicajaimeicatarroja.com\/blog\/wp-content\/uploads\/2023\/08\/hombre-deprimido-palmas-mejillas-pensando-1.jpg\" alt=\"trastornos-neurocognitivos-valencia\" class=\"wp-image-16857\" title=\"\" srcset=\"https:\/\/clinicajaimeicatarroja.com\/blog\/wp-content\/uploads\/2023\/08\/hombre-deprimido-palmas-mejillas-pensando-1.jpg 900w, https:\/\/clinicajaimeicatarroja.com\/blog\/wp-content\/uploads\/2023\/08\/hombre-deprimido-palmas-mejillas-pensando-1-291x300.jpg 291w, https:\/\/clinicajaimeicatarroja.com\/blog\/wp-content\/uploads\/2023\/08\/hombre-deprimido-palmas-mejillas-pensando-1-768x791.jpg 768w\" sizes=\"(max-width: 900px) 100vw, 900px\" \/><\/a><figcaption class=\"wp-element-caption\">delirios<\/figcaption><\/figure>\n\n\n\n<h2 class=\"wp-block-heading\" id=\"sintomas-de-los-trastornos-neurocognitivos\">S\u00edntomas de los trastornos neurocognitivos<\/h2>\n\n\n\n<p>Los trastornos neurocognitivos se caracterizan por manifestaciones que <strong>afectan tanto al \u00e1mbito cognitivo como al funcionamiento diario de una persona<\/strong>. Los s\u00edntomas incluyen:<\/p>\n\n\n\n<h3 class=\"wp-block-heading\" id=\"manifestaciones-cognitivas-y-funcionales\">Manifestaciones cognitivas y funcionales<\/h3>\n\n\n\n<ul class=\"wp-block-list\">\n<li>Dificultades en la concentraci\u00f3n y en la capacidad de atenci\u00f3n.<\/li>\n\n\n\n<li>Problemas para realizar tareas complejas o que requieren planificaci\u00f3n.<\/li>\n\n\n\n<li>Disminuci\u00f3n en la velocidad de procesamiento de la informaci\u00f3n.<\/li>\n\n\n\n<li>Desorientaci\u00f3n en tiempo y espacio.<\/li>\n<\/ul>\n\n\n\n<figure class=\"wp-block-image size-large\"><a href=\"https:\/\/clinicajaimeicatarroja.com\/blog\/wp-content\/uploads\/2023\/08\/joven-estresado-pensativo-lio-1.jpg\"><img decoding=\"async\" width=\"1024\" height=\"707\" src=\"https:\/\/clinicajaimeicatarroja.com\/blog\/wp-content\/uploads\/2023\/08\/joven-estresado-pensativo-lio-1-1024x707.jpg\" alt=\"trastornos-neurocognitivos-valencia\" class=\"wp-image-16858\" title=\"\" srcset=\"https:\/\/clinicajaimeicatarroja.com\/blog\/wp-content\/uploads\/2023\/08\/joven-estresado-pensativo-lio-1-1024x707.jpg 1024w, https:\/\/clinicajaimeicatarroja.com\/blog\/wp-content\/uploads\/2023\/08\/joven-estresado-pensativo-lio-1-300x207.jpg 300w, https:\/\/clinicajaimeicatarroja.com\/blog\/wp-content\/uploads\/2023\/08\/joven-estresado-pensativo-lio-1-768x531.jpg 768w, https:\/\/clinicajaimeicatarroja.com\/blog\/wp-content\/uploads\/2023\/08\/joven-estresado-pensativo-lio-1.jpg 1158w\" sizes=\"(max-width: 1024px) 100vw, 1024px\" \/><\/a><figcaption class=\"wp-element-caption\">delirios<\/figcaption><\/figure>\n\n\n\n<h3 class=\"wp-block-heading\" id=\"alteraciones-en-la-memoria-y-atencion\">Alteraciones en la memoria y atenci\u00f3n<\/h3>\n\n\n\n<ul class=\"wp-block-list\">\n<li>P\u00e9rdida de memoria a corto plazo, olvidando eventos recientes o conversaciones.<\/li>\n\n\n\n<li>Dificultad para retener nueva informaci\u00f3n, como nombres o n\u00fameros de tel\u00e9fono.<\/li>\n\n\n\n<li>Problemas para recordar detalles importantes y eventos pasados.<\/li>\n<\/ul>\n\n\n\n<figure class=\"wp-block-image size-large\"><a href=\"https:\/\/clinicajaimeicatarroja.com\/blog\/wp-content\/uploads\/2023\/08\/perdida-memoria-deterioro-cognitivo-1.jpg\"><img decoding=\"async\" width=\"1024\" height=\"683\" src=\"https:\/\/clinicajaimeicatarroja.com\/blog\/wp-content\/uploads\/2023\/08\/perdida-memoria-deterioro-cognitivo-1-1024x683.jpg\" alt=\"trastornos-neurocognitivos-valencia\" class=\"wp-image-16860\" title=\"\" srcset=\"https:\/\/clinicajaimeicatarroja.com\/blog\/wp-content\/uploads\/2023\/08\/perdida-memoria-deterioro-cognitivo-1-1024x683.jpg 1024w, https:\/\/clinicajaimeicatarroja.com\/blog\/wp-content\/uploads\/2023\/08\/perdida-memoria-deterioro-cognitivo-1-300x200.jpg 300w, https:\/\/clinicajaimeicatarroja.com\/blog\/wp-content\/uploads\/2023\/08\/perdida-memoria-deterioro-cognitivo-1-768x512.jpg 768w, https:\/\/clinicajaimeicatarroja.com\/blog\/wp-content\/uploads\/2023\/08\/perdida-memoria-deterioro-cognitivo-1.jpg 1199w\" sizes=\"(max-width: 1024px) 100vw, 1024px\" \/><\/a><figcaption class=\"wp-element-caption\">perdida-de memoria-valencia<\/figcaption><\/figure>\n\n\n\n<h3 class=\"wp-block-heading\" id=\"cambios-en-el-comportamiento-y-la-personalidad\">Cambios en el comportamiento y la personalidad<\/h3>\n\n\n\n<ul class=\"wp-block-list\">\n<li>Aumento de la agitaci\u00f3n o irritabilidad sin motivo aparente.<\/li>\n\n\n\n<li>Fluctuaciones en el estado de \u00e1nimo, con episodios de tristeza o apat\u00eda.<\/li>\n\n\n\n<li>Cambios en la personalidad, como volverse m\u00e1s desconfiado o pasivo.<\/li>\n\n\n\n<li>Alteraciones en la capacidad de realizar actividades diarias, como vestirse o manejar el dinero.<\/li>\n<\/ul>\n\n\n\n<p>Estos s\u00edntomas var\u00edan en intensidad y progresi\u00f3n seg\u00fan el tipo de trastorno neurocognitivo y la causa subyacente. Es importante estar atentos a estos signos y buscar evaluaci\u00f3n m\u00e9dica si se presentan, ya que un diagn\u00f3stico temprano puede permitir un manejo m\u00e1s efectivo y mejorar la calidad de vida de las personas afectadas.<\/p>\n\n\n\n<figure class=\"wp-block-image size-large\"><a href=\"https:\/\/clinicajaimeicatarroja.com\/blog\/wp-content\/uploads\/2023\/08\/esposa-anciana-cuidando-su-anciano-esposo-que-sufre-demencia-1.jpg\"><img decoding=\"async\" width=\"1024\" height=\"694\" src=\"https:\/\/clinicajaimeicatarroja.com\/blog\/wp-content\/uploads\/2023\/08\/esposa-anciana-cuidando-su-anciano-esposo-que-sufre-demencia-1-1024x694.jpg\" alt=\"trastornos-neurocognitivos-valencia\" class=\"wp-image-16859\" title=\"\" srcset=\"https:\/\/clinicajaimeicatarroja.com\/blog\/wp-content\/uploads\/2023\/08\/esposa-anciana-cuidando-su-anciano-esposo-que-sufre-demencia-1-1024x694.jpg 1024w, https:\/\/clinicajaimeicatarroja.com\/blog\/wp-content\/uploads\/2023\/08\/esposa-anciana-cuidando-su-anciano-esposo-que-sufre-demencia-1-300x203.jpg 300w, https:\/\/clinicajaimeicatarroja.com\/blog\/wp-content\/uploads\/2023\/08\/esposa-anciana-cuidando-su-anciano-esposo-que-sufre-demencia-1-768x521.jpg 768w, https:\/\/clinicajaimeicatarroja.com\/blog\/wp-content\/uploads\/2023\/08\/esposa-anciana-cuidando-su-anciano-esposo-que-sufre-demencia-1.jpg 1180w\" sizes=\"(max-width: 1024px) 100vw, 1024px\" \/><\/a><figcaption class=\"wp-element-caption\">demencia-valencia<\/figcaption><\/figure>\n\n\n\n<h2 class=\"wp-block-heading\" id=\"diagnostico-y-pruebas-para-los-trastornos-neurocognitivos\">Diagn\u00f3stico y pruebas para los trastornos neurocognitivos<\/h2>\n\n\n\n<p>Llevar a cabo <strong>una evaluaci\u00f3n adecuada<\/strong> es fundamental para el<strong> diagn\u00f3stico preciso de los trastornos neurocognitivos<\/strong>. En esta secci\u00f3n se describen los diferentes enfoques utilizados en el proceso de diagn\u00f3stico, que abarcan tanto la evaluaci\u00f3n m\u00e9dica como la neuropsicol\u00f3gica.<\/p>\n\n\n\n<h3 class=\"wp-block-heading\" id=\"evaluacion-medica-y-neuropsicologica\">Evaluaci\u00f3n m\u00e9dica y neuropsicol\u00f3gica<\/h3>\n\n\n\n<p>La <strong>evaluaci\u00f3n m\u00e9dica<\/strong> es el primer paso en el diagn\u00f3stico de los trastornos neurocognitivos. El m\u00e9dico realizar\u00e1 una evaluaci\u00f3n exhaustiva de los antecedentes m\u00e9dicos y llevar\u00e1 a cabo un examen f\u00edsico completo para descartar posibles causas subyacentes de los s\u00edntomas.<\/p>\n\n\n\n<p>Por otro lado, la <strong>evaluaci\u00f3n neuropsicol\u00f3gica<\/strong> es un componente clave en el diagn\u00f3stico de estos trastornos. Se utilizan pruebas y cuestionarios espec\u00edficos para evaluar diversas \u00e1reas cognitivas como la memoria, la atenci\u00f3n, el lenguaje y la funci\u00f3n ejecutiva. Estas pruebas proporcionan informaci\u00f3n precisa sobre el grado de deterioro cognitivo y son esenciales para determinar el tipo y la gravedad del trastorno.<\/p>\n\n\n\n<figure class=\"wp-block-image size-large\"><a href=\"https:\/\/clinicajaimeicatarroja.com\/blog\/wp-content\/uploads\/2023\/08\/doctora-pone-estetoscopio-cerebro-1.jpg\"><img decoding=\"async\" width=\"1024\" height=\"642\" src=\"https:\/\/clinicajaimeicatarroja.com\/blog\/wp-content\/uploads\/2023\/08\/doctora-pone-estetoscopio-cerebro-1-1024x642.jpg\" alt=\"\" class=\"wp-image-16861\" title=\"\" srcset=\"https:\/\/clinicajaimeicatarroja.com\/blog\/wp-content\/uploads\/2023\/08\/doctora-pone-estetoscopio-cerebro-1-1024x642.jpg 1024w, https:\/\/clinicajaimeicatarroja.com\/blog\/wp-content\/uploads\/2023\/08\/doctora-pone-estetoscopio-cerebro-1-300x188.jpg 300w, https:\/\/clinicajaimeicatarroja.com\/blog\/wp-content\/uploads\/2023\/08\/doctora-pone-estetoscopio-cerebro-1-768x482.jpg 768w, https:\/\/clinicajaimeicatarroja.com\/blog\/wp-content\/uploads\/2023\/08\/doctora-pone-estetoscopio-cerebro-1.jpg 1276w\" sizes=\"(max-width: 1024px) 100vw, 1024px\" \/><\/a><figcaption class=\"wp-element-caption\">evaluaci\u00f3n neuropsicol\u00f3gica<\/figcaption><\/figure>\n\n\n\n<h3 class=\"wp-block-heading\" id=\"examenes-de-diagnostico-complementarios\">Ex\u00e1menes de diagn\u00f3stico complementarios<\/h3>\n\n\n\n<p>Adem\u00e1s de la evaluaci\u00f3n m\u00e9dica y neuropsicol\u00f3gica, se pueden utilizar una variedad de ex\u00e1menes complementarios para respaldar el diagn\u00f3stico de los trastornos neurocognitivos. Algunos de los ex\u00e1menes m\u00e1s comunes incluyen:<\/p>\n\n\n\n<ul class=\"wp-block-list\">\n<li><strong>Tomograf\u00eda computarizada (TC) o <a href=\"https:\/\/resobert.es\/servicios\/resonancia-magnetica-en-valencia\/cerebral\/\" target=\"_blank\" rel=\"noreferrer noopener\">resonancia magn\u00e9tica (RM) del cerebro<\/a><\/strong>: Estas pruebas de imagen pueden ayudar a identificar anomal\u00edas estructurales o lesiones cerebrales.<\/li>\n<\/ul>\n\n\n\n<figure class=\"wp-block-image size-large\"><a href=\"https:\/\/clinicajaimeicatarroja.com\/blog\/wp-content\/uploads\/2023\/08\/resonancia-magnetica-que-diagnostica-problema-enfermedad-neurodegenerativa-1.jpg\"><img decoding=\"async\" width=\"1024\" height=\"683\" src=\"https:\/\/clinicajaimeicatarroja.com\/blog\/wp-content\/uploads\/2023\/08\/resonancia-magnetica-que-diagnostica-problema-enfermedad-neurodegenerativa-1-1024x683.jpg\" alt=\"trastornos-neurocognitivos-valencia\" class=\"wp-image-16863\" title=\"\" srcset=\"https:\/\/clinicajaimeicatarroja.com\/blog\/wp-content\/uploads\/2023\/08\/resonancia-magnetica-que-diagnostica-problema-enfermedad-neurodegenerativa-1-1024x683.jpg 1024w, https:\/\/clinicajaimeicatarroja.com\/blog\/wp-content\/uploads\/2023\/08\/resonancia-magnetica-que-diagnostica-problema-enfermedad-neurodegenerativa-1-300x200.jpg 300w, https:\/\/clinicajaimeicatarroja.com\/blog\/wp-content\/uploads\/2023\/08\/resonancia-magnetica-que-diagnostica-problema-enfermedad-neurodegenerativa-1-768x512.jpg 768w, https:\/\/clinicajaimeicatarroja.com\/blog\/wp-content\/uploads\/2023\/08\/resonancia-magnetica-que-diagnostica-problema-enfermedad-neurodegenerativa-1.jpg 1199w\" sizes=\"(max-width: 1024px) 100vw, 1024px\" \/><\/a><figcaption class=\"wp-element-caption\">resonancia-magn\u00e9tica-cerebral<\/figcaption><\/figure>\n\n\n\n<ul class=\"wp-block-list\">\n<li><strong>Ex\u00e1menes de sangre:<\/strong> Se realizan an\u00e1lisis de sangre para descartar posibles causas reversibles de deterioro cognitivo, como deficiencias vitam\u00ednicas o problemas metab\u00f3licos.<\/li>\n\n\n\n<li><strong>Electroencefalograma (EEG)<\/strong>: Para evaluar la actividad el\u00e9ctrica del cerebro y detectar posibles alteraciones en el funcionamiento cerebral.<\/li>\n<\/ul>\n\n\n\n<h3 class=\"wp-block-heading\" id=\"crioglobulinas-y-biomarcadores-en-el-diagnostico\">Crioglobulinas y biomarcadores en el diagn\u00f3stico<\/h3>\n\n\n\n<p>Investigaciones recientes han identificado posibles <strong>biomarcadores y marcadores gen\u00e9ticos asociados con los trastornos neurocognitivos<\/strong>. Por ejemplo, la <strong>presencia de crioglobulinas en la sangre puede indicar la presencia de enfermedad de Alzheimer en etapas tempranas<\/strong>. Adem\u00e1s, se han identificado <strong>diferentes biomarcadores en el l\u00edquido cefalorraqu\u00eddeo (LCR) que pueden ser \u00fatiles para el diagn\u00f3stico<\/strong> y seguimiento de estos trastornos.<\/p>\n\n\n\n<p>Sin embargo, es importante tener en cuenta que estos biomarcadores a\u00fan se encuentran en fase de investigaci\u00f3n y no se utilizan rutinariamente en la pr\u00e1ctica cl\u00ednica.<\/p>\n\n\n\n<figure class=\"wp-block-image size-large\"><a href=\"https:\/\/clinicajaimeicatarroja.com\/blog\/wp-content\/uploads\/2023\/08\/escanean-actividad-electrica-cerebro-1.jpg\"><img decoding=\"async\" width=\"1024\" height=\"576\" src=\"https:\/\/clinicajaimeicatarroja.com\/blog\/wp-content\/uploads\/2023\/08\/escanean-actividad-electrica-cerebro-1-1024x576.jpg\" alt=\"trastornos-neurocognitivos-valencia\" class=\"wp-image-16862\" title=\"\" srcset=\"https:\/\/clinicajaimeicatarroja.com\/blog\/wp-content\/uploads\/2023\/08\/escanean-actividad-electrica-cerebro-1-1024x576.jpg 1024w, https:\/\/clinicajaimeicatarroja.com\/blog\/wp-content\/uploads\/2023\/08\/escanean-actividad-electrica-cerebro-1-300x169.jpg 300w, https:\/\/clinicajaimeicatarroja.com\/blog\/wp-content\/uploads\/2023\/08\/escanean-actividad-electrica-cerebro-1-768x432.jpg 768w, https:\/\/clinicajaimeicatarroja.com\/blog\/wp-content\/uploads\/2023\/08\/escanean-actividad-electrica-cerebro-1.jpg 1421w\" sizes=\"(max-width: 1024px) 100vw, 1024px\" \/><\/a><figcaption class=\"wp-element-caption\">pruebas m\u00e9dicas y neuropsicol\u00f3gicas<\/figcaption><\/figure>\n\n\n\n<h2 class=\"wp-block-heading\" id=\"tratamiento-de-los-trastornos-neurocognitivos\">Tratamiento de los trastornos neurocognitivos<\/h2>\n\n\n\n<p>El tratamiento de los trastornos neurocognitivos se basa en un enfoque terap\u00e9utico multidisciplinar que aborda las diferentes necesidades del paciente. Este enfoque involucra a profesionales de distintas disciplinas m\u00e9dicas y terap\u00e9uticas para proporcionar un tratamiento integral y personalizado.<\/p>\n\n\n\n<figure class=\"wp-block-image size-large\"><a href=\"https:\/\/clinicajaimeicatarroja.com\/blog\/wp-content\/uploads\/2023\/08\/resonancia-msagmetica-cerebral-1.jpg\"><img decoding=\"async\" width=\"1024\" height=\"683\" src=\"https:\/\/clinicajaimeicatarroja.com\/blog\/wp-content\/uploads\/2023\/08\/resonancia-msagmetica-cerebral-1-1024x683.jpg\" alt=\"trastornos-neurocognitivos-valencia\" class=\"wp-image-16872\" title=\"\" srcset=\"https:\/\/clinicajaimeicatarroja.com\/blog\/wp-content\/uploads\/2023\/08\/resonancia-msagmetica-cerebral-1-1024x683.jpg 1024w, https:\/\/clinicajaimeicatarroja.com\/blog\/wp-content\/uploads\/2023\/08\/resonancia-msagmetica-cerebral-1-300x200.jpg 300w, https:\/\/clinicajaimeicatarroja.com\/blog\/wp-content\/uploads\/2023\/08\/resonancia-msagmetica-cerebral-1-768x512.jpg 768w, https:\/\/clinicajaimeicatarroja.com\/blog\/wp-content\/uploads\/2023\/08\/resonancia-msagmetica-cerebral-1.jpg 1200w\" sizes=\"(max-width: 1024px) 100vw, 1024px\" \/><\/a><figcaption class=\"wp-element-caption\">pruebas-diagn\u00f3sticas<\/figcaption><\/figure>\n\n\n\n<h3 class=\"wp-block-heading\" id=\"enfoque-terapeutico-multidisciplinar\">Enfoque terap\u00e9utico multidisciplinar<\/h3>\n\n\n\n<p>El <strong>enfoque terap\u00e9utico multidisciplinar<\/strong> implica la colaboraci\u00f3n de varios especialistas, como m\u00e9dicos, neur\u00f3logos, psic\u00f3logos, terapeutas ocupacionales y logopedas. Estos profesionales trabajan en equipo para evaluar al paciente, dise\u00f1ar un plan de tratamiento y brindar apoyo tanto al paciente como a sus familiares.<\/p>\n\n\n\n<p>El objetivo principal de este enfoque es mejorar la calidad de vida del paciente, promoviendo su autonom\u00eda y ofreciendo estrategias para abordar los s\u00edntomas y las dificultades funcionales asociadas con el trastorno neurocognitivo.<\/p>\n\n\n\n<figure class=\"wp-block-image size-large\"><a href=\"https:\/\/clinicajaimeicatarroja.com\/blog\/wp-content\/uploads\/2023\/08\/modelo-cerebro-humano-sobre-mesa-anatomia-cerebro-1.jpg\"><img decoding=\"async\" width=\"1024\" height=\"683\" src=\"https:\/\/clinicajaimeicatarroja.com\/blog\/wp-content\/uploads\/2023\/08\/modelo-cerebro-humano-sobre-mesa-anatomia-cerebro-1-1024x683.jpg\" alt=\"trastornos-neurocognitivos-valencia\" class=\"wp-image-16865\" title=\"\" srcset=\"https:\/\/clinicajaimeicatarroja.com\/blog\/wp-content\/uploads\/2023\/08\/modelo-cerebro-humano-sobre-mesa-anatomia-cerebro-1-1024x683.jpg 1024w, https:\/\/clinicajaimeicatarroja.com\/blog\/wp-content\/uploads\/2023\/08\/modelo-cerebro-humano-sobre-mesa-anatomia-cerebro-1-300x200.jpg 300w, https:\/\/clinicajaimeicatarroja.com\/blog\/wp-content\/uploads\/2023\/08\/modelo-cerebro-humano-sobre-mesa-anatomia-cerebro-1-768x512.jpg 768w, https:\/\/clinicajaimeicatarroja.com\/blog\/wp-content\/uploads\/2023\/08\/modelo-cerebro-humano-sobre-mesa-anatomia-cerebro-1.jpg 1199w\" sizes=\"(max-width: 1024px) 100vw, 1024px\" \/><\/a><figcaption class=\"wp-element-caption\">tratamiento-alzeihmer<\/figcaption><\/figure>\n\n\n\n<h3 class=\"wp-block-heading\" id=\"medicamentos-y-terapias-farmacologicas\">Medicamentos y terapias farmacol\u00f3gicas<\/h3>\n\n\n\n<p>En algunos casos, se pueden utilizar<strong> medicamentos <\/strong>para reducir los s\u00edntomas y ralentizar la progresi\u00f3n del trastorno neurocognitivo. Estos medicamentos est\u00e1n destinados a controlar los s\u00edntomas cognitivos, emocionales y conductuales asociados con la enfermedad.<\/p>\n\n\n\n<p>Los medicamentos m\u00e1s comunes utilizados en el tratamiento de los trastornos neurocognitivos incluyen inhibidores de la colinesterasa, que pueden mejorar la funci\u00f3n cognitiva y retardar el deterioro mental, y memantina, que ayuda a regular la actividad neuronal y puede mejorar los s\u00edntomas de la demencia.<\/p>\n\n\n\n<figure class=\"wp-block-image size-large\"><a href=\"https:\/\/clinicajaimeicatarroja.com\/blog\/wp-content\/uploads\/2023\/08\/doctor-escribe-prescripcion-medica-pildora-neuropsiquiatrica-1.jpg\"><img decoding=\"async\" width=\"1024\" height=\"768\" src=\"https:\/\/clinicajaimeicatarroja.com\/blog\/wp-content\/uploads\/2023\/08\/doctor-escribe-prescripcion-medica-pildora-neuropsiquiatrica-1-1024x768.jpg\" alt=\"trastornos-neurocognitivos-valencia\" class=\"wp-image-16866\" title=\"\" srcset=\"https:\/\/clinicajaimeicatarroja.com\/blog\/wp-content\/uploads\/2023\/08\/doctor-escribe-prescripcion-medica-pildora-neuropsiquiatrica-1-1024x768.jpg 1024w, https:\/\/clinicajaimeicatarroja.com\/blog\/wp-content\/uploads\/2023\/08\/doctor-escribe-prescripcion-medica-pildora-neuropsiquiatrica-1-300x225.jpg 300w, https:\/\/clinicajaimeicatarroja.com\/blog\/wp-content\/uploads\/2023\/08\/doctor-escribe-prescripcion-medica-pildora-neuropsiquiatrica-1-768x576.jpg 768w, https:\/\/clinicajaimeicatarroja.com\/blog\/wp-content\/uploads\/2023\/08\/doctor-escribe-prescripcion-medica-pildora-neuropsiquiatrica-1.jpg 1067w\" sizes=\"(max-width: 1024px) 100vw, 1024px\" \/><\/a><figcaption class=\"wp-element-caption\">medicamentos para reducir los s\u00edntomas<\/figcaption><\/figure>\n\n\n\n<h3 class=\"wp-block-heading\" id=\"terapias-no-farmacologicas-y-rehabilitacion\">Terapias no farmacol\u00f3gicas y rehabilitaci\u00f3n<\/h3>\n\n\n\n<p>Junto con los tratamientos farmacol\u00f3gicos, las <strong>terapias no farmacol\u00f3gicas<\/strong> desempe\u00f1an un papel fundamental en el tratamiento de los trastornos neurocognitivos. Estas terapias est\u00e1n dise\u00f1adas para mejorar las habilidades cognitivas, funcionales y emocionales del paciente.<\/p>\n\n\n\n<p>Algunas terapias no farmacol\u00f3gicas incluyen la<strong> terapia ocupacional<\/strong>, que ayuda al paciente a mantener y mejorar sus habilidades para realizar actividades diarias; la<strong> terapia de reminiscencia<\/strong>, que utiliza recuerdos y experiencias del pasado para estimular la memoria y la comunicaci\u00f3n; y la<strong> musicoterapia<\/strong>, que utiliza la m\u00fasica para mejorar el estado de \u00e1nimo y reducir la agitaci\u00f3n.<\/p>\n\n\n\n<p>Adem\u00e1s, la<strong> rehabilitaci\u00f3n<\/strong> juega un papel importante en la recuperaci\u00f3n y el mantenimiento de las habilidades cognitivas y f\u00edsicas. La fisioterapia puede ayudar a mejorar la movilidad y la coordinaci\u00f3n, mientras que la logopedia se enfoca en mejorar la comunicaci\u00f3n y la degluci\u00f3n.<\/p>\n\n\n\n<p>Todas estas terapias no farmacol\u00f3gicas y de rehabilitaci\u00f3n se adaptan a las necesidades individuales del paciente, con el objetivo de mejorar su calidad de vida y facilitar su participaci\u00f3n en actividades cotidianas.<\/p>\n\n\n\n<figure class=\"wp-block-image size-large\"><a href=\"https:\/\/clinicajaimeicatarroja.com\/blog\/wp-content\/uploads\/2023\/08\/terapia-ocupacional-1.jpg\"><img decoding=\"async\" width=\"1024\" height=\"683\" src=\"https:\/\/clinicajaimeicatarroja.com\/blog\/wp-content\/uploads\/2023\/08\/terapia-ocupacional-1-1024x683.jpg\" alt=\"trastornos-neurocognitivos-valencia\" class=\"wp-image-16867\" title=\"\" srcset=\"https:\/\/clinicajaimeicatarroja.com\/blog\/wp-content\/uploads\/2023\/08\/terapia-ocupacional-1-1024x683.jpg 1024w, https:\/\/clinicajaimeicatarroja.com\/blog\/wp-content\/uploads\/2023\/08\/terapia-ocupacional-1-300x200.jpg 300w, https:\/\/clinicajaimeicatarroja.com\/blog\/wp-content\/uploads\/2023\/08\/terapia-ocupacional-1-768x512.jpg 768w, https:\/\/clinicajaimeicatarroja.com\/blog\/wp-content\/uploads\/2023\/08\/terapia-ocupacional-1.jpg 1199w\" sizes=\"(max-width: 1024px) 100vw, 1024px\" \/><\/a><figcaption class=\"wp-element-caption\">terapia-alzeihmer<\/figcaption><\/figure>\n\n\n\n<h2 class=\"wp-block-heading\" id=\"complicaciones-y-pronostico-de-los-trastornos-neurocognitivos\">Complicaciones y pron\u00f3stico de los trastornos neurocognitivos<\/h2>\n\n\n\n<p>El trastorno neurocognitivo puede tener un impacto significativo en la vida diaria de una persona. A medida que avanza la enfermedad, las habilidades cognitivas se deterioran, lo que dificulta la realizaci\u00f3n de tareas cotidianas y la interacci\u00f3n con otros. El individuo puede experimentar dificultades para recordar informaci\u00f3n reciente, comunicarse de manera efectiva y llevar a cabo actividades b\u00e1sicas como vestirse o alimentarse.<\/p>\n\n\n\n<p>Existen <strong>posibles complicaciones asociadas a los trastornos neurocognitivos<\/strong>. A medida que la enfermedad progresa, la dependencia de otros puede aumentar y la persona puede perder gradualmente la capacidad para valerse por s\u00ed misma. Adem\u00e1s, los trastornos neurocognitivos pueden llevar a cambios en la personalidad y el comportamiento, como irritabilidad, agitaci\u00f3n, ansiedad o depresi\u00f3n. Estos cambios pueden afectar tanto a la persona que los experimenta como a sus seres queridos.<\/p>\n\n\n\n<p>Es importante tener en cuenta que el pron\u00f3stico de los trastornos neurocognitivos var\u00eda seg\u00fan la causa subyacente y la progresi\u00f3n individual de la enfermedad. Algunos trastornos neurocognitivos son reversibles cuando se trata la causa subyacente de manera efectiva. Sin embargo, en la mayor\u00eda de los casos, estos trastornos son cr\u00f3nicos y progresivos, lo que significa que empeoran con el tiempo.<\/p>\n\n\n\n<figure class=\"wp-block-image size-large\"><a href=\"https:\/\/clinicajaimeicatarroja.com\/blog\/wp-content\/uploads\/2023\/08\/visitante-salud-mujer-1.jpg\"><img decoding=\"async\" width=\"1024\" height=\"683\" src=\"https:\/\/clinicajaimeicatarroja.com\/blog\/wp-content\/uploads\/2023\/08\/visitante-salud-mujer-1-1024x683.jpg\" alt=\"trastornos-neurocognitivos-valencia\" class=\"wp-image-16871\" title=\"\" srcset=\"https:\/\/clinicajaimeicatarroja.com\/blog\/wp-content\/uploads\/2023\/08\/visitante-salud-mujer-1-1024x683.jpg 1024w, https:\/\/clinicajaimeicatarroja.com\/blog\/wp-content\/uploads\/2023\/08\/visitante-salud-mujer-1-300x200.jpg 300w, https:\/\/clinicajaimeicatarroja.com\/blog\/wp-content\/uploads\/2023\/08\/visitante-salud-mujer-1-768x512.jpg 768w, https:\/\/clinicajaimeicatarroja.com\/blog\/wp-content\/uploads\/2023\/08\/visitante-salud-mujer-1.jpg 1199w\" sizes=\"(max-width: 1024px) 100vw, 1024px\" \/><\/a><figcaption class=\"wp-element-caption\">olvido<\/figcaption><\/figure>\n\n\n\n<h3 class=\"wp-block-heading\" id=\"impacto-en-la-vida-diaria\">Impacto en la vida diaria<\/h3>\n\n\n\n<p>Los <strong>trastornos neurocognitivos pueden afectar significativamente la capacidad de una persona para llevar a cabo actividades diarias.<\/strong> Esto incluye dificultades para recordar compromisos, manejar las finanzas, realizar tareas dom\u00e9sticas o mantener una vida social activa. La persona puede volverse dependiente de otras personas para realizar estas actividades y puede requerir asistencia y cuidados constantes.<\/p>\n\n\n\n<h3 class=\"wp-block-heading\" id=\"posibles-complicaciones-y-progresion\">Posibles complicaciones y progresi\u00f3n<\/h3>\n\n\n\n<p>A medida que los trastornos neurocognitivos progresan, pueden surgir complicaciones adicionales. Estas pueden incluir la p\u00e9rdida de la capacidad de comunicarse de manera efectiva, dificultades para reconocer a familiares y amigos, problemas de alimentaci\u00f3n y nutrici\u00f3n, y mayor susceptibilidad a infecciones o ca\u00eddas. La progresi\u00f3n de la enfermedad puede ser gradual, pero en algunos casos puede haber per\u00edodos de deterioro m\u00e1s r\u00e1pido.<\/p>\n\n\n\n<figure class=\"wp-block-image size-large\"><a href=\"https:\/\/clinicajaimeicatarroja.com\/blog\/wp-content\/uploads\/2023\/08\/triste-anciano-insomnio-1.jpg\"><img decoding=\"async\" width=\"1024\" height=\"576\" src=\"https:\/\/clinicajaimeicatarroja.com\/blog\/wp-content\/uploads\/2023\/08\/triste-anciano-insomnio-1-1024x576.jpg\" alt=\"trastornos-neurocognitivos-valencia\" class=\"wp-image-16868\" title=\"\" srcset=\"https:\/\/clinicajaimeicatarroja.com\/blog\/wp-content\/uploads\/2023\/08\/triste-anciano-insomnio-1-1024x576.jpg 1024w, https:\/\/clinicajaimeicatarroja.com\/blog\/wp-content\/uploads\/2023\/08\/triste-anciano-insomnio-1-300x169.jpg 300w, https:\/\/clinicajaimeicatarroja.com\/blog\/wp-content\/uploads\/2023\/08\/triste-anciano-insomnio-1-768x432.jpg 768w, https:\/\/clinicajaimeicatarroja.com\/blog\/wp-content\/uploads\/2023\/08\/triste-anciano-insomnio-1.jpg 1421w\" sizes=\"(max-width: 1024px) 100vw, 1024px\" \/><\/a><figcaption class=\"wp-element-caption\">demencia-por-edad<\/figcaption><\/figure>\n\n\n\n<h3 class=\"wp-block-heading\" id=\"prevencion-y-medidas-de-estilo-de-vida-saludable\">Prevenci\u00f3n y medidas de estilo de vida saludable<\/h3>\n\n\n\n<p>Aunque<strong> no se pueden prevenir completamente los trastornos neurocognitivos<\/strong>, existen <strong>medidas <\/strong>que se pueden tomar <strong>para reducir el riesgo de deterioro cognitivo. Mantener un estilo de vida saludable<\/strong> que incluya una alimentaci\u00f3n equilibrada, ejercicio regular, descanso adecuado y actividades mentales estimulantes puede ser beneficioso. Adem\u00e1s, es importante <strong>evitar el consumo de alcohol en exceso y no fumar<\/strong>. Realizar <strong>revisiones m\u00e9dicas <\/strong>regulares permite detectar cualquier problema de salud subyacente que pueda contribuir al desarrollo de estos trastornos.<\/p>\n\n\n\n<h2 class=\"wp-block-heading\" id=\"recursos-y-apoyo-para-personas-con-trastornos-neurocognitivos\">Recursos y apoyo para personas con trastornos neurocognitivos<\/h2>\n\n\n\n<h3 class=\"wp-block-heading\" id=\"organizaciones-y-programas-de-ayuda\">Organizaciones y programas de ayuda<\/h3>\n\n\n\n<p>Existen diversas organizaciones y programas en Espa\u00f1a que brindan apoyo a las personas que padecen trastornos neurocognitivos y a sus familias. Estas organizaciones se dedican a ofrecer informaci\u00f3n, recursos y servicios para ayudar a manejar y comprender estos trastornos. Algunas de las organizaciones destacadas incluyen la Asociaci\u00f3n Espa\u00f1ola de Alzheimer (AEA), la Federaci\u00f3n de Asociaciones de Familiares de Personas con Alzheimer (FEDMA) y la Fundaci\u00f3n Alzheimer Espa\u00f1a (FAE). Estas entidades ofrecen programas de apoyo emocional, grupos de ayuda mutua y talleres educativos para ayudar a los pacientes y a sus cuidadores.<\/p>\n\n\n\n<figure class=\"wp-block-image size-full\"><a href=\"https:\/\/clinicajaimeicatarroja.com\/blog\/wp-content\/uploads\/2023\/08\/cerebro-humano-dia-mundial-tumor-cerebral-accidente-cerebrovascular-demencia-alzheimer-parkinson-1.jpg\"><img decoding=\"async\" width=\"900\" height=\"900\" src=\"https:\/\/clinicajaimeicatarroja.com\/blog\/wp-content\/uploads\/2023\/08\/cerebro-humano-dia-mundial-tumor-cerebral-accidente-cerebrovascular-demencia-alzheimer-parkinson-1.jpg\" alt=\"trastornos-neurocognitivos-valencia\" class=\"wp-image-16869\" title=\"\" srcset=\"https:\/\/clinicajaimeicatarroja.com\/blog\/wp-content\/uploads\/2023\/08\/cerebro-humano-dia-mundial-tumor-cerebral-accidente-cerebrovascular-demencia-alzheimer-parkinson-1.jpg 900w, https:\/\/clinicajaimeicatarroja.com\/blog\/wp-content\/uploads\/2023\/08\/cerebro-humano-dia-mundial-tumor-cerebral-accidente-cerebrovascular-demencia-alzheimer-parkinson-1-300x300.jpg 300w, https:\/\/clinicajaimeicatarroja.com\/blog\/wp-content\/uploads\/2023\/08\/cerebro-humano-dia-mundial-tumor-cerebral-accidente-cerebrovascular-demencia-alzheimer-parkinson-1-150x150.jpg 150w, https:\/\/clinicajaimeicatarroja.com\/blog\/wp-content\/uploads\/2023\/08\/cerebro-humano-dia-mundial-tumor-cerebral-accidente-cerebrovascular-demencia-alzheimer-parkinson-1-768x768.jpg 768w, https:\/\/clinicajaimeicatarroja.com\/blog\/wp-content\/uploads\/2023\/08\/cerebro-humano-dia-mundial-tumor-cerebral-accidente-cerebrovascular-demencia-alzheimer-parkinson-1-100x100.jpg 100w, https:\/\/clinicajaimeicatarroja.com\/blog\/wp-content\/uploads\/2023\/08\/cerebro-humano-dia-mundial-tumor-cerebral-accidente-cerebrovascular-demencia-alzheimer-parkinson-1-54x54.jpg 54w, https:\/\/clinicajaimeicatarroja.com\/blog\/wp-content\/uploads\/2023\/08\/cerebro-humano-dia-mundial-tumor-cerebral-accidente-cerebrovascular-demencia-alzheimer-parkinson-1-470x470.jpg 470w, https:\/\/clinicajaimeicatarroja.com\/blog\/wp-content\/uploads\/2023\/08\/cerebro-humano-dia-mundial-tumor-cerebral-accidente-cerebrovascular-demencia-alzheimer-parkinson-1-420x420.jpg 420w, https:\/\/clinicajaimeicatarroja.com\/blog\/wp-content\/uploads\/2023\/08\/cerebro-humano-dia-mundial-tumor-cerebral-accidente-cerebrovascular-demencia-alzheimer-parkinson-1-460x460.jpg 460w, https:\/\/clinicajaimeicatarroja.com\/blog\/wp-content\/uploads\/2023\/08\/cerebro-humano-dia-mundial-tumor-cerebral-accidente-cerebrovascular-demencia-alzheimer-parkinson-1-60x60.jpg 60w\" sizes=\"(max-width: 900px) 100vw, 900px\" \/><\/a><figcaption class=\"wp-element-caption\">enfermedad-mental<\/figcaption><\/figure>\n\n\n\n<h3 class=\"wp-block-heading\" id=\"servicios-profesionales-y-terapias-complementarias\">Servicios profesionales y terapias complementarias<\/h3>\n\n\n\n<p>Adem\u00e1s de las organizaciones mencionadas, tambi\u00e9n existen servicios profesionales especializados en el tratamiento y apoyo a personas con trastornos neurocognitivos. Estos servicios incluyen profesionales de la salud como neur\u00f3logos, psic\u00f3logos, fisioterapeutas, logopedas y terapeutas ocupacionales, quienes pueden ofrecer evaluaciones, tratamientos y terapias personalizadas. Adem\u00e1s, se promueve la utilizaci\u00f3n de terapias complementarias como la musicoterapia, la terapia cognitivo-conductual y el ejercicio f\u00edsico adaptado, que han demostrado beneficios en el manejo de los s\u00edntomas cognitivos y conductuales asociados.<\/p>\n\n\n\n<figure class=\"wp-block-image size-large\"><a href=\"https:\/\/clinicajaimeicatarroja.com\/blog\/wp-content\/uploads\/2023\/08\/pruebas-cerebrales-paciente-encefalografia-1.jpg\"><img decoding=\"async\" width=\"1024\" height=\"684\" src=\"https:\/\/clinicajaimeicatarroja.com\/blog\/wp-content\/uploads\/2023\/08\/pruebas-cerebrales-paciente-encefalografia-1-1024x684.jpg\" alt=\"trastornos-neurocognitivos-valencia\" class=\"wp-image-16870\" title=\"\" srcset=\"https:\/\/clinicajaimeicatarroja.com\/blog\/wp-content\/uploads\/2023\/08\/pruebas-cerebrales-paciente-encefalografia-1-1024x684.jpg 1024w, https:\/\/clinicajaimeicatarroja.com\/blog\/wp-content\/uploads\/2023\/08\/pruebas-cerebrales-paciente-encefalografia-1-300x200.jpg 300w, https:\/\/clinicajaimeicatarroja.com\/blog\/wp-content\/uploads\/2023\/08\/pruebas-cerebrales-paciente-encefalografia-1-768x513.jpg 768w, https:\/\/clinicajaimeicatarroja.com\/blog\/wp-content\/uploads\/2023\/08\/pruebas-cerebrales-paciente-encefalografia-1.jpg 1198w\" sizes=\"(max-width: 1024px) 100vw, 1024px\" \/><\/a><figcaption class=\"wp-element-caption\">encefalograma-valencia<\/figcaption><\/figure>\n\n\n\n<h3 class=\"wp-block-heading\" id=\"acceso-a-asesoramiento-y-comunidad-de-apoyo\">Acceso a asesoramiento y comunidad de apoyo<\/h3>\n\n\n\n<p>Es fundamental disponer de acceso a asesoramiento profesional y a una comunidad de apoyo. En Espa\u00f1a, existen l\u00edneas telef\u00f3nicas de ayuda y consejo para familiares y personas afectadas por trastornos neurocognitivos, como el Tel\u00e9fono de Alzheimer (Tel\u00e9fono Esperanza) y el Tel\u00e9fono de la Esperanza. Estas l\u00edneas ofrecen apoyo emocional, informaci\u00f3n y orientaci\u00f3n sobre los recursos disponibles. Adem\u00e1s, se fomenta la participaci\u00f3n en grupos de apoyo presenciales y online, donde los familiares y personas con trastornos neurocognitivos pueden compartir sus experiencias, obtener consejos pr\u00e1cticos y sentirse respaldados por otros en situaciones similares.<\/p>\n","protected":false},"excerpt":{"rendered":"<p>Los trastornos neurocognitivos afectan la funci\u00f3n mental debido a diversas enfermedades. Estos trastornos pueden manifestarse a trav\u00e9s de s\u00edntomas como agitaci\u00f3n, confusi\u00f3n y p\u00e9rdida de memoria. Su diagn\u00f3stico implica pruebas m\u00e9dicas y neuropsicol\u00f3gicas. El tratamiento var\u00eda seg\u00fan la causa subyacente e incluye terapias y medicamentos. Estos trastornos pueden dificultar la interacci\u00f3n con otros y la [&hellip;]<\/p>\n","protected":false},"author":1,"featured_media":16851,"comment_status":"open","ping_status":"open","sticky":false,"template":"","format":"standard","meta":{"footnotes":""},"categories":[309],"tags":[],"class_list":["post-16743","post","type-post","status-publish","format-standard","has-post-thumbnail","hentry","category-psiquiatria"],"_links":{"self":[{"href":"https:\/\/clinicajaimeicatarroja.com\/blog\/wp-json\/wp\/v2\/posts\/16743","targetHints":{"allow":["GET"]}}],"collection":[{"href":"https:\/\/clinicajaimeicatarroja.com\/blog\/wp-json\/wp\/v2\/posts"}],"about":[{"href":"https:\/\/clinicajaimeicatarroja.com\/blog\/wp-json\/wp\/v2\/types\/post"}],"author":[{"embeddable":true,"href":"https:\/\/clinicajaimeicatarroja.com\/blog\/wp-json\/wp\/v2\/users\/1"}],"replies":[{"embeddable":true,"href":"https:\/\/clinicajaimeicatarroja.com\/blog\/wp-json\/wp\/v2\/comments?post=16743"}],"version-history":[{"count":7,"href":"https:\/\/clinicajaimeicatarroja.com\/blog\/wp-json\/wp\/v2\/posts\/16743\/revisions"}],"predecessor-version":[{"id":16873,"href":"https:\/\/clinicajaimeicatarroja.com\/blog\/wp-json\/wp\/v2\/posts\/16743\/revisions\/16873"}],"wp:featuredmedia":[{"embeddable":true,"href":"https:\/\/clinicajaimeicatarroja.com\/blog\/wp-json\/wp\/v2\/media\/16851"}],"wp:attachment":[{"href":"https:\/\/clinicajaimeicatarroja.com\/blog\/wp-json\/wp\/v2\/media?parent=16743"}],"wp:term":[{"taxonomy":"category","embeddable":true,"href":"https:\/\/clinicajaimeicatarroja.com\/blog\/wp-json\/wp\/v2\/categories?post=16743"},{"taxonomy":"post_tag","embeddable":true,"href":"https:\/\/clinicajaimeicatarroja.com\/blog\/wp-json\/wp\/v2\/tags?post=16743"}],"curies":[{"name":"wp","href":"https:\/\/api.w.org\/{rel}","templated":true}]}}