{"id":16109,"date":"2023-08-08T16:07:47","date_gmt":"2023-08-08T14:07:47","guid":{"rendered":"https:\/\/clinicajaimeicatarroja.com\/blog\/?p=16109"},"modified":"2023-08-29T10:58:25","modified_gmt":"2023-08-29T08:58:25","slug":"psiquiatria-geriatrica","status":"publish","type":"post","link":"https:\/\/clinicajaimeicatarroja.com\/blog\/psiquiatria-geriatrica","title":{"rendered":"Psiquiatr\u00eda Geri\u00e1trica: Atenci\u00f3n Especializada para los Mayores de 60 a\u00f1os"},"content":{"rendered":"\n<p>La<strong> Psiquiatr\u00eda Geri\u00e1trica<\/strong> se enfoca en brindar <strong>atenci\u00f3n psiqui\u00e1trica espec\u00edfica a personas mayores de 60 a\u00f1o<\/strong>s. En esta <strong>disciplina<\/strong> se <strong>combina la psiquiatr\u00eda y la geriatr\u00eda para ofrecer un abordaje integral<\/strong>. Se utilizan diferentes <strong>tratamientos adaptados a la edad del paciente, como la psicoterapia, medicamentos, terapia familiar y social, y en casos espec\u00edficos, la terapia electroconvulsiva<\/strong>. Los <strong>trastornos m\u00e1s comunes<\/strong> en personas mayores incluyen <strong>la depresi\u00f3n, el deterioro cognitivo, los trastornos conductuales y los s\u00edntomas psic\u00f3ticos en demencias<\/strong>.<\/p>\n\n\n\n<figure class=\"wp-block-image size-large\"><a href=\"https:\/\/clinicajaimeicatarroja.com\/blog\/wp-content\/uploads\/2023\/08\/doctor-apreton-manos-1.jpg\"><img decoding=\"async\" width=\"1024\" height=\"683\" src=\"https:\/\/clinicajaimeicatarroja.com\/blog\/wp-content\/uploads\/2023\/08\/doctor-apreton-manos-1-1024x683.jpg\" alt=\"Psiquiatr\u00eda-Geri\u00e1trica\" class=\"wp-image-17042\" title=\"\" srcset=\"https:\/\/clinicajaimeicatarroja.com\/blog\/wp-content\/uploads\/2023\/08\/doctor-apreton-manos-1-1024x683.jpg 1024w, https:\/\/clinicajaimeicatarroja.com\/blog\/wp-content\/uploads\/2023\/08\/doctor-apreton-manos-1-300x200.jpg 300w, https:\/\/clinicajaimeicatarroja.com\/blog\/wp-content\/uploads\/2023\/08\/doctor-apreton-manos-1-768x512.jpg 768w, https:\/\/clinicajaimeicatarroja.com\/blog\/wp-content\/uploads\/2023\/08\/doctor-apreton-manos-1.jpg 1199w\" sizes=\"(max-width: 1024px) 100vw, 1024px\" \/><\/a><figcaption class=\"wp-element-caption\">Psiquiatr\u00eda Geri\u00e1trica<\/figcaption><\/figure>\n\n\n\n<div class=\"wp-block-rank-math-toc-block\" id=\"rank-math-toc\"><h2>Tabla de Contenidos<\/h2><nav><ul><li class=\"\"><a href=\"#abordaje-integral-en-psiquiatria-geriatrica\">Abordaje integral en Psiquiatr\u00eda Geri\u00e1trica<\/a><ul><li class=\"\"><a href=\"#combinacion-de-habilidades-de-psiquiatria-y-geriatria\">Combinaci\u00f3n de habilidades de psiquiatr\u00eda y geriatr\u00eda<\/a><\/li><li class=\"\"><a href=\"#psicoterapia-adaptada-a-la-edad-del-paciente\">Psicoterapia adaptada a la edad del paciente<\/a><\/li><li class=\"\"><a href=\"#tratamiento-farmacologico-en-la-tercera-edad\">Tratamiento farmacol\u00f3gico en la tercera edad<\/a><\/li><li class=\"\"><a href=\"#terapia-familiar-y-social-en-el-contexto-geriatrico\">Terapia familiar y social en el contexto geri\u00e1trico<\/a><\/li><li class=\"\"><a href=\"#uso-ocasional-de-terapia-electroconvulsiva\">Uso ocasional de terapia electroconvulsiva<\/a><\/li><\/ul><\/li><li class=\"\"><a href=\"#principales-trastornos-mentales-en-personas-mayores\">Principales trastornos mentales en personas mayores<\/a><ul><li class=\"\"><a href=\"#trastornos-depresivos\">Trastornos depresivos<\/a><\/li><li class=\"\"><a href=\"#deterioro-cognitivo-relacionado-con-la-edad\">Deterioro cognitivo relacionado con la edad<\/a><\/li><li class=\"\"><a href=\"#trastornos-conductuales-en-la-vejez\">Trastornos conductuales en la vejez<\/a><\/li><li class=\"\"><a href=\"#sintomas-psicoticos-en-demencia\">S\u00edntomas psic\u00f3ticos en demencia<\/a><\/li><li class=\"\"><a href=\"#insomnio-en-personas-mayores\">Insomnio en personas mayores<\/a><\/li><li class=\"\"><a href=\"#abuso-de-benzodiacepinas-en-adultos-mayores\">Abuso de benzodiacepinas en adultos mayores<\/a><\/li><li class=\"\"><a href=\"#trastornos-de-ansiedad-en-la-tercera-edad\">Trastornos de ansiedad en la tercera edad<\/a><\/li><\/ul><\/li><\/ul><\/nav><\/div>\n\n\n\n<figure class=\"wp-block-image size-large\"><a href=\"https:\/\/clinicajaimeicatarroja.com\/blog\/wp-content\/uploads\/2023\/08\/enfermera-carinosa-1.jpg\"><img decoding=\"async\" width=\"1024\" height=\"683\" src=\"https:\/\/clinicajaimeicatarroja.com\/blog\/wp-content\/uploads\/2023\/08\/enfermera-carinosa-1-1024x683.jpg\" alt=\"Psiquiatr\u00eda-Geri\u00e1trica\" class=\"wp-image-17044\" title=\"\" srcset=\"https:\/\/clinicajaimeicatarroja.com\/blog\/wp-content\/uploads\/2023\/08\/enfermera-carinosa-1-1024x683.jpg 1024w, https:\/\/clinicajaimeicatarroja.com\/blog\/wp-content\/uploads\/2023\/08\/enfermera-carinosa-1-300x200.jpg 300w, https:\/\/clinicajaimeicatarroja.com\/blog\/wp-content\/uploads\/2023\/08\/enfermera-carinosa-1-768x512.jpg 768w, https:\/\/clinicajaimeicatarroja.com\/blog\/wp-content\/uploads\/2023\/08\/enfermera-carinosa-1.jpg 1199w\" sizes=\"(max-width: 1024px) 100vw, 1024px\" \/><\/a><figcaption class=\"wp-element-caption\">atencion-mayores<\/figcaption><\/figure>\n\n\n\n<h2 class=\"wp-block-heading\" id=\"abordaje-integral-en-psiquiatria-geriatrica\">Abordaje integral en Psiquiatr\u00eda Geri\u00e1trica<\/h2>\n\n\n\n<p>La <strong>Psiquiatr\u00eda Geri\u00e1trica<\/strong> se caracteriza por brindar un<strong> abordaje integral en la atenci\u00f3n psiqui\u00e1trica de las personas mayores<\/strong>. Esta disciplina <strong>combina <\/strong>las habilidades de la<strong> psiquiatr\u00eda y la geriatr\u00eda<\/strong> para ofrecer una <strong>atenci\u00f3n especializada<\/strong> adaptada a las necesidades de los pacientes en esta etapa de la vida.<\/p>\n\n\n\n<figure class=\"wp-block-image size-large\"><a href=\"https:\/\/clinicajaimeicatarroja.com\/blog\/wp-content\/uploads\/2023\/08\/terapeuta-reconfortante-paciente-senior-1.jpg\"><img decoding=\"async\" width=\"1024\" height=\"683\" src=\"https:\/\/clinicajaimeicatarroja.com\/blog\/wp-content\/uploads\/2023\/08\/terapeuta-reconfortante-paciente-senior-1-1024x683.jpg\" alt=\"Psiquiatr\u00eda-Geri\u00e1trica\" class=\"wp-image-17055\" title=\"\" srcset=\"https:\/\/clinicajaimeicatarroja.com\/blog\/wp-content\/uploads\/2023\/08\/terapeuta-reconfortante-paciente-senior-1-1024x683.jpg 1024w, https:\/\/clinicajaimeicatarroja.com\/blog\/wp-content\/uploads\/2023\/08\/terapeuta-reconfortante-paciente-senior-1-300x200.jpg 300w, https:\/\/clinicajaimeicatarroja.com\/blog\/wp-content\/uploads\/2023\/08\/terapeuta-reconfortante-paciente-senior-1-768x512.jpg 768w, https:\/\/clinicajaimeicatarroja.com\/blog\/wp-content\/uploads\/2023\/08\/terapeuta-reconfortante-paciente-senior-1.jpg 1199w\" sizes=\"(max-width: 1024px) 100vw, 1024px\" \/><\/a><figcaption class=\"wp-element-caption\">sesion-psicologa<\/figcaption><\/figure>\n\n\n\n<h3 class=\"wp-block-heading\" id=\"combinacion-de-habilidades-de-psiquiatria-y-geriatria\">Combinaci\u00f3n de habilidades de psiquiatr\u00eda y geriatr\u00eda<\/h3>\n\n\n\n<p>El enfoque en <strong>Psiquiatr\u00eda Geri\u00e1trica<\/strong> requiere una combinaci\u00f3n de habilidades tanto en el \u00e1mbito de la psiquiatr\u00eda como en el de la geriatr\u00eda. Los <strong>profesionales<\/strong> de esta \u00e1rea deben contar con <strong>conocimientos en el manejo de los trastornos mentales, as\u00ed como en las particularidades propias del envejecimiento y las enfermedades asociadas<\/strong>.<\/p>\n\n\n\n<figure class=\"wp-block-image size-large\"><a href=\"https:\/\/clinicajaimeicatarroja.com\/blog\/wp-content\/uploads\/2023\/08\/manos-anciana-1-1.jpg\"><img decoding=\"async\" width=\"1024\" height=\"683\" src=\"https:\/\/clinicajaimeicatarroja.com\/blog\/wp-content\/uploads\/2023\/08\/manos-anciana-1-1-1024x683.jpg\" alt=\"Psiquiatr\u00eda-Geri\u00e1trica\" class=\"wp-image-17046\" title=\"\" srcset=\"https:\/\/clinicajaimeicatarroja.com\/blog\/wp-content\/uploads\/2023\/08\/manos-anciana-1-1-1024x683.jpg 1024w, https:\/\/clinicajaimeicatarroja.com\/blog\/wp-content\/uploads\/2023\/08\/manos-anciana-1-1-300x200.jpg 300w, https:\/\/clinicajaimeicatarroja.com\/blog\/wp-content\/uploads\/2023\/08\/manos-anciana-1-1-768x512.jpg 768w, https:\/\/clinicajaimeicatarroja.com\/blog\/wp-content\/uploads\/2023\/08\/manos-anciana-1-1.jpg 1199w\" sizes=\"(max-width: 1024px) 100vw, 1024px\" \/><\/a><figcaption class=\"wp-element-caption\">terapia-psiquiatra<\/figcaption><\/figure>\n\n\n\n<h3 class=\"wp-block-heading\" id=\"psicoterapia-adaptada-a-la-edad-del-paciente\">Psicoterapia adaptada a la edad del paciente<\/h3>\n\n\n\n<p>La <strong>psicoterapia<\/strong> desempe\u00f1a un papel fundamental en el abordaje de los trastornos psiqui\u00e1tricos en personas mayores. Es necesario adaptar las t\u00e9cnicas y estrategias terap\u00e9uticas a las caracter\u00edsticas propias de la edad, teniendo en cuenta las limitaciones cognitivas y funcionales que puedan presentarse en este grupo de pacientes.<\/p>\n\n\n\n<figure class=\"wp-block-image size-large\"><a href=\"https:\/\/clinicajaimeicatarroja.com\/blog\/wp-content\/uploads\/2023\/08\/manos-enfermera-1.jpg\"><img decoding=\"async\" width=\"1024\" height=\"683\" src=\"https:\/\/clinicajaimeicatarroja.com\/blog\/wp-content\/uploads\/2023\/08\/manos-enfermera-1-1024x683.jpg\" alt=\"Psiquiatr\u00eda-Geri\u00e1trica\" class=\"wp-image-17053\" title=\"\" srcset=\"https:\/\/clinicajaimeicatarroja.com\/blog\/wp-content\/uploads\/2023\/08\/manos-enfermera-1-1024x683.jpg 1024w, https:\/\/clinicajaimeicatarroja.com\/blog\/wp-content\/uploads\/2023\/08\/manos-enfermera-1-300x200.jpg 300w, https:\/\/clinicajaimeicatarroja.com\/blog\/wp-content\/uploads\/2023\/08\/manos-enfermera-1-768x512.jpg 768w, https:\/\/clinicajaimeicatarroja.com\/blog\/wp-content\/uploads\/2023\/08\/manos-enfermera-1.jpg 1199w\" sizes=\"(max-width: 1024px) 100vw, 1024px\" \/><\/a><figcaption class=\"wp-element-caption\">ayuda-mental<\/figcaption><\/figure>\n\n\n\n<h3 class=\"wp-block-heading\" id=\"tratamiento-farmacologico-en-la-tercera-edad\">Tratamiento farmacol\u00f3gico en la tercera edad<\/h3>\n\n\n\n<p>En la Psiquiatr\u00eda Geri\u00e1trica, se emplea un <strong>enfoque farmacol\u00f3gico espec\u00edfico<\/strong> para el tratamiento de los trastornos mentales en la tercera edad. Se deben considerar las<strong> posibles interacciones medicamentosas<\/strong>, as\u00ed como ajustar las dosis y pautas de administraci\u00f3n teniendo en cuenta las particularidades farmacocin\u00e9ticas y farmacodin\u00e1micas propias de esta etapa de la vida.<\/p>\n\n\n\n<figure class=\"wp-block-image size-large\"><a href=\"https:\/\/clinicajaimeicatarroja.com\/blog\/wp-content\/uploads\/2023\/08\/joven-medico-asilo-ancianos-revisando-latidos-1.jpg\"><img decoding=\"async\" width=\"1024\" height=\"683\" src=\"https:\/\/clinicajaimeicatarroja.com\/blog\/wp-content\/uploads\/2023\/08\/joven-medico-asilo-ancianos-revisando-latidos-1-1024x683.jpg\" alt=\"Psiquiatr\u00eda-Geri\u00e1trica\" class=\"wp-image-17047\" title=\"\" srcset=\"https:\/\/clinicajaimeicatarroja.com\/blog\/wp-content\/uploads\/2023\/08\/joven-medico-asilo-ancianos-revisando-latidos-1-1024x683.jpg 1024w, https:\/\/clinicajaimeicatarroja.com\/blog\/wp-content\/uploads\/2023\/08\/joven-medico-asilo-ancianos-revisando-latidos-1-300x200.jpg 300w, https:\/\/clinicajaimeicatarroja.com\/blog\/wp-content\/uploads\/2023\/08\/joven-medico-asilo-ancianos-revisando-latidos-1-768x512.jpg 768w, https:\/\/clinicajaimeicatarroja.com\/blog\/wp-content\/uploads\/2023\/08\/joven-medico-asilo-ancianos-revisando-latidos-1.jpg 1199w\" sizes=\"(max-width: 1024px) 100vw, 1024px\" \/><\/a><figcaption class=\"wp-element-caption\">medico<\/figcaption><\/figure>\n\n\n\n<h3 class=\"wp-block-heading\" id=\"terapia-familiar-y-social-en-el-contexto-geriatrico\">Terapia familiar y social en el contexto geri\u00e1trico<\/h3>\n\n\n\n<p>La <strong>terapia familiar y social<\/strong> juega un rol importante en el abordaje de los problemas psiqui\u00e1tricos en personas mayores. Se busca involucrar a los familiares y cuidadores en el proceso terap\u00e9utico, brindando apoyo emocional, identificando factores desencadenantes y promoviendo estrategias de afrontamiento eficaces para mejorar la calidad de vida del paciente.<\/p>\n\n\n\n<figure class=\"wp-block-image size-large\"><a href=\"https:\/\/clinicajaimeicatarroja.com\/blog\/wp-content\/uploads\/2023\/08\/psicologo-consulta-muje-1.jpg\"><img decoding=\"async\" width=\"1024\" height=\"683\" src=\"https:\/\/clinicajaimeicatarroja.com\/blog\/wp-content\/uploads\/2023\/08\/psicologo-consulta-muje-1-1024x683.jpg\" alt=\"Psiquiatr\u00eda-Geri\u00e1trica\" class=\"wp-image-17052\" title=\"\" srcset=\"https:\/\/clinicajaimeicatarroja.com\/blog\/wp-content\/uploads\/2023\/08\/psicologo-consulta-muje-1-1024x683.jpg 1024w, https:\/\/clinicajaimeicatarroja.com\/blog\/wp-content\/uploads\/2023\/08\/psicologo-consulta-muje-1-300x200.jpg 300w, https:\/\/clinicajaimeicatarroja.com\/blog\/wp-content\/uploads\/2023\/08\/psicologo-consulta-muje-1-768x512.jpg 768w, https:\/\/clinicajaimeicatarroja.com\/blog\/wp-content\/uploads\/2023\/08\/psicologo-consulta-muje-1.jpg 1199w\" sizes=\"(max-width: 1024px) 100vw, 1024px\" \/><\/a><figcaption class=\"wp-element-caption\">terapia<\/figcaption><\/figure>\n\n\n\n<h3 class=\"wp-block-heading\" id=\"uso-ocasional-de-terapia-electroconvulsiva\">Uso ocasional de terapia electroconvulsiva<\/h3>\n\n\n\n<p>En ciertos casos, la<a href=\"https:\/\/www.elsevier.es\/es-revista-revista-psiquiatria-salud-mental--286-articulo-caracteristicas-del-estimulo-terapia-electroconvulsiva--S1888989116300568\" target=\"_blank\" rel=\"noreferrer noopener\"> <strong>terapia electroconvulsiva<\/strong><\/a> puede ser una opci\u00f3n terap\u00e9utica en la Psiquiatr\u00eda Geri\u00e1trica. Esta t\u00e9cnica, utilizada de manera controlada y segura, puede ser beneficiosa en el tratamiento de trastornos como la depresi\u00f3n resistente a otros abordajes terap\u00e9uticos. Se eval\u00faa cuidadosamente su indicaci\u00f3n, teniendo en cuenta el estado de salud general del paciente.<\/p>\n\n\n\n<figure class=\"wp-block-image size-large\"><a href=\"https:\/\/clinicajaimeicatarroja.com\/blog\/wp-content\/uploads\/2023\/08\/anciano-llorando-luto-1.jpg\"><img decoding=\"async\" width=\"1024\" height=\"683\" src=\"https:\/\/clinicajaimeicatarroja.com\/blog\/wp-content\/uploads\/2023\/08\/anciano-llorando-luto-1-1024x683.jpg\" alt=\"Psiquiatr\u00eda-Geri\u00e1trica\" class=\"wp-image-17048\" title=\"\" srcset=\"https:\/\/clinicajaimeicatarroja.com\/blog\/wp-content\/uploads\/2023\/08\/anciano-llorando-luto-1-1024x683.jpg 1024w, https:\/\/clinicajaimeicatarroja.com\/blog\/wp-content\/uploads\/2023\/08\/anciano-llorando-luto-1-300x200.jpg 300w, https:\/\/clinicajaimeicatarroja.com\/blog\/wp-content\/uploads\/2023\/08\/anciano-llorando-luto-1-768x512.jpg 768w, https:\/\/clinicajaimeicatarroja.com\/blog\/wp-content\/uploads\/2023\/08\/anciano-llorando-luto-1.jpg 1199w\" sizes=\"(max-width: 1024px) 100vw, 1024px\" \/><\/a><figcaption class=\"wp-element-caption\">duelo<\/figcaption><\/figure>\n\n\n\n<h2 class=\"wp-block-heading\" id=\"principales-trastornos-mentales-en-personas-mayores\">Principales trastornos mentales en personas mayores<\/h2>\n\n\n\n<p>En la psiquiatr\u00eda geri\u00e1trica, se presentan diversos trastornos mentales en las personas mayores. A continuaci\u00f3n, se describen los m\u00e1s comunes:<\/p>\n\n\n\n<h3 class=\"wp-block-heading\" id=\"trastornos-depresivos\">Trastornos depresivos<\/h3>\n\n\n\n<p>Los <strong><a href=\"https:\/\/clinicajaimeicatarroja.com\/blog\/depresion\">trastornos depresivos <\/a><\/strong>son frecuentes en la tercera edad y pueden ser confundidos con los s\u00edntomas propios del envejecimiento. Estos trastornos se caracterizan por una tristeza persistente, falta de inter\u00e9s en actividades cotidianas, alteraciones en el sue\u00f1o y el apetito, as\u00ed como sentimientos de culpa y p\u00e9rdida de autoestima.<\/p>\n\n\n\n<figure class=\"wp-block-image size-large\"><a href=\"https:\/\/clinicajaimeicatarroja.com\/blog\/wp-content\/uploads\/2023\/08\/psiquiatria.geiatrica.jpg\"><img decoding=\"async\" width=\"1024\" height=\"683\" src=\"https:\/\/clinicajaimeicatarroja.com\/blog\/wp-content\/uploads\/2023\/08\/psiquiatria.geiatrica-1024x683.jpg\" alt=\"Psiquiatr\u00eda-Geri\u00e1trica\" class=\"wp-image-17051\" title=\"\" srcset=\"https:\/\/clinicajaimeicatarroja.com\/blog\/wp-content\/uploads\/2023\/08\/psiquiatria.geiatrica-1024x683.jpg 1024w, https:\/\/clinicajaimeicatarroja.com\/blog\/wp-content\/uploads\/2023\/08\/psiquiatria.geiatrica-300x200.jpg 300w, https:\/\/clinicajaimeicatarroja.com\/blog\/wp-content\/uploads\/2023\/08\/psiquiatria.geiatrica-768x512.jpg 768w, https:\/\/clinicajaimeicatarroja.com\/blog\/wp-content\/uploads\/2023\/08\/psiquiatria.geiatrica.jpg 1200w\" sizes=\"(max-width: 1024px) 100vw, 1024px\" \/><\/a><\/figure>\n\n\n\n<h3 class=\"wp-block-heading\" id=\"deterioro-cognitivo-relacionado-con-la-edad\">Deterioro cognitivo relacionado con la edad<\/h3>\n\n\n\n<p>El <strong>deterioro cognitivo relacionado con la edad <\/strong>puede manifestarse a trav\u00e9s de problemas de memoria, dificultad para concentrarse y cambios en el pensamiento y el lenguaje. En algunos casos, estos s\u00edntomas pueden se\u00f1alar un inicio de demencia, como la enfermedad de Alzheimer.<\/p>\n\n\n\n<figure class=\"wp-block-image size-large\"><a href=\"https:\/\/clinicajaimeicatarroja.com\/blog\/wp-content\/uploads\/2023\/08\/recuperacio-1.jpg\"><img decoding=\"async\" width=\"1024\" height=\"683\" src=\"https:\/\/clinicajaimeicatarroja.com\/blog\/wp-content\/uploads\/2023\/08\/recuperacio-1-1024x683.jpg\" alt=\"Psiquiatr\u00eda-Geri\u00e1trica\" class=\"wp-image-17056\" title=\"\" srcset=\"https:\/\/clinicajaimeicatarroja.com\/blog\/wp-content\/uploads\/2023\/08\/recuperacio-1-1024x683.jpg 1024w, https:\/\/clinicajaimeicatarroja.com\/blog\/wp-content\/uploads\/2023\/08\/recuperacio-1-300x200.jpg 300w, https:\/\/clinicajaimeicatarroja.com\/blog\/wp-content\/uploads\/2023\/08\/recuperacio-1-768x512.jpg 768w, https:\/\/clinicajaimeicatarroja.com\/blog\/wp-content\/uploads\/2023\/08\/recuperacio-1.jpg 1199w\" sizes=\"(max-width: 1024px) 100vw, 1024px\" \/><\/a><figcaption class=\"wp-element-caption\">psiquiatra-valencia<\/figcaption><\/figure>\n\n\n\n<h3 class=\"wp-block-heading\" id=\"trastornos-conductuales-en-la-vejez\">Trastornos conductuales en la vejez<\/h3>\n\n\n\n<p>Los <strong>trastornos conductuales en la vejez<\/strong> comprenden diversas alteraciones, como agresividad, irritabilidad, hiperactividad o apat\u00eda. Estos cambios en el comportamiento pueden estar asociados a enfermedades neuropsiqui\u00e1tricas, deterioro cognitivo u otros factores psicol\u00f3gicos y sociales.<\/p>\n\n\n\n<h3 class=\"wp-block-heading\" id=\"sintomas-psicoticos-en-demencia\">S\u00edntomas psic\u00f3ticos en demencia<\/h3>\n\n\n\n<p>Las personas mayores con <strong>demencia<\/strong> pueden experimentar<strong> s\u00edntomas psic\u00f3ticos<\/strong>, como alucinaciones y delirios. Estos s\u00edntomas pueden generar miedo, confusi\u00f3n y ansiedad tanto para el paciente como para sus cuidadores.<\/p>\n\n\n\n<figure class=\"wp-block-image size-large\"><a href=\"https:\/\/clinicajaimeicatarroja.com\/blog\/wp-content\/uploads\/2023\/08\/feliz-pareja-ancianos-riendose-jugando-1.jpg\"><img decoding=\"async\" width=\"1024\" height=\"681\" src=\"https:\/\/clinicajaimeicatarroja.com\/blog\/wp-content\/uploads\/2023\/08\/feliz-pareja-ancianos-riendose-jugando-1-1024x681.jpg\" alt=\"Psiquiatr\u00eda-Geri\u00e1trica\" class=\"wp-image-17049\" title=\"\" srcset=\"https:\/\/clinicajaimeicatarroja.com\/blog\/wp-content\/uploads\/2023\/08\/feliz-pareja-ancianos-riendose-jugando-1-1024x681.jpg 1024w, https:\/\/clinicajaimeicatarroja.com\/blog\/wp-content\/uploads\/2023\/08\/feliz-pareja-ancianos-riendose-jugando-1-300x200.jpg 300w, https:\/\/clinicajaimeicatarroja.com\/blog\/wp-content\/uploads\/2023\/08\/feliz-pareja-ancianos-riendose-jugando-1-768x511.jpg 768w, https:\/\/clinicajaimeicatarroja.com\/blog\/wp-content\/uploads\/2023\/08\/feliz-pareja-ancianos-riendose-jugando-1.jpg 1203w\" sizes=\"(max-width: 1024px) 100vw, 1024px\" \/><\/a><figcaption class=\"wp-element-caption\">Psiquiatr\u00eda-Geri\u00e1trica<\/figcaption><\/figure>\n\n\n\n<h3 class=\"wp-block-heading\" id=\"insomnio-en-personas-mayores\">Insomnio en personas mayores<\/h3>\n\n\n\n<p>El insomnio es un <strong>trastorno del sue\u00f1o<\/strong> que afecta especialmente a las personas mayores. Puede manifestarse con dificultad para conciliar el sue\u00f1o, despertares frecuentes durante la noche o despertar temprano por la ma\u00f1ana sin poder volver a dormir. El insomnio puede estar asociado a otras condiciones m\u00e9dicas o emocionales.<\/p>\n\n\n\n<figure class=\"wp-block-image size-large\"><a href=\"https:\/\/clinicajaimeicatarroja.com\/blog\/wp-content\/uploads\/2023\/08\/medico-o-enfermero-cuidador-anciano-silla-ruedas-1.jpg\"><img decoding=\"async\" width=\"1024\" height=\"472\" src=\"https:\/\/clinicajaimeicatarroja.com\/blog\/wp-content\/uploads\/2023\/08\/medico-o-enfermero-cuidador-anciano-silla-ruedas-1-1024x472.jpg\" alt=\"Psiquiatr\u00eda-Geri\u00e1trica\" class=\"wp-image-17054\" title=\"\" srcset=\"https:\/\/clinicajaimeicatarroja.com\/blog\/wp-content\/uploads\/2023\/08\/medico-o-enfermero-cuidador-anciano-silla-ruedas-1-1024x472.jpg 1024w, https:\/\/clinicajaimeicatarroja.com\/blog\/wp-content\/uploads\/2023\/08\/medico-o-enfermero-cuidador-anciano-silla-ruedas-1-300x138.jpg 300w, https:\/\/clinicajaimeicatarroja.com\/blog\/wp-content\/uploads\/2023\/08\/medico-o-enfermero-cuidador-anciano-silla-ruedas-1-768x354.jpg 768w, https:\/\/clinicajaimeicatarroja.com\/blog\/wp-content\/uploads\/2023\/08\/medico-o-enfermero-cuidador-anciano-silla-ruedas-1-1536x708.jpg 1536w, https:\/\/clinicajaimeicatarroja.com\/blog\/wp-content\/uploads\/2023\/08\/medico-o-enfermero-cuidador-anciano-silla-ruedas-1.jpg 1735w\" sizes=\"(max-width: 1024px) 100vw, 1024px\" \/><\/a><figcaption class=\"wp-element-caption\">salud-mental<\/figcaption><\/figure>\n\n\n\n<h3 class=\"wp-block-heading\" id=\"abuso-de-benzodiacepinas-en-adultos-mayores\">Abuso de benzodiacepinas en adultos mayores<\/h3>\n\n\n\n<p>El <strong>abuso de benzodiacepinas<\/strong> es una problem\u00e1tica com\u00fan en adultos mayores, debido a la prescripci\u00f3n prolongada y al riesgo de dependencia de estas medicaciones. El consumo inapropiado de estos f\u00e1rmacos puede generar efectos adversos y empeorar los problemas de sue\u00f1o y ansiedad.<\/p>\n\n\n\n<figure class=\"wp-block-image size-large\"><a href=\"https:\/\/clinicajaimeicatarroja.com\/blog\/wp-content\/uploads\/2023\/08\/enfermera-tomados-mano-mujer-senior-silla-ruedas-1.jpg\"><img decoding=\"async\" width=\"1024\" height=\"683\" src=\"https:\/\/clinicajaimeicatarroja.com\/blog\/wp-content\/uploads\/2023\/08\/enfermera-tomados-mano-mujer-senior-silla-ruedas-1-1024x683.jpg\" alt=\"Psiquiatr\u00eda-Geri\u00e1trica\" class=\"wp-image-17050\" title=\"\" srcset=\"https:\/\/clinicajaimeicatarroja.com\/blog\/wp-content\/uploads\/2023\/08\/enfermera-tomados-mano-mujer-senior-silla-ruedas-1-1024x683.jpg 1024w, https:\/\/clinicajaimeicatarroja.com\/blog\/wp-content\/uploads\/2023\/08\/enfermera-tomados-mano-mujer-senior-silla-ruedas-1-300x200.jpg 300w, https:\/\/clinicajaimeicatarroja.com\/blog\/wp-content\/uploads\/2023\/08\/enfermera-tomados-mano-mujer-senior-silla-ruedas-1-768x512.jpg 768w, https:\/\/clinicajaimeicatarroja.com\/blog\/wp-content\/uploads\/2023\/08\/enfermera-tomados-mano-mujer-senior-silla-ruedas-1.jpg 1199w\" sizes=\"(max-width: 1024px) 100vw, 1024px\" \/><\/a><figcaption class=\"wp-element-caption\">enfermedad-mental<\/figcaption><\/figure>\n\n\n\n<h3 class=\"wp-block-heading\" id=\"trastornos-de-ansiedad-en-la-tercera-edad\">Trastornos de ansiedad en la tercera edad<\/h3>\n\n\n\n<p>Los trastornos de ansiedad, como el trastorno de ansiedad generalizada o las fobias, tambi\u00e9n son frecuentes en la tercera edad. Estos trastornos pueden manifestarse a trav\u00e9s de preocupaciones excesivas, nerviosismo, tensi\u00f3n muscular y s\u00edntomas f\u00edsicos relacionados con la ansiedad.<\/p>\n","protected":false},"excerpt":{"rendered":"<p>La Psiquiatr\u00eda Geri\u00e1trica se enfoca en brindar atenci\u00f3n psiqui\u00e1trica espec\u00edfica a personas mayores de 60 a\u00f1os. En esta disciplina se combina la psiquiatr\u00eda y la geriatr\u00eda para ofrecer un abordaje integral. Se utilizan diferentes tratamientos adaptados a la edad del paciente, como la psicoterapia, medicamentos, terapia familiar y social, y en casos espec\u00edficos, la terapia [&hellip;]<\/p>\n","protected":false},"author":1,"featured_media":17043,"comment_status":"open","ping_status":"open","sticky":false,"template":"","format":"standard","meta":{"footnotes":""},"categories":[309],"tags":[],"class_list":["post-16109","post","type-post","status-publish","format-standard","has-post-thumbnail","hentry","category-psiquiatria"],"_links":{"self":[{"href":"https:\/\/clinicajaimeicatarroja.com\/blog\/wp-json\/wp\/v2\/posts\/16109","targetHints":{"allow":["GET"]}}],"collection":[{"href":"https:\/\/clinicajaimeicatarroja.com\/blog\/wp-json\/wp\/v2\/posts"}],"about":[{"href":"https:\/\/clinicajaimeicatarroja.com\/blog\/wp-json\/wp\/v2\/types\/post"}],"author":[{"embeddable":true,"href":"https:\/\/clinicajaimeicatarroja.com\/blog\/wp-json\/wp\/v2\/users\/1"}],"replies":[{"embeddable":true,"href":"https:\/\/clinicajaimeicatarroja.com\/blog\/wp-json\/wp\/v2\/comments?post=16109"}],"version-history":[{"count":4,"href":"https:\/\/clinicajaimeicatarroja.com\/blog\/wp-json\/wp\/v2\/posts\/16109\/revisions"}],"predecessor-version":[{"id":17057,"href":"https:\/\/clinicajaimeicatarroja.com\/blog\/wp-json\/wp\/v2\/posts\/16109\/revisions\/17057"}],"wp:featuredmedia":[{"embeddable":true,"href":"https:\/\/clinicajaimeicatarroja.com\/blog\/wp-json\/wp\/v2\/media\/17043"}],"wp:attachment":[{"href":"https:\/\/clinicajaimeicatarroja.com\/blog\/wp-json\/wp\/v2\/media?parent=16109"}],"wp:term":[{"taxonomy":"category","embeddable":true,"href":"https:\/\/clinicajaimeicatarroja.com\/blog\/wp-json\/wp\/v2\/categories?post=16109"},{"taxonomy":"post_tag","embeddable":true,"href":"https:\/\/clinicajaimeicatarroja.com\/blog\/wp-json\/wp\/v2\/tags?post=16109"}],"curies":[{"name":"wp","href":"https:\/\/api.w.org\/{rel}","templated":true}]}}