{"id":16089,"date":"2023-08-11T08:57:00","date_gmt":"2023-08-11T06:57:00","guid":{"rendered":"https:\/\/clinicajaimeicatarroja.com\/blog\/?p=16089"},"modified":"2023-08-11T08:57:02","modified_gmt":"2023-08-11T06:57:02","slug":"psicosis","status":"publish","type":"post","link":"https:\/\/clinicajaimeicatarroja.com\/blog\/psicosis","title":{"rendered":"Psicosis: Causas, s\u00edntomas y tratamiento"},"content":{"rendered":"\n<p>La <strong>psicosis<\/strong> es un <strong>trastorno mental grave<\/strong> que se caracteriza por la <strong>p\u00e9rdida de contacto con la realidad<\/strong>. Puede manifestarse a trav\u00e9s de <strong>delirios y alucinaciones<\/strong>. Las <strong>causas<\/strong> pueden ser diversas, incluyendo <strong>enfermedades cerebrales, consumo de drogas y trastornos mentales<\/strong>. Los s\u00edntomas incluyen <strong>desorganizaci\u00f3n en el pensamiento y el habla<\/strong>. Para su <strong>diagn\u00f3stico<\/strong> se utilizan <strong>evaluaciones y ex\u00e1menes psiqui\u00e1tricos, y en algunos casos, pruebas m\u00e9dicas adicionales<\/strong>. El <strong>tratamiento <\/strong>depende de la causa y <strong>puede incluir el uso de f\u00e1rmacos antipsic\u00f3ticos<\/strong>. Es importante brindar apoyo y comprensi\u00f3n a las personas que sufren de psicosis, adem\u00e1s de promover la educaci\u00f3n y sensibilizaci\u00f3n sobre esta enfermedad.<\/p>\n\n\n\n<figure class=\"wp-block-image size-full\"><a href=\"https:\/\/clinicajaimeicatarroja.com\/blog\/wp-content\/uploads\/2023\/08\/ataque-panico-aislado-1.jpg\"><img decoding=\"async\" width=\"982\" height=\"800\" src=\"https:\/\/clinicajaimeicatarroja.com\/blog\/wp-content\/uploads\/2023\/08\/ataque-panico-aislado-1.jpg\" alt=\"psicosis es un trastorno mental grave \" class=\"wp-image-16195\" title=\"\" srcset=\"https:\/\/clinicajaimeicatarroja.com\/blog\/wp-content\/uploads\/2023\/08\/ataque-panico-aislado-1.jpg 982w, https:\/\/clinicajaimeicatarroja.com\/blog\/wp-content\/uploads\/2023\/08\/ataque-panico-aislado-1-300x244.jpg 300w, https:\/\/clinicajaimeicatarroja.com\/blog\/wp-content\/uploads\/2023\/08\/ataque-panico-aislado-1-768x626.jpg 768w\" sizes=\"(max-width: 982px) 100vw, 982px\" \/><\/a><figcaption class=\"wp-element-caption\">persecucion<\/figcaption><\/figure>\n\n\n\n<div class=\"wp-block-rank-math-toc-block\" id=\"rank-math-toc\"><h2>Indice de Contenidos<\/h2><nav><ul><li class=\"\"><a href=\"#que-es-la-psicosis\">\u00bfQu\u00e9 es la psicosis?<\/a><ul><li class=\"\"><a href=\"#caracteristicas-y-definicion\">Caracter\u00edsticas y definici\u00f3n<\/a><\/li><li class=\"\"><a href=\"#perdida-de-contacto-con-la-realidad\">P\u00e9rdida de contacto con la realidad<\/a><\/li><\/ul><\/li><li class=\"\"><a href=\"#causas-de-la-psicosis\">Causas de la psicosis<\/a><ul><li class=\"\"><a href=\"#factores-medicos-que-contribuyen-a-la-psicosis\">Factores m\u00e9dicos que contribuyen a la psicosis<\/a><\/li><li class=\"\"><a href=\"#consumo-de-sustancias-psicoactivas\">Consumo de sustancias psicoactivas<\/a><\/li><li class=\"\"><a href=\"#trastornos-mentales-relacionados\">Trastornos mentales relacionados<\/a><\/li><\/ul><\/li><li class=\"\"><a href=\"#sintomas-de-la-psicosis\">S\u00edntomas de la psicosis<\/a><ul><li class=\"\"><a href=\"#alucinaciones-y-delirios\">Alucinaciones y delirios<\/a><\/li><li class=\"\"><a href=\"#desorganizacion-en-el-pensamiento-y-el-habla\">Desorganizaci\u00f3n en el pensamiento y el habla<\/a><\/li><li class=\"\"><a href=\"#otros-sintomas-relacionados\">Otros s\u00edntomas relacionados<\/a><\/li><\/ul><\/li><li class=\"\"><a href=\"#diagnostico-de-la-psicosis\">Diagn\u00f3stico de la psicosis<\/a><ul><li class=\"\"><a href=\"#evaluaciones-y-examenes-psiquiatricos\">Evaluaciones y ex\u00e1menes psiqui\u00e1tricos<\/a><\/li><li class=\"\"><a href=\"#examenes-de-laboratorio-y-pruebas-medicas\">Ex\u00e1menes de laboratorio y pruebas m\u00e9dicas<\/a><\/li><li class=\"\"><a href=\"#importancia-de-la-resonancia-magnetica-cerebral\">Importancia de la resonancia magn\u00e9tica cerebral<\/a><\/li><\/ul><\/li><li class=\"\"><a href=\"#tratamiento-de-la-psicosis\">Tratamiento de la psicosis<\/a><ul><li class=\"\"><a href=\"#enfoque-terapeutico-basado-en-la-causa\">Enfoque terap\u00e9utico basado en la causa<\/a><\/li><li class=\"\"><a href=\"#farmacos-antipsicoticos-y-su-eficacia\">F\u00e1rmacos antipsic\u00f3ticos y su eficacia<\/a><\/li><li class=\"\"><a href=\"#rol-de-la-terapia-cognitivo-conductual\">Rol de la terapia cognitivo-conductual<\/a><\/li><\/ul><\/li><li class=\"\"><a href=\"#apoyo-y-cuidado-para-las-personas-con-psicosis\">Apoyo y cuidado para las personas con psicosis<\/a><ul><li class=\"\"><a href=\"#importancia-del-entorno-de-apoyo\">Importancia del entorno de apoyo<\/a><\/li><li class=\"\"><a href=\"#lidiar-con-el-estigma-y-la-discriminacion\">Lidiar con el estigma y la discriminaci\u00f3n<\/a><\/li><li class=\"\"><a href=\"#educacion-y-sensibilizacion-sobre-la-psicosis\">Educaci\u00f3n y sensibilizaci\u00f3n sobre la psicosis<\/a><\/li><\/ul><\/li><li class=\"\"><a href=\"#prevencion-y-pronostico-de-la-psicosis\">Prevenci\u00f3n y pron\u00f3stico de la psicosis<\/a><ul><li class=\"\"><a href=\"#identificar-factores-de-riesgo-y-tomar-medidas-preventivas\">Identificar factores de riesgo y tomar medidas preventivas<\/a><\/li><li class=\"\"><a href=\"#pronostico-segun-la-causa-subyacente\">Pron\u00f3stico seg\u00fan la causa subyacente<\/a><\/li><li class=\"\"><a href=\"#seguimiento-medico-y-tratamiento-a-largo-plazo\">Seguimiento m\u00e9dico y tratamiento a largo plazo<\/a><\/li><\/ul><\/li><\/ul><\/nav><\/div>\n\n\n\n<figure class=\"wp-block-image size-large\"><a href=\"https:\/\/clinicajaimeicatarroja.com\/blog\/wp-content\/uploads\/2023\/08\/hombre-ojos-azules-calavera-al-fondo-1.jpg\"><img decoding=\"async\" width=\"1024\" height=\"573\" src=\"https:\/\/clinicajaimeicatarroja.com\/blog\/wp-content\/uploads\/2023\/08\/hombre-ojos-azules-calavera-al-fondo-1-1024x573.jpg\" alt=\"psicosis-valencia\" class=\"wp-image-16196\" title=\"\" srcset=\"https:\/\/clinicajaimeicatarroja.com\/blog\/wp-content\/uploads\/2023\/08\/hombre-ojos-azules-calavera-al-fondo-1-1024x573.jpg 1024w, https:\/\/clinicajaimeicatarroja.com\/blog\/wp-content\/uploads\/2023\/08\/hombre-ojos-azules-calavera-al-fondo-1-300x168.jpg 300w, https:\/\/clinicajaimeicatarroja.com\/blog\/wp-content\/uploads\/2023\/08\/hombre-ojos-azules-calavera-al-fondo-1-768x430.jpg 768w, https:\/\/clinicajaimeicatarroja.com\/blog\/wp-content\/uploads\/2023\/08\/hombre-ojos-azules-calavera-al-fondo-1.jpg 1429w\" sizes=\"(max-width: 1024px) 100vw, 1024px\" \/><\/a><figcaption class=\"wp-element-caption\">alucinaciones<\/figcaption><\/figure>\n\n\n\n<h2 class=\"wp-block-heading\" id=\"que-es-la-psicosis\">\u00bfQu\u00e9 es la psicosis?<\/h2>\n\n\n\n<p>La<strong> psicosis <\/strong>es un <strong>trastorno mental grave<\/strong> que afecta a la mente y se caracteriza por la<strong> p\u00e9rdida de contacto con la realidad<\/strong>. Se manifiesta a trav\u00e9s de <strong>delirios<\/strong>, que son <strong>falsas creencias sobre lo que est\u00e1 sucediendo o qui\u00e9n es uno mismo<\/strong>, y <strong>alucinaciones<\/strong>, que son <strong>percepciones sensoriales de cosas que no existen<\/strong>. Es importante comprender las caracter\u00edsticas y la definici\u00f3n de la psicosis, as\u00ed como el fen\u00f3meno de la p\u00e9rdida de contacto con la realidad.<\/p>\n\n\n\n<h3 class=\"wp-block-heading\" id=\"caracteristicas-y-definicion\">Caracter\u00edsticas y definici\u00f3n<\/h3>\n\n\n\n<p>La <strong>psicosi<\/strong>s se caracteriza por la <strong>presencia de s\u00edntomas como delirios y alucinaciones<\/strong>. Los delirios son creencias irracionales y falsas que no se ajustan a la realidad. Por otro lado, las alucinaciones pueden ser visuales, auditivas o t\u00e1ctiles, y pueden hacer que la persona vea, escuche o sienta cosas que no tienen una base objetiva. Estos s\u00edntomas pueden afectar el pensamiento y el comportamiento de la persona, y pueden impedir su capacidad para funcionar adecuadamente en la vida diaria.<\/p>\n\n\n\n<figure class=\"wp-block-image size-large\"><a href=\"https:\/\/clinicajaimeicatarroja.com\/blog\/wp-content\/uploads\/2023\/08\/ilusiones-opticas-1-1.jpg\"><img decoding=\"async\" width=\"1024\" height=\"573\" src=\"https:\/\/clinicajaimeicatarroja.com\/blog\/wp-content\/uploads\/2023\/08\/ilusiones-opticas-1-1-1024x573.jpg\" alt=\"psicosis-valencia\" class=\"wp-image-16206\" title=\"\" srcset=\"https:\/\/clinicajaimeicatarroja.com\/blog\/wp-content\/uploads\/2023\/08\/ilusiones-opticas-1-1-1024x573.jpg 1024w, https:\/\/clinicajaimeicatarroja.com\/blog\/wp-content\/uploads\/2023\/08\/ilusiones-opticas-1-1-300x168.jpg 300w, https:\/\/clinicajaimeicatarroja.com\/blog\/wp-content\/uploads\/2023\/08\/ilusiones-opticas-1-1-768x430.jpg 768w, https:\/\/clinicajaimeicatarroja.com\/blog\/wp-content\/uploads\/2023\/08\/ilusiones-opticas-1-1.jpg 1429w\" sizes=\"(max-width: 1024px) 100vw, 1024px\" \/><\/a><figcaption class=\"wp-element-caption\">psicosis-valencia<\/figcaption><\/figure>\n\n\n\n<h3 class=\"wp-block-heading\" id=\"perdida-de-contacto-con-la-realidad\">P\u00e9rdida de contacto con la realidad<\/h3>\n\n\n\n<p>La psicosis se caracteriza por la <strong>p\u00e9rdida de contacto con la realidad<\/strong>. Esto significa que la persona afectada tiene <strong>dificultades para distinguir entre lo real y lo imaginario<\/strong>, y puede interpretar de manera err\u00f3nea lo que est\u00e1 sucediendo a su alrededor. La p\u00e9rdida de contacto con la realidad puede manifestarse de diferentes maneras, como <strong>creer que se est\u00e1 siendo perseguido, tener la convicci\u00f3n de tener un poder especial o pensar que se est\u00e1 en peligro<\/strong>. Esta p\u00e9rdida de contacto con la realidad puede causar un gran malestar y dificultades en la vida diaria de la persona.<\/p>\n\n\n\n<figure class=\"wp-block-image size-large\"><a href=\"https:\/\/clinicajaimeicatarroja.com\/blog\/wp-content\/uploads\/2023\/08\/trastornos-mentales-1.jpg\"><img decoding=\"async\" width=\"1024\" height=\"683\" src=\"https:\/\/clinicajaimeicatarroja.com\/blog\/wp-content\/uploads\/2023\/08\/trastornos-mentales-1-1024x683.jpg\" alt=\"psicosis-valencia\" class=\"wp-image-16210\" title=\"\" srcset=\"https:\/\/clinicajaimeicatarroja.com\/blog\/wp-content\/uploads\/2023\/08\/trastornos-mentales-1-1024x683.jpg 1024w, https:\/\/clinicajaimeicatarroja.com\/blog\/wp-content\/uploads\/2023\/08\/trastornos-mentales-1-300x200.jpg 300w, https:\/\/clinicajaimeicatarroja.com\/blog\/wp-content\/uploads\/2023\/08\/trastornos-mentales-1-768x512.jpg 768w, https:\/\/clinicajaimeicatarroja.com\/blog\/wp-content\/uploads\/2023\/08\/trastornos-mentales-1.jpg 1199w\" sizes=\"(max-width: 1024px) 100vw, 1024px\" \/><\/a><figcaption class=\"wp-element-caption\">psicosis-valencia<\/figcaption><\/figure>\n\n\n\n<h2 class=\"wp-block-heading\" id=\"causas-de-la-psicosis\">Causas de la psicosis<\/h2>\n\n\n\n<p>La psicosis puede ser causada por diversos factores, que van desde <strong>condiciones m\u00e9dicas hasta trastornos mentales relacionados<\/strong>. A continuaci\u00f3n, se detallan algunas de las principales causas de la psicosis:<\/p>\n\n\n\n<h3 class=\"wp-block-heading\" id=\"factores-medicos-que-contribuyen-a-la-psicosis\">Factores m\u00e9dicos que contribuyen a la psicosis<\/h3>\n\n\n\n<p>Algunas condiciones m\u00e9dicas pueden desencadenar episodios de psicosis. Entre estas se encuentran:<\/p>\n\n\n\n<ul class=\"wp-block-list\">\n<li><strong>Consumo de sustancias psicoactivas<\/strong>: El uso excesivo de alcohol y drogas il\u00edcitas puede alterar el funcionamiento del cerebro y llevar a la psicosis.<\/li>\n\n\n\n<li><strong>Enfermedades cerebrales y neurol\u00f3gicas<\/strong>: Ciertas enfermedades como el mal de Parkinson, la enfermedad de Huntington, tumores o quistes cerebrales pueden afectar el equilibrio de sustancias qu\u00edmicas en el cerebro y desencadenar la psicosis.<\/li>\n<\/ul>\n\n\n\n<figure class=\"wp-block-image size-large\"><a href=\"https:\/\/clinicajaimeicatarroja.com\/blog\/wp-content\/uploads\/2023\/08\/lucha-contra-drogadiccion-1.jpg\"><img decoding=\"async\" width=\"1024\" height=\"683\" src=\"https:\/\/clinicajaimeicatarroja.com\/blog\/wp-content\/uploads\/2023\/08\/lucha-contra-drogadiccion-1-1024x683.jpg\" alt=\"psicosis-valencia\" class=\"wp-image-16197\" title=\"\" srcset=\"https:\/\/clinicajaimeicatarroja.com\/blog\/wp-content\/uploads\/2023\/08\/lucha-contra-drogadiccion-1-1024x683.jpg 1024w, https:\/\/clinicajaimeicatarroja.com\/blog\/wp-content\/uploads\/2023\/08\/lucha-contra-drogadiccion-1-300x200.jpg 300w, https:\/\/clinicajaimeicatarroja.com\/blog\/wp-content\/uploads\/2023\/08\/lucha-contra-drogadiccion-1-768x512.jpg 768w, https:\/\/clinicajaimeicatarroja.com\/blog\/wp-content\/uploads\/2023\/08\/lucha-contra-drogadiccion-1.jpg 1200w\" sizes=\"(max-width: 1024px) 100vw, 1024px\" \/><\/a><figcaption class=\"wp-element-caption\">consumo-drogas<\/figcaption><\/figure>\n\n\n\n<h3 class=\"wp-block-heading\" id=\"consumo-de-sustancias-psicoactivas\">Consumo de sustancias psicoactivas<\/h3>\n\n\n\n<p>El consumo de drogas psicoactivas tambi\u00e9n puede contribuir al desarrollo de la psicosis. Sustancias como la marihuana, la coca\u00edna o los alucin\u00f3genos pueden alterar la percepci\u00f3n y llevar a la aparici\u00f3n de s\u00edntomas psic\u00f3ticos.<\/p>\n\n\n\n<h3 class=\"wp-block-heading\" id=\"trastornos-mentales-relacionados\">Trastornos mentales relacionados<\/h3>\n\n\n\n<p>Existen ciertos trastornos mentales que est\u00e1n estrechamente relacionados con la psicosis. Algunos de ellos son:<\/p>\n\n\n\n<ul class=\"wp-block-list\">\n<li><strong><a href=\"https:\/\/clinicajaimeicatarroja.com\/blog\/esquizofrenia\">Esquizofrenia<\/a><\/strong>: Se considera uno de los trastornos mentales m\u00e1s comunes asociados a la psicosis. Los s\u00edntomas de la esquizofrenia, como delirios y alucinaciones, pueden estar presentes durante los episodios psic\u00f3ticos.<\/li>\n\n\n\n<li><strong><a href=\"https:\/\/clinicajaimeicatarroja.com\/blog\/wp-admin\/post.php?post=16035&amp;action=edit\">Trastorno bipolar<\/a><\/strong>: Las personas con trastorno bipolar pueden experimentar episodios man\u00edacos o depresivos que tambi\u00e9n pueden incluir s\u00edntomas psic\u00f3ticos.<\/li>\n\n\n\n<li>Otros <strong>trastornos de la personalidad<\/strong>: Algunos trastornos de la personalidad, como el trastorno esquizot\u00edpico o el trastorno l\u00edmite de la personalidad, tambi\u00e9n pueden tener asociados s\u00edntomas psic\u00f3ticos.<\/li>\n<\/ul>\n\n\n\n<p>Es importante destacar que estas son algunas de las principales causas de la psicosis, pero existen otros factores y condiciones que pueden contribuir a su aparici\u00f3n. Ante cualquier s\u00edntoma o preocupaci\u00f3n, es fundamental buscar ayuda m\u00e9dica para un diagn\u00f3stico adecuado y un tratamiento oportuno.<\/p>\n\n\n\n<figure class=\"wp-block-image size-large\"><a href=\"https:\/\/clinicajaimeicatarroja.com\/blog\/wp-content\/uploads\/2023\/08\/sopla-freneticamente-1.jpg\"><img decoding=\"async\" width=\"1024\" height=\"683\" src=\"https:\/\/clinicajaimeicatarroja.com\/blog\/wp-content\/uploads\/2023\/08\/sopla-freneticamente-1-1024x683.jpg\" alt=\"psicosis-valencia\" class=\"wp-image-16198\" title=\"\" srcset=\"https:\/\/clinicajaimeicatarroja.com\/blog\/wp-content\/uploads\/2023\/08\/sopla-freneticamente-1-1024x683.jpg 1024w, https:\/\/clinicajaimeicatarroja.com\/blog\/wp-content\/uploads\/2023\/08\/sopla-freneticamente-1-300x200.jpg 300w, https:\/\/clinicajaimeicatarroja.com\/blog\/wp-content\/uploads\/2023\/08\/sopla-freneticamente-1-768x512.jpg 768w, https:\/\/clinicajaimeicatarroja.com\/blog\/wp-content\/uploads\/2023\/08\/sopla-freneticamente-1.jpg 1199w\" sizes=\"(max-width: 1024px) 100vw, 1024px\" \/><\/a><figcaption class=\"wp-element-caption\">psicosis-valencia<\/figcaption><\/figure>\n\n\n\n<h2 class=\"wp-block-heading\" id=\"sintomas-de-la-psicosis\">S\u00edntomas de la psicosis<\/h2>\n\n\n\n<p>La psicosis se caracteriza por diversos<strong> s\u00edntomas <\/strong>que afectan el funcionamiento mental y emocional de la persona. Estos s\u00edntomas pueden variar en intensidad y manifestaci\u00f3n, pero suelen incluir:<\/p>\n\n\n\n<h3 class=\"wp-block-heading\" id=\"alucinaciones-y-delirios\">Alucinaciones y delirios<\/h3>\n\n\n\n<p>Las alucinaciones son experiencias perceptivas que parecen reales pero que en realidad no existen. Por ejemplo, una persona puede escuchar voces o ver cosas que otros no pueden percibir. Los delirios, por otro lado, son creencias err\u00f3neas y falsas que se mantienen firmemente a pesar de la evidencia en contrario. Los delirios pueden estar relacionados con temas de conspiraci\u00f3n, grandeza personal o paranoia.<\/p>\n\n\n\n<figure class=\"wp-block-image size-large\"><a href=\"https:\/\/clinicajaimeicatarroja.com\/blog\/wp-content\/uploads\/2023\/08\/sufrimiento-esquizofrenia-1.jpg\"><img decoding=\"async\" width=\"1024\" height=\"683\" src=\"https:\/\/clinicajaimeicatarroja.com\/blog\/wp-content\/uploads\/2023\/08\/sufrimiento-esquizofrenia-1-1024x683.jpg\" alt=\"psicosis-valencia\" class=\"wp-image-16207\" title=\"\" srcset=\"https:\/\/clinicajaimeicatarroja.com\/blog\/wp-content\/uploads\/2023\/08\/sufrimiento-esquizofrenia-1-1024x683.jpg 1024w, https:\/\/clinicajaimeicatarroja.com\/blog\/wp-content\/uploads\/2023\/08\/sufrimiento-esquizofrenia-1-300x200.jpg 300w, https:\/\/clinicajaimeicatarroja.com\/blog\/wp-content\/uploads\/2023\/08\/sufrimiento-esquizofrenia-1-768x512.jpg 768w, https:\/\/clinicajaimeicatarroja.com\/blog\/wp-content\/uploads\/2023\/08\/sufrimiento-esquizofrenia-1.jpg 1199w\" sizes=\"(max-width: 1024px) 100vw, 1024px\" \/><\/a><figcaption class=\"wp-element-caption\">alucinaciones-valencia<\/figcaption><\/figure>\n\n\n\n<h3 class=\"wp-block-heading\" id=\"desorganizacion-en-el-pensamiento-y-el-habla\">Desorganizaci\u00f3n en el pensamiento y el habla<\/h3>\n\n\n\n<p>Las personas con psicosis a menudo experimentan dificultad para organizar sus pensamientos y expresar ideas de manera coherente. Pueden tener cambios abruptos de tema en la conversaci\u00f3n o saltar de una idea a otra sin una conexi\u00f3n l\u00f3gica clara. Su habla puede volverse incoherente o dif\u00edcil de entender, lo que dificulta la comunicaci\u00f3n efectiva.<\/p>\n\n\n\n<h3 class=\"wp-block-heading\" id=\"otros-sintomas-relacionados\">Otros s\u00edntomas relacionados<\/h3>\n\n\n\n<p>Adem\u00e1s de los s\u00edntomas mencionados anteriormente, los individuos con psicosis pueden experimentar una serie de s\u00edntomas adicionales que afectan su bienestar general. Estos pueden incluir:<\/p>\n\n\n\n<ul class=\"wp-block-list\">\n<li>Desapego emocional o apat\u00eda<\/li>\n\n\n\n<li>S\u00edntomas depresivos o ansiosos<\/li>\n\n\n\n<li>Falta de motivaci\u00f3n o iniciativa<\/li>\n\n\n\n<li>Problemas de concentraci\u00f3n y memoria<\/li>\n\n\n\n<li>Dificultades en la realizaci\u00f3n de tareas cotidianas<\/li>\n\n\n\n<li>Inquietud o agitaci\u00f3n psicomotora<\/li>\n<\/ul>\n\n\n\n<p>Es importante tener en cuenta que los s\u00edntomas de la psicosis pueden variar ampliamente de una persona a otra, y que el tratamiento y manejo de estos s\u00edntomas depender\u00e1 de la causa subyacente de la psicosis.<\/p>\n\n\n\n<figure class=\"wp-block-image size-full\"><a href=\"https:\/\/clinicajaimeicatarroja.com\/blog\/wp-content\/uploads\/2023\/08\/emocion-mas-profunda-ansiedad-depresion-1.jpg\"><img decoding=\"async\" width=\"900\" height=\"900\" src=\"https:\/\/clinicajaimeicatarroja.com\/blog\/wp-content\/uploads\/2023\/08\/emocion-mas-profunda-ansiedad-depresion-1.jpg\" alt=\"psicosis-valencia\" class=\"wp-image-16199\" title=\"\" srcset=\"https:\/\/clinicajaimeicatarroja.com\/blog\/wp-content\/uploads\/2023\/08\/emocion-mas-profunda-ansiedad-depresion-1.jpg 900w, https:\/\/clinicajaimeicatarroja.com\/blog\/wp-content\/uploads\/2023\/08\/emocion-mas-profunda-ansiedad-depresion-1-300x300.jpg 300w, https:\/\/clinicajaimeicatarroja.com\/blog\/wp-content\/uploads\/2023\/08\/emocion-mas-profunda-ansiedad-depresion-1-150x150.jpg 150w, https:\/\/clinicajaimeicatarroja.com\/blog\/wp-content\/uploads\/2023\/08\/emocion-mas-profunda-ansiedad-depresion-1-768x768.jpg 768w, https:\/\/clinicajaimeicatarroja.com\/blog\/wp-content\/uploads\/2023\/08\/emocion-mas-profunda-ansiedad-depresion-1-100x100.jpg 100w, https:\/\/clinicajaimeicatarroja.com\/blog\/wp-content\/uploads\/2023\/08\/emocion-mas-profunda-ansiedad-depresion-1-54x54.jpg 54w, https:\/\/clinicajaimeicatarroja.com\/blog\/wp-content\/uploads\/2023\/08\/emocion-mas-profunda-ansiedad-depresion-1-470x470.jpg 470w, https:\/\/clinicajaimeicatarroja.com\/blog\/wp-content\/uploads\/2023\/08\/emocion-mas-profunda-ansiedad-depresion-1-420x420.jpg 420w, https:\/\/clinicajaimeicatarroja.com\/blog\/wp-content\/uploads\/2023\/08\/emocion-mas-profunda-ansiedad-depresion-1-460x460.jpg 460w, https:\/\/clinicajaimeicatarroja.com\/blog\/wp-content\/uploads\/2023\/08\/emocion-mas-profunda-ansiedad-depresion-1-60x60.jpg 60w\" sizes=\"(max-width: 900px) 100vw, 900px\" \/><\/a><figcaption class=\"wp-element-caption\">S\u00edntomas depresivos o ansiosos<\/figcaption><\/figure>\n\n\n\n<h2 class=\"wp-block-heading\" id=\"diagnostico-de-la-psicosis\">Diagn\u00f3stico de la psicosis<\/h2>\n\n\n\n<p>El <strong><a href=\"https:\/\/clinicajaimeicatarroja.com\/especialidades\/psiquiatria\">diagn\u00f3stico de la psicosis<\/a><\/strong> se basa en una evaluaci\u00f3n exhaustiva por parte de profesionales de la salud mental. Se utilizan diferentes m\u00e9todos y pruebas para determinar la presencia y la causa subyacente de la enfermedad.<\/p>\n\n\n\n<h3 class=\"wp-block-heading\" id=\"evaluaciones-y-examenes-psiquiatricos\">Evaluaciones y ex\u00e1menes psiqui\u00e1tricos<\/h3>\n\n\n\n<p>Las <strong>evaluaciones psiqui\u00e1tricas<\/strong> son fundamentales para el diagn\u00f3stico de la psicosis. Estas evaluaciones incluyen entrevistas cl\u00ednicas y cuestionarios que permiten recopilar informaci\u00f3n sobre los s\u00edntomas, la historia m\u00e9dica y psiqui\u00e1trica del paciente. Los profesionales de la salud mental tambi\u00e9n pueden realizar evaluaciones del estado mental y observar el comportamiento y la apariencia del individuo.<\/p>\n\n\n\n<h3 class=\"wp-block-heading\" id=\"examenes-de-laboratorio-y-pruebas-medicas\">Ex\u00e1menes de laboratorio y pruebas m\u00e9dicas<\/h3>\n\n\n\n<p>En algunos casos, pueden ser necesarios <strong>ex\u00e1menes de laboratorio<\/strong> para descartar otras condiciones m\u00e9dicas que puedan causar s\u00edntomas similares a los de la psicosis. Estos ex\u00e1menes pueden incluir <strong>an\u00e1lisis de sangre, pruebas de funci\u00f3n hep\u00e1tica y renal, y pruebas de detecci\u00f3n de drogas<\/strong>. Adem\u00e1s, se pueden realizar pruebas para descartar infecciones o deficiencias vitam\u00ednicas que puedan contribuir a los s\u00edntomas de la psicosis.<\/p>\n\n\n\n<figure class=\"wp-block-image size-large\"><a href=\"https:\/\/clinicajaimeicatarroja.com\/blog\/wp-content\/uploads\/2023\/08\/maldicion-llorona-1-1.jpg\"><img decoding=\"async\" width=\"1024\" height=\"683\" src=\"https:\/\/clinicajaimeicatarroja.com\/blog\/wp-content\/uploads\/2023\/08\/maldicion-llorona-1-1-1024x683.jpg\" alt=\"psicosis-valencia\" class=\"wp-image-16209\" title=\"\" srcset=\"https:\/\/clinicajaimeicatarroja.com\/blog\/wp-content\/uploads\/2023\/08\/maldicion-llorona-1-1-1024x683.jpg 1024w, https:\/\/clinicajaimeicatarroja.com\/blog\/wp-content\/uploads\/2023\/08\/maldicion-llorona-1-1-300x200.jpg 300w, https:\/\/clinicajaimeicatarroja.com\/blog\/wp-content\/uploads\/2023\/08\/maldicion-llorona-1-1-768x512.jpg 768w, https:\/\/clinicajaimeicatarroja.com\/blog\/wp-content\/uploads\/2023\/08\/maldicion-llorona-1-1.jpg 1199w\" sizes=\"(max-width: 1024px) 100vw, 1024px\" \/><\/a><figcaption class=\"wp-element-caption\">brote-psic\u00f3tico-valencia<\/figcaption><\/figure>\n\n\n\n<h3 class=\"wp-block-heading\" id=\"importancia-de-la-resonancia-magnetica-cerebral\">Importancia de la resonancia magn\u00e9tica cerebral<\/h3>\n\n\n\n<p>La <strong><a href=\"https:\/\/resobert.es\/servicios\/resonancia-magnetica-en-valencia\/cerebral\/\" target=\"_blank\" rel=\"noreferrer noopener\">resonancia magn\u00e9tica cerebral <\/a><\/strong>es una herramienta diagn\u00f3stica importante en el estudio de la psicosis. Esta prueba de imagen proporciona im\u00e1genes detalladas del cerebro y puede revelar anomal\u00edas estructurales o da\u00f1o cerebral que pueden estar relacionados con la psicosis. La resonancia magn\u00e9tica tambi\u00e9n puede ayudar a descartar otras enfermedades cerebrales que pueden causar s\u00edntomas similares.<\/p>\n\n\n\n<h2 class=\"wp-block-heading\" id=\"tratamiento-de-la-psicosis\">Tratamiento de la psicosis<\/h2>\n\n\n\n<h3 class=\"wp-block-heading\" id=\"enfoque-terapeutico-basado-en-la-causa\">Enfoque terap\u00e9utico basado en la causa<\/h3>\n\n\n\n<p>El <strong>tratamiento de la psicosis se basa en abordar la causa subyacente de la enfermedad<\/strong>. Esto implica identificar y tratar las enfermedades cerebrales, trastornos mentales o el consumo de sustancias psicoactivas que pueden estar contribuyendo a la psicosis. Se busca mejorar la salud f\u00edsica y mental del individuo, lo cual puede requerir la colaboraci\u00f3n de un equipo multidisciplinario que incluya m\u00e9dicos, psiquiatras, psic\u00f3logos y otros profesionales de la salud.<\/p>\n\n\n\n<figure class=\"wp-block-image size-large\"><a href=\"https:\/\/clinicajaimeicatarroja.com\/blog\/wp-content\/uploads\/2023\/08\/bipolar-sobrepildoras-vitaminas-estetoscopio-jeringa-fondo-1.jpg\"><img decoding=\"async\" width=\"1024\" height=\"581\" src=\"https:\/\/clinicajaimeicatarroja.com\/blog\/wp-content\/uploads\/2023\/08\/bipolar-sobrepildoras-vitaminas-estetoscopio-jeringa-fondo-1-1024x581.jpg\" alt=\"psicosis-valencia\" class=\"wp-image-16200\" title=\"\" srcset=\"https:\/\/clinicajaimeicatarroja.com\/blog\/wp-content\/uploads\/2023\/08\/bipolar-sobrepildoras-vitaminas-estetoscopio-jeringa-fondo-1-1024x581.jpg 1024w, https:\/\/clinicajaimeicatarroja.com\/blog\/wp-content\/uploads\/2023\/08\/bipolar-sobrepildoras-vitaminas-estetoscopio-jeringa-fondo-1-300x170.jpg 300w, https:\/\/clinicajaimeicatarroja.com\/blog\/wp-content\/uploads\/2023\/08\/bipolar-sobrepildoras-vitaminas-estetoscopio-jeringa-fondo-1-768x435.jpg 768w, https:\/\/clinicajaimeicatarroja.com\/blog\/wp-content\/uploads\/2023\/08\/bipolar-sobrepildoras-vitaminas-estetoscopio-jeringa-fondo-1.jpg 1411w\" sizes=\"(max-width: 1024px) 100vw, 1024px\" \/><\/a><figcaption class=\"wp-element-caption\">trastorno-bipolar<\/figcaption><\/figure>\n\n\n\n<h3 class=\"wp-block-heading\" id=\"farmacos-antipsicoticos-y-su-eficacia\">F\u00e1rmacos antipsic\u00f3ticos y su eficacia<\/h3>\n\n\n\n<p>Los <strong>f\u00e1rmacos antipsic\u00f3ticos<\/strong> son una opci\u00f3n com\u00fan en el tratamiento de la psicosis. Estos medicamentos act\u00faan sobre los neurotransmisores en el cerebro para reducir los s\u00edntomas de delirios y alucinaciones. Su eficacia var\u00eda seg\u00fan la persona y la causa de la psicosis, por lo que es importante encontrar la dosis y el medicamento adecuado para cada individuo. Es fundamental seguir el plan de tratamiento prescrito por el m\u00e9dico y realizar un seguimiento regular para evaluar la respuesta al medicamento.<\/p>\n\n\n\n<h3 class=\"wp-block-heading\" id=\"rol-de-la-terapia-cognitivo-conductual\">Rol de la terapia cognitivo-conductual<\/h3>\n\n\n\n<p>La <strong>terapia cognitivo-conductual (TCC)<\/strong> puede ser una herramienta efectiva en el tratamiento de la psicosis. Esta terapia se enfoca en identificar y cambiar los patrones de pensamiento negativos y disfuncionales, as\u00ed como en promover habilidades de afrontamiento y resoluci\u00f3n de problemas. La TCC puede ayudar a reducir los s\u00edntomas de la psicosis, mejorar el funcionamiento diario y fomentar una mayor conciencia de la realidad. Es importante contar con un terapeuta capacitado en TCC para llevar a cabo esta forma de intervenci\u00f3n terap\u00e9utica.<\/p>\n\n\n\n<figure class=\"wp-block-image size-large\"><a href=\"https:\/\/clinicajaimeicatarroja.com\/blog\/wp-content\/uploads\/2023\/08\/sesion-psicoterapia-familiar-1.jpg\"><img decoding=\"async\" width=\"1024\" height=\"683\" src=\"https:\/\/clinicajaimeicatarroja.com\/blog\/wp-content\/uploads\/2023\/08\/sesion-psicoterapia-familiar-1-1024x683.jpg\" alt=\"psicosis-valencia\" class=\"wp-image-16201\" title=\"\" srcset=\"https:\/\/clinicajaimeicatarroja.com\/blog\/wp-content\/uploads\/2023\/08\/sesion-psicoterapia-familiar-1-1024x683.jpg 1024w, https:\/\/clinicajaimeicatarroja.com\/blog\/wp-content\/uploads\/2023\/08\/sesion-psicoterapia-familiar-1-300x200.jpg 300w, https:\/\/clinicajaimeicatarroja.com\/blog\/wp-content\/uploads\/2023\/08\/sesion-psicoterapia-familiar-1-768x512.jpg 768w, https:\/\/clinicajaimeicatarroja.com\/blog\/wp-content\/uploads\/2023\/08\/sesion-psicoterapia-familiar-1.jpg 1199w\" sizes=\"(max-width: 1024px) 100vw, 1024px\" \/><\/a><figcaption class=\"wp-element-caption\">psicoterapia<\/figcaption><\/figure>\n\n\n\n<h2 class=\"wp-block-heading\" id=\"apoyo-y-cuidado-para-las-personas-con-psicosis\">Apoyo y cuidado para las personas con psicosis<\/h2>\n\n\n\n<h3 class=\"wp-block-heading\" id=\"importancia-del-entorno-de-apoyo\">Importancia del entorno de apoyo<\/h3>\n\n\n\n<p>Para las personas que experimentan psicosis, <strong>contar con un entorno de apoyo s\u00f3lido es fundamental<\/strong>. Los familiares, amigos y seres queridos pueden desempe\u00f1ar un papel crucial en la recuperaci\u00f3n y bienestar emocional de quienes padecen esta enfermedad mental.<\/p>\n\n\n\n<p>El apoyo emocional y pr\u00e1ctico puede ayudar a disminuir los s\u00edntomas de la psicosis y mejorar la calidad de vida de la persona afectada. Brindarles comprensi\u00f3n, paciencia y empat\u00eda, as\u00ed como participar en su tratamiento y rehabilitaci\u00f3n, puede generar un impacto positivo en su proceso de recuperaci\u00f3n.<\/p>\n\n\n\n<figure class=\"wp-block-image size-large\"><a href=\"https:\/\/clinicajaimeicatarroja.com\/blog\/wp-content\/uploads\/2023\/08\/viejo-enojado-gritando-1.jpg\"><img decoding=\"async\" width=\"1024\" height=\"683\" src=\"https:\/\/clinicajaimeicatarroja.com\/blog\/wp-content\/uploads\/2023\/08\/viejo-enojado-gritando-1-1024x683.jpg\" alt=\"psicosis-valencia\" class=\"wp-image-16203\" title=\"\" srcset=\"https:\/\/clinicajaimeicatarroja.com\/blog\/wp-content\/uploads\/2023\/08\/viejo-enojado-gritando-1-1024x683.jpg 1024w, https:\/\/clinicajaimeicatarroja.com\/blog\/wp-content\/uploads\/2023\/08\/viejo-enojado-gritando-1-300x200.jpg 300w, https:\/\/clinicajaimeicatarroja.com\/blog\/wp-content\/uploads\/2023\/08\/viejo-enojado-gritando-1-768x512.jpg 768w, https:\/\/clinicajaimeicatarroja.com\/blog\/wp-content\/uploads\/2023\/08\/viejo-enojado-gritando-1.jpg 1199w\" sizes=\"(max-width: 1024px) 100vw, 1024px\" \/><\/a><figcaption class=\"wp-element-caption\">esquizofrenia-valencia<\/figcaption><\/figure>\n\n\n\n<h3 class=\"wp-block-heading\" id=\"lidiar-con-el-estigma-y-la-discriminacion\">Lidiar con el estigma y la discriminaci\u00f3n<\/h3>\n\n\n\n<p>Lamentablemente, la psicosis a\u00fan enfrenta <strong>estigmatizaci\u00f3n y discriminaci\u00f3n en nuestra sociedad<\/strong>. Esto puede resultar en problemas adicionales para quienes la padecen, incluyendo dificultades en su vida social, laboral y personal.<\/p>\n\n\n\n<p>Es esencial tomar conciencia de estos estigmas y trabajar para combatirlos. Fomentar la educaci\u00f3n y la sensibilizaci\u00f3n en torno a la psicosis puede contribuir a eliminar prejuicios y promover un ambiente inclusivo, donde las personas con esta condici\u00f3n se sientan aceptadas y apoyadas.<\/p>\n\n\n\n<h3 class=\"wp-block-heading\" id=\"educacion-y-sensibilizacion-sobre-la-psicosis\">Educaci\u00f3n y sensibilizaci\u00f3n sobre la psicosis<\/h3>\n\n\n\n<p>La <strong>educaci\u00f3n y la sensibilizaci\u00f3n son aspectos clave<\/strong> para ayudar a comprender y abordar la psicosis de manera adecuada. Es importante difundir informaci\u00f3n veraz y desmitificar creencias err\u00f3neas sobre este trastorno mental.<\/p>\n\n\n\n<p>Mediante la educaci\u00f3n, se puede mejorar la detecci\u00f3n temprana de la psicosis, as\u00ed como promover la b\u00fasqueda de ayuda profesional y el acceso a tratamientos adecuados. Adem\u00e1s, es fundamental ofrecer recursos y apoyo a las personas afectadas y a sus familias, facilit\u00e1ndoles herramientas para afrontar los desaf\u00edos que puedan surgir en su camino hacia la recuperaci\u00f3n.<\/p>\n\n\n\n<figure class=\"wp-block-image size-large\"><a href=\"https:\/\/clinicajaimeicatarroja.com\/blog\/wp-content\/uploads\/2023\/08\/sesion-psicoterapia-consultorio-medico-1.jpg\"><img decoding=\"async\" width=\"1024\" height=\"683\" src=\"https:\/\/clinicajaimeicatarroja.com\/blog\/wp-content\/uploads\/2023\/08\/sesion-psicoterapia-consultorio-medico-1-1024x683.jpg\" alt=\"psicosis-valencia\" class=\"wp-image-16202\" title=\"\" srcset=\"https:\/\/clinicajaimeicatarroja.com\/blog\/wp-content\/uploads\/2023\/08\/sesion-psicoterapia-consultorio-medico-1-1024x683.jpg 1024w, https:\/\/clinicajaimeicatarroja.com\/blog\/wp-content\/uploads\/2023\/08\/sesion-psicoterapia-consultorio-medico-1-300x200.jpg 300w, https:\/\/clinicajaimeicatarroja.com\/blog\/wp-content\/uploads\/2023\/08\/sesion-psicoterapia-consultorio-medico-1-768x512.jpg 768w, https:\/\/clinicajaimeicatarroja.com\/blog\/wp-content\/uploads\/2023\/08\/sesion-psicoterapia-consultorio-medico-1.jpg 1199w\" sizes=\"(max-width: 1024px) 100vw, 1024px\" \/><\/a><figcaption class=\"wp-element-caption\">psiquiatra<\/figcaption><\/figure>\n\n\n\n<h2 class=\"wp-block-heading\" id=\"prevencion-y-pronostico-de-la-psicosis\">Prevenci\u00f3n y pron\u00f3stico de la psicosis<\/h2>\n\n\n\n<h3 class=\"wp-block-heading\" id=\"identificar-factores-de-riesgo-y-tomar-medidas-preventivas\">Identificar factores de riesgo y tomar medidas preventivas<\/h3>\n\n\n\n<p><strong>La psicosis puede ser prevenida o retrasada con la identificaci\u00f3n temprana de los factores de riesgo<\/strong>. Algunos de estos factores incluyen <strong>antecedentes familiares de trastornos psic\u00f3ticos, abuso de drogas y alta carga de estr\u00e9s.<\/strong> Es importante promover un estilo de vida saludable, como evitar el consumo de drogas y alcohol, as\u00ed como manejar el estr\u00e9s de manera efectiva a trav\u00e9s de t\u00e9cnicas de relajaci\u00f3n y apoyo emocional.<\/p>\n\n\n\n<h3 class=\"wp-block-heading\" id=\"pronostico-segun-la-causa-subyacente\">Pron\u00f3stico seg\u00fan la causa subyacente<\/h3>\n\n\n\n<p>El pron\u00f3stico de la psicosis<strong> puede variar dependiendo de la causa subyacente<\/strong>. En casos de psicosis relacionada con trastornos mentales como la esquizofrenia o el trastorno bipolar, el tratamiento y el seguimiento adecuado pueden contribuir a una mejor calidad de vida. Sin embargo, en casos de psicosis causada por enfermedades cerebrales o tumores, el pron\u00f3stico puede depender de la gravedad y la evoluci\u00f3n de la condici\u00f3n m\u00e9dica subyacente.<\/p>\n\n\n\n<figure class=\"wp-block-image size-large\"><a href=\"https:\/\/clinicajaimeicatarroja.com\/blog\/wp-content\/uploads\/2023\/08\/concepto-abstracto-esquizofrenia-1.jpg\"><img decoding=\"async\" width=\"1024\" height=\"573\" src=\"https:\/\/clinicajaimeicatarroja.com\/blog\/wp-content\/uploads\/2023\/08\/concepto-abstracto-esquizofrenia-1-1024x573.jpg\" alt=\"psicosis-valencia\" class=\"wp-image-16204\" title=\"\" srcset=\"https:\/\/clinicajaimeicatarroja.com\/blog\/wp-content\/uploads\/2023\/08\/concepto-abstracto-esquizofrenia-1-1024x573.jpg 1024w, https:\/\/clinicajaimeicatarroja.com\/blog\/wp-content\/uploads\/2023\/08\/concepto-abstracto-esquizofrenia-1-300x168.jpg 300w, https:\/\/clinicajaimeicatarroja.com\/blog\/wp-content\/uploads\/2023\/08\/concepto-abstracto-esquizofrenia-1-768x430.jpg 768w, https:\/\/clinicajaimeicatarroja.com\/blog\/wp-content\/uploads\/2023\/08\/concepto-abstracto-esquizofrenia-1.jpg 1429w\" sizes=\"(max-width: 1024px) 100vw, 1024px\" \/><\/a><figcaption class=\"wp-element-caption\">psicosis<\/figcaption><\/figure>\n\n\n\n<h3 class=\"wp-block-heading\" id=\"seguimiento-medico-y-tratamiento-a-largo-plazo\">Seguimiento m\u00e9dico y tratamiento a largo plazo<\/h3>\n\n\n\n<p>El <strong>tratamiento de la psicosis<\/strong> a menudo <strong>requiere un enfoque a largo plazo y un seguimiento m\u00e9dico constante<\/strong>. El objetivo es controlar los s\u00edntomas, minimizar las reca\u00eddas y mejorar la calidad de vida del individuo. El tratamiento generalmente incluye medicaci\u00f3n antipsic\u00f3tica, terapia cognitivo-conductual y terapia de apoyo. Es fundamental que las personas con psicosis sigan el plan de tratamiento prescrito por su m\u00e9dico y mantengan una comunicaci\u00f3n abierta con su equipo de salud mental para ajustar el tratamiento seg\u00fan sea necesario.<\/p>\n","protected":false},"excerpt":{"rendered":"<p>La psicosis es un trastorno mental grave que se caracteriza por la p\u00e9rdida de contacto con la realidad. Puede manifestarse a trav\u00e9s de delirios y alucinaciones. Las causas pueden ser diversas, incluyendo enfermedades cerebrales, consumo de drogas y trastornos mentales. Los s\u00edntomas incluyen desorganizaci\u00f3n en el pensamiento y el habla. Para su diagn\u00f3stico se utilizan [&hellip;]<\/p>\n","protected":false},"author":1,"featured_media":16194,"comment_status":"open","ping_status":"open","sticky":false,"template":"","format":"standard","meta":{"footnotes":""},"categories":[309],"tags":[],"class_list":["post-16089","post","type-post","status-publish","format-standard","has-post-thumbnail","hentry","category-psiquiatria"],"_links":{"self":[{"href":"https:\/\/clinicajaimeicatarroja.com\/blog\/wp-json\/wp\/v2\/posts\/16089","targetHints":{"allow":["GET"]}}],"collection":[{"href":"https:\/\/clinicajaimeicatarroja.com\/blog\/wp-json\/wp\/v2\/posts"}],"about":[{"href":"https:\/\/clinicajaimeicatarroja.com\/blog\/wp-json\/wp\/v2\/types\/post"}],"author":[{"embeddable":true,"href":"https:\/\/clinicajaimeicatarroja.com\/blog\/wp-json\/wp\/v2\/users\/1"}],"replies":[{"embeddable":true,"href":"https:\/\/clinicajaimeicatarroja.com\/blog\/wp-json\/wp\/v2\/comments?post=16089"}],"version-history":[{"count":5,"href":"https:\/\/clinicajaimeicatarroja.com\/blog\/wp-json\/wp\/v2\/posts\/16089\/revisions"}],"predecessor-version":[{"id":16211,"href":"https:\/\/clinicajaimeicatarroja.com\/blog\/wp-json\/wp\/v2\/posts\/16089\/revisions\/16211"}],"wp:featuredmedia":[{"embeddable":true,"href":"https:\/\/clinicajaimeicatarroja.com\/blog\/wp-json\/wp\/v2\/media\/16194"}],"wp:attachment":[{"href":"https:\/\/clinicajaimeicatarroja.com\/blog\/wp-json\/wp\/v2\/media?parent=16089"}],"wp:term":[{"taxonomy":"category","embeddable":true,"href":"https:\/\/clinicajaimeicatarroja.com\/blog\/wp-json\/wp\/v2\/categories?post=16089"},{"taxonomy":"post_tag","embeddable":true,"href":"https:\/\/clinicajaimeicatarroja.com\/blog\/wp-json\/wp\/v2\/tags?post=16089"}],"curies":[{"name":"wp","href":"https:\/\/api.w.org\/{rel}","templated":true}]}}