{"id":16087,"date":"2023-08-10T23:42:35","date_gmt":"2023-08-10T21:42:35","guid":{"rendered":"https:\/\/clinicajaimeicatarroja.com\/blog\/?p=16087"},"modified":"2023-08-10T23:42:37","modified_gmt":"2023-08-10T21:42:37","slug":"autismo","status":"publish","type":"post","link":"https:\/\/clinicajaimeicatarroja.com\/blog\/autismo","title":{"rendered":"Autismo: Entendiendo y rompiendo barreras en Valencia"},"content":{"rendered":"\n<p>El <strong>autismo<\/strong>, tambi\u00e9n conocido como <strong>trastorno del espectro autista<\/strong> (TEA), es un conjunto de<strong> condiciones que afectan el desarrollo del cerebro<\/strong>. Se caracteriza por <strong>dificultades en la interacci\u00f3n social, la comunicaci\u00f3n y patrones de comportamiento at\u00edpicos<\/strong>. Existen <strong>diversos s\u00edntomas y diagn\u00f3sticos<\/strong>, as\u00ed como <strong>factores de riesgo y condiciones com\u00f3rbida<\/strong>s asociadas. El <strong>tratamiento y las terapias basadas en evidencia<\/strong> juegan un papel fundamental en la mejora de la calidad de vida de las personas con autismo. Adem\u00e1s, es importante <strong>brindar apoyo a nivel familiar y promover la inclusi\u00f3n y accesibilidad en la sociedad<\/strong>. La investigaci\u00f3n contin\u00faa avanzando en busca de nuevos enfoques y tratamientos. El art\u00edculo abordar\u00e1 tambi\u00e9n los mitos y realidades sobre el autismo, destacando la importancia de desmontar falsas creencias y promover la conciencia social y la inclusi\u00f3n.<\/p>\n\n\n\n<figure class=\"wp-block-image size-large\"><a href=\"https:\/\/clinicajaimeicatarroja.com\/blog\/wp-content\/uploads\/2023\/08\/madre-cuidando-su-hijo-autista-casa-1.jpg\"><img decoding=\"async\" width=\"1024\" height=\"681\" src=\"https:\/\/clinicajaimeicatarroja.com\/blog\/wp-content\/uploads\/2023\/08\/madre-cuidando-su-hijo-autista-casa-1-1024x681.jpg\" alt=\"autismo | trastorno-del-espectro-autista-(TEA)\" class=\"wp-image-16163\" title=\"\" srcset=\"https:\/\/clinicajaimeicatarroja.com\/blog\/wp-content\/uploads\/2023\/08\/madre-cuidando-su-hijo-autista-casa-1-1024x681.jpg 1024w, https:\/\/clinicajaimeicatarroja.com\/blog\/wp-content\/uploads\/2023\/08\/madre-cuidando-su-hijo-autista-casa-1-300x200.jpg 300w, https:\/\/clinicajaimeicatarroja.com\/blog\/wp-content\/uploads\/2023\/08\/madre-cuidando-su-hijo-autista-casa-1-768x511.jpg 768w, https:\/\/clinicajaimeicatarroja.com\/blog\/wp-content\/uploads\/2023\/08\/madre-cuidando-su-hijo-autista-casa-1.jpg 1203w\" sizes=\"(max-width: 1024px) 100vw, 1024px\" \/><\/a><figcaption class=\"wp-element-caption\">autismo<\/figcaption><\/figure>\n\n\n\n<div class=\"wp-block-rank-math-toc-block\" id=\"rank-math-toc\"><h2>Indice de Contenidos<\/h2><nav><ul><li class=\"\"><a href=\"#trastorno-del-espectro-autista-tea\">Trastorno del espectro autista (TEA)<\/a><ul><li class=\"\"><a href=\"#definicion-y-caracteristicas-del-tea\">Definici\u00f3n y caracter\u00edsticas del TEA<\/a><\/li><li class=\"\"><a href=\"#sintomas-y-diagnostico-del-tea\">S\u00edntomas y diagn\u00f3stico del TEA<\/a><\/li><li class=\"\"><a href=\"#causas-y-factores-de-riesgo-del-tea\">Causas y factores de riesgo del TEA<\/a><\/li><li class=\"\"><a href=\"#otras-condiciones-comorbidas-asociadas-al-tea\">Otras condiciones com\u00f3rbidas asociadas al TEA<\/a><\/li><\/ul><\/li><li class=\"\"><a href=\"#tratamiento-y-terapias-para-el-autismo\">Tratamiento y terapias para el autismo<\/a><ul><li class=\"\"><a href=\"#enfoques-terapeuticos-basados-en-evidencia\">Enfoques terap\u00e9uticos basados en evidencia<\/a><\/li><li class=\"\"><a href=\"#terapia-ocupacional-y-fisioterapia\">Terapia ocupacional y fisioterapia<\/a><\/li><li class=\"\"><a href=\"#terapia-de-lenguaje-y-comunicacion\">Terapia de lenguaje y comunicaci\u00f3n<\/a><\/li><li class=\"\"><a href=\"#programas-educativos-para-ninos-con-autismo\">Programas educativos para ni\u00f1os con autismo<\/a><\/li><\/ul><\/li><li class=\"\"><a href=\"#apoyo-para-personas-con-autismo-y-sus-familias\">Apoyo para personas con autismo y sus familias<\/a><ul><li class=\"\"><a href=\"#rol-de-los-padres-y-cuidadores\">Rol de los padres y cuidadores<\/a><\/li><li class=\"\"><a href=\"#recursos-y-programas-de-apoyo\">Recursos y programas de apoyo<\/a><\/li><li class=\"\"><a href=\"#accesibilidad-e-inclusion-en-la-sociedad\">Accesibilidad e inclusi\u00f3n en la sociedad<\/a><\/li><li class=\"\"><a href=\"#superando-el-estigma-y-la-discriminacion\">Superando el estigma y la discriminaci\u00f3n<\/a><\/li><\/ul><\/li><li class=\"\"><a href=\"#avances-en-la-investigacion-y-perspectivas-futuras\">Avances en la investigaci\u00f3n y perspectivas futuras<\/a><ul><li class=\"\"><a href=\"#investigaciones-sobre-el-autismo\">Investigaciones sobre el autismo<\/a><\/li><li class=\"\"><a href=\"#nuevos-enfoques-y-tratamientos-en-desarrollo\">Nuevos enfoques y tratamientos en desarrollo<\/a><\/li><li class=\"\"><a href=\"#metodologias-y-avances-tecnologicos\">Metodolog\u00edas y avances tecnol\u00f3gicos<\/a><\/li><\/ul><\/li><li class=\"\"><a href=\"#mitos-y-realidades-sobre-el-autismo\">Mitos y realidades sobre el autismo<\/a><ul><li class=\"\"><a href=\"#desmontando-falsas-creencias\">Desmontando falsas creencias<\/a><\/li><li class=\"\"><a href=\"#consideraciones-eticas-en-el-abordaje-del-autismo\">Consideraciones \u00e9ticas en el abordaje del autismo<\/a><\/li><li class=\"\"><a href=\"#promoviendo-la-inclusion-y-conciencia-social\">Promoviendo la inclusi\u00f3n y conciencia social<\/a><\/li><\/ul><\/li><\/ul><\/nav><\/div>\n\n\n\n<figure class=\"wp-block-image size-large\"><a href=\"https:\/\/clinicajaimeicatarroja.com\/blog\/wp-content\/uploads\/2023\/08\/madre-jugando-su-hijo-autista-1.jpg\"><img decoding=\"async\" width=\"681\" height=\"1024\" src=\"https:\/\/clinicajaimeicatarroja.com\/blog\/wp-content\/uploads\/2023\/08\/madre-jugando-su-hijo-autista-1-681x1024.jpg\" alt=\"autismo | trastorno-del-espectro-autista-(TEA)\" class=\"wp-image-16164\" title=\"\" srcset=\"https:\/\/clinicajaimeicatarroja.com\/blog\/wp-content\/uploads\/2023\/08\/madre-jugando-su-hijo-autista-1-681x1024.jpg 681w, https:\/\/clinicajaimeicatarroja.com\/blog\/wp-content\/uploads\/2023\/08\/madre-jugando-su-hijo-autista-1-200x300.jpg 200w, https:\/\/clinicajaimeicatarroja.com\/blog\/wp-content\/uploads\/2023\/08\/madre-jugando-su-hijo-autista-1-768x1155.jpg 768w, https:\/\/clinicajaimeicatarroja.com\/blog\/wp-content\/uploads\/2023\/08\/madre-jugando-su-hijo-autista-1.jpg 798w\" sizes=\"(max-width: 681px) 100vw, 681px\" \/><\/a><figcaption class=\"wp-element-caption\">apoyo a nivel familiar<\/figcaption><\/figure>\n\n\n\n<h2 class=\"wp-block-heading\" id=\"trastorno-del-espectro-autista-tea\">Trastorno del espectro autista (TEA)<\/h2>\n\n\n\n<p>El <strong>trastorno del espectro autista (TEA)<\/strong> es una<strong> condici\u00f3n del desarrollo del cerebro que se caracteriza por dificultades en la interacci\u00f3n social y la comunicaci\u00f3n, as\u00ed como por patrones de comportamiento y actividades repetitivas o restrictivas.<\/strong> Se manifiesta de diferentes maneras en cada persona, con una amplia variaci\u00f3n en las habilidades y necesidades individuales.<\/p>\n\n\n\n<figure class=\"wp-block-image size-full\"><a href=\"https:\/\/clinicajaimeicatarroja.com\/blog\/wp-content\/uploads\/2023\/08\/nino-jugando-adentro-1.jpg\"><img decoding=\"async\" width=\"994\" height=\"1000\" src=\"https:\/\/clinicajaimeicatarroja.com\/blog\/wp-content\/uploads\/2023\/08\/nino-jugando-adentro-1.jpg\" alt=\"autismo | trastorno-del-espectro-autista-(TEA)\" class=\"wp-image-16178\" title=\"\" srcset=\"https:\/\/clinicajaimeicatarroja.com\/blog\/wp-content\/uploads\/2023\/08\/nino-jugando-adentro-1.jpg 994w, https:\/\/clinicajaimeicatarroja.com\/blog\/wp-content\/uploads\/2023\/08\/nino-jugando-adentro-1-298x300.jpg 298w, https:\/\/clinicajaimeicatarroja.com\/blog\/wp-content\/uploads\/2023\/08\/nino-jugando-adentro-1-150x150.jpg 150w, https:\/\/clinicajaimeicatarroja.com\/blog\/wp-content\/uploads\/2023\/08\/nino-jugando-adentro-1-768x773.jpg 768w, https:\/\/clinicajaimeicatarroja.com\/blog\/wp-content\/uploads\/2023\/08\/nino-jugando-adentro-1-100x100.jpg 100w, https:\/\/clinicajaimeicatarroja.com\/blog\/wp-content\/uploads\/2023\/08\/nino-jugando-adentro-1-54x54.jpg 54w, https:\/\/clinicajaimeicatarroja.com\/blog\/wp-content\/uploads\/2023\/08\/nino-jugando-adentro-1-60x60.jpg 60w\" sizes=\"(max-width: 994px) 100vw, 994px\" \/><\/a><figcaption class=\"wp-element-caption\">ni\u00f1o-autista<\/figcaption><\/figure>\n\n\n\n<h3 class=\"wp-block-heading\" id=\"definicion-y-caracteristicas-del-tea\">Definici\u00f3n y caracter\u00edsticas del TEA<\/h3>\n\n\n\n<p>El <strong>TEA<\/strong> se define como un conjunto de <strong>afecciones que afectan el desarrollo cerebral y se manifiestan en dificultades significativas en la interacci\u00f3n social, la comunicaci\u00f3n y la conducta.<\/strong> Las personas con TEA pueden tener dificultades para entender y responder a las se\u00f1ales sociales, como el lenguaje corporal y las emociones de los dem\u00e1s. Tambi\u00e9n pueden tener intereses y comportamientos restringidos o repetitivos.<\/p>\n\n\n\n<figure class=\"wp-block-image size-large\"><a href=\"https:\/\/clinicajaimeicatarroja.com\/blog\/wp-content\/uploads\/2023\/08\/trastorno-espectro-autista-1.jpg\"><img decoding=\"async\" width=\"1024\" height=\"683\" src=\"https:\/\/clinicajaimeicatarroja.com\/blog\/wp-content\/uploads\/2023\/08\/trastorno-espectro-autista-1-1024x683.jpg\" alt=\"autismo | trastorno-del-espectro-autista-(TEA)\" class=\"wp-image-16165\" title=\"\" srcset=\"https:\/\/clinicajaimeicatarroja.com\/blog\/wp-content\/uploads\/2023\/08\/trastorno-espectro-autista-1-1024x683.jpg 1024w, https:\/\/clinicajaimeicatarroja.com\/blog\/wp-content\/uploads\/2023\/08\/trastorno-espectro-autista-1-300x200.jpg 300w, https:\/\/clinicajaimeicatarroja.com\/blog\/wp-content\/uploads\/2023\/08\/trastorno-espectro-autista-1-768x512.jpg 768w, https:\/\/clinicajaimeicatarroja.com\/blog\/wp-content\/uploads\/2023\/08\/trastorno-espectro-autista-1.jpg 1199w\" sizes=\"(max-width: 1024px) 100vw, 1024px\" \/><\/a><figcaption class=\"wp-element-caption\">tratamiento-autismo<\/figcaption><\/figure>\n\n\n\n<h3 class=\"wp-block-heading\" id=\"sintomas-y-diagnostico-del-tea\">S\u00edntomas y diagn\u00f3stico del TEA<\/h3>\n\n\n\n<p>Los <strong>s\u00edntomas<\/strong> del TEA <strong>suelen manifestarse en la infancia temprana y pueden incluir retrasos en el desarrollo del habla y el lenguaje, dificultades para establecer y mantener relaciones sociales, comportamientos repetitivos, sensibilidad sensorial y resistencia al cambio.<\/strong> El <strong>diagn\u00f3stico<\/strong> del TEA se basa en la <a href=\"https:\/\/clinicajaimeicatarroja.com\/especialidades\/psiquiatria\/psiquiatria-general-valencia\" target=\"_blank\" rel=\"noreferrer noopener\">evaluaci\u00f3n cl\u00ednica realizada por profesionales de la salu<\/a>d, quienes analizan los s\u00edntomas y eval\u00faan el desarrollo y comportamiento del ni\u00f1o.<\/p>\n\n\n\n<figure class=\"wp-block-image size-large\"><a href=\"https:\/\/clinicajaimeicatarroja.com\/blog\/wp-content\/uploads\/2023\/08\/nino-paralisis-cerebral-1.jpg\"><img decoding=\"async\" width=\"683\" height=\"1024\" src=\"https:\/\/clinicajaimeicatarroja.com\/blog\/wp-content\/uploads\/2023\/08\/nino-paralisis-cerebral-1-683x1024.jpg\" alt=\"autismo | trastorno-del-espectro-autista-(TEA)\" class=\"wp-image-16179\" title=\"\" srcset=\"https:\/\/clinicajaimeicatarroja.com\/blog\/wp-content\/uploads\/2023\/08\/nino-paralisis-cerebral-1-683x1024.jpg 683w, https:\/\/clinicajaimeicatarroja.com\/blog\/wp-content\/uploads\/2023\/08\/nino-paralisis-cerebral-1-200x300.jpg 200w, https:\/\/clinicajaimeicatarroja.com\/blog\/wp-content\/uploads\/2023\/08\/nino-paralisis-cerebral-1-768x1152.jpg 768w, https:\/\/clinicajaimeicatarroja.com\/blog\/wp-content\/uploads\/2023\/08\/nino-paralisis-cerebral-1.jpg 800w\" sizes=\"(max-width: 683px) 100vw, 683px\" \/><\/a><figcaption class=\"wp-element-caption\">patrones de comportamiento at\u00edpicos<\/figcaption><\/figure>\n\n\n\n<h3 class=\"wp-block-heading\" id=\"causas-y-factores-de-riesgo-del-tea\">Causas y factores de riesgo del TEA<\/h3>\n\n\n\n<p>Aunque las <strong>causas<\/strong> exactas del TEA no se conocen completamente,<strong> se cree que existen factores gen\u00e9ticos y ambientales que pueden contribuir al desarrollo del trastorno<\/strong>. Algunos estudios sugieren que ciertas variaciones gen\u00e9ticas pueden aumentar el riesgo de desarrollar TEA. Adem\u00e1s, factores ambientales como la exposici\u00f3n a toxinas o infecciones durante el embarazo pueden desempe\u00f1ar un papel en el desarrollo del TEA.<\/p>\n\n\n\n<figure class=\"wp-block-image size-large\"><a href=\"https:\/\/clinicajaimeicatarroja.com\/blog\/wp-content\/uploads\/2023\/08\/autismo-infancia-1.jpg\"><img decoding=\"async\" width=\"1024\" height=\"683\" src=\"https:\/\/clinicajaimeicatarroja.com\/blog\/wp-content\/uploads\/2023\/08\/autismo-infancia-1-1024x683.jpg\" alt=\"autismo | trastorno-del-espectro-autista-(TEA)\" class=\"wp-image-16167\" title=\"\" srcset=\"https:\/\/clinicajaimeicatarroja.com\/blog\/wp-content\/uploads\/2023\/08\/autismo-infancia-1-1024x683.jpg 1024w, https:\/\/clinicajaimeicatarroja.com\/blog\/wp-content\/uploads\/2023\/08\/autismo-infancia-1-300x200.jpg 300w, https:\/\/clinicajaimeicatarroja.com\/blog\/wp-content\/uploads\/2023\/08\/autismo-infancia-1-768x512.jpg 768w, https:\/\/clinicajaimeicatarroja.com\/blog\/wp-content\/uploads\/2023\/08\/autismo-infancia-1.jpg 1199w\" sizes=\"(max-width: 1024px) 100vw, 1024px\" \/><\/a><figcaption class=\"wp-element-caption\">comportamiento-autista<\/figcaption><\/figure>\n\n\n\n<h3 class=\"wp-block-heading\" id=\"otras-condiciones-comorbidas-asociadas-al-tea\">Otras condiciones com\u00f3rbidas asociadas al TEA<\/h3>\n\n\n\n<p>Las personas con TEA <strong>a menudo presentan condiciones com\u00f3rbidas<\/strong>, es decir, <strong>condiciones m\u00e9dicas o de salud mental que se desarrollan al mismo tiempo que el TEA<\/strong>. Algunas de estas condiciones com\u00f3rbidas incluyen <strong>epilepsia, <a href=\"https:\/\/clinicajaimeicatarroja.com\/blog\/depresion\" target=\"_blank\" rel=\"noreferrer noopener\">depresi\u00f3n<\/a>, <a href=\"https:\/\/clinicajaimeicatarroja.com\/blog\/ansiedad\" target=\"_blank\" rel=\"noreferrer noopener\">ansiedad<\/a> y <a href=\"https:\/\/clinicajaimeicatarroja.com\/blog\/trastorno-de-deficit-de-atencion\" target=\"_blank\" rel=\"noreferrer noopener\">trastorno por d\u00e9ficit de atenci\u00f3n e hiperactividad (TDAH)<\/a><\/strong>. Es importante tener en cuenta estas condiciones adicionales al abordar el tratamiento y la atenci\u00f3n de las personas con TEA.<\/p>\n\n\n\n<h2 class=\"wp-block-heading\" id=\"tratamiento-y-terapias-para-el-autismo\">Tratamiento y terapias para el autismo<\/h2>\n\n\n\n<p>El <strong>tratamiento y las terapias <\/strong>son fundamentales para mejorar la calidad de vida de las personas con autismo. A continuaci\u00f3n, exploraremos diferentes <strong>enfoques terap\u00e9uticos basados en evidencia<\/strong>, la importancia de la <strong>terapia ocupacional y fisioterapia<\/strong>, los beneficios de la <strong>terapia de lenguaje y comunicaci\u00f3n, y los programas educativos para ni\u00f1os con autismo.<\/strong><\/p>\n\n\n\n<figure class=\"wp-block-image size-large\"><a href=\"https:\/\/clinicajaimeicatarroja.com\/blog\/wp-content\/uploads\/2023\/08\/muchacho-que-tiene-sesion-terapia-ocupacional-psicologo-1.jpg\"><img decoding=\"async\" width=\"1024\" height=\"683\" src=\"https:\/\/clinicajaimeicatarroja.com\/blog\/wp-content\/uploads\/2023\/08\/muchacho-que-tiene-sesion-terapia-ocupacional-psicologo-1-1024x683.jpg\" alt=\"autismo | trastorno-del-espectro-autista-(TEA)\" class=\"wp-image-16168\" title=\"\" srcset=\"https:\/\/clinicajaimeicatarroja.com\/blog\/wp-content\/uploads\/2023\/08\/muchacho-que-tiene-sesion-terapia-ocupacional-psicologo-1-1024x683.jpg 1024w, https:\/\/clinicajaimeicatarroja.com\/blog\/wp-content\/uploads\/2023\/08\/muchacho-que-tiene-sesion-terapia-ocupacional-psicologo-1-300x200.jpg 300w, https:\/\/clinicajaimeicatarroja.com\/blog\/wp-content\/uploads\/2023\/08\/muchacho-que-tiene-sesion-terapia-ocupacional-psicologo-1-768x512.jpg 768w, https:\/\/clinicajaimeicatarroja.com\/blog\/wp-content\/uploads\/2023\/08\/muchacho-que-tiene-sesion-terapia-ocupacional-psicologo-1.jpg 1199w\" sizes=\"(max-width: 1024px) 100vw, 1024px\" \/><\/a><figcaption class=\"wp-element-caption\">terapias-del-habla<\/figcaption><\/figure>\n\n\n\n<h3 class=\"wp-block-heading\" id=\"enfoques-terapeuticos-basados-en-evidencia\">Enfoques terap\u00e9uticos basados en evidencia<\/h3>\n\n\n\n<p>Existen diversos enfoques terap\u00e9uticos que han demostrado eficacia en el tratamiento del autismo. Estos enfoques se basan en investigaciones y evidencia cient\u00edfica, y est\u00e1n dise\u00f1ados para abordar las dificultades espec\u00edficas que enfrentan las personas con autismo.<\/p>\n\n\n\n<h3 class=\"wp-block-heading\" id=\"terapia-ocupacional-y-fisioterapia\">Terapia ocupacional y fisioterapia<\/h3>\n\n\n\n<p>La <strong>terapia ocupacional y la fisioterapia<\/strong> desempe\u00f1an un papel crucial en el manejo de los s\u00edntomas del autismo. Estas terapias se centran en mejorar las habilidades motoras, la coordinaci\u00f3n, la planificaci\u00f3n y la ejecuci\u00f3n de tareas diarias, lo que contribuye a aumentar la autonom\u00eda y la calidad de vida de las personas con autismo.<\/p>\n\n\n\n<figure class=\"wp-block-image size-large\"><a href=\"https:\/\/clinicajaimeicatarroja.com\/blog\/wp-content\/uploads\/2023\/08\/terapeuta-habla-profesional-1.jpg\"><img decoding=\"async\" width=\"1024\" height=\"683\" src=\"https:\/\/clinicajaimeicatarroja.com\/blog\/wp-content\/uploads\/2023\/08\/terapeuta-habla-profesional-1-1024x683.jpg\" alt=\"autismo | trastorno-del-espectro-autista-(TEA)\" class=\"wp-image-16169\" title=\"\" srcset=\"https:\/\/clinicajaimeicatarroja.com\/blog\/wp-content\/uploads\/2023\/08\/terapeuta-habla-profesional-1-1024x683.jpg 1024w, https:\/\/clinicajaimeicatarroja.com\/blog\/wp-content\/uploads\/2023\/08\/terapeuta-habla-profesional-1-300x200.jpg 300w, https:\/\/clinicajaimeicatarroja.com\/blog\/wp-content\/uploads\/2023\/08\/terapeuta-habla-profesional-1-768x512.jpg 768w, https:\/\/clinicajaimeicatarroja.com\/blog\/wp-content\/uploads\/2023\/08\/terapeuta-habla-profesional-1.jpg 1199w\" sizes=\"(max-width: 1024px) 100vw, 1024px\" \/><\/a><figcaption class=\"wp-element-caption\">retrasos en el desarrollo del habla y el lenguaje<\/figcaption><\/figure>\n\n\n\n<h3 class=\"wp-block-heading\" id=\"terapia-de-lenguaje-y-comunicacion\">Terapia de lenguaje y comunicaci\u00f3n<\/h3>\n\n\n\n<p>La <strong><a href=\"https:\/\/clinicajaimeicatarroja.com\/especialidades\/psiquiatria\">terapia de lenguaje<\/a> y comunicaci\u00f3n<\/strong> ayuda a las personas con autismo a desarrollar habilidades de comunicaci\u00f3n efectivas. A trav\u00e9s de actividades y ejercicios espec\u00edficos, se busca mejorar la expresi\u00f3n verbal y no verbal, la comprensi\u00f3n del lenguaje, la interacci\u00f3n social y la resoluci\u00f3n de problemas comunicativos.<\/p>\n\n\n\n<figure class=\"wp-block-image size-large\"><a href=\"https:\/\/clinicajaimeicatarroja.com\/blog\/wp-content\/uploads\/2023\/08\/nino-haciendo-sesion-terapia-ocupacional-1.jpg\"><img decoding=\"async\" width=\"1024\" height=\"683\" src=\"https:\/\/clinicajaimeicatarroja.com\/blog\/wp-content\/uploads\/2023\/08\/nino-haciendo-sesion-terapia-ocupacional-1-1024x683.jpg\" alt=\"autismo | trastorno-del-espectro-autista-(TEA)\" class=\"wp-image-16180\" title=\"\" srcset=\"https:\/\/clinicajaimeicatarroja.com\/blog\/wp-content\/uploads\/2023\/08\/nino-haciendo-sesion-terapia-ocupacional-1-1024x683.jpg 1024w, https:\/\/clinicajaimeicatarroja.com\/blog\/wp-content\/uploads\/2023\/08\/nino-haciendo-sesion-terapia-ocupacional-1-300x200.jpg 300w, https:\/\/clinicajaimeicatarroja.com\/blog\/wp-content\/uploads\/2023\/08\/nino-haciendo-sesion-terapia-ocupacional-1-768x512.jpg 768w, https:\/\/clinicajaimeicatarroja.com\/blog\/wp-content\/uploads\/2023\/08\/nino-haciendo-sesion-terapia-ocupacional-1.jpg 1199w\" sizes=\"(max-width: 1024px) 100vw, 1024px\" \/><\/a><figcaption class=\"wp-element-caption\">terapias-ocupacionales<\/figcaption><\/figure>\n\n\n\n<h3 class=\"wp-block-heading\" id=\"programas-educativos-para-ninos-con-autismo\">Programas educativos para ni\u00f1os con autismo<\/h3>\n\n\n\n<p>Los <strong>programas educativos<\/strong> adaptados a las necesidades individuales de los ni\u00f1os con autismo son esenciales para su desarrollo acad\u00e9mico y social. Estos programas se enfocan en proporcionar un entorno estructurado, apoyo individualizado, estrategias de aprendizaje adaptadas y una atenci\u00f3n especializada para facilitar el progreso y la inclusi\u00f3n en el \u00e1mbito educativo.<\/p>\n\n\n\n<figure class=\"wp-block-image size-large\"><a href=\"https:\/\/clinicajaimeicatarroja.com\/blog\/wp-content\/uploads\/2023\/08\/psicologa-adulta-que-apoya-nina-deprimida-1.jpg\"><img decoding=\"async\" width=\"1024\" height=\"683\" src=\"https:\/\/clinicajaimeicatarroja.com\/blog\/wp-content\/uploads\/2023\/08\/psicologa-adulta-que-apoya-nina-deprimida-1-1024x683.jpg\" alt=\"autismo | trastorno-del-espectro-autista-(TEA)\" class=\"wp-image-16170\" title=\"\" srcset=\"https:\/\/clinicajaimeicatarroja.com\/blog\/wp-content\/uploads\/2023\/08\/psicologa-adulta-que-apoya-nina-deprimida-1-1024x683.jpg 1024w, https:\/\/clinicajaimeicatarroja.com\/blog\/wp-content\/uploads\/2023\/08\/psicologa-adulta-que-apoya-nina-deprimida-1-300x200.jpg 300w, https:\/\/clinicajaimeicatarroja.com\/blog\/wp-content\/uploads\/2023\/08\/psicologa-adulta-que-apoya-nina-deprimida-1-768x512.jpg 768w, https:\/\/clinicajaimeicatarroja.com\/blog\/wp-content\/uploads\/2023\/08\/psicologa-adulta-que-apoya-nina-deprimida-1.jpg 1199w\" sizes=\"(max-width: 1024px) 100vw, 1024px\" \/><\/a><figcaption class=\"wp-element-caption\">psiquiatra<\/figcaption><\/figure>\n\n\n\n<h2 class=\"wp-block-heading\" id=\"apoyo-para-personas-con-autismo-y-sus-familias\">Apoyo para personas con autismo y sus familias<\/h2>\n\n\n\n<p>El <strong>apoyo adecuado para las personas con autismo y sus familias <\/strong>es fundamental para mejorar su calidad de vida y ayudarles a enfrentar los desaf\u00edos diarios. En esta secci\u00f3n, nos centraremos en el papel fundamental de los padres y cuidadores, los recursos y programas de apoyo disponibles, la importancia de la accesibilidad e inclusi\u00f3n en la sociedad, as\u00ed como la lucha contra el estigma y la discriminaci\u00f3n.<\/p>\n\n\n\n<h3 class=\"wp-block-heading\" id=\"rol-de-los-padres-y-cuidadores\">Rol de los padres y cuidadores<\/h3>\n\n\n\n<p>Los <strong>padres y cuidadores<\/strong> desempe\u00f1an un papel crucial en el apoyo a las personas con autismo. Es importante brindarles informaci\u00f3n, formaci\u00f3n y herramientas necesarias para comprender y atender las necesidades particulares de cada individuo. Tambi\u00e9n se debe fomentar la creaci\u00f3n de redes de apoyo entre padres y el acceso a grupos de ayuda mutua para compartir experiencias y consejos.<\/p>\n\n\n\n<figure class=\"wp-block-image size-large\"><a href=\"https:\/\/clinicajaimeicatarroja.com\/blog\/wp-content\/uploads\/2023\/08\/mama-carinosa-abraza-nino-diagnosticado-autismo-1-1.jpg\"><img decoding=\"async\" width=\"1024\" height=\"665\" src=\"https:\/\/clinicajaimeicatarroja.com\/blog\/wp-content\/uploads\/2023\/08\/mama-carinosa-abraza-nino-diagnosticado-autismo-1-1-1024x665.jpg\" alt=\"autismo | trastorno-del-espectro-autista-(TEA)\" class=\"wp-image-16171\" title=\"\" srcset=\"https:\/\/clinicajaimeicatarroja.com\/blog\/wp-content\/uploads\/2023\/08\/mama-carinosa-abraza-nino-diagnosticado-autismo-1-1-1024x665.jpg 1024w, https:\/\/clinicajaimeicatarroja.com\/blog\/wp-content\/uploads\/2023\/08\/mama-carinosa-abraza-nino-diagnosticado-autismo-1-1-300x195.jpg 300w, https:\/\/clinicajaimeicatarroja.com\/blog\/wp-content\/uploads\/2023\/08\/mama-carinosa-abraza-nino-diagnosticado-autismo-1-1-768x499.jpg 768w, https:\/\/clinicajaimeicatarroja.com\/blog\/wp-content\/uploads\/2023\/08\/mama-carinosa-abraza-nino-diagnosticado-autismo-1-1.jpg 1231w\" sizes=\"(max-width: 1024px) 100vw, 1024px\" \/><\/a><figcaption class=\"wp-element-caption\">apoyo a nivel familiar<\/figcaption><\/figure>\n\n\n\n<h3 class=\"wp-block-heading\" id=\"recursos-y-programas-de-apoyo\">Recursos y programas de apoyo<\/h3>\n\n\n\n<p>Existen una variedad de<strong> recursos y programas de apoyo disponibles para personas con autismo y sus familias.<\/strong> Estos incluyen centros de atenci\u00f3n y diagn\u00f3stico especializados, terapeutas especializados en autismo, y organizaciones sin fines de lucro que ofrecen servicios y apoyo integral. Es crucial aprovechar estos recursos para acceder a terapias, programas educativos adaptados y apoyo emocional.<\/p>\n\n\n\n<h3 class=\"wp-block-heading\" id=\"accesibilidad-e-inclusion-en-la-sociedad\">Accesibilidad e inclusi\u00f3n en la sociedad<\/h3>\n\n\n\n<p>La <strong>accesibilidad e inclusi\u00f3n<\/strong> son pilares fundamentales para garantizar una mejor calidad de vida para las personas con autismo. Esto implica crear entornos f\u00edsicos y sociales inclusivos que faciliten la participaci\u00f3n plena y la igualdad de oportunidades. Es necesario promover la concienciaci\u00f3n y la sensibilizaci\u00f3n en la sociedad, as\u00ed como implementar pol\u00edticas y medidas que garanticen la inclusi\u00f3n en todos los \u00e1mbitos de la vida.<\/p>\n\n\n\n<figure class=\"wp-block-image size-large\"><a href=\"https:\/\/clinicajaimeicatarroja.com\/blog\/wp-content\/uploads\/2023\/08\/chica-criticando-adolescente-angulo-1.jpg\"><img decoding=\"async\" width=\"1024\" height=\"683\" src=\"https:\/\/clinicajaimeicatarroja.com\/blog\/wp-content\/uploads\/2023\/08\/chica-criticando-adolescente-angulo-1-1024x683.jpg\" alt=\"autismo | trastorno-del-espectro-autista-(TEA)\" class=\"wp-image-16172\" title=\"\" srcset=\"https:\/\/clinicajaimeicatarroja.com\/blog\/wp-content\/uploads\/2023\/08\/chica-criticando-adolescente-angulo-1-1024x683.jpg 1024w, https:\/\/clinicajaimeicatarroja.com\/blog\/wp-content\/uploads\/2023\/08\/chica-criticando-adolescente-angulo-1-300x200.jpg 300w, https:\/\/clinicajaimeicatarroja.com\/blog\/wp-content\/uploads\/2023\/08\/chica-criticando-adolescente-angulo-1-768x512.jpg 768w, https:\/\/clinicajaimeicatarroja.com\/blog\/wp-content\/uploads\/2023\/08\/chica-criticando-adolescente-angulo-1.jpg 1199w\" sizes=\"(max-width: 1024px) 100vw, 1024px\" \/><\/a><figcaption class=\"wp-element-caption\">dificultades en la interacci\u00f3n social<\/figcaption><\/figure>\n\n\n\n<h3 class=\"wp-block-heading\" id=\"superando-el-estigma-y-la-discriminacion\">Superando el estigma y la discriminaci\u00f3n<\/h3>\n\n\n\n<p>Lamentablemente, las personas con autismo a menudo enfrentan<strong> estigma y discriminaci\u00f3n<\/strong> en diferentes aspectos de su vida. Es fundamental combatir estos estereotipos y prejuicios, promoviendo la aceptaci\u00f3n y el respeto hacia las personas con autismo. Esto se logra a trav\u00e9s de la educaci\u00f3n, la difusi\u00f3n de informaci\u00f3n precisa y la promoci\u00f3n de la inclusi\u00f3n en todos los niveles de la sociedad.<\/p>\n\n\n\n<h2 class=\"wp-block-heading\" id=\"avances-en-la-investigacion-y-perspectivas-futuras\">Avances en la investigaci\u00f3n y perspectivas futuras<\/h2>\n\n\n\n<p>La investigaci\u00f3n continua sobre el autismo ha brindado nuevas perspectivas y esperanzas para mejorar la calidad de vida de las personas afectadas. Los estudios se centran en comprender mejor las causas y los factores de riesgo del trastorno, desarrollar nuevos enfoques terap\u00e9uticos y utilizar avances tecnol\u00f3gicos para facilitar el diagn\u00f3stico y la intervenci\u00f3n.<\/p>\n\n\n\n<h3 class=\"wp-block-heading\" id=\"investigaciones-sobre-el-autismo\">Investigaciones sobre el autismo<\/h3>\n\n\n\n<p>Los cient\u00edficos han realizado numerosas investigaciones para profundizar en la comprensi\u00f3n del autismo. Se han realizado <strong>estudios gen\u00e9ticos<\/strong> para identificar posibles variantes gen\u00e9ticas relacionadas con el trastorno. La investigaci\u00f3n ha demostrado que <strong>el autismo tiene una base gen\u00e9tica, pero tambi\u00e9n se ven afectados por influencias ambientales.<\/strong><\/p>\n\n\n\n<p>Adem\u00e1s, los estudios est\u00e1n explorando la <strong>posible conexi\u00f3n entre el autismo y el sistema inmunol\u00f3gico, el desarrollo cerebral y los desequilibrios qu\u00edmicos en el cerebro<\/strong>. Se est\u00e1n utilizando t\u00e9cnicas avanzadas de imagen cerebral para investigar las diferencias en la estructura y funci\u00f3n cerebral en personas con autismo.<\/p>\n\n\n\n<figure class=\"wp-block-image size-large\"><a href=\"https:\/\/clinicajaimeicatarroja.com\/blog\/wp-content\/uploads\/2023\/08\/rompecabezas-concepto-autismo-arte-crianza-1.jpg\"><img decoding=\"async\" width=\"573\" height=\"1024\" src=\"https:\/\/clinicajaimeicatarroja.com\/blog\/wp-content\/uploads\/2023\/08\/rompecabezas-concepto-autismo-arte-crianza-1-573x1024.jpg\" alt=\"autismo | trastorno-del-espectro-autista-(TEA)\" class=\"wp-image-16173\" title=\"\" srcset=\"https:\/\/clinicajaimeicatarroja.com\/blog\/wp-content\/uploads\/2023\/08\/rompecabezas-concepto-autismo-arte-crianza-1-573x1024.jpg 573w, https:\/\/clinicajaimeicatarroja.com\/blog\/wp-content\/uploads\/2023\/08\/rompecabezas-concepto-autismo-arte-crianza-1-168x300.jpg 168w, https:\/\/clinicajaimeicatarroja.com\/blog\/wp-content\/uploads\/2023\/08\/rompecabezas-concepto-autismo-arte-crianza-1.jpg 672w\" sizes=\"(max-width: 573px) 100vw, 573px\" \/><\/a><figcaption class=\"wp-element-caption\">autismo<\/figcaption><\/figure>\n\n\n\n<h3 class=\"wp-block-heading\" id=\"nuevos-enfoques-y-tratamientos-en-desarrollo\">Nuevos enfoques y tratamientos en desarrollo<\/h3>\n\n\n\n<p>Los avances en la investigaci\u00f3n han llevado al desarrollo de nuevos enfoques terap\u00e9uticos para el autismo. Se est\u00e1n explorando <strong>terapias innovadoras, como la terapia con animales, la musicoterapia y la terapia asistida con robots<\/strong>. Estas intervenciones tienen como objetivo mejorar la comunicaci\u00f3n, la interacci\u00f3n social y las habilidades motoras en las personas con autismo.<\/p>\n\n\n\n<p>Adem\u00e1s, los investigadores est\u00e1n en la b\u00fasqueda de nuevos medicamentos y tratamientos farmacol\u00f3gicos que puedan ayudar a abordar los s\u00edntomas y las condiciones com\u00f3rbidas del autismo, como la ansiedad y la depresi\u00f3n.<\/p>\n\n\n\n\n\n<h3 class=\"wp-block-heading\" id=\"metodologias-y-avances-tecnologicos\">Metodolog\u00edas y avances tecnol\u00f3gicos<\/h3>\n\n\n\n<p>La tecnolog\u00eda ha jugado un papel crucial en el avance de la investigaci\u00f3n y el tratamiento del autismo. Se han desarrollado <strong>aplicaciones y programas de realidad virtual que ayudan a mejorar las habilidades sociales y de comunicaci\u00f3n en personas con autismo<\/strong>. Adem\u00e1s, los dispositivos de seguimiento ocular est\u00e1n siendo utilizados para evaluar y comprender mejor los patrones de atenci\u00f3n y percepci\u00f3n en el autismo.<\/p>\n\n\n\n<p>Por otro lado, la inteligencia artificial se est\u00e1 utilizando para el an\u00e1lisis de grandes conjuntos de datos y para desarrollar modelos predictivos que puedan mejorar el diagn\u00f3stico temprano y personalizado del autismo.<\/p>\n\n\n\n<figure class=\"wp-block-image size-large\"><a href=\"https:\/\/clinicajaimeicatarroja.com\/blog\/wp-content\/uploads\/2023\/08\/sonrisas-pintadas-palmas-nina-1.jpg\"><img decoding=\"async\" width=\"1024\" height=\"683\" src=\"https:\/\/clinicajaimeicatarroja.com\/blog\/wp-content\/uploads\/2023\/08\/sonrisas-pintadas-palmas-nina-1-1024x683.jpg\" alt=\"autismo | trastorno-del-espectro-autista-(TEA)\" class=\"wp-image-16177\" title=\"\" srcset=\"https:\/\/clinicajaimeicatarroja.com\/blog\/wp-content\/uploads\/2023\/08\/sonrisas-pintadas-palmas-nina-1-1024x683.jpg 1024w, https:\/\/clinicajaimeicatarroja.com\/blog\/wp-content\/uploads\/2023\/08\/sonrisas-pintadas-palmas-nina-1-300x200.jpg 300w, https:\/\/clinicajaimeicatarroja.com\/blog\/wp-content\/uploads\/2023\/08\/sonrisas-pintadas-palmas-nina-1-768x512.jpg 768w, https:\/\/clinicajaimeicatarroja.com\/blog\/wp-content\/uploads\/2023\/08\/sonrisas-pintadas-palmas-nina-1.jpg 1199w\" sizes=\"(max-width: 1024px) 100vw, 1024px\" \/><\/a><figcaption class=\"wp-element-caption\">programas educativos<\/figcaption><\/figure>\n\n\n\n<h2 class=\"wp-block-heading\" id=\"mitos-y-realidades-sobre-el-autismo\">Mitos y realidades sobre el autismo<\/h2>\n\n\n\n<p>El autismo, trastorno del espectro autista (TEA), ha sido objeto de numerosos mitos y conceptos err\u00f3neos a lo largo de los a\u00f1os. Es importante desmontar estas falsas creencias para mejorar la comprensi\u00f3n y la inclusi\u00f3n de las personas con autismo en la sociedad.<\/p>\n\n\n\n<h3 class=\"wp-block-heading\" id=\"desmontando-falsas-creencias\">Desmontando falsas creencias<\/h3>\n\n\n\n<ul class=\"wp-block-list\">\n<li>El <strong>autismo no es una enfermedad<\/strong>, <strong>sino un trastorno del desarrollo neurol\u00f3gico que afecta la forma en que las personas procesan la informaci\u00f3n y se relacionan con el mundo.<\/strong><\/li>\n\n\n\n<li><strong>No hay evidencia cient\u00edfica que respalde la afirmaci\u00f3n de que las vacunas infantiles causan autismo<\/strong>. Esta idea ha sido refutada y descartada por numerosos estudios.<\/li>\n\n\n\n<li>Contrariamente a la creencia popular, <strong>las personas con autismo tienen capacidades y talentos \u00fanicos<\/strong>. Muchos tienen habilidades excepcionales en \u00e1reas como la m\u00fasica, las matem\u00e1ticas o el arte.<\/li>\n\n\n\n<li><strong>No todas las personas con autismo tienen dificultades de aprendizaje<\/strong>. Algunos pueden tener un coeficiente intelectual promedio o superior, mientras que otros pueden presentar un retraso en el desarrollo cognitivo.<\/li>\n<\/ul>\n\n\n\n<figure class=\"wp-block-image size-large\"><a href=\"https:\/\/clinicajaimeicatarroja.com\/blog\/wp-content\/uploads\/2023\/08\/pequeno-estudiante-linea-jugando-juguetes-1.jpg\"><img decoding=\"async\" width=\"1024\" height=\"506\" src=\"https:\/\/clinicajaimeicatarroja.com\/blog\/wp-content\/uploads\/2023\/08\/pequeno-estudiante-linea-jugando-juguetes-1-1024x506.jpg\" alt=\"autismo | trastorno-del-espectro-autista-(TEA)\" class=\"wp-image-16175\" title=\"\" srcset=\"https:\/\/clinicajaimeicatarroja.com\/blog\/wp-content\/uploads\/2023\/08\/pequeno-estudiante-linea-jugando-juguetes-1-1024x506.jpg 1024w, https:\/\/clinicajaimeicatarroja.com\/blog\/wp-content\/uploads\/2023\/08\/pequeno-estudiante-linea-jugando-juguetes-1-300x148.jpg 300w, https:\/\/clinicajaimeicatarroja.com\/blog\/wp-content\/uploads\/2023\/08\/pequeno-estudiante-linea-jugando-juguetes-1-768x379.jpg 768w, https:\/\/clinicajaimeicatarroja.com\/blog\/wp-content\/uploads\/2023\/08\/pequeno-estudiante-linea-jugando-juguetes-1-1536x759.jpg 1536w, https:\/\/clinicajaimeicatarroja.com\/blog\/wp-content\/uploads\/2023\/08\/pequeno-estudiante-linea-jugando-juguetes-1.jpg 1619w\" sizes=\"(max-width: 1024px) 100vw, 1024px\" \/><\/a><figcaption class=\"wp-element-caption\">haiendo-ejercicios<\/figcaption><\/figure>\n\n\n\n<h3 class=\"wp-block-heading\" id=\"consideraciones-eticas-en-el-abordaje-del-autismo\">Consideraciones \u00e9ticas en el abordaje del autismo<\/h3>\n\n\n\n<ul class=\"wp-block-list\">\n<li>Es fundamental <strong>respetar la autonom\u00eda y dignidad de las personas con autismo<\/strong>, garantizando su participaci\u00f3n activa en las decisiones relacionadas con su atenci\u00f3n y tratamiento.<\/li>\n\n\n\n<li>La <strong>confidencialidad y protecci\u00f3n de la informaci\u00f3n personal <\/strong>de las personas con autismo son de suma importancia. La discreci\u00f3n y el consentimiento informado deben ser prioritarios en todas las intervenciones y pr\u00e1cticas profesionales.<\/li>\n\n\n\n<li>La <strong>inclusi\u00f3n social y educativa <\/strong>de las personas con autismo debe ser promovida, evitando la discriminaci\u00f3n y proporcionando los apoyos necesarios para facilitar su plena participaci\u00f3n en la sociedad.<\/li>\n<\/ul>\n\n\n\n<figure class=\"wp-block-image size-large\"><a href=\"https:\/\/clinicajaimeicatarroja.com\/blog\/wp-content\/uploads\/2023\/08\/tarjeta-forma-corazon-rompecabezas-1-1.jpg\"><img decoding=\"async\" width=\"1024\" height=\"683\" src=\"https:\/\/clinicajaimeicatarroja.com\/blog\/wp-content\/uploads\/2023\/08\/tarjeta-forma-corazon-rompecabezas-1-1-1024x683.jpg\" alt=\"autismo | trastorno-del-espectro-autista-(TEA)\" class=\"wp-image-16176\" title=\"\" srcset=\"https:\/\/clinicajaimeicatarroja.com\/blog\/wp-content\/uploads\/2023\/08\/tarjeta-forma-corazon-rompecabezas-1-1-1024x683.jpg 1024w, https:\/\/clinicajaimeicatarroja.com\/blog\/wp-content\/uploads\/2023\/08\/tarjeta-forma-corazon-rompecabezas-1-1-300x200.jpg 300w, https:\/\/clinicajaimeicatarroja.com\/blog\/wp-content\/uploads\/2023\/08\/tarjeta-forma-corazon-rompecabezas-1-1-768x512.jpg 768w, https:\/\/clinicajaimeicatarroja.com\/blog\/wp-content\/uploads\/2023\/08\/tarjeta-forma-corazon-rompecabezas-1-1.jpg 1199w\" sizes=\"(max-width: 1024px) 100vw, 1024px\" \/><\/a><figcaption class=\"wp-element-caption\">ni\u00f1a-autista-valencia<\/figcaption><\/figure>\n\n\n\n<h3 class=\"wp-block-heading\" id=\"promoviendo-la-inclusion-y-conciencia-social\">Promoviendo la inclusi\u00f3n y conciencia social<\/h3>\n\n\n\n<p>Mejorar la inclusi\u00f3n y conciencia social es fundamental para garantizar el respeto, la comprensi\u00f3n y el apoyo a las personas con autismo. Algunas formas de promover la inclusi\u00f3n son:<\/p>\n\n\n\n<ul class=\"wp-block-list\">\n<li><strong><a href=\"https:\/\/autismo.org.es\/\" target=\"_blank\" rel=\"noreferrer noopener\">Educar y sensibilizar a la sociedad sobre el autismo<\/a><\/strong>, sus caracter\u00edsticas y necesidades particulares.<\/li>\n\n\n\n<li><strong>Crear entornos accesibles<\/strong> que tengan en cuenta las necesidades de las personas con autismo, como la eliminaci\u00f3n de barreras arquitect\u00f3nicas y la adaptaci\u00f3n de actividades y materiales.<\/li>\n\n\n\n<li><strong>Apoyar y promover la integraci\u00f3n de personas con autismo en la comunidad,<\/strong> fomentando la interacci\u00f3n y el respeto mutuo.<\/li>\n\n\n\n<li><strong>Impulsar la formaci\u00f3n continua de profesionales en el \u00e1rea del autismo<\/strong> y facilitar la colaboraci\u00f3n interdisciplinaria para ofrecer una atenci\u00f3n integral y adaptada a las necesidades individuales.<\/li>\n<\/ul>\n","protected":false},"excerpt":{"rendered":"<p>autismo | trastorno-del-espectro-autista-(TEA)<\/p>\n","protected":false},"author":1,"featured_media":16162,"comment_status":"open","ping_status":"open","sticky":false,"template":"","format":"standard","meta":{"footnotes":""},"categories":[309],"tags":[],"class_list":["post-16087","post","type-post","status-publish","format-standard","has-post-thumbnail","hentry","category-psiquiatria"],"_links":{"self":[{"href":"https:\/\/clinicajaimeicatarroja.com\/blog\/wp-json\/wp\/v2\/posts\/16087","targetHints":{"allow":["GET"]}}],"collection":[{"href":"https:\/\/clinicajaimeicatarroja.com\/blog\/wp-json\/wp\/v2\/posts"}],"about":[{"href":"https:\/\/clinicajaimeicatarroja.com\/blog\/wp-json\/wp\/v2\/types\/post"}],"author":[{"embeddable":true,"href":"https:\/\/clinicajaimeicatarroja.com\/blog\/wp-json\/wp\/v2\/users\/1"}],"replies":[{"embeddable":true,"href":"https:\/\/clinicajaimeicatarroja.com\/blog\/wp-json\/wp\/v2\/comments?post=16087"}],"version-history":[{"count":5,"href":"https:\/\/clinicajaimeicatarroja.com\/blog\/wp-json\/wp\/v2\/posts\/16087\/revisions"}],"predecessor-version":[{"id":16183,"href":"https:\/\/clinicajaimeicatarroja.com\/blog\/wp-json\/wp\/v2\/posts\/16087\/revisions\/16183"}],"wp:featuredmedia":[{"embeddable":true,"href":"https:\/\/clinicajaimeicatarroja.com\/blog\/wp-json\/wp\/v2\/media\/16162"}],"wp:attachment":[{"href":"https:\/\/clinicajaimeicatarroja.com\/blog\/wp-json\/wp\/v2\/media?parent=16087"}],"wp:term":[{"taxonomy":"category","embeddable":true,"href":"https:\/\/clinicajaimeicatarroja.com\/blog\/wp-json\/wp\/v2\/categories?post=16087"},{"taxonomy":"post_tag","embeddable":true,"href":"https:\/\/clinicajaimeicatarroja.com\/blog\/wp-json\/wp\/v2\/tags?post=16087"}],"curies":[{"name":"wp","href":"https:\/\/api.w.org\/{rel}","templated":true}]}}