{"id":15944,"date":"2023-08-07T14:53:05","date_gmt":"2023-08-07T12:53:05","guid":{"rendered":"https:\/\/clinicajaimeicatarroja.com\/blog\/?p=15944"},"modified":"2023-08-07T14:53:06","modified_gmt":"2023-08-07T12:53:06","slug":"fobias","status":"publish","type":"post","link":"https:\/\/clinicajaimeicatarroja.com\/blog\/fobias","title":{"rendered":"FOBIAS: Descubre c\u00f3mo superar tus miedos y vivir sin temor"},"content":{"rendered":"\n<p>Las <strong>fobias<\/strong> son <strong>trastornos de ansiedad marcados por un miedo intenso e irracional hacia algo que no representa un peligro real<\/strong>. Existen diferentes tipos de fobias, como el miedo a las alturas, a los lugares p\u00fablicos y a los espacios cerrados. Las personas con fobias experimentan s\u00edntomas como <strong>p\u00e1nico, taquicardia y temblores<\/strong>. Las fobias pueden surgir durante la infancia o la adolescencia y generalmente contin\u00faan en la edad adulta. Existen diferentes <strong>opciones de tratamiento<\/strong>, como <strong>medicamentos y terapia cognitivo-conductual<\/strong>. Es fundamental buscar ayuda profesional para superar las fobias y disfrutar de una vida sin miedos irracionales.<\/p>\n\n\n\n<figure class=\"wp-block-image size-large\"><a href=\"https:\/\/clinicajaimeicatarroja.com\/blog\/wp-content\/uploads\/2023\/08\/fobia-1.jpg\"><img decoding=\"async\" width=\"1024\" height=\"683\" src=\"https:\/\/clinicajaimeicatarroja.com\/blog\/wp-content\/uploads\/2023\/08\/fobia-1-1024x683.jpg\" alt=\"fobias-valencia\" class=\"wp-image-16059\" title=\"\" srcset=\"https:\/\/clinicajaimeicatarroja.com\/blog\/wp-content\/uploads\/2023\/08\/fobia-1-1024x683.jpg 1024w, https:\/\/clinicajaimeicatarroja.com\/blog\/wp-content\/uploads\/2023\/08\/fobia-1-300x200.jpg 300w, https:\/\/clinicajaimeicatarroja.com\/blog\/wp-content\/uploads\/2023\/08\/fobia-1-768x512.jpg 768w, https:\/\/clinicajaimeicatarroja.com\/blog\/wp-content\/uploads\/2023\/08\/fobia-1.jpg 1200w\" sizes=\"(max-width: 1024px) 100vw, 1024px\" \/><\/a><figcaption class=\"wp-element-caption\">P\u00e1nico intenso<\/figcaption><\/figure>\n\n\n\n<div class=\"wp-block-rank-math-toc-block\" id=\"rank-math-toc\"><h2>Indice de Contenidos<\/h2><nav><ul><li class=\"\"><a href=\"#que-son-las-fobias\">Qu\u00e9 son las fobias<\/a><ul><li class=\"\"><a href=\"#definicion-de-fobias\">Definici\u00f3n de fobias<\/a><\/li><li class=\"\"><a href=\"#caracteristicas-de-las-fobias\">Caracter\u00edsticas de las fobias<\/a><\/li><li class=\"\"><a href=\"#miedo-irracional-y-sus-manifestaciones-en-las-fobias\">Miedo irracional y sus manifestaciones en las fobias<\/a><\/li><\/ul><\/li><li class=\"\"><a href=\"#tipos-de-fobias\">Tipos de fobias<\/a><ul><li class=\"\"><a href=\"#fobias-sociales\">Fobias sociales<\/a><\/li><li class=\"\"><a href=\"#fobias-especificas\">Fobias espec\u00edficas<\/a><\/li><\/ul><\/li><li class=\"\"><a href=\"#sintomas-y-diagnostico-de-las-fobias\">S\u00edntomas y diagn\u00f3stico de las fobias<\/a><ul><li class=\"\"><a href=\"#sintomas-fisicos-y-emocionales-de-las-fobias\">S\u00edntomas f\u00edsicos y emocionales de las fobias<\/a><\/li><li class=\"\"><a href=\"#metodos-de-diagnostico-de-las-fobias\">M\u00e9todos de diagn\u00f3stico de las fobias<\/a><\/li><\/ul><\/li><li class=\"\"><a href=\"#causas-y-factores-de-riesgo-de-las-fobias\">Causas y factores de riesgo de las fobias<\/a><ul><li class=\"\"><a href=\"#factores-geneticos-y-hereditarios\">Factores gen\u00e9ticos y hereditarios<\/a><\/li><li class=\"\"><a href=\"#experiencias-traumaticas-y-aprendizaje-vicario\">Experiencias traum\u00e1ticas y aprendizaje vicario<\/a><\/li><li class=\"\"><a href=\"#informacion-erronea-y-prevalencia-en-la-familia\">Informaci\u00f3n err\u00f3nea y prevalencia en la familia<\/a><\/li><li class=\"\"><a href=\"#factores-fisicos-y-medicos-asociados-a-las-fobias\">Factores f\u00edsicos y m\u00e9dicos asociados a las fobias<\/a><\/li><\/ul><\/li><li class=\"\"><a href=\"#tratamiento-de-las-fobias\">Tratamiento de las fobias<\/a><ul><li class=\"\"><a href=\"#enfoques-de-tratamiento-para-las-fobias\">Enfoques de tratamiento para las fobias<\/a><ul><li class=\"\"><a href=\"#medicamentos-en-el-tratamiento-de-las-fobias\">Medicamentos en el tratamiento de las fobias<\/a><\/li><li class=\"\"><a href=\"#terapia-combinada-de-medicamentos-y-psicoterapia\">Terapia combinada de medicamentos y psicoterapia<\/a><\/li><\/ul><\/li><\/ul><\/li><li class=\"\"><a href=\"#ninos-y-adolescentes-con-fobias\">Ni\u00f1os y adolescentes con fobias<\/a><ul><li class=\"\"><a href=\"#fobias-en-la-infancia-y-la-adolescencia\">Fobias en la infancia y la adolescencia<\/a><\/li><li class=\"\"><a href=\"#recursos-especificos-para-ninos-y-adolescentes-con-fobias\">Recursos espec\u00edficos para ni\u00f1os y adolescentes con fobias<\/a><\/li><\/ul><\/li><li class=\"\"><a href=\"#vivir-con-fobias-y-superar-el-miedo-irracional\">Vivir con fobias y superar el miedo irracional<\/a><ul><li class=\"\"><a href=\"#impacto-de-las-fobias-en-la-vida-cotidiana\">Impacto de las fobias en la vida cotidiana<\/a><\/li><li class=\"\"><a href=\"#consejos-para-manejar-las-fobias-y-reducir-la-ansiedad\">Consejos para manejar las fobias y reducir la ansiedad<\/a><\/li><li class=\"\"><a href=\"#importancia-de-buscar-ayuda-profesional\">Importancia de buscar ayuda profesional<\/a><\/li><\/ul><\/li><\/ul><\/nav><\/div>\n\n\n\n<figure class=\"wp-block-image size-large\"><a href=\"https:\/\/clinicajaimeicatarroja.com\/blog\/wp-content\/uploads\/2023\/08\/claustrofobia-respirando-bolsa-papel-ascensor-1.jpg\"><img decoding=\"async\" width=\"683\" height=\"1024\" src=\"https:\/\/clinicajaimeicatarroja.com\/blog\/wp-content\/uploads\/2023\/08\/claustrofobia-respirando-bolsa-papel-ascensor-1-683x1024.jpg\" alt=\"fobias-valencia\" class=\"wp-image-16060\" title=\"\" srcset=\"https:\/\/clinicajaimeicatarroja.com\/blog\/wp-content\/uploads\/2023\/08\/claustrofobia-respirando-bolsa-papel-ascensor-1-683x1024.jpg 683w, https:\/\/clinicajaimeicatarroja.com\/blog\/wp-content\/uploads\/2023\/08\/claustrofobia-respirando-bolsa-papel-ascensor-1-200x300.jpg 200w, https:\/\/clinicajaimeicatarroja.com\/blog\/wp-content\/uploads\/2023\/08\/claustrofobia-respirando-bolsa-papel-ascensor-1-768x1151.jpg 768w, https:\/\/clinicajaimeicatarroja.com\/blog\/wp-content\/uploads\/2023\/08\/claustrofobia-respirando-bolsa-papel-ascensor-1.jpg 800w\" sizes=\"(max-width: 683px) 100vw, 683px\" \/><\/a><figcaption class=\"wp-element-caption\">claustrofobia<\/figcaption><\/figure>\n\n\n\n<h2 class=\"wp-block-heading\" id=\"que-son-las-fobias\">Qu\u00e9 son las fobias<\/h2>\n\n\n\n<p>Las<strong> fobias<\/strong> son <strong>trastornos de ansiedad que se caracterizan por un miedo intenso e irracional hacia algo que no representa un peligro real<\/strong>. Se manifiestan como una <strong>respuesta de angustia desproporcionada frente a determinadas situaciones, objetos o lugares espec\u00edficos<\/strong>. Estas fobias pueden interferir significativamente en la vida cotidiana de quien las padece, limitando sus actividades y generando un fuerte deseo de evitar aquello que les provoca miedo.<\/p>\n\n\n\n<h3 class=\"wp-block-heading\" id=\"definicion-de-fobias\">Definici\u00f3n de fobias<\/h3>\n\n\n\n<p>Las <strong>fobias<\/strong> se definen como <strong>trastornos de ansiedad, manifest\u00e1ndose como una respuesta de miedo intenso y descontrolado hacia un est\u00edmulo espec\u00edfico.<\/strong> Este miedo irracional no guarda relaci\u00f3n con el verdadero nivel de peligro de la situaci\u00f3n o el objeto temido. Las fobias pueden tener diferentes formas y manifestarse de manera individual, pudiendo estar presentes desde la infancia o desarrollarse m\u00e1s adelante en la vida.<\/p>\n\n\n\n<figure class=\"wp-block-image size-large\"><a href=\"https:\/\/clinicajaimeicatarroja.com\/blog\/wp-content\/uploads\/2023\/08\/miedo-alturas-1.jpg\"><img decoding=\"async\" width=\"1024\" height=\"787\" src=\"https:\/\/clinicajaimeicatarroja.com\/blog\/wp-content\/uploads\/2023\/08\/miedo-alturas-1-1024x787.jpg\" alt=\"fobias-valencia\" class=\"wp-image-16062\" title=\"\" srcset=\"https:\/\/clinicajaimeicatarroja.com\/blog\/wp-content\/uploads\/2023\/08\/miedo-alturas-1-1024x787.jpg 1024w, https:\/\/clinicajaimeicatarroja.com\/blog\/wp-content\/uploads\/2023\/08\/miedo-alturas-1-300x231.jpg 300w, https:\/\/clinicajaimeicatarroja.com\/blog\/wp-content\/uploads\/2023\/08\/miedo-alturas-1-768x590.jpg 768w, https:\/\/clinicajaimeicatarroja.com\/blog\/wp-content\/uploads\/2023\/08\/miedo-alturas-1.jpg 1200w\" sizes=\"(max-width: 1024px) 100vw, 1024px\" \/><\/a><figcaption class=\"wp-element-caption\">miedo-a-alturas<\/figcaption><\/figure>\n\n\n\n<h3 class=\"wp-block-heading\" id=\"caracteristicas-de-las-fobias\">Caracter\u00edsticas de las fobias<\/h3>\n\n\n\n<ul class=\"wp-block-list\">\n<li>Provocan una respuesta de miedo intenso e irracional.<\/li>\n\n\n\n<li>No se relacionan con un peligro real o justificado.<\/li>\n\n\n\n<li>Pueden estar focalizadas en situaciones, objetos o lugares espec\u00edficos.<\/li>\n\n\n\n<li>Generan una sensaci\u00f3n de angustia y malestar significativo.<\/li>\n\n\n\n<li>Inducen a la evitaci\u00f3n de las situaciones f\u00f3bicas.<\/li>\n<\/ul>\n\n\n\n<figure class=\"wp-block-image size-large\"><a href=\"https:\/\/clinicajaimeicatarroja.com\/blog\/wp-content\/uploads\/2023\/08\/espeluznante-arana-1-1.jpg\"><img decoding=\"async\" width=\"1024\" height=\"585\" src=\"https:\/\/clinicajaimeicatarroja.com\/blog\/wp-content\/uploads\/2023\/08\/espeluznante-arana-1-1-1024x585.jpg\" alt=\"fobias-valencia\" class=\"wp-image-16063\" title=\"\" srcset=\"https:\/\/clinicajaimeicatarroja.com\/blog\/wp-content\/uploads\/2023\/08\/espeluznante-arana-1-1-1024x585.jpg 1024w, https:\/\/clinicajaimeicatarroja.com\/blog\/wp-content\/uploads\/2023\/08\/espeluznante-arana-1-1-300x172.jpg 300w, https:\/\/clinicajaimeicatarroja.com\/blog\/wp-content\/uploads\/2023\/08\/espeluznante-arana-1-1-768x439.jpg 768w, https:\/\/clinicajaimeicatarroja.com\/blog\/wp-content\/uploads\/2023\/08\/espeluznante-arana-1-1.jpg 1200w\" sizes=\"(max-width: 1024px) 100vw, 1024px\" \/><\/a><figcaption class=\"wp-element-caption\">miedo-a-ara\u00f1as<\/figcaption><\/figure>\n\n\n\n<h3 class=\"wp-block-heading\" id=\"miedo-irracional-y-sus-manifestaciones-en-las-fobias\">Miedo irracional y sus manifestaciones en las fobias<\/h3>\n\n\n\n<p>El <strong>miedo irracional asociado a las fobias puede generar una serie de manifestaciones f\u00edsicas y emocionales<\/strong>. Entre los s\u00edntomas m\u00e1s comunes se encuentran el p\u00e1nico, la taquicardia, la falta de aire, los temblores y un fuerte deseo de huir. Estos s\u00edntomas pueden surgir de manera intensa y repentina ante la exposici\u00f3n o la sola anticipaci\u00f3n de la situaci\u00f3n f\u00f3bica, limitando as\u00ed la vida de quienes las experimentan.<\/p>\n\n\n\n<figure class=\"wp-block-image size-large\"><a href=\"https:\/\/clinicajaimeicatarroja.com\/blog\/wp-content\/uploads\/2023\/08\/fobia-accidente-bosque-1.jpg\"><img decoding=\"async\" width=\"1024\" height=\"683\" src=\"https:\/\/clinicajaimeicatarroja.com\/blog\/wp-content\/uploads\/2023\/08\/fobia-accidente-bosque-1-1024x683.jpg\" alt=\"fobias-valencia\" class=\"wp-image-16079\" title=\"\" srcset=\"https:\/\/clinicajaimeicatarroja.com\/blog\/wp-content\/uploads\/2023\/08\/fobia-accidente-bosque-1-1024x683.jpg 1024w, https:\/\/clinicajaimeicatarroja.com\/blog\/wp-content\/uploads\/2023\/08\/fobia-accidente-bosque-1-300x200.jpg 300w, https:\/\/clinicajaimeicatarroja.com\/blog\/wp-content\/uploads\/2023\/08\/fobia-accidente-bosque-1-768x512.jpg 768w, https:\/\/clinicajaimeicatarroja.com\/blog\/wp-content\/uploads\/2023\/08\/fobia-accidente-bosque-1.jpg 1200w\" sizes=\"(max-width: 1024px) 100vw, 1024px\" \/><\/a><figcaption class=\"wp-element-caption\">miedo-a-animales-bosque<\/figcaption><\/figure>\n\n\n\n<h2 class=\"wp-block-heading\" id=\"tipos-de-fobias\">Tipos de fobias<\/h2>\n\n\n\n<h3 class=\"wp-block-heading\" id=\"fobias-sociales\">Fobias sociales<\/h3>\n\n\n\n<p>Las <strong>fobias sociales<\/strong> son un tipo de trastorno de ansiedad caracterizado por un <strong>miedo intenso a situaciones sociales y al temor de ser juzgado o humillado por los dem\u00e1s<\/strong>. Es un tipo de fobia que se caracteriza por un temor abrumador a ser juzgado o ridiculizado en situaciones sociales. Algunos ejemplos comunes de fobias sociales incluyen el <strong>miedo a hablar en p\u00fablico, el temor a comer o beber en lugares p\u00fablicos, o el miedo a entablar conversaciones o interactuar con desconocidos<\/strong>. Estas fobias pueden limitar en gran medida la vida social de las personas que las experimentan, afectando su capacidad para relacionarse y participar en actividades cotidianas.<\/p>\n\n\n\n<figure class=\"wp-block-image size-large\"><a href=\"https:\/\/clinicajaimeicatarroja.com\/blog\/wp-content\/uploads\/2023\/08\/mujer-teniendo-ataque-panico-1.jpg\"><img decoding=\"async\" width=\"1024\" height=\"575\" src=\"https:\/\/clinicajaimeicatarroja.com\/blog\/wp-content\/uploads\/2023\/08\/mujer-teniendo-ataque-panico-1-1024x575.jpg\" alt=\"fobias-valencia\" class=\"wp-image-16067\" title=\"\" srcset=\"https:\/\/clinicajaimeicatarroja.com\/blog\/wp-content\/uploads\/2023\/08\/mujer-teniendo-ataque-panico-1-1024x575.jpg 1024w, https:\/\/clinicajaimeicatarroja.com\/blog\/wp-content\/uploads\/2023\/08\/mujer-teniendo-ataque-panico-1-300x169.jpg 300w, https:\/\/clinicajaimeicatarroja.com\/blog\/wp-content\/uploads\/2023\/08\/mujer-teniendo-ataque-panico-1-768x431.jpg 768w, https:\/\/clinicajaimeicatarroja.com\/blog\/wp-content\/uploads\/2023\/08\/mujer-teniendo-ataque-panico-1.jpg 1200w\" sizes=\"(max-width: 1024px) 100vw, 1024px\" \/><\/a><figcaption class=\"wp-element-caption\">fobias-sociales-valencia<\/figcaption><\/figure>\n\n\n\n<h3 class=\"wp-block-heading\" id=\"fobias-especificas\">Fobias espec\u00edficas<\/h3>\n\n\n\n<p>Las <strong>fobias espec\u00edficas<\/strong> son un tipo de trastorno de ansiedad en el que la persona experimenta un <strong>miedo desproporcionado e irracional hacia un objeto o situaci\u00f3n particular<\/strong>. Pueden incluir el <strong>miedo a animales espec\u00edficos, como ara\u00f1as o serpientes, o el temor a objetos cotidianos, como agujas o aviones<\/strong>. Estas fobias pueden generar una gran angustia en la persona afectada y pueden interferir en su vida diaria, limitando sus actividades y evitando situaciones que podr\u00edan desencadenar su miedo.<\/p>\n\n\n\n<figure class=\"wp-block-image size-large\"><a href=\"https:\/\/clinicajaimeicatarroja.com\/blog\/wp-content\/uploads\/2023\/08\/serpiente-enrollada-bola-1.jpg\"><img decoding=\"async\" width=\"1024\" height=\"683\" src=\"https:\/\/clinicajaimeicatarroja.com\/blog\/wp-content\/uploads\/2023\/08\/serpiente-enrollada-bola-1-1024x683.jpg\" alt=\"fobias-valencia\" class=\"wp-image-16066\" title=\"\" srcset=\"https:\/\/clinicajaimeicatarroja.com\/blog\/wp-content\/uploads\/2023\/08\/serpiente-enrollada-bola-1-1024x683.jpg 1024w, https:\/\/clinicajaimeicatarroja.com\/blog\/wp-content\/uploads\/2023\/08\/serpiente-enrollada-bola-1-300x200.jpg 300w, https:\/\/clinicajaimeicatarroja.com\/blog\/wp-content\/uploads\/2023\/08\/serpiente-enrollada-bola-1-768x512.jpg 768w, https:\/\/clinicajaimeicatarroja.com\/blog\/wp-content\/uploads\/2023\/08\/serpiente-enrollada-bola-1.jpg 1200w\" sizes=\"(max-width: 1024px) 100vw, 1024px\" \/><\/a><figcaption class=\"wp-element-caption\">fobias-a-serpientes<\/figcaption><\/figure>\n\n\n\n<h2 class=\"wp-block-heading\" id=\"sintomas-y-diagnostico-de-las-fobias\">S\u00edntomas y diagn\u00f3stico de las fobias<\/h2>\n\n\n\n<h3 class=\"wp-block-heading\" id=\"sintomas-fisicos-y-emocionales-de-las-fobias\">S\u00edntomas f\u00edsicos y emocionales de las fobias<\/h3>\n\n\n\n<p>Las fobias se caracterizan por desencadenar una serie de <strong>s\u00edntomas f\u00edsicos y emocionales<\/strong> en quienes las padecen. Estos s\u00edntomas pueden manifestarse de diversas formas, y su intensidad var\u00eda seg\u00fan cada individuo. Al enfrentarse al objeto o situaci\u00f3n f\u00f3bica, es com\u00fan experimentar:<\/p>\n\n\n\n<ul class=\"wp-block-list\">\n<li>Palpitaciones aceleradas o taquicardia.<\/li>\n\n\n\n<li>Sudoraci\u00f3n excesiva.<\/li>\n\n\n\n<li>Temblores o sacudidas corporales.<\/li>\n\n\n\n<li>Sensaci\u00f3n de falta de aire o dificultad para respirar.<\/li>\n\n\n\n<li>Mareos o desmayos.<\/li>\n\n\n\n<li>N\u00e1useas o malestar estomacal.<\/li>\n\n\n\n<li>Despersonalizaci\u00f3n o sensaci\u00f3n de irrealidad.<\/li>\n\n\n\n<li>P\u00e1nico intenso.<\/li>\n<\/ul>\n\n\n\n<figure class=\"wp-block-image size-large\"><a href=\"https:\/\/clinicajaimeicatarroja.com\/blog\/wp-content\/uploads\/2023\/08\/mujer-joven-sintiendo-miedo-1.jpg\"><img decoding=\"async\" width=\"1024\" height=\"683\" src=\"https:\/\/clinicajaimeicatarroja.com\/blog\/wp-content\/uploads\/2023\/08\/mujer-joven-sintiendo-miedo-1-1024x683.jpg\" alt=\"fobias-valencia\" class=\"wp-image-16080\" title=\"\" srcset=\"https:\/\/clinicajaimeicatarroja.com\/blog\/wp-content\/uploads\/2023\/08\/mujer-joven-sintiendo-miedo-1-1024x683.jpg 1024w, https:\/\/clinicajaimeicatarroja.com\/blog\/wp-content\/uploads\/2023\/08\/mujer-joven-sintiendo-miedo-1-300x200.jpg 300w, https:\/\/clinicajaimeicatarroja.com\/blog\/wp-content\/uploads\/2023\/08\/mujer-joven-sintiendo-miedo-1-768x512.jpg 768w, https:\/\/clinicajaimeicatarroja.com\/blog\/wp-content\/uploads\/2023\/08\/mujer-joven-sintiendo-miedo-1.jpg 1200w\" sizes=\"(max-width: 1024px) 100vw, 1024px\" \/><\/a><figcaption class=\"wp-element-caption\">P\u00e1nico intenso<\/figcaption><\/figure>\n\n\n\n<p>A nivel emocional, las personas con fobias pueden experimentar:<\/p>\n\n\n\n<ul class=\"wp-block-list\">\n<li>Miedo y ansiedad intensa.<\/li>\n\n\n\n<li>Preocupaci\u00f3n persistente por la posibilidad de encontrar la situaci\u00f3n o el objeto f\u00f3bico.<\/li>\n\n\n\n<li>Incapacidad para controlar o manejar el miedo.<\/li>\n\n\n\n<li>Deseo vehemente de evitar cualquier encuentro con el objeto o situaci\u00f3n f\u00f3bica.<\/li>\n<\/ul>\n\n\n\n<figure class=\"wp-block-image size-full\"><a href=\"https:\/\/clinicajaimeicatarroja.com\/blog\/wp-content\/uploads\/2023\/08\/cubriendose-boca-1.jpg\"><img decoding=\"async\" width=\"800\" height=\"908\" src=\"https:\/\/clinicajaimeicatarroja.com\/blog\/wp-content\/uploads\/2023\/08\/cubriendose-boca-1.jpg\" alt=\"fobias-valencia\" class=\"wp-image-16068\" title=\"\" srcset=\"https:\/\/clinicajaimeicatarroja.com\/blog\/wp-content\/uploads\/2023\/08\/cubriendose-boca-1.jpg 800w, https:\/\/clinicajaimeicatarroja.com\/blog\/wp-content\/uploads\/2023\/08\/cubriendose-boca-1-264x300.jpg 264w, https:\/\/clinicajaimeicatarroja.com\/blog\/wp-content\/uploads\/2023\/08\/cubriendose-boca-1-768x872.jpg 768w\" sizes=\"(max-width: 800px) 100vw, 800px\" \/><\/a><\/figure>\n\n\n\n<h3 class=\"wp-block-heading\" id=\"metodos-de-diagnostico-de-las-fobias\">M\u00e9todos de diagn\u00f3stico de las fobias<\/h3>\n\n\n\n<p>El <strong>diagn\u00f3stico de las fobias <\/strong>se basa en la evaluaci\u00f3n cl\u00ednica y en la observaci\u00f3n de los s\u00edntomas manifestados por la persona. Para determinar si una persona padece una fobia, los profesionales de la salud mental utilizan diferentes m\u00e9todos y herramientas, entre los que se encuentran:<\/p>\n\n\n\n<ul class=\"wp-block-list\">\n<li>Entrevistas cl\u00ednicas: Los especialistas realizan entrevistas estructuradas o semiestructuradas para recabar informaci\u00f3n sobre los s\u00edntomas, la duraci\u00f3n de los episodios de miedo y su impacto en la vida cotidiana.<\/li>\n\n\n\n<li>Cuestionarios y escalas de valoraci\u00f3n: Se utilizan cuestionarios estandarizados para evaluar la gravedad de los s\u00edntomas y determinar la presencia de una fobia espec\u00edfica.<\/li>\n\n\n\n<li>An\u00e1lisis de los antecedentes personales: Se exploran los antecedentes personales del individuo para identificar posibles experiencias traum\u00e1ticas o situaciones que hayan contribuido al desarrollo de la fobia.<\/li>\n<\/ul>\n\n\n\n<p>Es importante destacar que el diagn\u00f3stico de las fobias debe realizarse por un profesional de la salud mental debidamente capacitado, como un psic\u00f3logo o psiquiatra, quienes utilizar\u00e1n su experiencia cl\u00ednica y las pautas establecidas en los manuales diagn\u00f3sticos para determinar si una persona cumple con los criterios necesarios para el diagn\u00f3stico de una fobia espec\u00edfica.<\/p>\n\n\n\n<figure class=\"wp-block-image size-large\"><a href=\"https:\/\/clinicajaimeicatarroja.com\/blog\/wp-content\/uploads\/2023\/08\/sesion-psiquiatra-1.jpg\"><img decoding=\"async\" width=\"1024\" height=\"683\" src=\"https:\/\/clinicajaimeicatarroja.com\/blog\/wp-content\/uploads\/2023\/08\/sesion-psiquiatra-1-1024x683.jpg\" alt=\"fobias-valencia\" class=\"wp-image-16069\" title=\"\" srcset=\"https:\/\/clinicajaimeicatarroja.com\/blog\/wp-content\/uploads\/2023\/08\/sesion-psiquiatra-1-1024x683.jpg 1024w, https:\/\/clinicajaimeicatarroja.com\/blog\/wp-content\/uploads\/2023\/08\/sesion-psiquiatra-1-300x200.jpg 300w, https:\/\/clinicajaimeicatarroja.com\/blog\/wp-content\/uploads\/2023\/08\/sesion-psiquiatra-1-768x512.jpg 768w, https:\/\/clinicajaimeicatarroja.com\/blog\/wp-content\/uploads\/2023\/08\/sesion-psiquiatra-1.jpg 1200w\" sizes=\"(max-width: 1024px) 100vw, 1024px\" \/><\/a><figcaption class=\"wp-element-caption\">terapia cognitivo-conductual (TCC)<\/figcaption><\/figure>\n\n\n\n<h2 class=\"wp-block-heading\" id=\"causas-y-factores-de-riesgo-de-las-fobias\">Causas y factores de riesgo de las fobias<\/h2>\n\n\n\n<p>Las fobias pueden tener <strong>diferentes causas y factores de riesgo que contribuyen a su desarrollo<\/strong>. A continuaci\u00f3n, se analizan algunos de los principales:<\/p>\n\n\n\n<h3 class=\"wp-block-heading\" id=\"factores-geneticos-y-hereditarios\">Factores gen\u00e9ticos y hereditarios<\/h3>\n\n\n\n<p>Se ha observado que las fobias pueden tener una<strong> predisposici\u00f3n hereditaria<\/strong>. Es decir, existen ciertos genes que pueden aumentar la probabilidad de desarrollar fobias en algunos individuos. Si hay antecedentes familiares de fobias, es m\u00e1s probable que una persona tambi\u00e9n las desarrolle.<\/p>\n\n\n\n<figure class=\"wp-block-image size-large\"><a href=\"https:\/\/clinicajaimeicatarroja.com\/blog\/wp-content\/uploads\/2023\/08\/mujer-manos-boca-tapandose-boca-1.jpg\"><img decoding=\"async\" width=\"1024\" height=\"1024\" src=\"https:\/\/clinicajaimeicatarroja.com\/blog\/wp-content\/uploads\/2023\/08\/mujer-manos-boca-tapandose-boca-1-1024x1024.jpg\" alt=\"fobias-valencia\" class=\"wp-image-16081\" title=\"\" srcset=\"https:\/\/clinicajaimeicatarroja.com\/blog\/wp-content\/uploads\/2023\/08\/mujer-manos-boca-tapandose-boca-1-1024x1024.jpg 1024w, https:\/\/clinicajaimeicatarroja.com\/blog\/wp-content\/uploads\/2023\/08\/mujer-manos-boca-tapandose-boca-1-300x300.jpg 300w, https:\/\/clinicajaimeicatarroja.com\/blog\/wp-content\/uploads\/2023\/08\/mujer-manos-boca-tapandose-boca-1-150x150.jpg 150w, https:\/\/clinicajaimeicatarroja.com\/blog\/wp-content\/uploads\/2023\/08\/mujer-manos-boca-tapandose-boca-1-768x768.jpg 768w, https:\/\/clinicajaimeicatarroja.com\/blog\/wp-content\/uploads\/2023\/08\/mujer-manos-boca-tapandose-boca-1-100x100.jpg 100w, https:\/\/clinicajaimeicatarroja.com\/blog\/wp-content\/uploads\/2023\/08\/mujer-manos-boca-tapandose-boca-1-54x54.jpg 54w, https:\/\/clinicajaimeicatarroja.com\/blog\/wp-content\/uploads\/2023\/08\/mujer-manos-boca-tapandose-boca-1-470x470.jpg 470w, https:\/\/clinicajaimeicatarroja.com\/blog\/wp-content\/uploads\/2023\/08\/mujer-manos-boca-tapandose-boca-1-420x420.jpg 420w, https:\/\/clinicajaimeicatarroja.com\/blog\/wp-content\/uploads\/2023\/08\/mujer-manos-boca-tapandose-boca-1-460x460.jpg 460w, https:\/\/clinicajaimeicatarroja.com\/blog\/wp-content\/uploads\/2023\/08\/mujer-manos-boca-tapandose-boca-1-60x60.jpg 60w, https:\/\/clinicajaimeicatarroja.com\/blog\/wp-content\/uploads\/2023\/08\/mujer-manos-boca-tapandose-boca-1.jpg 1200w\" sizes=\"(max-width: 1024px) 100vw, 1024px\" \/><\/a><figcaption class=\"wp-element-caption\">palpitaciones<\/figcaption><\/figure>\n\n\n\n<h3 class=\"wp-block-heading\" id=\"experiencias-traumaticas-y-aprendizaje-vicario\">Experiencias traum\u00e1ticas y aprendizaje vicario<\/h3>\n\n\n\n<p>Las<strong> experiencias traum\u00e1ticas, como accidentes o situaciones de peligro<\/strong>, pueden desencadenar el desarrollo de fobias. Adem\u00e1s, el aprendizaje vicario, que implica observar el miedo de alguien m\u00e1s hacia un est\u00edmulo espec\u00edfico, tambi\u00e9n puede contribuir a la adquisici\u00f3n de una fobia.<\/p>\n\n\n\n<h3 class=\"wp-block-heading\" id=\"informacion-erronea-y-prevalencia-en-la-familia\">Informaci\u00f3n err\u00f3nea y prevalencia en la familia<\/h3>\n\n\n\n<p>La <strong>falta de informaci\u00f3n adecuada sobre ciertos est\u00edmulos o situaciones puede generar creencias err\u00f3neas <\/strong>y desencadenar el miedo irracional asociado a las fobias. Adem\u00e1s, si otras personas en la familia tienen fobias, existe un mayor riesgo de que otros miembros tambi\u00e9n las desarrollen, debido a la influencia y el aprendizaje que se produce en el entorno familiar.<\/p>\n\n\n\n<figure class=\"wp-block-image size-full\"><a href=\"https:\/\/clinicajaimeicatarroja.com\/blog\/wp-content\/uploads\/2023\/08\/morena-enojada-gritando-camara-1.jpg\"><img decoding=\"async\" width=\"900\" height=\"900\" src=\"https:\/\/clinicajaimeicatarroja.com\/blog\/wp-content\/uploads\/2023\/08\/morena-enojada-gritando-camara-1.jpg\" alt=\"fobias-valencia\" class=\"wp-image-16070\" title=\"\" srcset=\"https:\/\/clinicajaimeicatarroja.com\/blog\/wp-content\/uploads\/2023\/08\/morena-enojada-gritando-camara-1.jpg 900w, https:\/\/clinicajaimeicatarroja.com\/blog\/wp-content\/uploads\/2023\/08\/morena-enojada-gritando-camara-1-300x300.jpg 300w, https:\/\/clinicajaimeicatarroja.com\/blog\/wp-content\/uploads\/2023\/08\/morena-enojada-gritando-camara-1-150x150.jpg 150w, https:\/\/clinicajaimeicatarroja.com\/blog\/wp-content\/uploads\/2023\/08\/morena-enojada-gritando-camara-1-768x768.jpg 768w, https:\/\/clinicajaimeicatarroja.com\/blog\/wp-content\/uploads\/2023\/08\/morena-enojada-gritando-camara-1-100x100.jpg 100w, https:\/\/clinicajaimeicatarroja.com\/blog\/wp-content\/uploads\/2023\/08\/morena-enojada-gritando-camara-1-54x54.jpg 54w, https:\/\/clinicajaimeicatarroja.com\/blog\/wp-content\/uploads\/2023\/08\/morena-enojada-gritando-camara-1-470x470.jpg 470w, https:\/\/clinicajaimeicatarroja.com\/blog\/wp-content\/uploads\/2023\/08\/morena-enojada-gritando-camara-1-420x420.jpg 420w, https:\/\/clinicajaimeicatarroja.com\/blog\/wp-content\/uploads\/2023\/08\/morena-enojada-gritando-camara-1-460x460.jpg 460w, https:\/\/clinicajaimeicatarroja.com\/blog\/wp-content\/uploads\/2023\/08\/morena-enojada-gritando-camara-1-60x60.jpg 60w\" sizes=\"(max-width: 900px) 100vw, 900px\" \/><\/a><figcaption class=\"wp-element-caption\">fobias-valencia<\/figcaption><\/figure>\n\n\n\n<h3 class=\"wp-block-heading\" id=\"factores-fisicos-y-medicos-asociados-a-las-fobias\">Factores f\u00edsicos y m\u00e9dicos asociados a las fobias<\/h3>\n\n\n\n<p>Ciertas fobias pueden estar relacionadas con <strong>factores f\u00edsicos o m\u00e9dicos<\/strong>. Por ejemplo, algunas fobias pueden surgir como resultado de una mala experiencia f\u00edsica o relacionada con la salud, como haber sufrido un accidente o haber tenido una enfermedad grave. Adem\u00e1s, algunas condiciones m\u00e9dicas, como los trastornos de la tiroides, pueden desencadenar s\u00edntomas similares a las fobias.<\/p>\n\n\n\n<figure class=\"wp-block-image size-large\"><a href=\"https:\/\/clinicajaimeicatarroja.com\/blog\/wp-content\/uploads\/2023\/08\/ataque-panico-clinica-1-1.jpg\"><img decoding=\"async\" width=\"1024\" height=\"684\" src=\"https:\/\/clinicajaimeicatarroja.com\/blog\/wp-content\/uploads\/2023\/08\/ataque-panico-clinica-1-1-1024x684.jpg\" alt=\"fobias-valencia\" class=\"wp-image-16078\" title=\"\" srcset=\"https:\/\/clinicajaimeicatarroja.com\/blog\/wp-content\/uploads\/2023\/08\/ataque-panico-clinica-1-1-1024x684.jpg 1024w, https:\/\/clinicajaimeicatarroja.com\/blog\/wp-content\/uploads\/2023\/08\/ataque-panico-clinica-1-1-300x200.jpg 300w, https:\/\/clinicajaimeicatarroja.com\/blog\/wp-content\/uploads\/2023\/08\/ataque-panico-clinica-1-1-768x513.jpg 768w, https:\/\/clinicajaimeicatarroja.com\/blog\/wp-content\/uploads\/2023\/08\/ataque-panico-clinica-1-1.jpg 1200w\" sizes=\"(max-width: 1024px) 100vw, 1024px\" \/><\/a><figcaption class=\"wp-element-caption\">miedo-a-dentistas<\/figcaption><\/figure>\n\n\n\n<h2 class=\"wp-block-heading\" id=\"tratamiento-de-las-fobias\">Tratamiento de las fobias<\/h2>\n\n\n\n<p>Las fobias son trastornos de ansiedad que pueden generar un gran impacto en la vida de las personas que las padecen. Afortunadamente, existen varios enfoques de tratamiento efectivos para superar las fobias y vivir una vida m\u00e1s plena y libre de miedo irracional.<\/p>\n\n\n\n<h3 class=\"wp-block-heading\" id=\"enfoques-de-tratamiento-para-las-fobias\">Enfoques de tratamiento para las fobias<\/h3>\n\n\n\n<p>La <strong>terapia cognitivo-conductual (TCC)<\/strong> es uno de los enfoques m\u00e1s utilizados y recomendados para el tratamiento de las fobias. Esta terapia se basa en identificar y modificar los pensamientos y comportamientos negativos que mantienen el miedo f\u00f3bico.<\/p>\n\n\n\n<p>La terapia cognitivo-conductual se enfoca en identificar los pensamientos negativos irracionales asociados a la fobia y reemplazarlos por pensamientos m\u00e1s realistas y equilibrados. Esto ayuda a cambiar la respuesta emocional y comportamental ante la situaci\u00f3n temida.<\/p>\n\n\n\n<p>En el caso de las fobias espec\u00edficas, la exposici\u00f3n gradual y controlada a la situaci\u00f3n o est\u00edmulo temido es una t\u00e9cnica clave de la TCC. A trav\u00e9s de la exposici\u00f3n progresiva, la persona aprende a confrontar su miedo de manera segura y va adquiriendo confianza en su capacidad para manejar la situaci\u00f3n.<\/p>\n\n\n\n<p>Adem\u00e1s, la terapia cognitivo-conductual puede incluir t\u00e9cnicas de prevenci\u00f3n de reca\u00eddas y estrategias para enfrentar situaciones desencadenantes en el futuro, fortaleciendo as\u00ed los nuevos patrones de pensamiento y comportamiento adquiridos durante la terapia.<\/p>\n\n\n\n<p>Otro enfoque de tratamiento utilizado es el entrenamiento en t\u00e9cnicas de manejo de la ansiedad, como la respiraci\u00f3n profunda, la relajaci\u00f3n muscular y la visualizaci\u00f3n. Estas t\u00e9cnicas ayudan a la persona a reducir la ansiedad y controlar los s\u00edntomas f\u00edsicos que experimenta durante la exposici\u00f3n a su fobia.<\/p>\n\n\n\n<figure class=\"wp-block-image size-large\"><a href=\"https:\/\/clinicajaimeicatarroja.com\/blog\/wp-content\/uploads\/2023\/08\/resolviendo-sus-problemas-mentales-1.jpg\"><img decoding=\"async\" width=\"1024\" height=\"684\" src=\"https:\/\/clinicajaimeicatarroja.com\/blog\/wp-content\/uploads\/2023\/08\/resolviendo-sus-problemas-mentales-1-1024x684.jpg\" alt=\"fobias-valencia\" class=\"wp-image-16071\" title=\"\" srcset=\"https:\/\/clinicajaimeicatarroja.com\/blog\/wp-content\/uploads\/2023\/08\/resolviendo-sus-problemas-mentales-1-1024x684.jpg 1024w, https:\/\/clinicajaimeicatarroja.com\/blog\/wp-content\/uploads\/2023\/08\/resolviendo-sus-problemas-mentales-1-300x200.jpg 300w, https:\/\/clinicajaimeicatarroja.com\/blog\/wp-content\/uploads\/2023\/08\/resolviendo-sus-problemas-mentales-1-768x513.jpg 768w, https:\/\/clinicajaimeicatarroja.com\/blog\/wp-content\/uploads\/2023\/08\/resolviendo-sus-problemas-mentales-1.jpg 1200w\" sizes=\"(max-width: 1024px) 100vw, 1024px\" \/><\/a><figcaption class=\"wp-element-caption\">terapia cognitivo-conductual (TCC)<\/figcaption><\/figure>\n\n\n\n<h4 class=\"wp-block-heading\" id=\"medicamentos-en-el-tratamiento-de-las-fobias\">Medicamentos en el tratamiento de las fobias<\/h4>\n\n\n\n<p>En algunos casos, los <strong>medicamentos<\/strong> pueden ser utilizados como parte del tratamiento de las fobias. Los antidepresivos y los ansiol\u00edticos pueden ayudar a reducir la ansiedad y los s\u00edntomas asociados, permitiendo a la persona enfrentar sus miedos de manera m\u00e1s efectiva.<\/p>\n\n\n\n<p>Es importante destacar que los medicamentos deben ser recetados y supervisados por un profesional de la salud, ya que cada caso es \u00fanico y requiere una evaluaci\u00f3n individualizada.<\/p>\n\n\n\n<figure class=\"wp-block-image size-large\"><a href=\"https:\/\/clinicajaimeicatarroja.com\/blog\/wp-content\/uploads\/2023\/08\/apoyo-medico-1.jpg\"><img decoding=\"async\" width=\"1024\" height=\"683\" src=\"https:\/\/clinicajaimeicatarroja.com\/blog\/wp-content\/uploads\/2023\/08\/apoyo-medico-1-1024x683.jpg\" alt=\"fobias-valencia\" class=\"wp-image-16072\" title=\"\" srcset=\"https:\/\/clinicajaimeicatarroja.com\/blog\/wp-content\/uploads\/2023\/08\/apoyo-medico-1-1024x683.jpg 1024w, https:\/\/clinicajaimeicatarroja.com\/blog\/wp-content\/uploads\/2023\/08\/apoyo-medico-1-300x200.jpg 300w, https:\/\/clinicajaimeicatarroja.com\/blog\/wp-content\/uploads\/2023\/08\/apoyo-medico-1-768x512.jpg 768w, https:\/\/clinicajaimeicatarroja.com\/blog\/wp-content\/uploads\/2023\/08\/apoyo-medico-1.jpg 1200w\" sizes=\"(max-width: 1024px) 100vw, 1024px\" \/><\/a><figcaption class=\"wp-element-caption\">tratamiento-farmacol\u00f3gico-fobias<\/figcaption><\/figure>\n\n\n\n<h4 class=\"wp-block-heading\" id=\"terapia-combinada-de-medicamentos-y-psicoterapia\">Terapia combinada de medicamentos y psicoterapia<\/h4>\n\n\n\n<p>En algunos casos, se puede optar por una combinaci\u00f3n de medicamentos y psicoterapia para el tratamiento de las fobias. Esta combinaci\u00f3n puede ser beneficiosa, especialmente cuando los s\u00edntomas son muy intensos o cuando hay otros trastornos de ansiedad presentes.<\/p>\n\n\n\n<figure class=\"wp-block-image size-large\"><a href=\"https:\/\/clinicajaimeicatarroja.com\/blog\/wp-content\/uploads\/2023\/08\/medico-recomienda-pastillas-1.jpg\"><img decoding=\"async\" width=\"1024\" height=\"683\" src=\"https:\/\/clinicajaimeicatarroja.com\/blog\/wp-content\/uploads\/2023\/08\/medico-recomienda-pastillas-1-1024x683.jpg\" alt=\"fobias-valencia\" class=\"wp-image-16073\" title=\"\" srcset=\"https:\/\/clinicajaimeicatarroja.com\/blog\/wp-content\/uploads\/2023\/08\/medico-recomienda-pastillas-1-1024x683.jpg 1024w, https:\/\/clinicajaimeicatarroja.com\/blog\/wp-content\/uploads\/2023\/08\/medico-recomienda-pastillas-1-300x200.jpg 300w, https:\/\/clinicajaimeicatarroja.com\/blog\/wp-content\/uploads\/2023\/08\/medico-recomienda-pastillas-1-768x512.jpg 768w, https:\/\/clinicajaimeicatarroja.com\/blog\/wp-content\/uploads\/2023\/08\/medico-recomienda-pastillas-1.jpg 1200w\" sizes=\"(max-width: 1024px) 100vw, 1024px\" \/><\/a><figcaption class=\"wp-element-caption\">tratamiento-psiquiatra-medicaci\u00f3n<\/figcaption><\/figure>\n\n\n\n<h2 class=\"wp-block-heading\" id=\"ninos-y-adolescentes-con-fobias\">Ni\u00f1os y adolescentes con fobias<\/h2>\n\n\n\n<p>Las f<strong>obias en la infancia y la adolescencia son comunes <\/strong>y pueden tener un impacto significativo en la vida de los ni\u00f1os y adolescentes. Estas fobias suelen surgir durante estas etapas y es importante que sean abordadas adecuadamente para evitar que se conviertan en un problema cr\u00f3nico.<\/p>\n\n\n\n<h3 class=\"wp-block-heading\" id=\"fobias-en-la-infancia-y-la-adolescencia\">Fobias en la infancia y la adolescencia<\/h3>\n\n\n\n<p>Los <strong>ni\u00f1os y adolescentes pueden desarrollar fobias hacia diversos objetos, situaciones o experiencias<\/strong>. Algunas fobias comunes en esta etapa incluyen el miedo a la oscuridad, a los animales, a las alturas y a los espacios cerrados. Estas fobias pueden interferir en su vida diaria, limitando sus actividades, su socializaci\u00f3n y su bienestar emocional.<\/p>\n\n\n\n<figure class=\"wp-block-image size-large\"><a href=\"https:\/\/clinicajaimeicatarroja.com\/blog\/wp-content\/uploads\/2023\/08\/fobias-ninos-1.jpg\"><img decoding=\"async\" width=\"1024\" height=\"681\" src=\"https:\/\/clinicajaimeicatarroja.com\/blog\/wp-content\/uploads\/2023\/08\/fobias-ninos-1-1024x681.jpg\" alt=\"fobias-valencia\" class=\"wp-image-16074\" title=\"\" srcset=\"https:\/\/clinicajaimeicatarroja.com\/blog\/wp-content\/uploads\/2023\/08\/fobias-ninos-1-1024x681.jpg 1024w, https:\/\/clinicajaimeicatarroja.com\/blog\/wp-content\/uploads\/2023\/08\/fobias-ninos-1-300x200.jpg 300w, https:\/\/clinicajaimeicatarroja.com\/blog\/wp-content\/uploads\/2023\/08\/fobias-ninos-1-768x511.jpg 768w, https:\/\/clinicajaimeicatarroja.com\/blog\/wp-content\/uploads\/2023\/08\/fobias-ninos-1.jpg 1200w\" sizes=\"(max-width: 1024px) 100vw, 1024px\" \/><\/a><figcaption class=\"wp-element-caption\">fobias-sociales-valencia<\/figcaption><\/figure>\n\n\n\n<h3 class=\"wp-block-heading\" id=\"recursos-especificos-para-ninos-y-adolescentes-con-fobias\">Recursos espec\u00edficos para ni\u00f1os y adolescentes con fobias<\/h3>\n\n\n\n<p>Existen recursos espec\u00edficos para ayudar a los ni\u00f1os y adolescentes a enfrentar y superar sus fobias. Estos recursos incluyen terapias especializadas, como la terapia cognitivo-conductual adaptada para su edad, que se centra en la exposici\u00f3n gradual a los est\u00edmulos temidos y en el desarrollo de habilidades para afrontar la ansiedad. Adem\u00e1s, se pueden utilizar t\u00e9cnicas de relajaci\u00f3n y ejercicios de respiraci\u00f3n para reducir los s\u00edntomas de ansiedad.<\/p>\n\n\n\n<figure class=\"wp-block-image size-large\"><a href=\"https:\/\/clinicajaimeicatarroja.com\/blog\/wp-content\/uploads\/2023\/08\/nina-asustada-1.jpg\"><img decoding=\"async\" width=\"1024\" height=\"576\" src=\"https:\/\/clinicajaimeicatarroja.com\/blog\/wp-content\/uploads\/2023\/08\/nina-asustada-1-1024x576.jpg\" alt=\"fobias-valencia\" class=\"wp-image-16084\" title=\"\" srcset=\"https:\/\/clinicajaimeicatarroja.com\/blog\/wp-content\/uploads\/2023\/08\/nina-asustada-1-1024x576.jpg 1024w, https:\/\/clinicajaimeicatarroja.com\/blog\/wp-content\/uploads\/2023\/08\/nina-asustada-1-300x169.jpg 300w, https:\/\/clinicajaimeicatarroja.com\/blog\/wp-content\/uploads\/2023\/08\/nina-asustada-1-768x432.jpg 768w, https:\/\/clinicajaimeicatarroja.com\/blog\/wp-content\/uploads\/2023\/08\/nina-asustada-1.jpg 1200w\" sizes=\"(max-width: 1024px) 100vw, 1024px\" \/><\/a><figcaption class=\"wp-element-caption\">fobia-infantil<\/figcaption><\/figure>\n\n\n\n<ul class=\"wp-block-list\">\n<li><strong>Psicoterapia adaptada:<\/strong> Los profesionales de la salud mental especializados en el tratamiento de ni\u00f1os y adolescentes pueden brindar terapia adaptada, teniendo en cuenta su edad, nivel de desarrollo y necesidades espec\u00edficas.<\/li>\n\n\n\n<li><strong>Apoyo familiar: <\/strong>La participaci\u00f3n de la familia es crucial en el tratamiento de las fobias en ni\u00f1os y adolescentes. El apoyo y la comprensi\u00f3n de los padres pueden ayudar a que los j\u00f3venes se sientan seguros y motivados para enfrentar sus miedos.<\/li>\n\n\n\n<li><strong>Programas de intervenci\u00f3n escolar:<\/strong> Las escuelas pueden desempe\u00f1ar un papel importante en el apoyo a los ni\u00f1os y adolescentes con fobias. Es recomendable que los profesores est\u00e9n informados sobre las fobias y puedan implementar estrategias adecuadas en el entorno escolar.<\/li>\n<\/ul>\n\n\n\n<figure class=\"wp-block-image size-large\"><a href=\"https:\/\/clinicajaimeicatarroja.com\/blog\/wp-content\/uploads\/2023\/08\/educacion-colegios-1.jpg\"><img decoding=\"async\" width=\"1024\" height=\"683\" src=\"https:\/\/clinicajaimeicatarroja.com\/blog\/wp-content\/uploads\/2023\/08\/educacion-colegios-1-1024x683.jpg\" alt=\"fobias-valencia\" class=\"wp-image-16075\" title=\"\" srcset=\"https:\/\/clinicajaimeicatarroja.com\/blog\/wp-content\/uploads\/2023\/08\/educacion-colegios-1-1024x683.jpg 1024w, https:\/\/clinicajaimeicatarroja.com\/blog\/wp-content\/uploads\/2023\/08\/educacion-colegios-1-300x200.jpg 300w, https:\/\/clinicajaimeicatarroja.com\/blog\/wp-content\/uploads\/2023\/08\/educacion-colegios-1-768x512.jpg 768w, https:\/\/clinicajaimeicatarroja.com\/blog\/wp-content\/uploads\/2023\/08\/educacion-colegios-1.jpg 1200w\" sizes=\"(max-width: 1024px) 100vw, 1024px\" \/><\/a><figcaption class=\"wp-element-caption\">eduacion-escolar<\/figcaption><\/figure>\n\n\n\n<h2 class=\"wp-block-heading\" id=\"vivir-con-fobias-y-superar-el-miedo-irracional\">Vivir con fobias y superar el miedo irracional<\/h2>\n\n\n\n<p>Aquellos que sufren de fobias comprenden lo impactante y limitante que puede ser vivir con miedos irracionales. Estas fobias pueden afectar significativamente la vida cotidiana, interfiriendo en las actividades diarias y generando una sensaci\u00f3n constante de ansiedad y malestar.<\/p>\n\n\n\n<figure class=\"wp-block-image size-large\"><a href=\"https:\/\/clinicajaimeicatarroja.com\/blog\/wp-content\/uploads\/2023\/08\/mujer-triste-1-1.jpg\"><img decoding=\"async\" width=\"1024\" height=\"683\" src=\"https:\/\/clinicajaimeicatarroja.com\/blog\/wp-content\/uploads\/2023\/08\/mujer-triste-1-1-1024x683.jpg\" alt=\"fobias-valencia\" class=\"wp-image-16083\" title=\"\" srcset=\"https:\/\/clinicajaimeicatarroja.com\/blog\/wp-content\/uploads\/2023\/08\/mujer-triste-1-1-1024x683.jpg 1024w, https:\/\/clinicajaimeicatarroja.com\/blog\/wp-content\/uploads\/2023\/08\/mujer-triste-1-1-300x200.jpg 300w, https:\/\/clinicajaimeicatarroja.com\/blog\/wp-content\/uploads\/2023\/08\/mujer-triste-1-1-768x512.jpg 768w, https:\/\/clinicajaimeicatarroja.com\/blog\/wp-content\/uploads\/2023\/08\/mujer-triste-1-1.jpg 1200w\" sizes=\"(max-width: 1024px) 100vw, 1024px\" \/><\/a><figcaption class=\"wp-element-caption\">bobia<\/figcaption><\/figure>\n\n\n\n<h3 class=\"wp-block-heading\" id=\"impacto-de-las-fobias-en-la-vida-cotidiana\">Impacto de las fobias en la vida cotidiana<\/h3>\n\n\n\n<p>Las fobias pueden tener un <strong>profundo impacto en la vida de quienes las padecen<\/strong>. El simple hecho de enfrentarse a la situaci\u00f3n o al objeto que desencadena la fobia puede provocar una abrumadora sensaci\u00f3n de p\u00e1nico y miedo incontrolable. Esto puede llevar a evitar ciertos lugares, actividades o situaciones, lo que a su vez limita la libertad personal y dificulta el desarrollo personal y social.<\/p>\n\n\n\n<p>Las fobias tambi\u00e9n pueden afectar negativamente las relaciones personales, ya que pueden generar dificultades para participar en actividades sociales o desarrollar v\u00ednculos emocionales plenos. Adem\u00e1s, el constante miedo y la ansiedad asociada a la fobia pueden tener un impacto en la salud f\u00edsica y mental, afectando la calidad de vida de quienes las padecen.<\/p>\n\n\n\n<figure class=\"wp-block-image size-large\"><a href=\"https:\/\/clinicajaimeicatarroja.com\/blog\/wp-content\/uploads\/2023\/08\/avion-pasajero-sentado-1.jpg\"><img decoding=\"async\" width=\"1024\" height=\"683\" src=\"https:\/\/clinicajaimeicatarroja.com\/blog\/wp-content\/uploads\/2023\/08\/avion-pasajero-sentado-1-1024x683.jpg\" alt=\"fobias-valencia\" class=\"wp-image-16077\" title=\"\" srcset=\"https:\/\/clinicajaimeicatarroja.com\/blog\/wp-content\/uploads\/2023\/08\/avion-pasajero-sentado-1-1024x683.jpg 1024w, https:\/\/clinicajaimeicatarroja.com\/blog\/wp-content\/uploads\/2023\/08\/avion-pasajero-sentado-1-300x200.jpg 300w, https:\/\/clinicajaimeicatarroja.com\/blog\/wp-content\/uploads\/2023\/08\/avion-pasajero-sentado-1-768x512.jpg 768w, https:\/\/clinicajaimeicatarroja.com\/blog\/wp-content\/uploads\/2023\/08\/avion-pasajero-sentado-1.jpg 1200w\" sizes=\"(max-width: 1024px) 100vw, 1024px\" \/><\/a><figcaption class=\"wp-element-caption\">terror-a-volar<\/figcaption><\/figure>\n\n\n\n<h3 class=\"wp-block-heading\" id=\"consejos-para-manejar-las-fobias-y-reducir-la-ansiedad\">Consejos para manejar las fobias y reducir la ansiedad<\/h3>\n\n\n\n<ul class=\"wp-block-list\">\n<li><strong><a href=\"https:\/\/clinicajaimeicatarroja.com\/especialidades\/psiquiatria\/psiquiatria-general-valencia\">Buscar apoyo profesional:<\/a><\/strong> Es fundamental contar con la ayuda de un profesional de la salud mental especializado en el tratamiento de fobias. Ellos podr\u00e1n brindar las herramientas necesarias para abordar y superar los miedos irracionales de manera efectiva.<\/li>\n\n\n\n<li>Aprender t\u00e9cnicas de manejo de la ansiedad: Existen t\u00e9cnicas que pueden ser \u00fatiles para controlar la ansiedad en situaciones f\u00f3bicas, como la respiraci\u00f3n profunda, la relajaci\u00f3n muscular progresiva y la visualizaci\u00f3n guiada. Estas estrategias pueden ayudar a reducir la intensidad de la respuesta emocional frente al est\u00edmulo f\u00f3bico.<\/li>\n\n\n\n<li>Gradual exposici\u00f3n a los temores: La terapia cognitivo-conductual, espec\u00edficamente la exposici\u00f3n gradual, puede ser efectiva para superar las fobias. El objetivo es enfrentar progresivamente y de manera controlada el objeto o situaci\u00f3n temida, permitiendo as\u00ed la desensibilizaci\u00f3n y el control del miedo.<\/li>\n\n\n\n<li>Fomentar un estilo de vida saludable: Mantener una alimentaci\u00f3n equilibrada, practicar ejercicio regularmente y dormir adecuadamente puede contribuir a reducir la ansiedad y fortalecer la salud mental en general.<\/li>\n<\/ul>\n\n\n\n<figure class=\"wp-block-image size-large\"><a href=\"https:\/\/clinicajaimeicatarroja.com\/blog\/wp-content\/uploads\/2023\/08\/silueta-cabeza-papercut-piezas-constructor-juguete-amarillo-1.jpg\"><img decoding=\"async\" width=\"1024\" height=\"683\" src=\"https:\/\/clinicajaimeicatarroja.com\/blog\/wp-content\/uploads\/2023\/08\/silueta-cabeza-papercut-piezas-constructor-juguete-amarillo-1-1024x683.jpg\" alt=\"fobias-valencia\" class=\"wp-image-16082\" title=\"\" srcset=\"https:\/\/clinicajaimeicatarroja.com\/blog\/wp-content\/uploads\/2023\/08\/silueta-cabeza-papercut-piezas-constructor-juguete-amarillo-1-1024x683.jpg 1024w, https:\/\/clinicajaimeicatarroja.com\/blog\/wp-content\/uploads\/2023\/08\/silueta-cabeza-papercut-piezas-constructor-juguete-amarillo-1-300x200.jpg 300w, https:\/\/clinicajaimeicatarroja.com\/blog\/wp-content\/uploads\/2023\/08\/silueta-cabeza-papercut-piezas-constructor-juguete-amarillo-1-768x512.jpg 768w, https:\/\/clinicajaimeicatarroja.com\/blog\/wp-content\/uploads\/2023\/08\/silueta-cabeza-papercut-piezas-constructor-juguete-amarillo-1.jpg 1200w\" sizes=\"(max-width: 1024px) 100vw, 1024px\" \/><\/a><figcaption class=\"wp-element-caption\">tratamiento-fobia<\/figcaption><\/figure>\n\n\n\n<h3 class=\"wp-block-heading\" id=\"importancia-de-buscar-ayuda-profesional\">Importancia de buscar ayuda profesional<\/h3>\n\n\n\n<p>Ante la presencia de fobias, es crucial no subestimar su impacto y <strong><a href=\"https:\/\/www.semfyc.es\/wp-content\/uploads\/2021\/12\/04_Unidad_2020-8.pdf\" target=\"_blank\" rel=\"noreferrer noopener\">buscar ayuda profesional<\/a><\/strong>. Los especialistas en salud mental cuentan con los conocimientos y las t\u00e9cnicas necesarias para ayudar a superar los miedos irracionales y brindar un abordaje integral para mejorar la calidad de vida. No hay que enfrentar las fobias en soledad, sino buscar el apoyo adecuado para encontrar la libertad y el bienestar emocional que todos merecen.<\/p>\n","protected":false},"excerpt":{"rendered":"<p>Las fobias son trastornos de ansiedad marcados por un miedo intenso e irracional hacia algo que no representa un peligro real. Existen diferentes tipos de fobias, como el miedo a las alturas, a los lugares p\u00fablicos y a los espacios cerrados. Las personas con fobias experimentan s\u00edntomas como p\u00e1nico, taquicardia y temblores. Las fobias pueden [&hellip;]<\/p>\n","protected":false},"author":1,"featured_media":16058,"comment_status":"open","ping_status":"open","sticky":false,"template":"","format":"standard","meta":{"footnotes":""},"categories":[309],"tags":[],"class_list":["post-15944","post","type-post","status-publish","format-standard","has-post-thumbnail","hentry","category-psiquiatria"],"_links":{"self":[{"href":"https:\/\/clinicajaimeicatarroja.com\/blog\/wp-json\/wp\/v2\/posts\/15944","targetHints":{"allow":["GET"]}}],"collection":[{"href":"https:\/\/clinicajaimeicatarroja.com\/blog\/wp-json\/wp\/v2\/posts"}],"about":[{"href":"https:\/\/clinicajaimeicatarroja.com\/blog\/wp-json\/wp\/v2\/types\/post"}],"author":[{"embeddable":true,"href":"https:\/\/clinicajaimeicatarroja.com\/blog\/wp-json\/wp\/v2\/users\/1"}],"replies":[{"embeddable":true,"href":"https:\/\/clinicajaimeicatarroja.com\/blog\/wp-json\/wp\/v2\/comments?post=15944"}],"version-history":[{"count":5,"href":"https:\/\/clinicajaimeicatarroja.com\/blog\/wp-json\/wp\/v2\/posts\/15944\/revisions"}],"predecessor-version":[{"id":16086,"href":"https:\/\/clinicajaimeicatarroja.com\/blog\/wp-json\/wp\/v2\/posts\/15944\/revisions\/16086"}],"wp:featuredmedia":[{"embeddable":true,"href":"https:\/\/clinicajaimeicatarroja.com\/blog\/wp-json\/wp\/v2\/media\/16058"}],"wp:attachment":[{"href":"https:\/\/clinicajaimeicatarroja.com\/blog\/wp-json\/wp\/v2\/media?parent=15944"}],"wp:term":[{"taxonomy":"category","embeddable":true,"href":"https:\/\/clinicajaimeicatarroja.com\/blog\/wp-json\/wp\/v2\/categories?post=15944"},{"taxonomy":"post_tag","embeddable":true,"href":"https:\/\/clinicajaimeicatarroja.com\/blog\/wp-json\/wp\/v2\/tags?post=15944"}],"curies":[{"name":"wp","href":"https:\/\/api.w.org\/{rel}","templated":true}]}}