{"id":15775,"date":"2023-08-03T22:21:03","date_gmt":"2023-08-03T20:21:03","guid":{"rendered":"https:\/\/clinicajaimeicatarroja.com\/blog\/?p=15775"},"modified":"2023-08-03T22:22:10","modified_gmt":"2023-08-03T20:22:10","slug":"bulimia","status":"publish","type":"post","link":"https:\/\/clinicajaimeicatarroja.com\/blog\/bulimia","title":{"rendered":"Bulimia: Trastorno alimentario y su tratamiento"},"content":{"rendered":"\n<p>La <strong>bulimia nerviosa<\/strong> es un <strong>trastorno de la alimentaci\u00f3n caracterizado por la ingesta excesiva de alimentos en per\u00edodos cortos<\/strong>. Se experimenta una <strong>distorsi\u00f3n de la imagen corporal y sentimientos constantes de insatisfacci\u00f3n<\/strong>. Los <strong>s\u00edntomas<\/strong> incluyen <strong>atracones, ansiedad, baja autoestima y p\u00e9rdida de cabello<\/strong>. Se puede <strong>diagnosticar<\/strong> a trav\u00e9s de <strong>entrevistas y pruebas psicodiagn\u00f3sticas<\/strong>. El <strong>tratamiento se enfoca en eliminar los atracones y conductas purgativas, establecer pautas de alimentaci\u00f3n normalizada y modificar actitudes disfuncionales hacia el peso y la imagen corporal<\/strong>. Se requiere un equipo de especialistas, incluyendo un <a href=\"https:\/\/clinicajaimeicatarroja.com\/especialidades\/psiquiatria\" target=\"_blank\" rel=\"noreferrer noopener\">psiquiatra<\/a>.<\/p>\n\n\n\n<figure class=\"wp-block-image\"><img decoding=\"async\" src=\"https:\/\/dinorank.com\/img\/dinobrain\/46804\/imagenb804b5025e4d6c0c7e5a37f11c52f1f6.jpg\" alt=\"bulimia-valencia, trastorno-alimentario en valencia, \" title=\"\"><\/figure>\n\n\n\n<div class=\"wp-block-rank-math-toc-block\" id=\"rank-math-toc\"><h2>Indice de Contenidos<\/h2><nav><ul><li class=\"\"><a href=\"#que-es-la-bulimia-nerviosa\">\u00bfQu\u00e9 es la bulimia nerviosa?<\/a><ul><li class=\"\"><a href=\"#distorsion-de-la-imagen-corporal-y-la-insatisfaccion-corporal\">Distorsi\u00f3n de la imagen corporal y la insatisfacci\u00f3n corporal<\/a><\/li><li class=\"\"><a href=\"#caracteristicas-y-sintomas-de-la-bulimia\">Caracter\u00edsticas y s\u00edntomas de la bulimia<\/a><\/li><li class=\"\"><a href=\"#factores-de-riesgo-y-causas\">Factores de riesgo y causas<\/a><\/li><\/ul><\/li><li class=\"\"><a href=\"#tratamiento-y-control-de-la-bulimia\">Tratamiento y control de la bulimia<\/a><ul><li class=\"\"><a href=\"#terapia-cognitivo-conductual-un-enfoque-efectivo\">Terapia cognitivo-conductual: un enfoque efectivo<\/a><\/li><li class=\"\"><a href=\"#terapia-farmacologica-y-psicoterapeutica\">Terapia farmacol\u00f3gica y psicoterap\u00e9utica<\/a><\/li><li class=\"\"><a href=\"#importancia-de-un-equipo-de-especialistas\">Importancia de un equipo de especialistas<\/a><\/li><\/ul><\/li><li class=\"\"><a href=\"#pruebas-y-diagnostico-de-la-bulimia\">Pruebas y diagn\u00f3stico de la bulimia<\/a><ul><li class=\"\"><a href=\"#entrevistas-diagnosticas-y-pruebas-de-psicodiagnostico\">Entrevistas diagn\u00f3sticas y pruebas de psicodiagn\u00f3stico<\/a><\/li><li class=\"\"><a href=\"#identificacion-de-sintomas-fisicos-y-emocionales\">Identificaci\u00f3n de s\u00edntomas f\u00edsicos y emocionales<\/a><\/li><\/ul><\/li><li class=\"\"><a href=\"#prevencion-y-complicaciones-de-la-bulimia\">Prevenci\u00f3n y complicaciones de la bulimia<\/a><ul><li class=\"\"><a href=\"#enfoque-en-la-prevencion-desde-edades-tempranas\">Enfoque en la prevenci\u00f3n desde edades tempranas<\/a><\/li><li class=\"\"><a href=\"#posibles-complicaciones-medicas-y-impacto-en-la-calidad-de-vida\">Posibles complicaciones m\u00e9dicas y impacto en la calidad de vida<\/a><\/li><li class=\"\"><a href=\"#pautas-para-familiares-y-personas-cercanas\">Pautas para familiares y personas cercanas<\/a><\/li><li class=\"\"><a href=\"#aspectos-psicologicos-y-sociales-relacionados-con-la-bulimia\">Aspectos psicol\u00f3gicos y sociales relacionados con la bulimia<\/a><\/li><\/ul><\/li><li class=\"\"><a href=\"#casos-relacionados-y-otros-trastornos-alimentarios\">Casos relacionados y otros trastornos alimentarios<\/a><ul><li class=\"\"><a href=\"#diferencias-entre-bulimia-y-anorexia-nerviosa\">Diferencias entre bulimia y anorexia nerviosa<\/a><\/li><li class=\"\"><a href=\"#otros-trastornos-relacionados-y-su-abordaje\">Otros trastornos relacionados y su abordaje<\/a><\/li><\/ul><\/li><\/ul><\/nav><\/div>\n\n\n\n<h2 class=\"wp-block-heading\" id=\"que-es-la-bulimia-nerviosa\">\u00bfQu\u00e9 es la bulimia nerviosa?<\/h2>\n\n\n\n<p>La <strong>bulimia nerviosa<\/strong> es un<strong> trastorno de la alimentaci\u00f3n que se caracteriza por episodios repetidos de ingesta excesiva de alimentos en un per\u00edodo corto de tiempo.<\/strong> Esta enfermedad afecta tanto la salud f\u00edsica como mental de quienes la padecen y se presenta principalmente en adolescentes y adultos j\u00f3venes.<\/p>\n\n\n\n<figure class=\"wp-block-image size-large\"><a href=\"https:\/\/clinicajaimeicatarroja.com\/blog\/wp-content\/uploads\/2023\/08\/bulimia-1-1.jpg\"><img decoding=\"async\" width=\"1024\" height=\"683\" src=\"https:\/\/clinicajaimeicatarroja.com\/blog\/wp-content\/uploads\/2023\/08\/bulimia-1-1-1024x683.jpg\" alt=\"bulimia-valencia, trastorno-alimentario en valencia\" class=\"wp-image-15835\" title=\"\" srcset=\"https:\/\/clinicajaimeicatarroja.com\/blog\/wp-content\/uploads\/2023\/08\/bulimia-1-1-1024x683.jpg 1024w, https:\/\/clinicajaimeicatarroja.com\/blog\/wp-content\/uploads\/2023\/08\/bulimia-1-1-300x200.jpg 300w, https:\/\/clinicajaimeicatarroja.com\/blog\/wp-content\/uploads\/2023\/08\/bulimia-1-1-768x512.jpg 768w, https:\/\/clinicajaimeicatarroja.com\/blog\/wp-content\/uploads\/2023\/08\/bulimia-1-1.jpg 1200w\" sizes=\"(max-width: 1024px) 100vw, 1024px\" \/><\/a><figcaption class=\"wp-element-caption\">bulimia-valencia<\/figcaption><\/figure>\n\n\n\n<h3 class=\"wp-block-heading\" id=\"distorsion-de-la-imagen-corporal-y-la-insatisfaccion-corporal\">Distorsi\u00f3n de la imagen corporal y la insatisfacci\u00f3n corporal<\/h3>\n\n\n\n<p>Una de las caracter\u00edsticas fundamentales de la bulimia nerviosa es la <strong>distorsi\u00f3n de la imagen corporal<\/strong>, lo que significa que las personas que la padecen tienen una <strong>percepci\u00f3n alterada de su propio cuerpo<\/strong>. A menudo se sienten insatisfechas con su apariencia f\u00edsica, independientemente de su peso o forma real.<\/p>\n\n\n\n<figure class=\"wp-block-image size-large\"><a href=\"https:\/\/clinicajaimeicatarroja.com\/blog\/wp-content\/uploads\/2023\/08\/vigilando-cerca-su-peso-1.jpg\"><img decoding=\"async\" width=\"683\" height=\"1024\" src=\"https:\/\/clinicajaimeicatarroja.com\/blog\/wp-content\/uploads\/2023\/08\/vigilando-cerca-su-peso-1-683x1024.jpg\" alt=\"bulimia-valencia, trastorno-alimentario en valencia\" class=\"wp-image-15823\" title=\"\" srcset=\"https:\/\/clinicajaimeicatarroja.com\/blog\/wp-content\/uploads\/2023\/08\/vigilando-cerca-su-peso-1-683x1024.jpg 683w, https:\/\/clinicajaimeicatarroja.com\/blog\/wp-content\/uploads\/2023\/08\/vigilando-cerca-su-peso-1-200x300.jpg 200w, https:\/\/clinicajaimeicatarroja.com\/blog\/wp-content\/uploads\/2023\/08\/vigilando-cerca-su-peso-1-768x1152.jpg 768w, https:\/\/clinicajaimeicatarroja.com\/blog\/wp-content\/uploads\/2023\/08\/vigilando-cerca-su-peso-1.jpg 800w\" sizes=\"(max-width: 683px) 100vw, 683px\" \/><\/a><figcaption class=\"wp-element-caption\">distorsion-imagen-corporal<\/figcaption><\/figure>\n\n\n\n<h3 class=\"wp-block-heading\" id=\"caracteristicas-y-sintomas-de-la-bulimia\">Caracter\u00edsticas y s\u00edntomas de la bulimia<\/h3>\n\n\n\n<p>Adem\u00e1s de la<strong> atracci\u00f3n desmedida hacia la comida y los atracones<\/strong>, las personas con bulimia nerviosa suelen experimentar una serie de s\u00edntomas emocionales y f\u00edsicos. Algunos de ellos incluyen <strong>ansiedad, depresi\u00f3n, baja autoestima, cefaleas y p\u00e9rdida de cabello<\/strong>. Estos s\u00edntomas pueden variar de una persona a otra, pero es importante reconocerlos para buscar ayuda profesional.<\/p>\n\n\n\n<figure class=\"wp-block-image size-large\"><a href=\"https:\/\/clinicajaimeicatarroja.com\/blog\/wp-content\/uploads\/2023\/08\/nina-con-trastornos-alimentacion-1.jpg\"><img decoding=\"async\" width=\"1024\" height=\"771\" src=\"https:\/\/clinicajaimeicatarroja.com\/blog\/wp-content\/uploads\/2023\/08\/nina-con-trastornos-alimentacion-1-1024x771.jpg\" alt=\"bulimia-valencia, trastorno-alimentario en valencia\" class=\"wp-image-15836\" title=\"\" srcset=\"https:\/\/clinicajaimeicatarroja.com\/blog\/wp-content\/uploads\/2023\/08\/nina-con-trastornos-alimentacion-1-1024x771.jpg 1024w, https:\/\/clinicajaimeicatarroja.com\/blog\/wp-content\/uploads\/2023\/08\/nina-con-trastornos-alimentacion-1-300x226.jpg 300w, https:\/\/clinicajaimeicatarroja.com\/blog\/wp-content\/uploads\/2023\/08\/nina-con-trastornos-alimentacion-1-768x578.jpg 768w, https:\/\/clinicajaimeicatarroja.com\/blog\/wp-content\/uploads\/2023\/08\/nina-con-trastornos-alimentacion-1.jpg 1048w\" sizes=\"(max-width: 1024px) 100vw, 1024px\" \/><\/a><figcaption class=\"wp-element-caption\">atracones<\/figcaption><\/figure>\n\n\n\n<h3 class=\"wp-block-heading\" id=\"factores-de-riesgo-y-causas\">Factores de riesgo y causas<\/h3>\n\n\n\n<p>La <strong><a href=\"https:\/\/es.wikipedia.org\/wiki\/Bulimia\" target=\"_blank\" rel=\"noopener\">bulimia<\/a><\/strong> puede estar asociada a varios <strong>factores de riesgo<\/strong>, como la <strong>inseguridad emocional, baja autoestima y problemas con la imagen corporal.<\/strong> Adem\u00e1s, los estudios sugieren que la <strong>regulaci\u00f3n de la serotonina<\/strong>, una <strong>sustancia qu\u00edmica en el cerebro<\/strong>, tambi\u00e9n puede estar involucrada en el desarrollo de la bulimia. Otros factores como la presi\u00f3n social, la cultura de la delgadez y los problemas familiares tambi\u00e9n pueden contribuir a su aparici\u00f3n.<\/p>\n\n\n\n<figure class=\"wp-block-image size-large\"><a href=\"https:\/\/clinicajaimeicatarroja.com\/blog\/wp-content\/uploads\/2023\/08\/mujer-frente-refrigerador-refrigerador-lleno-comida-1.jpg\"><img decoding=\"async\" width=\"1024\" height=\"683\" src=\"https:\/\/clinicajaimeicatarroja.com\/blog\/wp-content\/uploads\/2023\/08\/mujer-frente-refrigerador-refrigerador-lleno-comida-1-1024x683.jpg\" alt=\"bulimia-valencia, trastorno-alimentario en valencia\" class=\"wp-image-15833\" title=\"\" srcset=\"https:\/\/clinicajaimeicatarroja.com\/blog\/wp-content\/uploads\/2023\/08\/mujer-frente-refrigerador-refrigerador-lleno-comida-1-1024x683.jpg 1024w, https:\/\/clinicajaimeicatarroja.com\/blog\/wp-content\/uploads\/2023\/08\/mujer-frente-refrigerador-refrigerador-lleno-comida-1-300x200.jpg 300w, https:\/\/clinicajaimeicatarroja.com\/blog\/wp-content\/uploads\/2023\/08\/mujer-frente-refrigerador-refrigerador-lleno-comida-1-768x512.jpg 768w, https:\/\/clinicajaimeicatarroja.com\/blog\/wp-content\/uploads\/2023\/08\/mujer-frente-refrigerador-refrigerador-lleno-comida-1.jpg 1200w\" sizes=\"(max-width: 1024px) 100vw, 1024px\" \/><\/a><figcaption class=\"wp-element-caption\">descontrol-alimentario<\/figcaption><\/figure>\n\n\n\n<h2 class=\"wp-block-heading\" id=\"tratamiento-y-control-de-la-bulimia\">Tratamiento y control de la bulimia<\/h2>\n\n\n\n<p>El t<strong>ratamiento de la bulimia<\/strong> es fundamental para ayudar a las personas que la padecen a superar este trastorno de la alimentaci\u00f3n. El abordaje terap\u00e9utico suele combinar diferentes enfoques, incluyendo terapia cognitivo-conductual, terapia farmacol\u00f3gica y psicoterap\u00e9utica, y la participaci\u00f3n de un equipo de especialistas.<\/p>\n\n\n\n<figure class=\"wp-block-image size-large\"><a href=\"https:\/\/clinicajaimeicatarroja.com\/blog\/wp-content\/uploads\/2023\/08\/palabra-bulimia-cuaderno-estetoscopio-concepto-medico-1.jpg\"><img decoding=\"async\" width=\"1024\" height=\"768\" src=\"https:\/\/clinicajaimeicatarroja.com\/blog\/wp-content\/uploads\/2023\/08\/palabra-bulimia-cuaderno-estetoscopio-concepto-medico-1-1024x768.jpg\" alt=\"bulimia-valencia, trastorno-alimentario en valencia\" class=\"wp-image-15834\" title=\"\" srcset=\"https:\/\/clinicajaimeicatarroja.com\/blog\/wp-content\/uploads\/2023\/08\/palabra-bulimia-cuaderno-estetoscopio-concepto-medico-1-1024x768.jpg 1024w, https:\/\/clinicajaimeicatarroja.com\/blog\/wp-content\/uploads\/2023\/08\/palabra-bulimia-cuaderno-estetoscopio-concepto-medico-1-300x225.jpg 300w, https:\/\/clinicajaimeicatarroja.com\/blog\/wp-content\/uploads\/2023\/08\/palabra-bulimia-cuaderno-estetoscopio-concepto-medico-1-768x576.jpg 768w, https:\/\/clinicajaimeicatarroja.com\/blog\/wp-content\/uploads\/2023\/08\/palabra-bulimia-cuaderno-estetoscopio-concepto-medico-1.jpg 1200w\" sizes=\"(max-width: 1024px) 100vw, 1024px\" \/><\/a><figcaption class=\"wp-element-caption\">bulimia<\/figcaption><\/figure>\n\n\n\n<h3 class=\"wp-block-heading\" id=\"terapia-cognitivo-conductual-un-enfoque-efectivo\">Terapia cognitivo-conductual: un enfoque efectivo<\/h3>\n\n\n\n<p>La<strong> terapia cognitivo-conductual (TCC)<\/strong> se considera uno de los enfoques m\u00e1s efectivos para el tratamiento de la bulimia nerviosa. Este tipo de terapia se centra en <strong>identificar y modificar los pensamientos y patrones de comportamiento disfuncionales que contribuyen a los trastornos alimentarios<\/strong>.<\/p>\n\n\n\n<p>En la TCC, se trabaja en estrecha colaboraci\u00f3n con un terapeuta para aprender estrategias y habilidades que ayuden a controlar los atracones y las conductas purgativas. Se exploran las creencias y actitudes negativas con respecto al peso y la imagen corporal, fomentando una relaci\u00f3n m\u00e1s saludable y realista con la alimentaci\u00f3n y el propio cuerpo.<\/p>\n\n\n\n<figure class=\"wp-block-image size-large\"><a href=\"https:\/\/clinicajaimeicatarroja.com\/blog\/wp-content\/uploads\/2023\/08\/terapia-1.jpg\"><img decoding=\"async\" width=\"1024\" height=\"684\" src=\"https:\/\/clinicajaimeicatarroja.com\/blog\/wp-content\/uploads\/2023\/08\/terapia-1-1024x684.jpg\" alt=\"bulimia-valencia, trastorno-alimentario en valencia\" class=\"wp-image-15824\" title=\"\" srcset=\"https:\/\/clinicajaimeicatarroja.com\/blog\/wp-content\/uploads\/2023\/08\/terapia-1-1024x684.jpg 1024w, https:\/\/clinicajaimeicatarroja.com\/blog\/wp-content\/uploads\/2023\/08\/terapia-1-300x200.jpg 300w, https:\/\/clinicajaimeicatarroja.com\/blog\/wp-content\/uploads\/2023\/08\/terapia-1-768x513.jpg 768w, https:\/\/clinicajaimeicatarroja.com\/blog\/wp-content\/uploads\/2023\/08\/terapia-1.jpg 1200w\" sizes=\"(max-width: 1024px) 100vw, 1024px\" \/><\/a><figcaption class=\"wp-element-caption\">terapia cognitivo-conductual (TCC)<\/figcaption><\/figure>\n\n\n\n<h3 class=\"wp-block-heading\" id=\"terapia-farmacologica-y-psicoterapeutica\">Terapia farmacol\u00f3gica y psicoterap\u00e9utica<\/h3>\n\n\n\n<p>Junto con la terapia cognitivo-conductual<strong>,<\/strong> se puede utilizar la<strong> terapia farmacol\u00f3gica <\/strong>como parte del tratamiento de la bulimia. Los antidepresivos inhibidores de recaptaci\u00f3n de serotonina (ISRS) son los m\u00e1s com\u00fanmente prescritos, ya que pueden ayudar a regular los neurotransmisores y estabilizar el estado de \u00e1nimo.<\/p>\n\n\n\n<p>Adem\u00e1s, la psicoterapia individual o grupal puede ser beneficiosa, brindando un espacio seguro para explorar las emociones, mejorar las habilidades de afrontamiento y fortalecer la autoestima. La terapia psicodin\u00e1mica y la terapia de apoyo son enfoques terap\u00e9uticos adicionales que pueden adaptarse a las necesidades individuales de cada persona.<\/p>\n\n\n\n<figure class=\"wp-block-image size-large\"><a href=\"https:\/\/clinicajaimeicatarroja.com\/blog\/wp-content\/uploads\/2023\/08\/tomando-medicinas-1.jpg\"><img decoding=\"async\" width=\"1024\" height=\"684\" src=\"https:\/\/clinicajaimeicatarroja.com\/blog\/wp-content\/uploads\/2023\/08\/tomando-medicinas-1-1024x684.jpg\" alt=\"bulimia-valencia, trastorno-alimentario en valencia\" class=\"wp-image-15825\" title=\"\" srcset=\"https:\/\/clinicajaimeicatarroja.com\/blog\/wp-content\/uploads\/2023\/08\/tomando-medicinas-1-1024x684.jpg 1024w, https:\/\/clinicajaimeicatarroja.com\/blog\/wp-content\/uploads\/2023\/08\/tomando-medicinas-1-300x200.jpg 300w, https:\/\/clinicajaimeicatarroja.com\/blog\/wp-content\/uploads\/2023\/08\/tomando-medicinas-1-768x513.jpg 768w, https:\/\/clinicajaimeicatarroja.com\/blog\/wp-content\/uploads\/2023\/08\/tomando-medicinas-1.jpg 1200w\" sizes=\"(max-width: 1024px) 100vw, 1024px\" \/><\/a><figcaption class=\"wp-element-caption\">farmacos<\/figcaption><\/figure>\n\n\n\n<h3 class=\"wp-block-heading\" id=\"importancia-de-un-equipo-de-especialistas\">Importancia de un equipo de especialistas<\/h3>\n\n\n\n<p>El tratamiento de la bulimia debe ser llevado a cabo por un <strong>equipo multidisciplinario de especialistas<\/strong> que incluya un <strong>psiquiatra, un psic\u00f3logo, un dietista\/nutricionista y, en algunos casos, un m\u00e9dico de atenci\u00f3n primaria.<\/strong> Cada profesional aporta su experiencia y conocimientos para abordar los aspectos m\u00e9dicos, emocionales y nutricionales de la bulimia de manera integral.<\/p>\n\n\n\n<p>Trabajar en equipo garantiza una atenci\u00f3n individualizada y un seguimiento adecuado del progreso de la persona. El enfoque colaborativo permite combinar distintas terapias y ajustar el tratamiento seg\u00fan las necesidades cambiantes a lo largo del proceso de recuperaci\u00f3n.<\/p>\n\n\n\n<figure class=\"wp-block-image size-large\"><a href=\"https:\/\/clinicajaimeicatarroja.com\/blog\/wp-content\/uploads\/2023\/08\/medico-1.jpg\"><img decoding=\"async\" width=\"1024\" height=\"683\" src=\"https:\/\/clinicajaimeicatarroja.com\/blog\/wp-content\/uploads\/2023\/08\/medico-1-1024x683.jpg\" alt=\"bulimia-valencia, trastorno-alimentario en valencia\" class=\"wp-image-15826\" title=\"\" srcset=\"https:\/\/clinicajaimeicatarroja.com\/blog\/wp-content\/uploads\/2023\/08\/medico-1-1024x683.jpg 1024w, https:\/\/clinicajaimeicatarroja.com\/blog\/wp-content\/uploads\/2023\/08\/medico-1-300x200.jpg 300w, https:\/\/clinicajaimeicatarroja.com\/blog\/wp-content\/uploads\/2023\/08\/medico-1-768x512.jpg 768w, https:\/\/clinicajaimeicatarroja.com\/blog\/wp-content\/uploads\/2023\/08\/medico-1.jpg 1200w\" sizes=\"(max-width: 1024px) 100vw, 1024px\" \/><\/a><figcaption class=\"wp-element-caption\">psiquiatra<\/figcaption><\/figure>\n\n\n\n<h2 class=\"wp-block-heading\" id=\"pruebas-y-diagnostico-de-la-bulimia\">Pruebas y diagn\u00f3stico de la bulimia<\/h2>\n\n\n\n<p>El <strong>diagn\u00f3stico de la bulimia nerviosa<\/strong> se lleva a cabo a trav\u00e9s de <strong>entrevistas diagn\u00f3sticas y pruebas de psicodiagn\u00f3stico<\/strong>. Estas herramientas permiten evaluar las conductas, pensamientos y emociones de la persona, as\u00ed como identificar los s\u00edntomas caracter\u00edsticos del trastorno.<\/p>\n\n\n\n<h3 class=\"wp-block-heading\" id=\"entrevistas-diagnosticas-y-pruebas-de-psicodiagnostico\">Entrevistas diagn\u00f3sticas y pruebas de psicodiagn\u00f3stico<\/h3>\n\n\n\n<p>Las <strong>entrevistas diagn\u00f3sticas <\/strong>son una herramienta fundamental en el proceso de evaluaci\u00f3n de la bulimia. Durante estas entrevistas, el profesional de la salud recopila informaci\u00f3n sobre los h\u00e1bitos alimentarios, el peso, la imagen corporal y los s\u00edntomas f\u00edsicos y emocionales que experimenta la persona.<\/p>\n\n\n\n<p>Adem\u00e1s, se llevan a cabo pruebas de psicodiagn\u00f3stico, que pueden incluir cuestionarios y escalas de evaluaci\u00f3n. Estas pruebas proporcionan una visi\u00f3n m\u00e1s objetiva de los s\u00edntomas y permiten obtener informaci\u00f3n complementaria sobre la presencia de otros trastornos alimentarios o condiciones de salud mental asociadas.<\/p>\n\n\n\n<p>La combinaci\u00f3n de las entrevistas diagn\u00f3sticas y las pruebas de psicodiagn\u00f3stico permite al profesional obtener una imagen clara de la situaci\u00f3n, realizar un diagn\u00f3stico preciso y establecer un plan de tratamiento adecuado a las necesidades individuales de cada persona.<\/p>\n\n\n\n<figure class=\"wp-block-image size-large\"><a href=\"https:\/\/clinicajaimeicatarroja.com\/blog\/wp-content\/uploads\/2023\/08\/psiquiatra-1.jpg\"><img decoding=\"async\" width=\"1024\" height=\"684\" src=\"https:\/\/clinicajaimeicatarroja.com\/blog\/wp-content\/uploads\/2023\/08\/psiquiatra-1-1024x684.jpg\" alt=\"bulimia-valencia, trastorno-alimentario en valencia\" class=\"wp-image-15827\" title=\"\" srcset=\"https:\/\/clinicajaimeicatarroja.com\/blog\/wp-content\/uploads\/2023\/08\/psiquiatra-1-1024x684.jpg 1024w, https:\/\/clinicajaimeicatarroja.com\/blog\/wp-content\/uploads\/2023\/08\/psiquiatra-1-300x200.jpg 300w, https:\/\/clinicajaimeicatarroja.com\/blog\/wp-content\/uploads\/2023\/08\/psiquiatra-1-768x513.jpg 768w, https:\/\/clinicajaimeicatarroja.com\/blog\/wp-content\/uploads\/2023\/08\/psiquiatra-1.jpg 1200w\" sizes=\"(max-width: 1024px) 100vw, 1024px\" \/><\/a><figcaption class=\"wp-element-caption\">terapia<\/figcaption><\/figure>\n\n\n\n<h3 class=\"wp-block-heading\" id=\"identificacion-de-sintomas-fisicos-y-emocionales\">Identificaci\u00f3n de s\u00edntomas f\u00edsicos y emocionales<\/h3>\n\n\n\n<p>En el diagn\u00f3stico de la bulimia, es fundamental <strong>identificar los s\u00edntomas f\u00edsicos y emocionales<\/strong> que caracterizan esta enfermedad. Entre los s\u00edntomas f\u00edsicos m\u00e1s comunes se encuentran las cefaleas, la p\u00e9rdida de cabello, los problemas gastrointestinales y los desequilibrios electrol\u00edticos.<\/p>\n\n\n\n<p>Por otro lado, los s\u00edntomas emocionales suelen incluir la ansiedad, la depresi\u00f3n, la baja autoestima y la inseguridad emocional. Estos s\u00edntomas pueden desencadenar y sostener los episodios de ingesta excesiva de alimentos y las conductas purgativas asociadas a la bulimia.<\/p>\n\n\n\n<p>La identificaci\u00f3n y el an\u00e1lisis de estos s\u00edntomas f\u00edsicos y emocionales son fundamentales para el diagn\u00f3stico adecuado de la bulimia, as\u00ed como para el dise\u00f1o de un plan de tratamiento integral que aborde tanto los aspectos f\u00edsicos como los emocionales del trastorno.<\/p>\n\n\n\n<figure class=\"wp-block-image size-large\"><a href=\"https:\/\/clinicajaimeicatarroja.com\/blog\/wp-content\/uploads\/2023\/08\/triste-nina-adolescente-escala-piso-madera-1.jpg\"><img decoding=\"async\" width=\"1024\" height=\"683\" src=\"https:\/\/clinicajaimeicatarroja.com\/blog\/wp-content\/uploads\/2023\/08\/triste-nina-adolescente-escala-piso-madera-1-1024x683.jpg\" alt=\"bulimia-valencia, trastorno-alimentario en valencia\" class=\"wp-image-15828\" title=\"\" srcset=\"https:\/\/clinicajaimeicatarroja.com\/blog\/wp-content\/uploads\/2023\/08\/triste-nina-adolescente-escala-piso-madera-1-1024x683.jpg 1024w, https:\/\/clinicajaimeicatarroja.com\/blog\/wp-content\/uploads\/2023\/08\/triste-nina-adolescente-escala-piso-madera-1-300x200.jpg 300w, https:\/\/clinicajaimeicatarroja.com\/blog\/wp-content\/uploads\/2023\/08\/triste-nina-adolescente-escala-piso-madera-1-768x512.jpg 768w, https:\/\/clinicajaimeicatarroja.com\/blog\/wp-content\/uploads\/2023\/08\/triste-nina-adolescente-escala-piso-madera-1.jpg 1200w\" sizes=\"(max-width: 1024px) 100vw, 1024px\" \/><\/a><figcaption class=\"wp-element-caption\">baja-autoestima<\/figcaption><\/figure>\n\n\n\n<h2 class=\"wp-block-heading\" id=\"prevencion-y-complicaciones-de-la-bulimia\">Prevenci\u00f3n y complicaciones de la bulimia<\/h2>\n\n\n\n<h3 class=\"wp-block-heading\" id=\"enfoque-en-la-prevencion-desde-edades-tempranas\">Enfoque en la prevenci\u00f3n desde edades tempranas<\/h3>\n\n\n\n<p>La <strong>prevenci\u00f3n de la bulimia<\/strong> es fundamental, especialmente cuando se aborda desde edades tempranas. Es importante promover una relaci\u00f3n saludable con la alimentaci\u00f3n y fomentar la confianza en el propio cuerpo desde la infancia. Algunas estrategias para prevenir la bulimia incluyen:<\/p>\n\n\n\n<ul class=\"wp-block-list\">\n<li>Educaci\u00f3n sobre nutrici\u00f3n y alimentaci\u00f3n equilibrada.<\/li>\n\n\n\n<li>Promoci\u00f3n de una imagen corporal positiva que valore la diversidad de cuerpos.<\/li>\n\n\n\n<li>Prevenci\u00f3n del acoso y la intimidaci\u00f3n relacionados con la apariencia f\u00edsica.<\/li>\n\n\n\n<li>Desarrollo de habilidades emocionales y de afrontamiento saludables.<\/li>\n<\/ul>\n\n\n\n<p>Al abordar estos aspectos desde temprana edad, se puede contribuir a la prevenci\u00f3n de trastornos alimentarios como la bulimia y promover una buena salud mental y f\u00edsica a lo largo de la vida.<\/p>\n\n\n\n<figure class=\"wp-block-image size-large\"><a href=\"https:\/\/clinicajaimeicatarroja.com\/blog\/wp-content\/uploads\/2023\/08\/nutricionista-1.jpg\"><img decoding=\"async\" width=\"1024\" height=\"683\" src=\"https:\/\/clinicajaimeicatarroja.com\/blog\/wp-content\/uploads\/2023\/08\/nutricionista-1-1024x683.jpg\" alt=\"bulimia-valencia, trastorno-alimentario en valencia\" class=\"wp-image-15829\" title=\"\" srcset=\"https:\/\/clinicajaimeicatarroja.com\/blog\/wp-content\/uploads\/2023\/08\/nutricionista-1-1024x683.jpg 1024w, https:\/\/clinicajaimeicatarroja.com\/blog\/wp-content\/uploads\/2023\/08\/nutricionista-1-300x200.jpg 300w, https:\/\/clinicajaimeicatarroja.com\/blog\/wp-content\/uploads\/2023\/08\/nutricionista-1-768x512.jpg 768w, https:\/\/clinicajaimeicatarroja.com\/blog\/wp-content\/uploads\/2023\/08\/nutricionista-1.jpg 1200w\" sizes=\"(max-width: 1024px) 100vw, 1024px\" \/><\/a><figcaption class=\"wp-element-caption\">educacion-nutrici\u00f3n<\/figcaption><\/figure>\n\n\n\n<h3 class=\"wp-block-heading\" id=\"posibles-complicaciones-medicas-y-impacto-en-la-calidad-de-vida\">Posibles complicaciones m\u00e9dicas y impacto en la calidad de vida<\/h3>\n\n\n\n<p>La bulimia <strong>puede tener graves complicaciones m\u00e9dicas y afectar significativamente la calidad de vida de quienes la padecen<\/strong>. Algunas de las posibles complicaciones y efectos que puede provocar son:<\/p>\n\n\n\n<ul class=\"wp-block-list\">\n<li>Desnutrici\u00f3n y desequilibrios en los niveles de electrolitos.<\/li>\n\n\n\n<li>Problemas gastrointestinales, como da\u00f1o en el es\u00f3fago o desgaste en los dientes debido a los v\u00f3mitos frecuentes.<\/li>\n\n\n\n<li>Alteraciones en el ritmo card\u00edaco y la presi\u00f3n arterial.<\/li>\n\n\n\n<li>Problemas \u00f3seos, como osteoporosis o fracturas frecuentes.<\/li>\n\n\n\n<li>Alteraciones hormonales que pueden afectar la fertilidad.<\/li>\n\n\n\n<li>Complicaciones psicol\u00f3gicas, como depresi\u00f3n, ansiedad y trastornos de la conducta alimentaria com\u00f3rbidos.<\/li>\n\n\n\n<li>Deterioro de las relaciones personales y dificultades en el \u00e1mbito laboral o acad\u00e9mico.<\/li>\n<\/ul>\n\n\n\n<p>Es fundamental buscar ayuda profesional para tratar la bulimia y prevenir el desarrollo de estas complicaciones, ya que un abordaje temprano puede favorecer la recuperaci\u00f3n y mejorar la calidad de vida de las personas afectadas.<\/p>\n\n\n\n<figure class=\"wp-block-image size-large\"><a href=\"https:\/\/clinicajaimeicatarroja.com\/blog\/wp-content\/uploads\/2023\/08\/mujer-gordita-1.jpg\"><img decoding=\"async\" width=\"1024\" height=\"576\" src=\"https:\/\/clinicajaimeicatarroja.com\/blog\/wp-content\/uploads\/2023\/08\/mujer-gordita-1-1024x576.jpg\" alt=\"bulimia-valencia, trastorno-alimentario en valencia\" class=\"wp-image-15830\" title=\"\" srcset=\"https:\/\/clinicajaimeicatarroja.com\/blog\/wp-content\/uploads\/2023\/08\/mujer-gordita-1-1024x576.jpg 1024w, https:\/\/clinicajaimeicatarroja.com\/blog\/wp-content\/uploads\/2023\/08\/mujer-gordita-1-300x169.jpg 300w, https:\/\/clinicajaimeicatarroja.com\/blog\/wp-content\/uploads\/2023\/08\/mujer-gordita-1-768x432.jpg 768w, https:\/\/clinicajaimeicatarroja.com\/blog\/wp-content\/uploads\/2023\/08\/mujer-gordita-1.jpg 1200w\" sizes=\"(max-width: 1024px) 100vw, 1024px\" \/><\/a><figcaption class=\"wp-element-caption\">obesidad<\/figcaption><\/figure>\n\n\n\n<h3 class=\"wp-block-heading\" id=\"pautas-para-familiares-y-personas-cercanas\">Pautas para familiares y personas cercanas<\/h3>\n\n\n\n<p>La bulimia afecta no solo a quienes la padecen, sino tambi\u00e9n a sus seres queridos. Aqu\u00ed te presentamos algunas pautas que pueden ayudar a las personas cercanas a brindar apoyo efectivo:<\/p>\n\n\n\n<ul class=\"wp-block-list\">\n<li>Educarse: Aprender sobre la bulimia y comprender sus causas y s\u00edntomas puede promover el entendimiento y la empat\u00eda hacia quienes la experimentan.<\/li>\n\n\n\n<li>Mantener una comunicaci\u00f3n abierta: Fomentar un entorno de confianza y apertura para que la persona afectada pueda compartir sus sentimientos y preocupaciones sin temor al juicio.<\/li>\n\n\n\n<li>Buscar ayuda profesional: Alentar y apoyar a la persona afectada para que busque tratamiento y acuda a profesionales especializados en trastornos alimentarios.<\/li>\n<\/ul>\n\n\n\n<h3 class=\"wp-block-heading\" id=\"aspectos-psicologicos-y-sociales-relacionados-con-la-bulimia\">Aspectos psicol\u00f3gicos y sociales relacionados con la bulimia<\/h3>\n\n\n\n<p>La bulimia puede estar influenciada por diversos factores psicol\u00f3gicos y sociales que vale la pena explorar:<\/p>\n\n\n\n<ul class=\"wp-block-list\">\n<li>Inseguridad emocional: La baja autoestima, la ansiedad y la depresi\u00f3n son emociones comunes asociadas con la bulimia.<\/li>\n\n\n\n<li>Presi\u00f3n social y cultural: Los ideales de belleza y las presiones sociales relacionadas con la imagen corporal pueden contribuir al desarrollo de la bulimia.<\/li>\n\n\n\n<li>Impacto en las relaciones: Los trastornos alimentarios pueden generar tensiones en las relaciones familiares, de pareja y amistades cercanas.<\/li>\n<\/ul>\n\n\n\n<p>Mantenerse informado y comprender estos aspectos puede ayudar a generar conciencia y apoyo adecuado para quienes viven con bulimia.<\/p>\n\n\n\n<figure class=\"wp-block-image size-large\"><a href=\"https:\/\/clinicajaimeicatarroja.com\/blog\/wp-content\/uploads\/2023\/08\/enfermedad-bulimia-1.jpg\"><img decoding=\"async\" width=\"1024\" height=\"684\" src=\"https:\/\/clinicajaimeicatarroja.com\/blog\/wp-content\/uploads\/2023\/08\/enfermedad-bulimia-1-1024x684.jpg\" alt=\"bulimia-valencia, trastorno-alimentario en valencia\" class=\"wp-image-15831\" title=\"\" srcset=\"https:\/\/clinicajaimeicatarroja.com\/blog\/wp-content\/uploads\/2023\/08\/enfermedad-bulimia-1-1024x684.jpg 1024w, https:\/\/clinicajaimeicatarroja.com\/blog\/wp-content\/uploads\/2023\/08\/enfermedad-bulimia-1-300x200.jpg 300w, https:\/\/clinicajaimeicatarroja.com\/blog\/wp-content\/uploads\/2023\/08\/enfermedad-bulimia-1-768x513.jpg 768w, https:\/\/clinicajaimeicatarroja.com\/blog\/wp-content\/uploads\/2023\/08\/enfermedad-bulimia-1.jpg 1200w\" sizes=\"(max-width: 1024px) 100vw, 1024px\" \/><\/a><figcaption class=\"wp-element-caption\">atracones<\/figcaption><\/figure>\n\n\n\n<h2 class=\"wp-block-heading\" id=\"casos-relacionados-y-otros-trastornos-alimentarios\">Casos relacionados y otros trastornos alimentarios<\/h2>\n\n\n\n<p>Los trastornos alimentarios, como la bulimia nerviosa, a menudo se asocian con otros trastornos relacionados, como la anorexia nerviosa. Aunque comparten algunas similitudes, es importante comprender las diferencias entre ellos para un abordaje adecuado.<\/p>\n\n\n\n<h3 class=\"wp-block-heading\" id=\"diferencias-entre-bulimia-y-anorexia-nerviosa\">Diferencias entre bulimia y anorexia nerviosa<\/h3>\n\n\n\n<p>La <strong><a href=\"https:\/\/clinicajaimeicatarroja.com\/blog\/anorexia\">anorexia nerviosa<\/a><\/strong> se caracteriza por la restricci\u00f3n extrema de la ingesta de alimentos y una preocupaci\u00f3n obsesiva por el peso y la imagen corporal. A diferencia de la bulimia, las personas con anorexia tienden a tener un peso significativamente bajo y pueden manifestar comportamientos restrictivos como evitar ciertos alimentos o hacer ejercicio en exceso.<\/p>\n\n\n\n<p>La bulimia, por otro lado, se caracteriza por episodios de atracones seguidos de conductas purgativas, como v\u00f3mitos autoinducidos o abuso de laxantes. Aunque las personas con bulimia pueden tener fluctuaciones de peso, generalmente se mantienen dentro de un rango saludable.<\/p>\n\n\n\n<p>Ambos trastornos tienen efectos negativos en la salud f\u00edsica y emocional de las personas que los padecen, y es fundamental buscar ayuda profesional para su tratamiento adecuado.<\/p>\n\n\n\n<figure class=\"wp-block-image size-large\"><a href=\"https:\/\/clinicajaimeicatarroja.com\/blog\/wp-content\/uploads\/2023\/08\/persona-trastorno-alimentario-tratando-comer-sano-1.jpg\"><img decoding=\"async\" width=\"683\" height=\"1024\" src=\"https:\/\/clinicajaimeicatarroja.com\/blog\/wp-content\/uploads\/2023\/08\/persona-trastorno-alimentario-tratando-comer-sano-1-683x1024.jpg\" alt=\"bulimia-valencia, trastorno-alimentario en valencia\" class=\"wp-image-15832\" title=\"\" srcset=\"https:\/\/clinicajaimeicatarroja.com\/blog\/wp-content\/uploads\/2023\/08\/persona-trastorno-alimentario-tratando-comer-sano-1-683x1024.jpg 683w, https:\/\/clinicajaimeicatarroja.com\/blog\/wp-content\/uploads\/2023\/08\/persona-trastorno-alimentario-tratando-comer-sano-1-200x300.jpg 200w, https:\/\/clinicajaimeicatarroja.com\/blog\/wp-content\/uploads\/2023\/08\/persona-trastorno-alimentario-tratando-comer-sano-1-768x1151.jpg 768w, https:\/\/clinicajaimeicatarroja.com\/blog\/wp-content\/uploads\/2023\/08\/persona-trastorno-alimentario-tratando-comer-sano-1.jpg 800w\" sizes=\"(max-width: 683px) 100vw, 683px\" \/><\/a><figcaption class=\"wp-element-caption\">ansiedad<\/figcaption><\/figure>\n\n\n\n<h3 class=\"wp-block-heading\" id=\"otros-trastornos-relacionados-y-su-abordaje\">Otros trastornos relacionados y su abordaje<\/h3>\n\n\n\n<p>Adem\u00e1s de la anorexia nerviosa, existen otros trastornos alimentarios que pueden ser igualmente graves y afectar la vida de quienes los padecen. Algunos de ellos incluyen:<\/p>\n\n\n\n<ul class=\"wp-block-list\">\n<li><strong>Pica:<\/strong>&nbsp;trastorno caracterizado por el consumo persistente y no nutritivo de sustancias no alimentarias, como tierra, tiza o papel.<\/li>\n\n\n\n<li><strong>Rumia:<\/strong>&nbsp;trastorno en el cual las personas regurgitan repetidamente los alimentos ya ingeridos y los vuelven a masticar, sin la presencia de n\u00e1useas o v\u00f3mito.<\/li>\n\n\n\n<li><strong>Trastornos de alimentaci\u00f3n no especificados:<\/strong>&nbsp;pueden presentarse comportamientos alimentarios at\u00edpicos que no cumplen espec\u00edficamente con los criterios diagn\u00f3sticos de los trastornos alimentarios establecidos.<\/li>\n<\/ul>\n\n\n\n<p>El abordaje de estos trastornos alimentarios puede variar seg\u00fan la condici\u00f3n espec\u00edfica y las necesidades individuales. Es esencial contar con un equipo de especialistas que incluya m\u00e9dicos, nutricionistas y psic\u00f3logos para un tratamiento integral y personalizado.<\/p>\n","protected":false},"excerpt":{"rendered":"<p>La bulimia nerviosa es un trastorno de la alimentaci\u00f3n caracterizado por la ingesta excesiva de alimentos en per\u00edodos cortos. Se experimenta una distorsi\u00f3n de la imagen corporal y sentimientos constantes de insatisfacci\u00f3n. Los s\u00edntomas incluyen atracones, ansiedad, baja autoestima y p\u00e9rdida de cabello. Se puede diagnosticar a trav\u00e9s de entrevistas y pruebas psicodiagn\u00f3sticas. El tratamiento [&hellip;]<\/p>\n","protected":false},"author":1,"featured_media":15822,"comment_status":"open","ping_status":"open","sticky":false,"template":"","format":"standard","meta":{"footnotes":""},"categories":[309],"tags":[],"class_list":["post-15775","post","type-post","status-publish","format-standard","has-post-thumbnail","hentry","category-psiquiatria"],"_links":{"self":[{"href":"https:\/\/clinicajaimeicatarroja.com\/blog\/wp-json\/wp\/v2\/posts\/15775","targetHints":{"allow":["GET"]}}],"collection":[{"href":"https:\/\/clinicajaimeicatarroja.com\/blog\/wp-json\/wp\/v2\/posts"}],"about":[{"href":"https:\/\/clinicajaimeicatarroja.com\/blog\/wp-json\/wp\/v2\/types\/post"}],"author":[{"embeddable":true,"href":"https:\/\/clinicajaimeicatarroja.com\/blog\/wp-json\/wp\/v2\/users\/1"}],"replies":[{"embeddable":true,"href":"https:\/\/clinicajaimeicatarroja.com\/blog\/wp-json\/wp\/v2\/comments?post=15775"}],"version-history":[{"count":4,"href":"https:\/\/clinicajaimeicatarroja.com\/blog\/wp-json\/wp\/v2\/posts\/15775\/revisions"}],"predecessor-version":[{"id":15838,"href":"https:\/\/clinicajaimeicatarroja.com\/blog\/wp-json\/wp\/v2\/posts\/15775\/revisions\/15838"}],"wp:featuredmedia":[{"embeddable":true,"href":"https:\/\/clinicajaimeicatarroja.com\/blog\/wp-json\/wp\/v2\/media\/15822"}],"wp:attachment":[{"href":"https:\/\/clinicajaimeicatarroja.com\/blog\/wp-json\/wp\/v2\/media?parent=15775"}],"wp:term":[{"taxonomy":"category","embeddable":true,"href":"https:\/\/clinicajaimeicatarroja.com\/blog\/wp-json\/wp\/v2\/categories?post=15775"},{"taxonomy":"post_tag","embeddable":true,"href":"https:\/\/clinicajaimeicatarroja.com\/blog\/wp-json\/wp\/v2\/tags?post=15775"}],"curies":[{"name":"wp","href":"https:\/\/api.w.org\/{rel}","templated":true}]}}