{"id":15739,"date":"2023-08-02T06:53:41","date_gmt":"2023-08-02T04:53:41","guid":{"rendered":"https:\/\/clinicajaimeicatarroja.com\/blog\/?p=15739"},"modified":"2023-08-02T06:53:43","modified_gmt":"2023-08-02T04:53:43","slug":"anorexia","status":"publish","type":"post","link":"https:\/\/clinicajaimeicatarroja.com\/blog\/anorexia","title":{"rendered":"ANOREXIA: Un trastorno alimentario que requiere atenci\u00f3n y tratamiento"},"content":{"rendered":"\n<p>La <strong>anorexia nerviosa <\/strong>es un <strong>trastorno de la alimentaci\u00f3n caracterizado por la p\u00e9rdida excesiva de peso y el temor obsesivo a aumentar<\/strong>. Puede afectar a hombres y mujeres, aunque es m\u00e1s com\u00fan en mujeres. Los s\u00edntomas incluyen <strong>miedo intenso a aumentar de peso<\/strong>, <strong>restricciones extremas en la alimentaci\u00f3n, comportamientos purgativos y una imagen corporal distorsionada<\/strong>. Se diagnostica a trav\u00e9s de <strong>evaluaci\u00f3n cl\u00ednica, pruebas m\u00e9dicas y descarte de otras enfermedades.<\/strong> El <strong>tratamiento<\/strong> puede incluir <strong>terapia cognitivo-conductual, terapia familiar, terapia nutricional y medicaci\u00f3n<\/strong>. La anorexia puede tener graves consecuencias f\u00edsicas y mentales a largo plazo.<\/p>\n\n\n\n<figure class=\"wp-block-image size-large\"><a href=\"https:\/\/clinicajaimeicatarroja.com\/blog\/wp-content\/uploads\/2023\/08\/mujer-trastorno-alimentario-1.jpg\"><img decoding=\"async\" width=\"1024\" height=\"683\" src=\"https:\/\/clinicajaimeicatarroja.com\/blog\/wp-content\/uploads\/2023\/08\/mujer-trastorno-alimentario-1-1024x683.jpg\" alt=\"anorexia, trastorno-alimentario\" class=\"wp-image-15743\" title=\"\" srcset=\"https:\/\/clinicajaimeicatarroja.com\/blog\/wp-content\/uploads\/2023\/08\/mujer-trastorno-alimentario-1-1024x683.jpg 1024w, https:\/\/clinicajaimeicatarroja.com\/blog\/wp-content\/uploads\/2023\/08\/mujer-trastorno-alimentario-1-300x200.jpg 300w, https:\/\/clinicajaimeicatarroja.com\/blog\/wp-content\/uploads\/2023\/08\/mujer-trastorno-alimentario-1-768x512.jpg 768w, https:\/\/clinicajaimeicatarroja.com\/blog\/wp-content\/uploads\/2023\/08\/mujer-trastorno-alimentario-1.jpg 1200w\" sizes=\"(max-width: 1024px) 100vw, 1024px\" \/><\/a><figcaption class=\"wp-element-caption\">anorexia-valencia<\/figcaption><\/figure>\n\n\n\n<div class=\"wp-block-rank-math-toc-block\" id=\"rank-math-toc\"><h2>Indice de Contenidos<\/h2><nav><ul><li class=\"\"><a href=\"#causas-de-la-anorexia\">Causas de la anorexia<\/a><ul><li class=\"\"><a href=\"#factores-geneticos-y-hormonales\">Factores gen\u00e9ticos y hormonales<\/a><\/li><li class=\"\"><a href=\"#factores-sociales-y-culturales\">Factores sociales y culturales<\/a><\/li><li class=\"\"><a href=\"#factores-psicologicos-y-emocionales\">Factores psicol\u00f3gicos y emocionales<\/a><\/li><\/ul><\/li><li class=\"\"><a href=\"#sintomas-de-la-anorexia\">S\u00edntomas de la anorexia<\/a><ul><li class=\"\"><a href=\"#miedo-intenso-a-aumentar-de-peso\">Miedo intenso a aumentar de peso<\/a><\/li><li class=\"\"><a href=\"#restricciones-extremas-en-la-alimentacion\">Restricciones extremas en la alimentaci\u00f3n<\/a><\/li><li class=\"\"><a href=\"#comportamientos-purgativos\">Comportamientos purgativos<\/a><\/li><li class=\"\"><a href=\"#imagen-corporal-distorsionada\">Imagen corporal distorsionada<\/a><\/li><\/ul><\/li><li class=\"\"><a href=\"#diagnostico-de-la-anorexia\">Diagn\u00f3stico de la anorexia<\/a><ul><li class=\"\"><a href=\"#evaluacion-clinica-y-psicologica\">Evaluaci\u00f3n cl\u00ednica y psicol\u00f3gica<\/a><\/li><li class=\"\"><a href=\"#pruebas-medicas-y-de-laboratorio\">Pruebas m\u00e9dicas y de laboratorio<\/a><\/li><li class=\"\"><a href=\"#descarte-de-otras-enfermedades\">Descarte de otras enfermedades<\/a><\/li><\/ul><\/li><li class=\"\"><a href=\"#tratamiento-de-la-anorexia\">Tratamiento de la anorexia<\/a><ul><li class=\"\"><a href=\"#terapia-cognitivo-conductual\">Terapia cognitivo-conductual<\/a><\/li><li class=\"\"><a href=\"#terapia-familiar\">Terapia familiar<\/a><\/li><li class=\"\"><a href=\"#terapia-nutricional\">Terapia nutricional<\/a><\/li><li class=\"\"><a href=\"#medicacion\">Medicaci\u00f3n<\/a><\/li><\/ul><\/li><li class=\"\"><a href=\"#consecuencias-para-la-salud-de-la-anorexia\">Consecuencias para la salud de la anorexia<\/a><ul><li class=\"\"><a href=\"#problemas-fisicos-y-nutricionales\">Problemas f\u00edsicos y nutricionales<\/a><\/li><li class=\"\"><a href=\"#problemas-de-salud-mental\">Problemas de salud mental<\/a><\/li><li class=\"\"><a href=\"#relacion-con-otros-trastornos-y-enfermedades\">Relaci\u00f3n con otros trastornos y enfermedades<\/a><\/li><\/ul><\/li><li class=\"\"><a href=\"#importancia-del-apoyo-y-profesionales-especializados\">Importancia del apoyo y profesionales especializados<\/a><ul><li class=\"\"><a href=\"#apoyo-continuo-para-evitar-recaidas\">Apoyo continuo para evitar reca\u00eddas<\/a><\/li><li class=\"\"><a href=\"#rol-de-los-profesionales-en-trastornos-de-la-conducta-alimentaria\">Rol de los profesionales en trastornos de la conducta alimentaria<\/a><\/li><li class=\"\"><a href=\"#grupos-de-apoyo-y-recursos-disponibles\">Grupos de apoyo y recursos disponibles<\/a><\/li><\/ul><\/li><li class=\"\"><a href=\"#prevencion-de-la-anorexia\">Prevenci\u00f3n de la anorexia<\/a><ul><li class=\"\"><a href=\"#educacion-sobre-habitos-alimentarios-saludables\">Educaci\u00f3n sobre h\u00e1bitos alimentarios saludables<\/a><\/li><li class=\"\"><a href=\"#promocion-de-una-imagen-corporal-positiva\">Promoci\u00f3n de una imagen corporal positiva<\/a><\/li><li class=\"\"><a href=\"#deteccion-temprana-y-tratamiento-precoz\">Detecci\u00f3n temprana y tratamiento precoz<\/a><\/li><\/ul><\/li><\/ul><\/nav><\/div>\n\n\n\n<figure class=\"wp-block-image size-large\"><a href=\"https:\/\/clinicajaimeicatarroja.com\/blog\/wp-content\/uploads\/2023\/08\/anorexia-1.jpg\"><img decoding=\"async\" width=\"1024\" height=\"684\" src=\"https:\/\/clinicajaimeicatarroja.com\/blog\/wp-content\/uploads\/2023\/08\/anorexia-1-1024x684.jpg\" alt=\"anorexia, trastorno-alimentario\" class=\"wp-image-15744\" title=\"\" srcset=\"https:\/\/clinicajaimeicatarroja.com\/blog\/wp-content\/uploads\/2023\/08\/anorexia-1-1024x684.jpg 1024w, https:\/\/clinicajaimeicatarroja.com\/blog\/wp-content\/uploads\/2023\/08\/anorexia-1-300x200.jpg 300w, https:\/\/clinicajaimeicatarroja.com\/blog\/wp-content\/uploads\/2023\/08\/anorexia-1-768x513.jpg 768w, https:\/\/clinicajaimeicatarroja.com\/blog\/wp-content\/uploads\/2023\/08\/anorexia-1.jpg 1200w\" sizes=\"(max-width: 1024px) 100vw, 1024px\" \/><\/a><figcaption class=\"wp-element-caption\">trastorno-alimentario<\/figcaption><\/figure>\n\n\n\n<h2 class=\"wp-block-heading\" id=\"causas-de-la-anorexia\">Causas de la anorexia<\/h2>\n\n\n\n<h3 class=\"wp-block-heading\" id=\"factores-geneticos-y-hormonales\">Factores gen\u00e9ticos y hormonales<\/h3>\n\n\n\n<p>Los estudios han sugerido que existen ciertos <strong>factores gen\u00e9ticos y hormonales<\/strong> que pueden predisponer a una persona a desarrollar anorexia. Aunque no se conocen con precisi\u00f3n los genes espec\u00edficos involucrados, se cree que la predisposici\u00f3n gen\u00e9tica puede influir en la forma en que el individuo percibe su imagen corporal y su relaci\u00f3n con la comida. Adem\u00e1s, los desequilibrios hormonales, como los relacionados con el sistema endocrino, tambi\u00e9n pueden desempe\u00f1ar un papel en el desarrollo de la anorexia.<\/p>\n\n\n\n<figure class=\"wp-block-image size-large\"><a href=\"https:\/\/clinicajaimeicatarroja.com\/blog\/wp-content\/uploads\/2023\/08\/tiro-completo-mujer-sentada-piso-comida-1.jpg\"><img decoding=\"async\" width=\"683\" height=\"1024\" src=\"https:\/\/clinicajaimeicatarroja.com\/blog\/wp-content\/uploads\/2023\/08\/tiro-completo-mujer-sentada-piso-comida-1-683x1024.jpg\" alt=\"anorexia, trastorno-alimentario-valencia\" class=\"wp-image-15759\" title=\"\" srcset=\"https:\/\/clinicajaimeicatarroja.com\/blog\/wp-content\/uploads\/2023\/08\/tiro-completo-mujer-sentada-piso-comida-1-683x1024.jpg 683w, https:\/\/clinicajaimeicatarroja.com\/blog\/wp-content\/uploads\/2023\/08\/tiro-completo-mujer-sentada-piso-comida-1-200x300.jpg 200w, https:\/\/clinicajaimeicatarroja.com\/blog\/wp-content\/uploads\/2023\/08\/tiro-completo-mujer-sentada-piso-comida-1-768x1152.jpg 768w, https:\/\/clinicajaimeicatarroja.com\/blog\/wp-content\/uploads\/2023\/08\/tiro-completo-mujer-sentada-piso-comida-1.jpg 800w\" sizes=\"(max-width: 683px) 100vw, 683px\" \/><\/a><figcaption class=\"wp-element-caption\">desajustes-alimentarios<\/figcaption><\/figure>\n\n\n\n<h3 class=\"wp-block-heading\" id=\"factores-sociales-y-culturales\">Factores sociales y culturales<\/h3>\n\n\n\n<p>El <strong>entorno social y cultural<\/strong> en el que una persona vive tambi\u00e9n puede desempe\u00f1ar un papel importante en el desarrollo de la anorexia. Los <strong>est\u00e1ndares de belleza ideales<\/strong>, impuestos por los medios de comunicaci\u00f3n y la sociedad en general, pueden generar una presi\u00f3n significativa sobre las personas para que se ajusten a ciertos c\u00e1nones de delgadez. Adem\u00e1s, factores como el estr\u00e9s acad\u00e9mico o laboral, la presi\u00f3n de pares e incluso experiencias traum\u00e1ticas pueden desencadenar o contribuir al desarrollo de la anorexia.<\/p>\n\n\n\n<figure class=\"wp-block-image size-large\"><a href=\"https:\/\/clinicajaimeicatarroja.com\/blog\/wp-content\/uploads\/2023\/08\/haciendo-ejercicios-abdominales-1.jpg\"><img decoding=\"async\" width=\"1024\" height=\"683\" src=\"https:\/\/clinicajaimeicatarroja.com\/blog\/wp-content\/uploads\/2023\/08\/haciendo-ejercicios-abdominales-1-1024x683.jpg\" alt=\"anorexia, trastorno-alimentario-valencia\" class=\"wp-image-15751\" title=\"\" srcset=\"https:\/\/clinicajaimeicatarroja.com\/blog\/wp-content\/uploads\/2023\/08\/haciendo-ejercicios-abdominales-1-1024x683.jpg 1024w, https:\/\/clinicajaimeicatarroja.com\/blog\/wp-content\/uploads\/2023\/08\/haciendo-ejercicios-abdominales-1-300x200.jpg 300w, https:\/\/clinicajaimeicatarroja.com\/blog\/wp-content\/uploads\/2023\/08\/haciendo-ejercicios-abdominales-1-768x512.jpg 768w, https:\/\/clinicajaimeicatarroja.com\/blog\/wp-content\/uploads\/2023\/08\/haciendo-ejercicios-abdominales-1.jpg 1200w\" sizes=\"(max-width: 1024px) 100vw, 1024px\" \/><\/a><figcaption class=\"wp-element-caption\">ejercicio<\/figcaption><\/figure>\n\n\n\n<h3 class=\"wp-block-heading\" id=\"factores-psicologicos-y-emocionales\">Factores psicol\u00f3gicos y emocionales<\/h3>\n\n\n\n<p>Los <strong>factores psicol\u00f3gicos y emocionales<\/strong> desempe\u00f1an un papel central en la anorexia. Muchas personas que padecen este trastorno alimentario tienen baja autoestima, perfeccionismo extremo y una fuerte necesidad de control. La anorexia puede ser una forma de controlar sus emociones y sentir que tienen \u00e9xito en un \u00e1rea de sus vidas. Adem\u00e1s, pueden experimentar sentimientos de ansiedad, depresi\u00f3n o inseguridad que contribuyen a la necesidad de control y la b\u00fasqueda implacable de la delgadez.<\/p>\n\n\n\n<ul class=\"wp-block-list\">\n<li>La <strong>predisposici\u00f3n gen\u00e9tica<\/strong> puede influir en la percepci\u00f3n de la imagen corporal y la relaci\u00f3n con la comida.<\/li>\n\n\n\n<li>Los <strong>desequilibrios hormonales<\/strong>, como los relacionados con el sistema endocrino, tambi\u00e9n pueden desempe\u00f1ar un papel.<\/li>\n\n\n\n<li>La <strong>presi\u00f3n de la sociedad y los est\u00e1ndares de bellez<\/strong>a pueden generar una necesidad de ajustarse a c\u00e1nones de delgadez.<\/li>\n\n\n\n<li>El <strong>estr\u00e9s acad\u00e9mico o laboral<\/strong>, la presi\u00f3n de pares y las experiencias traum\u00e1ticas tambi\u00e9n pueden contribuir al desarrollo del trastorno.<\/li>\n\n\n\n<li>La <strong>baja autoestima<\/strong>, el perfeccionismo y la necesidad de control son factores psicol\u00f3gicos y emocionales implicados en la anorexia.<\/li>\n\n\n\n<li>Los <strong>sentimientos de ansiedad, depresi\u00f3n e inseguridad <\/strong>tambi\u00e9n pueden contribuir a la b\u00fasqueda implacable de la delgadez.<\/li>\n<\/ul>\n\n\n\n<figure class=\"wp-block-image size-large\"><a href=\"https:\/\/clinicajaimeicatarroja.com\/blog\/wp-content\/uploads\/2023\/08\/mujer-joven-que-lucha-trastorno-alimentario-1.jpg\"><img decoding=\"async\" width=\"683\" height=\"1024\" src=\"https:\/\/clinicajaimeicatarroja.com\/blog\/wp-content\/uploads\/2023\/08\/mujer-joven-que-lucha-trastorno-alimentario-1-683x1024.jpg\" alt=\"anorexia, trastorno-alimentario-valencia\" class=\"wp-image-15745\" title=\"\" srcset=\"https:\/\/clinicajaimeicatarroja.com\/blog\/wp-content\/uploads\/2023\/08\/mujer-joven-que-lucha-trastorno-alimentario-1-683x1024.jpg 683w, https:\/\/clinicajaimeicatarroja.com\/blog\/wp-content\/uploads\/2023\/08\/mujer-joven-que-lucha-trastorno-alimentario-1-200x300.jpg 200w, https:\/\/clinicajaimeicatarroja.com\/blog\/wp-content\/uploads\/2023\/08\/mujer-joven-que-lucha-trastorno-alimentario-1-768x1152.jpg 768w, https:\/\/clinicajaimeicatarroja.com\/blog\/wp-content\/uploads\/2023\/08\/mujer-joven-que-lucha-trastorno-alimentario-1.jpg 800w\" sizes=\"(max-width: 683px) 100vw, 683px\" \/><\/a><figcaption class=\"wp-element-caption\">trastorno-alimentario-valencia<\/figcaption><\/figure>\n\n\n\n<h2 class=\"wp-block-heading\" id=\"sintomas-de-la-anorexia\">S\u00edntomas de la anorexia<\/h2>\n\n\n\n<p>La anorexia nerviosa presenta una variedad de s\u00edntomas que reflejan la complejidad de este trastorno de la alimentaci\u00f3n.<\/p>\n\n\n\n<h3 class=\"wp-block-heading\" id=\"miedo-intenso-a-aumentar-de-peso\">Miedo intenso a aumentar de peso<\/h3>\n\n\n\n<p>Las personas con anorexia experimentan un miedo irracional y obsesivo a ganar peso. Este temor puede llevar a comportamientos extremos para evitar cualquier aumento en la balanza.<\/p>\n\n\n\n<h3 class=\"wp-block-heading\" id=\"restricciones-extremas-en-la-alimentacion\">Restricciones extremas en la alimentaci\u00f3n<\/h3>\n\n\n\n<p>Los individuos con anorexia llevan a cabo dietas restrictivas extremas, limitando severamente su ingesta de alimentos. Pueden evitar grupos de alimentos completos y reducir dr\u00e1sticamente las calor\u00edas consumidas en un intento desesperado por controlar su peso.<\/p>\n\n\n\n<figure class=\"wp-block-image size-large\"><a href=\"https:\/\/clinicajaimeicatarroja.com\/blog\/wp-content\/uploads\/2023\/08\/bulimia-1.jpg\"><img decoding=\"async\" width=\"683\" height=\"1024\" src=\"https:\/\/clinicajaimeicatarroja.com\/blog\/wp-content\/uploads\/2023\/08\/bulimia-1-683x1024.jpg\" alt=\"anorexia-valencia\" class=\"wp-image-15752\" title=\"\" srcset=\"https:\/\/clinicajaimeicatarroja.com\/blog\/wp-content\/uploads\/2023\/08\/bulimia-1-683x1024.jpg 683w, https:\/\/clinicajaimeicatarroja.com\/blog\/wp-content\/uploads\/2023\/08\/bulimia-1-200x300.jpg 200w, https:\/\/clinicajaimeicatarroja.com\/blog\/wp-content\/uploads\/2023\/08\/bulimia-1-768x1152.jpg 768w, https:\/\/clinicajaimeicatarroja.com\/blog\/wp-content\/uploads\/2023\/08\/bulimia-1.jpg 800w\" sizes=\"(max-width: 683px) 100vw, 683px\" \/><\/a><figcaption class=\"wp-element-caption\">bulimia<\/figcaption><\/figure>\n\n\n\n<h3 class=\"wp-block-heading\" id=\"comportamientos-purgativos\">Comportamientos purgativos<\/h3>\n\n\n\n<p>Algunas personas con anorexia recurren a comportamientos purgativos, como el v\u00f3mito autoinducido o el abuso de laxantes, para deshacerse de los alimentos ingeridos. Estas acciones a menudo se mantienen en secreto y son perjudiciales para la salud f\u00edsica y emocional.<\/p>\n\n\n\n<h3 class=\"wp-block-heading\" id=\"imagen-corporal-distorsionada\">Imagen corporal distorsionada<\/h3>\n\n\n\n<p>Las personas con anorexia tienen una percepci\u00f3n distorsionada de su propio cuerpo. A pesar de la p\u00e9rdida de peso significativa, pueden verse a s\u00ed mismos como sobrepeso o tener una obsesi\u00f3n por ciertas partes de su cuerpo que consideran defectuosas.<\/p>\n\n\n\n<p>Estos s\u00edntomas son indicativos de la presencia de la anorexia nerviosa, y es crucial buscar ayuda m\u00e9dica profesional para un diagn\u00f3stico adecuado y un tratamiento oportuno. La anorexia puede causar serias complicaciones tanto f\u00edsicas como mentales, por lo que es fundamental brindar apoyo y cuidado adecuado a quienes luchan contra este trastorno.<\/p>\n\n\n\n<figure class=\"wp-block-image size-large\"><a href=\"https:\/\/clinicajaimeicatarroja.com\/blog\/wp-content\/uploads\/2023\/08\/cerrar-mujer-flaca-midiendo-su-cintura-1.jpg\"><img decoding=\"async\" width=\"1024\" height=\"683\" src=\"https:\/\/clinicajaimeicatarroja.com\/blog\/wp-content\/uploads\/2023\/08\/cerrar-mujer-flaca-midiendo-su-cintura-1-1024x683.jpg\" alt=\"anorexia-valencia\" class=\"wp-image-15746\" title=\"\" srcset=\"https:\/\/clinicajaimeicatarroja.com\/blog\/wp-content\/uploads\/2023\/08\/cerrar-mujer-flaca-midiendo-su-cintura-1-1024x683.jpg 1024w, https:\/\/clinicajaimeicatarroja.com\/blog\/wp-content\/uploads\/2023\/08\/cerrar-mujer-flaca-midiendo-su-cintura-1-300x200.jpg 300w, https:\/\/clinicajaimeicatarroja.com\/blog\/wp-content\/uploads\/2023\/08\/cerrar-mujer-flaca-midiendo-su-cintura-1-768x512.jpg 768w, https:\/\/clinicajaimeicatarroja.com\/blog\/wp-content\/uploads\/2023\/08\/cerrar-mujer-flaca-midiendo-su-cintura-1.jpg 1200w\" sizes=\"(max-width: 1024px) 100vw, 1024px\" \/><\/a><figcaption class=\"wp-element-caption\">est\u00e1ndares de belleza ideales<\/figcaption><\/figure>\n\n\n\n<h2 class=\"wp-block-heading\" id=\"diagnostico-de-la-anorexia\">Diagn\u00f3stico de la anorexia<\/h2>\n\n\n\n<p>El diagn\u00f3stico de la anorexia se realiza a trav\u00e9s de una evaluaci\u00f3n cl\u00ednica y psicol\u00f3gica exhaustiva. Es fundamental que los profesionales de la salud recopilen informaci\u00f3n detallada sobre los s\u00edntomas, la historia cl\u00ednica y los antecedentes familiares del paciente.<\/p>\n\n\n\n<h3 class=\"wp-block-heading\" id=\"evaluacion-clinica-y-psicologica\">Evaluaci\u00f3n cl\u00ednica y psicol\u00f3gica<\/h3>\n\n\n\n<p>En la <strong>evaluaci\u00f3n cl\u00ednica<\/strong>, se busca identificar los s\u00edntomas f\u00edsicos y psicol\u00f3gicos caracter\u00edsticos de la anorexia. El profesional puede realizar entrevistas y cuestionarios para evaluar la percepci\u00f3n del propio cuerpo, los patrones de alimentaci\u00f3n y la relaci\u00f3n con la comida. Adem\u00e1s, se puede indagar sobre la presencia de otros trastornos mentales o condiciones m\u00e9dicas que puedan estar relacionados.<\/p>\n\n\n\n<p>La <strong>evaluaci\u00f3n psicol\u00f3gica<\/strong> incluye la determinaci\u00f3n del estado emocional del paciente, explorando posibles causas subyacentes y factores desencadenantes de la anorexia. Tambi\u00e9n se busca comprender la relaci\u00f3n del paciente con su imagen corporal y la presi\u00f3n social o cultural que pueda influir en sus comportamientos alimentarios.<\/p>\n\n\n\n<figure class=\"wp-block-image size-large\"><a href=\"https:\/\/clinicajaimeicatarroja.com\/blog\/wp-content\/uploads\/2023\/08\/nutricionista-tiro-medio-midiendo-su-paciente-1.jpg\"><img decoding=\"async\" width=\"1024\" height=\"684\" src=\"https:\/\/clinicajaimeicatarroja.com\/blog\/wp-content\/uploads\/2023\/08\/nutricionista-tiro-medio-midiendo-su-paciente-1-1024x684.jpg\" alt=\"anorexia-valencia\" class=\"wp-image-15753\" title=\"\" srcset=\"https:\/\/clinicajaimeicatarroja.com\/blog\/wp-content\/uploads\/2023\/08\/nutricionista-tiro-medio-midiendo-su-paciente-1-1024x684.jpg 1024w, https:\/\/clinicajaimeicatarroja.com\/blog\/wp-content\/uploads\/2023\/08\/nutricionista-tiro-medio-midiendo-su-paciente-1-300x200.jpg 300w, https:\/\/clinicajaimeicatarroja.com\/blog\/wp-content\/uploads\/2023\/08\/nutricionista-tiro-medio-midiendo-su-paciente-1-768x513.jpg 768w, https:\/\/clinicajaimeicatarroja.com\/blog\/wp-content\/uploads\/2023\/08\/nutricionista-tiro-medio-midiendo-su-paciente-1.jpg 1200w\" sizes=\"(max-width: 1024px) 100vw, 1024px\" \/><\/a><figcaption class=\"wp-element-caption\">medico<\/figcaption><\/figure>\n\n\n\n<h3 class=\"wp-block-heading\" id=\"pruebas-medicas-y-de-laboratorio\">Pruebas m\u00e9dicas y de laboratorio<\/h3>\n\n\n\n<p>Para confirmar el diagn\u00f3stico de la anorexia y descartar otras enfermedades, el m\u00e9dico puede solicitar <strong>pruebas m\u00e9dicas y de laboratorio<\/strong>. Estas pruebas pueden incluir <strong>an\u00e1lisis de sangre<\/strong> para evaluar los niveles nutricionales y hormonales, as\u00ed como<strong> pruebas de funci\u00f3n tiroidea y estudios de densidad \u00f3sea.<\/strong><\/p>\n\n\n\n<h3 class=\"wp-block-heading\" id=\"descarte-de-otras-enfermedades\">Descarte de otras enfermedades<\/h3>\n\n\n\n<p>Es importante descartar otras enfermedades f\u00edsicas que puedan presentar s\u00edntomas similares a los de la anorexia. Algunos trastornos hormonales, enfermedades gastrointestinales y problemas endocrinos pueden causar p\u00e9rdida de peso y alteraciones en la alimentaci\u00f3n. El m\u00e9dico puede ordenar pruebas adicionales o realizar remisiones a otros especialistas para descartar estas condiciones.<\/p>\n\n\n\n<figure class=\"wp-block-image size-large\"><a href=\"https:\/\/clinicajaimeicatarroja.com\/blog\/wp-content\/uploads\/2023\/08\/analisis-de-sangre-1.jpg\"><img decoding=\"async\" width=\"1024\" height=\"683\" src=\"https:\/\/clinicajaimeicatarroja.com\/blog\/wp-content\/uploads\/2023\/08\/analisis-de-sangre-1-1024x683.jpg\" alt=\"anorexia-valencia\" class=\"wp-image-15754\" title=\"\" srcset=\"https:\/\/clinicajaimeicatarroja.com\/blog\/wp-content\/uploads\/2023\/08\/analisis-de-sangre-1-1024x683.jpg 1024w, https:\/\/clinicajaimeicatarroja.com\/blog\/wp-content\/uploads\/2023\/08\/analisis-de-sangre-1-300x200.jpg 300w, https:\/\/clinicajaimeicatarroja.com\/blog\/wp-content\/uploads\/2023\/08\/analisis-de-sangre-1-768x512.jpg 768w, https:\/\/clinicajaimeicatarroja.com\/blog\/wp-content\/uploads\/2023\/08\/analisis-de-sangre-1.jpg 1200w\" sizes=\"(max-width: 1024px) 100vw, 1024px\" \/><\/a><figcaption class=\"wp-element-caption\">analisis de sangre<\/figcaption><\/figure>\n\n\n\n<h2 class=\"wp-block-heading\" id=\"tratamiento-de-la-anorexia\">Tratamiento de la anorexia<\/h2>\n\n\n\n<p>El tratamiento de la anorexia es un proceso complejo que abarca diferentes enfoques terap\u00e9uticos para abordar tanto los aspectos f\u00edsicos como los psicol\u00f3gicos del trastorno. Es fundamental contar con un equipo multidisciplinario de profesionales especializados en trastornos de la conducta alimentaria.<\/p>\n\n\n\n<h3 class=\"wp-block-heading\" id=\"terapia-cognitivo-conductual\">Terapia cognitivo-conductual<\/h3>\n\n\n\n<p>La <strong>terapia cognitivo-conductual (TCC)<\/strong> es una intervenci\u00f3n psicoterap\u00e9utica com\u00fanmente utilizada en el tratamiento de la anorexia. Se centra en identificar y modificar los patrones de pensamiento distorsionados y los comportamientos desadaptativos relacionados con la alimentaci\u00f3n y la imagen corporal. El objetivo es ayudar al individuo a desarrollar una visi\u00f3n m\u00e1s realista de su cuerpo y establecer h\u00e1bitos alimentarios saludables.<\/p>\n\n\n\n<figure class=\"wp-block-image size-large\"><a href=\"https:\/\/clinicajaimeicatarroja.com\/blog\/wp-content\/uploads\/2023\/08\/terapia-familia-1.jpg\"><img decoding=\"async\" width=\"1024\" height=\"684\" src=\"https:\/\/clinicajaimeicatarroja.com\/blog\/wp-content\/uploads\/2023\/08\/terapia-familia-1-1024x684.jpg\" alt=\"anorexia-valencia\" class=\"wp-image-15755\" title=\"\" srcset=\"https:\/\/clinicajaimeicatarroja.com\/blog\/wp-content\/uploads\/2023\/08\/terapia-familia-1-1024x684.jpg 1024w, https:\/\/clinicajaimeicatarroja.com\/blog\/wp-content\/uploads\/2023\/08\/terapia-familia-1-300x200.jpg 300w, https:\/\/clinicajaimeicatarroja.com\/blog\/wp-content\/uploads\/2023\/08\/terapia-familia-1-768x513.jpg 768w, https:\/\/clinicajaimeicatarroja.com\/blog\/wp-content\/uploads\/2023\/08\/terapia-familia-1.jpg 1200w\" sizes=\"(max-width: 1024px) 100vw, 1024px\" \/><\/a><figcaption class=\"wp-element-caption\">terapia<\/figcaption><\/figure>\n\n\n\n<h3 class=\"wp-block-heading\" id=\"terapia-familiar\">Terapia familiar<\/h3>\n\n\n\n<p>La <strong>terapia familiar<\/strong> desempe\u00f1a un papel crucial en el tratamiento de la anorexia, ya que involucra a los miembros cercanos de la familia. Esta terapia se enfoca en mejorar la comunicaci\u00f3n, fortalecer el apoyo emocional y promover cambios en el entorno familiar que favorezcan la recuperaci\u00f3n. La participaci\u00f3n de la familia es fundamental para crear un ambiente de comprensi\u00f3n y apoyo durante todo el proceso de tratamiento.<\/p>\n\n\n\n<h3 class=\"wp-block-heading\" id=\"terapia-nutricional\">Terapia nutricional<\/h3>\n\n\n\n<p>La <strong>terapia nutricional<\/strong> es parte integral del tratamiento de la anorexia. Busca restablecer un patr\u00f3n de alimentaci\u00f3n regular y equilibrado, brindando orientaci\u00f3n y educaci\u00f3n sobre la importancia de una nutrici\u00f3n adecuada. Los nutricionistas especializados en trastornos de la alimentaci\u00f3n trabajan en colaboraci\u00f3n con el paciente para establecer metas nutricionales realistas y adaptadas a sus necesidades individuales.<\/p>\n\n\n\n<figure class=\"wp-block-image size-large\"><a href=\"https:\/\/clinicajaimeicatarroja.com\/blog\/wp-content\/uploads\/2023\/08\/habitos-alimentarios-1.jpg\"><img decoding=\"async\" width=\"1024\" height=\"683\" src=\"https:\/\/clinicajaimeicatarroja.com\/blog\/wp-content\/uploads\/2023\/08\/habitos-alimentarios-1-1024x683.jpg\" alt=\"anorexia-valencia\" class=\"wp-image-15756\" title=\"\" srcset=\"https:\/\/clinicajaimeicatarroja.com\/blog\/wp-content\/uploads\/2023\/08\/habitos-alimentarios-1-1024x683.jpg 1024w, https:\/\/clinicajaimeicatarroja.com\/blog\/wp-content\/uploads\/2023\/08\/habitos-alimentarios-1-300x200.jpg 300w, https:\/\/clinicajaimeicatarroja.com\/blog\/wp-content\/uploads\/2023\/08\/habitos-alimentarios-1-768x512.jpg 768w, https:\/\/clinicajaimeicatarroja.com\/blog\/wp-content\/uploads\/2023\/08\/habitos-alimentarios-1.jpg 1200w\" sizes=\"(max-width: 1024px) 100vw, 1024px\" \/><\/a><figcaption class=\"wp-element-caption\">educacion-alimentaria<\/figcaption><\/figure>\n\n\n\n<h3 class=\"wp-block-heading\" id=\"medicacion\">Medicaci\u00f3n<\/h3>\n\n\n\n<p>La<strong> medicaci\u00f3n<\/strong> puede ser parte del tratamiento de la anorexia en algunos casos, especialmente cuando hay comorbilidades psiqui\u00e1tricas presentes, como la depresi\u00f3n o la ansiedad. Los f\u00e1rmacos pueden ayudar a estabilizar el estado de \u00e1nimo, controlar los s\u00edntomas asociados y mejorar la respuesta al tratamiento psicoterap\u00e9utico. El uso de medicaci\u00f3n debe ser evaluado y supervisado por un m\u00e9dico especialista.<\/p>\n\n\n\n<figure class=\"wp-block-image size-large\"><a href=\"https:\/\/clinicajaimeicatarroja.com\/blog\/wp-content\/uploads\/2023\/08\/pesandose-1.jpg\"><img decoding=\"async\" width=\"683\" height=\"1024\" src=\"https:\/\/clinicajaimeicatarroja.com\/blog\/wp-content\/uploads\/2023\/08\/pesandose-1-683x1024.jpg\" alt=\"anorexia-valencia\" class=\"wp-image-15760\" title=\"\" srcset=\"https:\/\/clinicajaimeicatarroja.com\/blog\/wp-content\/uploads\/2023\/08\/pesandose-1-683x1024.jpg 683w, https:\/\/clinicajaimeicatarroja.com\/blog\/wp-content\/uploads\/2023\/08\/pesandose-1-200x300.jpg 200w, https:\/\/clinicajaimeicatarroja.com\/blog\/wp-content\/uploads\/2023\/08\/pesandose-1-768x1151.jpg 768w, https:\/\/clinicajaimeicatarroja.com\/blog\/wp-content\/uploads\/2023\/08\/pesandose-1.jpg 800w\" sizes=\"(max-width: 683px) 100vw, 683px\" \/><\/a><figcaption class=\"wp-element-caption\">anorexia<\/figcaption><\/figure>\n\n\n\n<h2 class=\"wp-block-heading\" id=\"consecuencias-para-la-salud-de-la-anorexia\">Consecuencias para la salud de la anorexia<\/h2>\n\n\n\n<p>La <strong>anorexia nerviosa<\/strong> puede tener graves consecuencias para la salud f\u00edsica y mental de quienes la padecen. A continuaci\u00f3n, se detallan algunas de las principales consecuencias que pueden surgir debido a este trastorno alimentario:<\/p>\n\n\n\n<h3 class=\"wp-block-heading\" id=\"problemas-fisicos-y-nutricionales\">Problemas f\u00edsicos y nutricionales<\/h3>\n\n\n\n<ul class=\"wp-block-list\">\n<li>P\u00e9rdida excesiva de peso: La anorexia se caracteriza por una significativa p\u00e9rdida de peso, lo cual puede ocasionar debilidad, desnutrici\u00f3n y desequilibrios en los niveles de electrolitos del cuerpo.<\/li>\n\n\n\n<li>Problemas cardiovasculares: La falta de nutrientes esenciales y la disminuci\u00f3n de masa muscular pueden poner en riesgo la salud del coraz\u00f3n, provocando baja frecuencia card\u00edaca, hipotensi\u00f3n y arritmias.<\/li>\n\n\n\n<li>Osteoporosis: La falta de ingesta adecuada de calcio y otros nutrientes esenciales puede llevar a la debilitaci\u00f3n de los huesos, aumentando el riesgo de fracturas y osteoporosis.<\/li>\n\n\n\n<li>Complicaciones gastrointestinales: La anorexia puede causar problemas digestivos como estre\u00f1imiento, inflamaci\u00f3n del p\u00e1ncreas y alteraciones en el funcionamiento del intestino.<\/li>\n<\/ul>\n\n\n\n<figure class=\"wp-block-image size-large\"><a href=\"https:\/\/clinicajaimeicatarroja.com\/blog\/wp-content\/uploads\/2023\/08\/triste-joven-casa-1.jpg\"><img decoding=\"async\" width=\"683\" height=\"1024\" src=\"https:\/\/clinicajaimeicatarroja.com\/blog\/wp-content\/uploads\/2023\/08\/triste-joven-casa-1-683x1024.jpg\" alt=\"anorexia-valencia\" class=\"wp-image-15747\" title=\"\" srcset=\"https:\/\/clinicajaimeicatarroja.com\/blog\/wp-content\/uploads\/2023\/08\/triste-joven-casa-1-683x1024.jpg 683w, https:\/\/clinicajaimeicatarroja.com\/blog\/wp-content\/uploads\/2023\/08\/triste-joven-casa-1-200x300.jpg 200w, https:\/\/clinicajaimeicatarroja.com\/blog\/wp-content\/uploads\/2023\/08\/triste-joven-casa-1-768x1152.jpg 768w, https:\/\/clinicajaimeicatarroja.com\/blog\/wp-content\/uploads\/2023\/08\/triste-joven-casa-1.jpg 800w\" sizes=\"(max-width: 683px) 100vw, 683px\" \/><\/a><figcaption class=\"wp-element-caption\">trastorno-alimentario-valencia<\/figcaption><\/figure>\n\n\n\n<h3 class=\"wp-block-heading\" id=\"problemas-de-salud-mental\">Problemas de salud mental<\/h3>\n\n\n\n<ul class=\"wp-block-list\">\n<li>Depresi\u00f3n y ansiedad: Las personas con anorexia pueden experimentar trastornos del estado de \u00e1nimo, como depresi\u00f3n y ansiedad, debido a la compleja relaci\u00f3n entre su alimentaci\u00f3n, imagen corporal y autoestima.<\/li>\n\n\n\n<li>Aislamiento social: El avance de la anorexia puede llevar a un aislamiento social cada vez mayor, ya que las personas afectadas por este trastorno pueden evitar situaciones relacionadas con la comida o sentirse inc\u00f3modas en entornos sociales.<\/li>\n\n\n\n<li>Baja autoestima: La distorsi\u00f3n de la imagen corporal y el constante foco en la delgadez pueden generar una baja autoestima, afectando la percepci\u00f3n de uno mismo y dificultando el desarrollo de relaciones interpersonales saludables.<\/li>\n\n\n\n<li>Pensamientos obsesivos: Quienes padecen anorexia pueden experimentar pensamientos obsesivos relacionados con la alimentaci\u00f3n, el peso y la apariencia f\u00edsica, lo cual puede afectar su concentraci\u00f3n y rendimiento en otras \u00e1reas de su vida.<\/li>\n<\/ul>\n\n\n\n<h3 class=\"wp-block-heading\" id=\"relacion-con-otros-trastornos-y-enfermedades\">Relaci\u00f3n con otros trastornos y enfermedades<\/h3>\n\n\n\n<p>La anorexia nerviosa puede estar asociada con otros trastornos y enfermedades, agravando a\u00fan m\u00e1s las consecuencias para la salud. Algunas de las condiciones relacionadas incluyen:<\/p>\n\n\n\n<ul class=\"wp-block-list\">\n<li>Bulimia nerviosa: La bulimia es otro trastorno alimentario caracterizado por episodios de atrac\u00f3n seguidos de conductas compensatorias, como el v\u00f3mito. Algunas personas con anorexia pueden desarrollar bulimia u otras formas de trastornos de la conducta alimentaria.<\/li>\n\n\n\n<li>Trastornos del estado de \u00e1nimo: La anorexia puede coexistir con trastornos del estado de \u00e1nimo como la depresi\u00f3n o el trastorno bipolar, lo cual complica a\u00fan m\u00e1s el panorama de salud mental del individuo.<\/li>\n\n\n\n<li>Trastornos de ansiedad: Los trastornos de ansiedad como la ansiedad generalizada, el trastorno de p\u00e1nico o el trastorno de estr\u00e9s postraum\u00e1tico son comunes entre quienes luchan contra la anorexia nerviosa.<\/li>\n\n\n\n<li>Trastornos del sue\u00f1o: La anorexia puede contribuir al desarrollo de problemas de sue\u00f1o como el insomnio o el sue\u00f1o fragmentado, afectando a\u00fan m\u00e1s el bienestar general de la persona.<\/li>\n<\/ul>\n\n\n\n<p>La anorexia nerviosa y sus consecuencias para la salud deben tomarse muy en serio. Es fundamental buscar ayuda profesional cuanto antes y buscar un tratamiento adecuado y especializado para mitigar los efectos negativos a largo plazo.<\/p>\n\n\n\n<figure class=\"wp-block-image size-large\"><a href=\"https:\/\/clinicajaimeicatarroja.com\/blog\/wp-content\/uploads\/2023\/08\/mujer-trastorno-alimentario-guisante-su-plato-1.jpg\"><img decoding=\"async\" width=\"683\" height=\"1024\" src=\"https:\/\/clinicajaimeicatarroja.com\/blog\/wp-content\/uploads\/2023\/08\/mujer-trastorno-alimentario-guisante-su-plato-1-683x1024.jpg\" alt=\"anorexia-valencia\" class=\"wp-image-15748\" title=\"\" srcset=\"https:\/\/clinicajaimeicatarroja.com\/blog\/wp-content\/uploads\/2023\/08\/mujer-trastorno-alimentario-guisante-su-plato-1-683x1024.jpg 683w, https:\/\/clinicajaimeicatarroja.com\/blog\/wp-content\/uploads\/2023\/08\/mujer-trastorno-alimentario-guisante-su-plato-1-200x300.jpg 200w, https:\/\/clinicajaimeicatarroja.com\/blog\/wp-content\/uploads\/2023\/08\/mujer-trastorno-alimentario-guisante-su-plato-1-768x1152.jpg 768w, https:\/\/clinicajaimeicatarroja.com\/blog\/wp-content\/uploads\/2023\/08\/mujer-trastorno-alimentario-guisante-su-plato-1.jpg 800w\" sizes=\"(max-width: 683px) 100vw, 683px\" \/><\/a><figcaption class=\"wp-element-caption\">anorexia-valencia<\/figcaption><\/figure>\n\n\n\n<h2 class=\"wp-block-heading\" id=\"importancia-del-apoyo-y-profesionales-especializados\">Importancia del apoyo y profesionales especializados<\/h2>\n\n\n\n<p>El apoyo continuo es fundamental para evitar reca\u00eddas en las personas que padecen anorexia. El camino hacia la recuperaci\u00f3n puede ser desafiante y contar con un sistema de apoyo s\u00f3lido puede marcar la diferencia. Familiares, amigos y seres queridos deben estar presentes y brindar comprensi\u00f3n, paciencia y apoyo emocional.<\/p>\n\n\n\n<h3 class=\"wp-block-heading\" id=\"apoyo-continuo-para-evitar-recaidas\">Apoyo continuo para evitar reca\u00eddas<\/h3>\n\n\n\n<p>Es de vital importancia el apoyo constante durante todo el proceso de tratamiento de la anorexia. La recuperaci\u00f3n no es un camino lineal y pueden surgir momentos de vulnerabilidad. Disponer de un sistema de apoyo que acompa\u00f1e y brinde contenci\u00f3n emocional puede ayudar a prevenir reca\u00eddas.<\/p>\n\n\n\n<p>El paciente debe sentir que tiene a su disposici\u00f3n a personas en las que confiar y que le animen a mantenerse en el camino de la recuperaci\u00f3n. El apoyo tambi\u00e9n puede provenir de grupos de apoyo especializados, donde se comparten experiencias y se reciben consejos de personas que han pasado por situaciones similares.<\/p>\n\n\n\n<figure class=\"wp-block-image size-large\"><a href=\"https:\/\/clinicajaimeicatarroja.com\/blog\/wp-content\/uploads\/2023\/08\/primer-medico-comparando-frutas-pastillas-1.jpg\"><img decoding=\"async\" width=\"683\" height=\"1024\" src=\"https:\/\/clinicajaimeicatarroja.com\/blog\/wp-content\/uploads\/2023\/08\/primer-medico-comparando-frutas-pastillas-1-683x1024.jpg\" alt=\"anorexia-valencia\" class=\"wp-image-15757\" title=\"\" srcset=\"https:\/\/clinicajaimeicatarroja.com\/blog\/wp-content\/uploads\/2023\/08\/primer-medico-comparando-frutas-pastillas-1-683x1024.jpg 683w, https:\/\/clinicajaimeicatarroja.com\/blog\/wp-content\/uploads\/2023\/08\/primer-medico-comparando-frutas-pastillas-1-200x300.jpg 200w, https:\/\/clinicajaimeicatarroja.com\/blog\/wp-content\/uploads\/2023\/08\/primer-medico-comparando-frutas-pastillas-1-768x1151.jpg 768w, https:\/\/clinicajaimeicatarroja.com\/blog\/wp-content\/uploads\/2023\/08\/primer-medico-comparando-frutas-pastillas-1.jpg 800w\" sizes=\"(max-width: 683px) 100vw, 683px\" \/><\/a><figcaption class=\"wp-element-caption\">tratamiento-anorexia<\/figcaption><\/figure>\n\n\n\n<h3 class=\"wp-block-heading\" id=\"rol-de-los-profesionales-en-trastornos-de-la-conducta-alimentaria\">Rol de los profesionales en trastornos de la conducta alimentaria<\/h3>\n\n\n\n<p>Los profesionales especializados en trastornos de la conducta alimentaria juegan un papel fundamental en el tratamiento de la anorexia. Estos expertos incluyen m\u00e9dicos, <strong><a href=\"https:\/\/clinicajaimeicatarroja.com\/especialidades\/psiquiatria\/psiquiatria-general-valencia\" target=\"_blank\" rel=\"noreferrer noopener\">psiquiatras<\/a><\/strong>, psic\u00f3logos, nutricionistas y terapeutas especializados. Su conocimiento y experiencia les permite trabajar de manera integral, abordando los aspectos f\u00edsicos, psicol\u00f3gicos y emocionales del trastorno.<\/p>\n\n\n\n<p>Los profesionales ayudan a establecer metas alcanzables, brindan orientaci\u00f3n en la planificaci\u00f3n de comidas y supervisan el progreso de la recuperaci\u00f3n. Adem\u00e1s, contribuyen a mejorar la relaci\u00f3n del paciente con la alimentaci\u00f3n y la imagen corporal, a trav\u00e9s de terapias especializadas y t\u00e9cnicas espec\u00edficas.<\/p>\n\n\n\n<h3 class=\"wp-block-heading\" id=\"grupos-de-apoyo-y-recursos-disponibles\">Grupos de apoyo y recursos disponibles<\/h3>\n\n\n\n<p>Existen diversos grupos de apoyo y recursos disponibles para las personas que padecen anorexia y sus familiares. Estos grupos pueden ser presenciales o virtuales, y ofrecen un espacio seguro para compartir experiencias, recibir consejos pr\u00e1cticos y fortalecer el apoyo mutuo.<\/p>\n\n\n\n<p>Adem\u00e1s de los grupos de apoyo, existen organizaciones especializadas en trastornos de la conducta alimentaria que brindan informaci\u00f3n, recursos y programas espec\u00edficos para la recuperaci\u00f3n de la anorexia. Estos recursos proporcionan herramientas educativas, orientaci\u00f3n sobre el autocuidado y l\u00edneas de ayuda para obtener apoyo en momentos de crisis.<\/p>\n\n\n\n<figure class=\"wp-block-image size-large\"><a href=\"https:\/\/clinicajaimeicatarroja.com\/blog\/wp-content\/uploads\/2023\/08\/trastorno-alimentario-1.jpg\"><img decoding=\"async\" width=\"1024\" height=\"684\" src=\"https:\/\/clinicajaimeicatarroja.com\/blog\/wp-content\/uploads\/2023\/08\/trastorno-alimentario-1-1024x684.jpg\" alt=\"anorexia-valencia\" class=\"wp-image-15749\" title=\"\" srcset=\"https:\/\/clinicajaimeicatarroja.com\/blog\/wp-content\/uploads\/2023\/08\/trastorno-alimentario-1-1024x684.jpg 1024w, https:\/\/clinicajaimeicatarroja.com\/blog\/wp-content\/uploads\/2023\/08\/trastorno-alimentario-1-300x200.jpg 300w, https:\/\/clinicajaimeicatarroja.com\/blog\/wp-content\/uploads\/2023\/08\/trastorno-alimentario-1-768x513.jpg 768w, https:\/\/clinicajaimeicatarroja.com\/blog\/wp-content\/uploads\/2023\/08\/trastorno-alimentario-1.jpg 1200w\" sizes=\"(max-width: 1024px) 100vw, 1024px\" \/><\/a><figcaption class=\"wp-element-caption\">perder-peso<\/figcaption><\/figure>\n\n\n\n<h2 class=\"wp-block-heading\" id=\"prevencion-de-la-anorexia\">Prevenci\u00f3n de la anorexia<\/h2>\n\n\n\n<p>La prevenci\u00f3n de la anorexia es fundamental para evitar su desarrollo y los riesgos asociados. A continuaci\u00f3n, se presentan algunas estrategias que pueden ayudar en este aspecto:<\/p>\n\n\n\n<h3 class=\"wp-block-heading\" id=\"educacion-sobre-habitos-alimentarios-saludables\">Educaci\u00f3n sobre h\u00e1bitos alimentarios saludables<\/h3>\n\n\n\n<p>Es importante proporcionar informaci\u00f3n adecuada y precisa sobre la importancia de una alimentaci\u00f3n equilibrada y nutricionalmente completa. Fomentar una dieta variada y promover el consumo de alimentos frescos, ricos en nutrientes esenciales, puede contribuir a prevenir la aparici\u00f3n de trastornos alimentarios.<\/p>\n\n\n\n<h3 class=\"wp-block-heading\" id=\"promocion-de-una-imagen-corporal-positiva\">Promoci\u00f3n de una imagen corporal positiva<\/h3>\n\n\n\n<p>Es necesario fomentar una percepci\u00f3n saludable y realista del cuerpo. Evitar la idealizaci\u00f3n de estereotipos de belleza inalcanzables y promover la aceptaci\u00f3n de la diversidad de cuerpos puede ayudar a prevenir la insatisfacci\u00f3n corporal y las conductas da\u00f1inas para lograr una supuesta \u00abperfecci\u00f3n\u00bb f\u00edsica.<\/p>\n\n\n\n<figure class=\"wp-block-image size-large\"><a href=\"https:\/\/clinicajaimeicatarroja.com\/blog\/wp-content\/uploads\/2023\/08\/mujer-joven-trastorno-alimentario-cinta-metrica-1.jpg\"><img decoding=\"async\" width=\"1024\" height=\"683\" src=\"https:\/\/clinicajaimeicatarroja.com\/blog\/wp-content\/uploads\/2023\/08\/mujer-joven-trastorno-alimentario-cinta-metrica-1-1024x683.jpg\" alt=\"anorexia-valencia\" class=\"wp-image-15758\" title=\"\" srcset=\"https:\/\/clinicajaimeicatarroja.com\/blog\/wp-content\/uploads\/2023\/08\/mujer-joven-trastorno-alimentario-cinta-metrica-1-1024x683.jpg 1024w, https:\/\/clinicajaimeicatarroja.com\/blog\/wp-content\/uploads\/2023\/08\/mujer-joven-trastorno-alimentario-cinta-metrica-1-300x200.jpg 300w, https:\/\/clinicajaimeicatarroja.com\/blog\/wp-content\/uploads\/2023\/08\/mujer-joven-trastorno-alimentario-cinta-metrica-1-768x512.jpg 768w, https:\/\/clinicajaimeicatarroja.com\/blog\/wp-content\/uploads\/2023\/08\/mujer-joven-trastorno-alimentario-cinta-metrica-1.jpg 1200w\" sizes=\"(max-width: 1024px) 100vw, 1024px\" \/><\/a><figcaption class=\"wp-element-caption\">trastorno-alimentario<\/figcaption><\/figure>\n\n\n\n<h3 class=\"wp-block-heading\" id=\"deteccion-temprana-y-tratamiento-precoz\">Detecci\u00f3n temprana y tratamiento precoz<\/h3>\n\n\n\n<p>Es esencial estar atentos a los signos y s\u00edntomas tempranos de posibles trastornos alimentarios, como cambios dr\u00e1sticos en el peso, modificaciones en los h\u00e1bitos alimentarios y preocupaci\u00f3n excesiva por la apariencia f\u00edsica. Ante cualquier sospecha, es necesario buscar ayuda m\u00e9dica y psicol\u00f3gica especializada para un diagn\u00f3stico y tratamiento oportunos.<\/p>\n\n\n\n<p>La prevenci\u00f3n de la anorexia requiere de un enfoque integral, involucrando a educadores, profesionales de la salud y la sociedad en general. Promover el equilibrio, la aceptaci\u00f3n y el autocuidado pueden ayudar a evitar la aparici\u00f3n de este trastorno alimentario y sus consecuencias negativas tanto a nivel f\u00edsico como emocional.<\/p>\n","protected":false},"excerpt":{"rendered":"<p>La anorexia nerviosa es un trastorno de la alimentaci\u00f3n caracterizado por la p\u00e9rdida excesiva de peso y el temor obsesivo a aumentar. Puede afectar a hombres y mujeres, aunque es m\u00e1s com\u00fan en mujeres. Los s\u00edntomas incluyen miedo intenso a aumentar de peso, restricciones extremas en la alimentaci\u00f3n, comportamientos purgativos y una imagen corporal distorsionada. [&hellip;]<\/p>\n","protected":false},"author":1,"featured_media":15742,"comment_status":"open","ping_status":"open","sticky":false,"template":"","format":"standard","meta":{"footnotes":""},"categories":[309],"tags":[],"class_list":["post-15739","post","type-post","status-publish","format-standard","has-post-thumbnail","hentry","category-psiquiatria"],"_links":{"self":[{"href":"https:\/\/clinicajaimeicatarroja.com\/blog\/wp-json\/wp\/v2\/posts\/15739","targetHints":{"allow":["GET"]}}],"collection":[{"href":"https:\/\/clinicajaimeicatarroja.com\/blog\/wp-json\/wp\/v2\/posts"}],"about":[{"href":"https:\/\/clinicajaimeicatarroja.com\/blog\/wp-json\/wp\/v2\/types\/post"}],"author":[{"embeddable":true,"href":"https:\/\/clinicajaimeicatarroja.com\/blog\/wp-json\/wp\/v2\/users\/1"}],"replies":[{"embeddable":true,"href":"https:\/\/clinicajaimeicatarroja.com\/blog\/wp-json\/wp\/v2\/comments?post=15739"}],"version-history":[{"count":4,"href":"https:\/\/clinicajaimeicatarroja.com\/blog\/wp-json\/wp\/v2\/posts\/15739\/revisions"}],"predecessor-version":[{"id":15761,"href":"https:\/\/clinicajaimeicatarroja.com\/blog\/wp-json\/wp\/v2\/posts\/15739\/revisions\/15761"}],"wp:featuredmedia":[{"embeddable":true,"href":"https:\/\/clinicajaimeicatarroja.com\/blog\/wp-json\/wp\/v2\/media\/15742"}],"wp:attachment":[{"href":"https:\/\/clinicajaimeicatarroja.com\/blog\/wp-json\/wp\/v2\/media?parent=15739"}],"wp:term":[{"taxonomy":"category","embeddable":true,"href":"https:\/\/clinicajaimeicatarroja.com\/blog\/wp-json\/wp\/v2\/categories?post=15739"},{"taxonomy":"post_tag","embeddable":true,"href":"https:\/\/clinicajaimeicatarroja.com\/blog\/wp-json\/wp\/v2\/tags?post=15739"}],"curies":[{"name":"wp","href":"https:\/\/api.w.org\/{rel}","templated":true}]}}