{"id":15403,"date":"2023-07-28T22:26:45","date_gmt":"2023-07-28T20:26:45","guid":{"rendered":"https:\/\/clinicajaimeicatarroja.com\/blog\/?p=15403"},"modified":"2023-08-01T17:55:38","modified_gmt":"2023-08-01T15:55:38","slug":"tendinitis-de-cadera","status":"publish","type":"post","link":"https:\/\/clinicajaimeicatarroja.com\/blog\/tendinitis-de-cadera","title":{"rendered":"Tendinitis de cadera: S\u00edntomas, causas y tratamientos"},"content":{"rendered":"\n<p>La <strong>tendinitis de cadera<\/strong> es una <strong>inflamaci\u00f3n dolorosa del tend\u00f3n de la cadera<\/strong>. Se caracteriza por causar <strong>dolor, sensibilidad e hinchaz\u00f3n cerca de la articulaci\u00f3n afectada<\/strong>. Principalmente afecta a atletas que practican <strong>deportes de alta intensidad<\/strong> como correr, andar en bicicleta o nadar. Entre los s\u00edntomas m\u00e1s comunes se encuentran el <strong>dolor gradual en la cadera y la sensibilidad en el punto del tend\u00f3n<\/strong>. El diagn\u00f3stico se realiza mediante un <strong>examen f\u00edsico<\/strong> y posiblemente <strong><a href=\"https:\/\/resobert.es\/\" target=\"_blank\" rel=\"noreferrer noopener\">pruebas de imagen<\/a><\/strong>. El tratamiento se centra en reducir la inflamaci\u00f3n y el dolor a trav\u00e9s de reposo, terapia RICE, analg\u00e9sicos y fisioterapia.<\/p>\n\n\n\n<figure class=\"wp-block-image size-large\"><a href=\"https:\/\/clinicajaimeicatarroja.com\/blog\/wp-content\/uploads\/2023\/07\/atleta-femenina-tendinitis-de-cadear-1.jpg\"><img decoding=\"async\" width=\"683\" height=\"1024\" src=\"https:\/\/clinicajaimeicatarroja.com\/blog\/wp-content\/uploads\/2023\/07\/atleta-femenina-tendinitis-de-cadear-1-683x1024.jpg\" alt=\"tendinitis-de-cadera-en-valencia\" class=\"wp-image-15425\" title=\"\" srcset=\"https:\/\/clinicajaimeicatarroja.com\/blog\/wp-content\/uploads\/2023\/07\/atleta-femenina-tendinitis-de-cadear-1-683x1024.jpg 683w, https:\/\/clinicajaimeicatarroja.com\/blog\/wp-content\/uploads\/2023\/07\/atleta-femenina-tendinitis-de-cadear-1-200x300.jpg 200w, https:\/\/clinicajaimeicatarroja.com\/blog\/wp-content\/uploads\/2023\/07\/atleta-femenina-tendinitis-de-cadear-1-768x1151.jpg 768w, https:\/\/clinicajaimeicatarroja.com\/blog\/wp-content\/uploads\/2023\/07\/atleta-femenina-tendinitis-de-cadear-1.jpg 800w\" sizes=\"(max-width: 683px) 100vw, 683px\" \/><\/a><figcaption class=\"wp-element-caption\">inflamaci\u00f3n-tend\u00f3n-de-cadera<\/figcaption><\/figure>\n\n\n\n<div class=\"wp-block-rank-math-toc-block\" id=\"rank-math-toc\"><h2>Indice de Contenidos<\/h2><nav><ul><li class=\"\"><a href=\"#que-es-la-tendinitis-de-cadera\">\u00bfQu\u00e9 es la tendinitis de cadera?<\/a><ul><li class=\"\"><a href=\"#sintomas-de-la-tendinitis-de-cadera\">S\u00edntomas de la tendinitis de cadera<\/a><\/li><li class=\"\"><a href=\"#causas-de-la-tendinitis-de-cadera\">Causas de la tendinitis de cadera<\/a><\/li><\/ul><\/li><li class=\"\"><a href=\"#factores-de-riesgo-y-prevencion\">Factores de riesgo y prevenci\u00f3n<\/a><ul><li class=\"\"><a href=\"#atletas-y-deportes-de-alta-intensidad\">Atletas y deportes de alta intensidad<\/a><\/li><li class=\"\"><a href=\"#como-prevenir-la-tendinitis-de-cadera\">C\u00f3mo prevenir la tendinitis de cadera<\/a><\/li><\/ul><\/li><li class=\"\"><a href=\"#diagnostico-de-la-tendinitis-de-cadera\">Diagn\u00f3stico de la tendinitis de cadera<\/a><ul><li class=\"\"><a href=\"#examen-fisico-y-pruebas-de-imagen\">Examen f\u00edsico y pruebas de imagen<\/a><\/li><li class=\"\"><a href=\"#otros-tipos-de-tendinopatias-de-cadera\">Otros tipos de tendinopat\u00edas de cadera<\/a><\/li><\/ul><\/li><li class=\"\"><a href=\"#tratamiento-de-la-tendinitis-de-cadera\">Tratamiento de la tendinitis de cadera<\/a><ul><li class=\"\"><a href=\"#enfoque-para-reducir-la-inflamacion-y-el-dolor\">Enfoque para reducir la inflamaci\u00f3n y el dolor<\/a><\/li><li class=\"\"><a href=\"#terapia-rice-y-analgesicos-de-venta-libre\">Terapia RICE y analg\u00e9sicos de venta libre<\/a><\/li><li class=\"\"><a href=\"#papel-de-la-fisioterapia-en-la-rehabilitacion\">Papel de la fisioterapia en la rehabilitaci\u00f3n<\/a><\/li><li class=\"\"><a href=\"#consideraciones-sobre-la-cirugia-y-terapias-biologicas\">Consideraciones sobre la cirug\u00eda y terapias biol\u00f3gicas<\/a><\/li><\/ul><\/li><li class=\"\"><a href=\"#recomendaciones-y-ejercicios-para-aliviar-el-dolor\">Recomendaciones y ejercicios para aliviar el dolor<\/a><ul><li class=\"\"><a href=\"#ejercicios-de-estiramiento-y-fortalecimiento\">Ejercicios de estiramiento y fortalecimiento<\/a><\/li><li class=\"\"><a href=\"#cuidados-al-realizar-actividades-diarias\">Cuidados al realizar actividades diarias<\/a><\/li><li class=\"\"><a href=\"#importancia-de-un-buen-descanso-y-postura\">Importancia de un buen descanso y postura<\/a><\/li><\/ul><\/li><li class=\"\"><a href=\"#otras-afecciones-relacionadas-con-la-cadera\">Otras afecciones relacionadas con la cadera<\/a><ul><li class=\"\"><a href=\"#artrosis-de-cadera\">Artrosis de cadera<\/a><\/li><li class=\"\"><a href=\"#displasia-de-cadera\">Displasia de cadera<\/a><\/li><li class=\"\"><a href=\"#choque-femoroacetabular\">Choque femoroacetabular<\/a><\/li><\/ul><\/li><\/ul><\/nav><\/div>\n\n\n\n<figure class=\"wp-block-image size-large\"><a href=\"https:\/\/clinicajaimeicatarroja.com\/blog\/wp-content\/uploads\/2023\/07\/traumatologo-1-1.jpg\"><img decoding=\"async\" width=\"1024\" height=\"698\" src=\"https:\/\/clinicajaimeicatarroja.com\/blog\/wp-content\/uploads\/2023\/07\/traumatologo-1-1-1024x698.jpg\" alt=\"tendinitis-de-cadera-en-valencia\" class=\"wp-image-15426\" title=\"\" srcset=\"https:\/\/clinicajaimeicatarroja.com\/blog\/wp-content\/uploads\/2023\/07\/traumatologo-1-1-1024x698.jpg 1024w, https:\/\/clinicajaimeicatarroja.com\/blog\/wp-content\/uploads\/2023\/07\/traumatologo-1-1-300x205.jpg 300w, https:\/\/clinicajaimeicatarroja.com\/blog\/wp-content\/uploads\/2023\/07\/traumatologo-1-1-768x524.jpg 768w, https:\/\/clinicajaimeicatarroja.com\/blog\/wp-content\/uploads\/2023\/07\/traumatologo-1-1.jpg 1200w\" sizes=\"(max-width: 1024px) 100vw, 1024px\" \/><\/a><figcaption class=\"wp-element-caption\">causas-Tendinitis-de-cadera<\/figcaption><\/figure>\n\n\n\n<h2 class=\"wp-block-heading\" id=\"que-es-la-tendinitis-de-cadera\">\u00bfQu\u00e9 es la tendinitis de cadera?<\/h2>\n\n\n\n<p>La <strong>tendinitis de cadera<\/strong> es una condici\u00f3n dolorosa que afecta al tend\u00f3n de la cadera, causando inflamaci\u00f3n e irritaci\u00f3n. Se produce cuando los <strong>tendones que conectan los m\u00fasculos con los huesos de la cadera se inflaman o irritan<\/strong>, lo que resulta en dolor, sensibilidad e hinchaz\u00f3n cerca de la articulaci\u00f3n afectada.<\/p>\n\n\n\n<h3 class=\"wp-block-heading\" id=\"sintomas-de-la-tendinitis-de-cadera\">S\u00edntomas de la tendinitis de cadera<\/h3>\n\n\n\n<p>Los<strong> s\u00edntomas<\/strong> m\u00e1s comunes de la tendinitis de cadera incluyen <strong>dolor gradual en la cadera y sensibilidad en el punto donde se encuentra el tend\u00f3n<\/strong>. Este dolor generalmente empeora con el movimiento y la actividad f\u00edsica. Adem\u00e1s, es posible experimentar rigidez en la cadera, debilidad muscular y dificultad para mover la articulaci\u00f3n afectada.<\/p>\n\n\n\n<figure class=\"wp-block-image size-full\"><a href=\"https:\/\/clinicajaimeicatarroja.com\/blog\/wp-content\/uploads\/2023\/07\/mujer-lado-dolor-cadera-1.jpg\"><img decoding=\"async\" width=\"900\" height=\"900\" src=\"https:\/\/clinicajaimeicatarroja.com\/blog\/wp-content\/uploads\/2023\/07\/mujer-lado-dolor-cadera-1.jpg\" alt=\"tendinitis-de-cadera-en-valencia\" class=\"wp-image-15432\" title=\"\" srcset=\"https:\/\/clinicajaimeicatarroja.com\/blog\/wp-content\/uploads\/2023\/07\/mujer-lado-dolor-cadera-1.jpg 900w, https:\/\/clinicajaimeicatarroja.com\/blog\/wp-content\/uploads\/2023\/07\/mujer-lado-dolor-cadera-1-300x300.jpg 300w, https:\/\/clinicajaimeicatarroja.com\/blog\/wp-content\/uploads\/2023\/07\/mujer-lado-dolor-cadera-1-150x150.jpg 150w, https:\/\/clinicajaimeicatarroja.com\/blog\/wp-content\/uploads\/2023\/07\/mujer-lado-dolor-cadera-1-768x768.jpg 768w, https:\/\/clinicajaimeicatarroja.com\/blog\/wp-content\/uploads\/2023\/07\/mujer-lado-dolor-cadera-1-100x100.jpg 100w, https:\/\/clinicajaimeicatarroja.com\/blog\/wp-content\/uploads\/2023\/07\/mujer-lado-dolor-cadera-1-54x54.jpg 54w, https:\/\/clinicajaimeicatarroja.com\/blog\/wp-content\/uploads\/2023\/07\/mujer-lado-dolor-cadera-1-470x470.jpg 470w, https:\/\/clinicajaimeicatarroja.com\/blog\/wp-content\/uploads\/2023\/07\/mujer-lado-dolor-cadera-1-420x420.jpg 420w, https:\/\/clinicajaimeicatarroja.com\/blog\/wp-content\/uploads\/2023\/07\/mujer-lado-dolor-cadera-1-460x460.jpg 460w, https:\/\/clinicajaimeicatarroja.com\/blog\/wp-content\/uploads\/2023\/07\/mujer-lado-dolor-cadera-1-60x60.jpg 60w\" sizes=\"(max-width: 900px) 100vw, 900px\" \/><\/a><figcaption class=\"wp-element-caption\">Tendinitis-de-cadera-dolor<\/figcaption><\/figure>\n\n\n\n<h3 class=\"wp-block-heading\" id=\"causas-de-la-tendinitis-de-cadera\">Causas de la tendinitis de cadera<\/h3>\n\n\n\n<p>La <strong>tendinitis de cadera<\/strong> se desarrolla cuando los tendones que rodean la articulaci\u00f3n de la cadera se vuelven inflamados o irritados. Esto puede ocurrir debido a una serie de factores, como el <strong>uso excesivo o el esfuerzo repetitivo en la zona de la cadera<\/strong>. Los atletas que practican deportes de alta intensidad, como correr, andar en bicicleta o nadar, son especialmente propensos a desarrollar tendinitis de cadera debido al estr\u00e9s constante que se ejerce en los tendones.<\/p>\n\n\n\n<ul class=\"wp-block-list\">\n<li>Uso excesivo o esfuerzo repetitivo en la zona de la cadera<\/li>\n\n\n\n<li>Deportes de alta intensidad como correr, andar en bicicleta o nadar<\/li>\n\n\n\n<li>Estr\u00e9s constante en los tendones de la cadera<\/li>\n<\/ul>\n\n\n\n<p>Adem\u00e1s, otros factores que pueden contribuir al desarrollo de la tendinitis de cadera incluyen una mala t\u00e9cnica de ejercicio, debilidad muscular, falta de flexibilidad, desequilibrios musculares y estructurales, as\u00ed como factores gen\u00e9ticos y edad avanzada.<\/p>\n\n\n\n<figure class=\"wp-block-image size-large\"><a href=\"https:\/\/clinicajaimeicatarroja.com\/blog\/wp-content\/uploads\/2023\/07\/mujer-joven-haciendo-ejercicio-1.jpg\"><img decoding=\"async\" width=\"1024\" height=\"683\" src=\"https:\/\/clinicajaimeicatarroja.com\/blog\/wp-content\/uploads\/2023\/07\/mujer-joven-haciendo-ejercicio-1-1024x683.jpg\" alt=\"tendinitis-de-cadera-en-valencia\" class=\"wp-image-15433\" title=\"\" srcset=\"https:\/\/clinicajaimeicatarroja.com\/blog\/wp-content\/uploads\/2023\/07\/mujer-joven-haciendo-ejercicio-1-1024x683.jpg 1024w, https:\/\/clinicajaimeicatarroja.com\/blog\/wp-content\/uploads\/2023\/07\/mujer-joven-haciendo-ejercicio-1-300x200.jpg 300w, https:\/\/clinicajaimeicatarroja.com\/blog\/wp-content\/uploads\/2023\/07\/mujer-joven-haciendo-ejercicio-1-768x512.jpg 768w, https:\/\/clinicajaimeicatarroja.com\/blog\/wp-content\/uploads\/2023\/07\/mujer-joven-haciendo-ejercicio-1.jpg 1200w\" sizes=\"(max-width: 1024px) 100vw, 1024px\" \/><\/a><figcaption class=\"wp-element-caption\">corredores-con-tendinitis-de-carrara<\/figcaption><\/figure>\n\n\n\n<h2 class=\"wp-block-heading\" id=\"factores-de-riesgo-y-prevencion\">Factores de riesgo y prevenci\u00f3n<\/h2>\n\n\n\n<p>La tendinitis de cadera es m\u00e1s com\u00fan en aquellos que practican deportes de alta intensidad como correr, andar en bicicleta o nadar. Estos atletas est\u00e1n expuestos a movimientos repetitivos y estr\u00e9s constante en la cadera, lo que aumenta el riesgo de desarrollar esta condici\u00f3n dolorosa.&nbsp;<\/p>\n\n\n\n<h3 class=\"wp-block-heading\" id=\"atletas-y-deportes-de-alta-intensidad\"><strong>Atletas y deportes de alta intensidad<\/strong><\/h3>\n\n\n\n<p>Los deportes de alto impacto y las actividades que implican movimientos repetitivos de la cadera pueden contribuir al desarrollo de la tendinitis. Los corredores, en particular, est\u00e1n expuestos a un mayor riesgo debido a la tensi\u00f3n constante en los tendones de la cadera durante la carrera. De manera similar, los ciclistas y nadadores pueden experimentar una mayor prevalencia de tendinitis de cadera debido al movimiento repetitivo de las piernas en estas actividades. Adem\u00e1s, los deportes que requieren cambios bruscos de direcci\u00f3n y movimientos r\u00e1pidos tambi\u00e9n pueden aumentar el riesgo de sufrir esta afecci\u00f3n.<\/p>\n\n\n\n<figure class=\"wp-block-image size-large\"><a href=\"https:\/\/clinicajaimeicatarroja.com\/blog\/wp-content\/uploads\/2023\/07\/hay-riesgo-lesiones-1.jpg\"><img decoding=\"async\" width=\"1024\" height=\"683\" src=\"https:\/\/clinicajaimeicatarroja.com\/blog\/wp-content\/uploads\/2023\/07\/hay-riesgo-lesiones-1-1024x683.jpg\" alt=\"tendinitis-de-cadera-en-valencia\" class=\"wp-image-15427\" title=\"\" srcset=\"https:\/\/clinicajaimeicatarroja.com\/blog\/wp-content\/uploads\/2023\/07\/hay-riesgo-lesiones-1-1024x683.jpg 1024w, https:\/\/clinicajaimeicatarroja.com\/blog\/wp-content\/uploads\/2023\/07\/hay-riesgo-lesiones-1-300x200.jpg 300w, https:\/\/clinicajaimeicatarroja.com\/blog\/wp-content\/uploads\/2023\/07\/hay-riesgo-lesiones-1-768x512.jpg 768w, https:\/\/clinicajaimeicatarroja.com\/blog\/wp-content\/uploads\/2023\/07\/hay-riesgo-lesiones-1.jpg 1200w\" sizes=\"(max-width: 1024px) 100vw, 1024px\" \/><\/a><figcaption class=\"wp-element-caption\">deportes de alto impacto<\/figcaption><\/figure>\n\n\n\n<h3 class=\"wp-block-heading\" id=\"como-prevenir-la-tendinitis-de-cadera\"><strong>C\u00f3mo prevenir la tendinitis de cadera<\/strong><\/h3>\n\n\n\n<ul class=\"wp-block-list\">\n<li>Mantener un nivel adecuado de actividad f\u00edsica, evitando el sobreuso de la cadera y alternando los diferentes tipos de ejercicios.<\/li>\n\n\n\n<li>Realizar un calentamiento adecuado antes de la pr\u00e1ctica deportiva, incluyendo estiramientos espec\u00edficos de la cadera para preparar los m\u00fasculos y tendones.<\/li>\n\n\n\n<li>Utilizar un calzado adecuado y amortiguado para ayudar a absorber el impacto en las articulaciones.<\/li>\n\n\n\n<li>Escuchar al cuerpo y descansar cuando se sienta dolor o fatiga en la cadera.<\/li>\n\n\n\n<li>Evitar actividades que puedan causar una desigualdad en la pelvis o un esfuerzo excesivo en los tendones de la cadera.<\/li>\n\n\n\n<li>Mantener un peso corporal saludable para reducir la carga sobre las articulaciones de la cadera.<\/li>\n\n\n\n<li>Incluir ejercicios de fortalecimiento y estiramiento de la cadera en el entrenamiento regular para mantener los m\u00fasculos y tendones fuertes y flexibles.<\/li>\n<\/ul>\n\n\n\n<p>Siempre es importante recordar que la prevenci\u00f3n es fundamental para evitar el desarrollo de la tendinitis de cadera. Tomar medidas proactivas para cuidar la cadera y evitar la sobrecarga y el estr\u00e9s excesivo en los tendones puede ayudar a reducir el riesgo de sufrir esta dolorosa afecci\u00f3n.<\/p>\n\n\n\n<figure class=\"wp-block-image size-large\"><a href=\"https:\/\/clinicajaimeicatarroja.com\/blog\/wp-content\/uploads\/2023\/07\/radiografia-espinal-1.jpg\"><img decoding=\"async\" width=\"1024\" height=\"683\" src=\"https:\/\/clinicajaimeicatarroja.com\/blog\/wp-content\/uploads\/2023\/07\/radiografia-espinal-1-1024x683.jpg\" alt=\"tendinitis-de-cadera-en-valencia\" class=\"wp-image-15434\" title=\"\" srcset=\"https:\/\/clinicajaimeicatarroja.com\/blog\/wp-content\/uploads\/2023\/07\/radiografia-espinal-1-1024x683.jpg 1024w, https:\/\/clinicajaimeicatarroja.com\/blog\/wp-content\/uploads\/2023\/07\/radiografia-espinal-1-300x200.jpg 300w, https:\/\/clinicajaimeicatarroja.com\/blog\/wp-content\/uploads\/2023\/07\/radiografia-espinal-1-768x512.jpg 768w, https:\/\/clinicajaimeicatarroja.com\/blog\/wp-content\/uploads\/2023\/07\/radiografia-espinal-1.jpg 1200w\" sizes=\"(max-width: 1024px) 100vw, 1024px\" \/><\/a><figcaption class=\"wp-element-caption\">radiografia-cadera<\/figcaption><\/figure>\n\n\n\n<h2 class=\"wp-block-heading\" id=\"diagnostico-de-la-tendinitis-de-cadera\">Diagn\u00f3stico de la tendinitis de cadera<\/h2>\n\n\n\n<p>El diagn\u00f3stico de la tendinitis de cadera se basa en el examen f\u00edsico y las pruebas de imagen. Estas herramientas permiten al m\u00e9dico evaluar los s\u00edntomas del paciente y confirmar la presencia de la inflamaci\u00f3n en el tend\u00f3n de la cadera.<\/p>\n\n\n\n<h3 class=\"wp-block-heading\" id=\"examen-fisico-y-pruebas-de-imagen\">Examen f\u00edsico y pruebas de imagen<\/h3>\n\n\n\n<p>En el <strong>examen f\u00edsico<\/strong>, el m\u00e9dico realizar\u00e1 diferentes maniobras para evaluar la movilidad de la cadera y buscar signos de sensibilidad o dolor en el \u00e1rea afectada. Esto puede incluir movimientos espec\u00edficos, como girar la pierna hacia adentro y hacia afuera o flexionar y extender la cadera.<\/p>\n\n\n\n<p>Adem\u00e1s del examen f\u00edsico, se pueden requerir <strong>pruebas de imagen<\/strong> para confirmar el diagn\u00f3stico de tendinitis de cadera. Las <strong>radiograf\u00edas<\/strong> pueden mostrar si hay alguna anormalidad en la estructura \u00f3sea de la cadera, como espolones \u00f3seos o desgaste articular. Las resonancias magn\u00e9ticas, por otro lado, proporcionan im\u00e1genes detalladas de los tendones, m\u00fasculos y tejidos blandos, permitiendo detectar la inflamaci\u00f3n y evaluar el estado del tend\u00f3n afectado.<\/p>\n\n\n\n<p>En algunos casos, se pueden solicitar <strong>gammagraf\u00edas \u00f3seas <\/strong>para descartar la presencia de otras afecciones, como fracturas por estr\u00e9s o infecciones \u00f3seas.<\/p>\n\n\n\n<figure class=\"wp-block-image size-large\"><a href=\"https:\/\/clinicajaimeicatarroja.com\/blog\/wp-content\/uploads\/2023\/07\/medico-explicando-columna-su-paciente-1.jpg\"><img decoding=\"async\" width=\"1024\" height=\"683\" src=\"https:\/\/clinicajaimeicatarroja.com\/blog\/wp-content\/uploads\/2023\/07\/medico-explicando-columna-su-paciente-1-1024x683.jpg\" alt=\"tendinitis-de-cadera-en-valencia\" class=\"wp-image-15428\" title=\"\" srcset=\"https:\/\/clinicajaimeicatarroja.com\/blog\/wp-content\/uploads\/2023\/07\/medico-explicando-columna-su-paciente-1-1024x683.jpg 1024w, https:\/\/clinicajaimeicatarroja.com\/blog\/wp-content\/uploads\/2023\/07\/medico-explicando-columna-su-paciente-1-300x200.jpg 300w, https:\/\/clinicajaimeicatarroja.com\/blog\/wp-content\/uploads\/2023\/07\/medico-explicando-columna-su-paciente-1-768x512.jpg 768w, https:\/\/clinicajaimeicatarroja.com\/blog\/wp-content\/uploads\/2023\/07\/medico-explicando-columna-su-paciente-1.jpg 1200w\" sizes=\"(max-width: 1024px) 100vw, 1024px\" \/><\/a><figcaption class=\"wp-element-caption\">tendiinitis-de-cadera-valencia<\/figcaption><\/figure>\n\n\n\n<h3 class=\"wp-block-heading\" id=\"otros-tipos-de-tendinopatias-de-cadera\">Otros tipos de tendinopat\u00edas de cadera<\/h3>\n\n\n\n<p>Adem\u00e1s de la tendinitis de cadera, existen otros tipos de tendinopat\u00edas que pueden afectar la articulaci\u00f3n de la cadera. Estas incluyen:<\/p>\n\n\n\n<ul class=\"wp-block-list\">\n<li><strong>Tendinitis del psoas il\u00edaco:<\/strong>&nbsp;inflamaci\u00f3n del tend\u00f3n que conecta el m\u00fasculo psoas mayor con la cadera.<\/li>\n\n\n\n<li><strong><a href=\"https:\/\/clinicajaimeicatarroja.com\/blog\/trocanteritis\">Trocanteritis<\/a>:<\/strong>&nbsp;inflamaci\u00f3n del tend\u00f3n de los m\u00fasculos gl\u00fateos que se encuentran en la parte lateral de la cadera.<\/li>\n\n\n\n<li><strong>Lesi\u00f3n del gl\u00fateo medio:<\/strong>&nbsp;da\u00f1o en el tend\u00f3n del m\u00fasculo gl\u00fateo medio, que puede causar dolor en la cadera y debilidad muscular.<\/li>\n\n\n\n<li><strong>Tendinopat\u00eda de los isquiotibiales y el s\u00edndrome del espacio subgl\u00fateo:<\/strong>&nbsp;afectan a los tendones de los m\u00fasculos isquiotibiales y los m\u00fasculos ubicados en la parte posterior de la cadera y dorso de la pierna.<\/li>\n\n\n\n<li><strong>Tendinopat\u00eda de los aductores y osteopat\u00eda de pubis:<\/strong>&nbsp;inflamaci\u00f3n o lesi\u00f3n en los tendones que conectan los m\u00fasculos aductores de la cadera y el pubis.<\/li>\n<\/ul>\n\n\n\n<p>Es importante destacar que cada tipo de tendinopat\u00eda requiere un enfoque de tratamiento espec\u00edfico, dependiendo de la localizaci\u00f3n y gravedad de la lesi\u00f3n.<\/p>\n\n\n\n<figure class=\"wp-block-image size-large\"><a href=\"https:\/\/clinicajaimeicatarroja.com\/blog\/wp-content\/uploads\/2023\/07\/osteopata-1.jpg\"><img decoding=\"async\" width=\"1024\" height=\"684\" src=\"https:\/\/clinicajaimeicatarroja.com\/blog\/wp-content\/uploads\/2023\/07\/osteopata-1-1024x684.jpg\" alt=\"tendinitis-de-cadera-en-valencia\" class=\"wp-image-15435\" title=\"\" srcset=\"https:\/\/clinicajaimeicatarroja.com\/blog\/wp-content\/uploads\/2023\/07\/osteopata-1-1024x684.jpg 1024w, https:\/\/clinicajaimeicatarroja.com\/blog\/wp-content\/uploads\/2023\/07\/osteopata-1-300x200.jpg 300w, https:\/\/clinicajaimeicatarroja.com\/blog\/wp-content\/uploads\/2023\/07\/osteopata-1-768x513.jpg 768w, https:\/\/clinicajaimeicatarroja.com\/blog\/wp-content\/uploads\/2023\/07\/osteopata-1.jpg 1200w\" sizes=\"(max-width: 1024px) 100vw, 1024px\" \/><\/a><figcaption class=\"wp-element-caption\">Tendinitis-de-cadera<\/figcaption><\/figure>\n\n\n\n<h2 class=\"wp-block-heading\" id=\"tratamiento-de-la-tendinitis-de-cadera\"><a href=\"https:\/\/clinicajaimeicatarroja.com\/especialidades\/cirugia-ortopedica-y-traumatologia\/cirugia-de-cadera-y-pelvis-valencia\" target=\"_blank\" rel=\"noreferrer noopener\">Tratamiento de la tendinitis de cadera<\/a><\/h2>\n\n\n\n<p>El <strong>tratamiento de la tendinitis de cadera<\/strong> tiene como objetivo principal reducir la inflamaci\u00f3n y aliviar el dolor asociado. A continuaci\u00f3n, se presentan diferentes enfoques utilizados en el tratamiento de esta condici\u00f3n:<\/p>\n\n\n\n<h3 class=\"wp-block-heading\" id=\"enfoque-para-reducir-la-inflamacion-y-el-dolor\">Enfoque para reducir la inflamaci\u00f3n y el dolor<\/h3>\n\n\n\n<p>Para reducir la inflamaci\u00f3n y el dolor en la cadera afectada por la tendinitis, se pueden aplicar diversas medidas. Estas pueden incluir:<\/p>\n\n\n\n<ul class=\"wp-block-list\">\n<li><strong>Reposo:<\/strong> Es fundamental descansar la cadera y evitar actividades que puedan empeorar los s\u00edntomas. Se recomienda limitar la carga y el impacto sobre la articulaci\u00f3n.<\/li>\n\n\n\n<li><strong>Terapia RICE<\/strong>: La aplicaci\u00f3n de hielo en la zona inflamada puede ayudar a reducir la hinchaz\u00f3n y aliviar el dolor. Adem\u00e1s, se puede utilizar compresi\u00f3n mediante vendajes o prendas de compresi\u00f3n y elevar la pierna afectada para disminuir la inflamaci\u00f3n.<\/li>\n<\/ul>\n\n\n\n<h3 class=\"wp-block-heading\" id=\"terapia-rice-y-analgesicos-de-venta-libre\">Terapia RICE y analg\u00e9sicos de venta libre<\/h3>\n\n\n\n<p>Adem\u00e1s de la terapia RICE, en algunos casos se pueden utilizar analg\u00e9sicos de venta libre para aliviar el dolor asociado a la tendinitis de cadera. Estos medicamentos, como el ibuprofeno o el paracetamol, pueden ser eficaces para reducir el malestar y la inflamaci\u00f3n en la articulaci\u00f3n afectada.<\/p>\n\n\n\n<figure class=\"wp-block-image size-large\"><a href=\"https:\/\/clinicajaimeicatarroja.com\/blog\/wp-content\/uploads\/2023\/07\/fisioterapia-1-4.jpg\"><img decoding=\"async\" width=\"683\" height=\"1024\" src=\"https:\/\/clinicajaimeicatarroja.com\/blog\/wp-content\/uploads\/2023\/07\/fisioterapia-1-4-683x1024.jpg\" alt=\"tendinitis-de-cadera-en-valencia\" class=\"wp-image-15429\" title=\"\" srcset=\"https:\/\/clinicajaimeicatarroja.com\/blog\/wp-content\/uploads\/2023\/07\/fisioterapia-1-4-683x1024.jpg 683w, https:\/\/clinicajaimeicatarroja.com\/blog\/wp-content\/uploads\/2023\/07\/fisioterapia-1-4-200x300.jpg 200w, https:\/\/clinicajaimeicatarroja.com\/blog\/wp-content\/uploads\/2023\/07\/fisioterapia-1-4-768x1152.jpg 768w, https:\/\/clinicajaimeicatarroja.com\/blog\/wp-content\/uploads\/2023\/07\/fisioterapia-1-4.jpg 800w\" sizes=\"(max-width: 683px) 100vw, 683px\" \/><\/a><figcaption class=\"wp-element-caption\">fisioterapia-de-cadera<\/figcaption><\/figure>\n\n\n\n<h3 class=\"wp-block-heading\" id=\"papel-de-la-fisioterapia-en-la-rehabilitacion\">Papel de la fisioterapia en la rehabilitaci\u00f3n<\/h3>\n\n\n\n<p>La <strong>fisioterapia<\/strong> desempe\u00f1a un papel fundamental en el tratamiento y rehabilitaci\u00f3n de la tendinitis de cadera. Mediante ejercicios espec\u00edficos de estiramiento y fortalecimiento de los m\u00fasculos que rodean la articulaci\u00f3n de la cadera, se puede mejorar la estabilidad y reducir la tensi\u00f3n en los tendones afectados. Adem\u00e1s, el fisioterapeuta puede utilizar t\u00e9cnicas como masajes, terapia manual y modalidades f\u00edsicas para aliviar el dolor y promover la curaci\u00f3n.<\/p>\n\n\n\n<h3 class=\"wp-block-heading\" id=\"consideraciones-sobre-la-cirugia-y-terapias-biologicas\">Consideraciones sobre la cirug\u00eda y terapias biol\u00f3gicas<\/h3>\n\n\n\n<p>En <strong>casos graves<\/strong> o cuando otras medidas no han sido efectivas, el m\u00e9dico puede considerar la <strong>opci\u00f3n de cirug\u00eda<\/strong>. Esta puede implicar la reparaci\u00f3n del tend\u00f3n o la eliminaci\u00f3n de tejido inflamado. Asimismo, existen terapias biol\u00f3gicas en las que se utilizan factores de crecimiento o c\u00e9lulas madre para estimular la curaci\u00f3n de los tendones da\u00f1ados. Estas opciones deben ser evaluadas y recomendadas por un especialista en ortopedia.<\/p>\n\n\n\n<figure class=\"wp-block-image size-large\"><a href=\"https:\/\/clinicajaimeicatarroja.com\/blog\/wp-content\/uploads\/2023\/07\/cirugia-1-5.jpg\"><img decoding=\"async\" width=\"1024\" height=\"683\" src=\"https:\/\/clinicajaimeicatarroja.com\/blog\/wp-content\/uploads\/2023\/07\/cirugia-1-5-1024x683.jpg\" alt=\"tendinitis-de-cadera-en-valencia\" class=\"wp-image-15436\" title=\"\" srcset=\"https:\/\/clinicajaimeicatarroja.com\/blog\/wp-content\/uploads\/2023\/07\/cirugia-1-5-1024x683.jpg 1024w, https:\/\/clinicajaimeicatarroja.com\/blog\/wp-content\/uploads\/2023\/07\/cirugia-1-5-300x200.jpg 300w, https:\/\/clinicajaimeicatarroja.com\/blog\/wp-content\/uploads\/2023\/07\/cirugia-1-5-768x512.jpg 768w, https:\/\/clinicajaimeicatarroja.com\/blog\/wp-content\/uploads\/2023\/07\/cirugia-1-5.jpg 1200w\" sizes=\"(max-width: 1024px) 100vw, 1024px\" \/><\/a><figcaption class=\"wp-element-caption\">cirigia-de-cadera<\/figcaption><\/figure>\n\n\n\n<h2 class=\"wp-block-heading\" id=\"recomendaciones-y-ejercicios-para-aliviar-el-dolor\">Recomendaciones y ejercicios para aliviar el dolor<\/h2>\n\n\n\n<p>La tendinitis de cadera puede ser una condici\u00f3n dolorosa y debilitante. Afortunadamente, existen varias recomendaciones y ejercicios que pueden ayudar a aliviar el dolor y promover la recuperaci\u00f3n. A continuaci\u00f3n, se presentan algunas opciones que puedes considerar:<\/p>\n\n\n\n<h3 class=\"wp-block-heading\" id=\"ejercicios-de-estiramiento-y-fortalecimiento\">Ejercicios de estiramiento y fortalecimiento<\/h3>\n\n\n\n<p>Los ejercicios de estiramiento y fortalecimiento pueden desempe\u00f1ar un papel importante en el tratamiento de la tendinitis de cadera. Estos ejercicios pueden ayudar a reducir la rigidez, aumentar la flexibilidad y fortalecer los m\u00fasculos alrededor de la cadera.<\/p>\n\n\n\n<ul class=\"wp-block-list\">\n<li><strong>Estiramiento del cu\u00e1driceps:<\/strong> Col\u00f3cate de pie, sujeta tu pie con la mano y lleva el tal\u00f3n hacia el gl\u00fateo. Mant\u00e9n la posici\u00f3n durante 30 segundos y luego repite con la otra pierna.<\/li>\n\n\n\n<li><strong>Estiramiento de los isquiotibiales:<\/strong> Si\u00e9ntate en el suelo con una pierna extendida y la otra doblada. Incl\u00ednate hacia adelante, mant\u00e9n la posici\u00f3n durante 30 segundos y luego cambia de pierna.<\/li>\n\n\n\n<li><strong>Ejercicio de la mariposa:<\/strong> Si\u00e9ntate en el suelo con las plantas de los pies juntas y las rodillas hacia afuera. Empuja suavemente tus rodillas hacia el suelo y mant\u00e9n la posici\u00f3n durante 30 segundos.<\/li>\n\n\n\n<li><strong>Ejercicio de fortalecimiento de los gl\u00fateos:<\/strong> Recu\u00e9state boca arriba con las rodillas dobladas y los pies apoyados en el suelo. Levanta lentamente las caderas hacia arriba, apretando los gl\u00fateos y mant\u00e9n la posici\u00f3n durante unos segundos antes de bajar.<\/li>\n<\/ul>\n\n\n\n<figure class=\"wp-block-image size-large\"><a href=\"https:\/\/clinicajaimeicatarroja.com\/blog\/wp-content\/uploads\/2023\/07\/clase-1.jpg\"><img decoding=\"async\" width=\"1024\" height=\"683\" src=\"https:\/\/clinicajaimeicatarroja.com\/blog\/wp-content\/uploads\/2023\/07\/clase-1-1024x683.jpg\" alt=\"tendinitis-de-cadera-en-valencia\" class=\"wp-image-15430\" title=\"\" srcset=\"https:\/\/clinicajaimeicatarroja.com\/blog\/wp-content\/uploads\/2023\/07\/clase-1-1024x683.jpg 1024w, https:\/\/clinicajaimeicatarroja.com\/blog\/wp-content\/uploads\/2023\/07\/clase-1-300x200.jpg 300w, https:\/\/clinicajaimeicatarroja.com\/blog\/wp-content\/uploads\/2023\/07\/clase-1-768x512.jpg 768w, https:\/\/clinicajaimeicatarroja.com\/blog\/wp-content\/uploads\/2023\/07\/clase-1.jpg 1200w\" sizes=\"(max-width: 1024px) 100vw, 1024px\" \/><\/a><figcaption class=\"wp-element-caption\">ejercicos-de-cadera<\/figcaption><\/figure>\n\n\n\n<h3 class=\"wp-block-heading\" id=\"cuidados-al-realizar-actividades-diarias\">Cuidados al realizar actividades diarias<\/h3>\n\n\n\n<p>Es importante tener en cuenta algunos cuidados al realizar actividades diarias para evitar agravar la tendinitis de cadera:<\/p>\n\n\n\n<ul class=\"wp-block-list\">\n<li>Evitar movimientos bruscos: Evita movimientos bruscos o repentinos que puedan ejercer tensi\u00f3n adicional en los tendones de la cadera.<\/li>\n\n\n\n<li>Realizar descansos frecuentes: Si realizas actividades que implican estar de pie durante largos per\u00edodos de tiempo, aseg\u00farate de tomar descansos frecuentes para aliviar la presi\u00f3n en la cadera.<\/li>\n\n\n\n<li>Modificar tu rutina de ejercicio: Si practicas deportes de alta intensidad, considera reducir la intensidad o cambiar a actividades de bajo impacto para dar tiempo de descanso a la cadera.<\/li>\n<\/ul>\n\n\n\n<h3 class=\"wp-block-heading\" id=\"importancia-de-un-buen-descanso-y-postura\">Importancia de un buen descanso y postura<\/h3>\n\n\n\n<p>El descanso adecuado y una buena postura tambi\u00e9n son factores clave para aliviar el dolor de la tendinitis de cadera:<\/p>\n\n\n\n<ul class=\"wp-block-list\">\n<li>Dormir en una posici\u00f3n adecuada: Intenta dormir de lado con la cadera no afectada apoyada en el colch\u00f3n y una almohada entre las rodillas. Esto puede ayudar a mantener una alineaci\u00f3n adecuada de la cadera durante el sue\u00f1o.<\/li>\n\n\n\n<li>Evitar posturas prolongadas: Evita permanecer en una misma posici\u00f3n durante largos per\u00edodos de tiempo, ya sea sentado o de pie. Realiza descansos frecuentes y cambia de posici\u00f3n para evitar la sobrecarga en la cadera.<\/li>\n<\/ul>\n\n\n\n<p>Toma nota de estas recomendaciones y ejercicios para aliviar el dolor de la tendinitis de cadera. Recuerda siempre consultar con un profesional de la salud antes de comenzar cualquier programa de ejercicios o tratamiento espec\u00edfico para tu caso. Con el cuidado adecuado, podr\u00e1s mejorar y recuperar la movilidad de tu cadera afectada por esta condici\u00f3n.<\/p>\n\n\n\n<figure class=\"wp-block-image size-large\"><a href=\"https:\/\/clinicajaimeicatarroja.com\/blog\/wp-content\/uploads\/2023\/07\/esqueleto-3d-dolor-pierna-1.jpg\"><img decoding=\"async\" width=\"788\" height=\"1024\" src=\"https:\/\/clinicajaimeicatarroja.com\/blog\/wp-content\/uploads\/2023\/07\/esqueleto-3d-dolor-pierna-1-788x1024.jpg\" alt=\"tendinitis-de-cadera-en-valencia\" class=\"wp-image-15431\" title=\"\" srcset=\"https:\/\/clinicajaimeicatarroja.com\/blog\/wp-content\/uploads\/2023\/07\/esqueleto-3d-dolor-pierna-1-788x1024.jpg 788w, https:\/\/clinicajaimeicatarroja.com\/blog\/wp-content\/uploads\/2023\/07\/esqueleto-3d-dolor-pierna-1-231x300.jpg 231w, https:\/\/clinicajaimeicatarroja.com\/blog\/wp-content\/uploads\/2023\/07\/esqueleto-3d-dolor-pierna-1-768x998.jpg 768w, https:\/\/clinicajaimeicatarroja.com\/blog\/wp-content\/uploads\/2023\/07\/esqueleto-3d-dolor-pierna-1.jpg 800w\" sizes=\"(max-width: 788px) 100vw, 788px\" \/><\/a><figcaption class=\"wp-element-caption\">lesion-cadera<\/figcaption><\/figure>\n\n\n\n<h2 class=\"wp-block-heading\" id=\"otras-afecciones-relacionadas-con-la-cadera\">Otras afecciones relacionadas con la cadera<\/h2>\n\n\n\n<p>Adem\u00e1s de la tendinitis de cadera, existen otras afecciones que pueden afectar esta articulaci\u00f3n y causar diversos s\u00edntomas. A continuaci\u00f3n, se describen tres de estas afecciones:<\/p>\n\n\n\n<h3 class=\"wp-block-heading\" id=\"artrosis-de-cadera\">Artrosis de cadera<\/h3>\n\n\n\n<p>La<strong> artrosis de cadera<\/strong> es una enfermedad degenerativa que afecta al cart\u00edlago de la articulaci\u00f3n de la cadera. A medida que avanza, el cart\u00edlago se desgasta, lo que provoca dolor, rigidez y dificultad para mover la pierna afectada. La artrosis de cadera puede ser causada por el envejecimiento, lesiones previas, sobrepeso u otros factores. El tratamiento puede incluir medicamentos para el dolor, terapias f\u00edsicas, modificaciones en el estilo de vida e incluso cirug\u00eda de reemplazo de cadera en casos severos.<\/p>\n\n\n\n<h3 class=\"wp-block-heading\" id=\"displasia-de-cadera\">Displasia de cadera<\/h3>\n\n\n\n<p>La <strong>displasia de cadera<\/strong> es una condici\u00f3n en la que la articulaci\u00f3n de la cadera se desarrolla de manera anormal, lo que puede causar una mala alineaci\u00f3n de la cabeza del f\u00e9mur y el acet\u00e1bulo. Esto puede llevar a una falta de estabilidad y m\u00e1s tarde provocar dolor, cojera y dificultad para caminar. La displasia de cadera puede ser cong\u00e9nita o adquirida, y el tratamiento puede incluir terapia f\u00edsica, f\u00e9rulas o dispositivos ortop\u00e9dicos, y en algunos casos, cirug\u00eda correctiva.<\/p>\n\n\n\n<h3 class=\"wp-block-heading\" id=\"choque-femoroacetabular\">Choque femoroacetabular<\/h3>\n\n\n\n<p>El <strong>choque femoroacetabular<\/strong> es una condici\u00f3n en la que hay una interferencia anormal entre el hueso del f\u00e9mur y el acet\u00e1bulo de la cadera durante el movimiento. Esto puede ser causado por una forma anormal de los huesos o alteraciones en la estructura de la articulaci\u00f3n. El choque femoroacetabular puede provocar dolor en la ingle, cadera o zona lumbar, as\u00ed como rigidez y disminuci\u00f3n de la movilidad. El tratamiento puede incluir terapia f\u00edsica, medicamentos para el dolor y, en casos graves, cirug\u00eda para corregir la forma de los huesos o reparar los tejidos da\u00f1ados.<\/p>\n","protected":false},"excerpt":{"rendered":"<p>La tendinitis de cadera es una inflamaci\u00f3n dolorosa del tend\u00f3n de la cadera. Se caracteriza por causar dolor, sensibilidad e hinchaz\u00f3n cerca de la articulaci\u00f3n afectada. Principalmente afecta a atletas que practican deportes de alta intensidad como correr, andar en bicicleta o nadar. Entre los s\u00edntomas m\u00e1s comunes se encuentran el dolor gradual en la [&hellip;]<\/p>\n","protected":false},"author":1,"featured_media":15424,"comment_status":"open","ping_status":"open","sticky":false,"template":"","format":"standard","meta":{"footnotes":""},"categories":[306],"tags":[],"class_list":["post-15403","post","type-post","status-publish","format-standard","has-post-thumbnail","hentry","category-traumatologia"],"_links":{"self":[{"href":"https:\/\/clinicajaimeicatarroja.com\/blog\/wp-json\/wp\/v2\/posts\/15403","targetHints":{"allow":["GET"]}}],"collection":[{"href":"https:\/\/clinicajaimeicatarroja.com\/blog\/wp-json\/wp\/v2\/posts"}],"about":[{"href":"https:\/\/clinicajaimeicatarroja.com\/blog\/wp-json\/wp\/v2\/types\/post"}],"author":[{"embeddable":true,"href":"https:\/\/clinicajaimeicatarroja.com\/blog\/wp-json\/wp\/v2\/users\/1"}],"replies":[{"embeddable":true,"href":"https:\/\/clinicajaimeicatarroja.com\/blog\/wp-json\/wp\/v2\/comments?post=15403"}],"version-history":[{"count":4,"href":"https:\/\/clinicajaimeicatarroja.com\/blog\/wp-json\/wp\/v2\/posts\/15403\/revisions"}],"predecessor-version":[{"id":15711,"href":"https:\/\/clinicajaimeicatarroja.com\/blog\/wp-json\/wp\/v2\/posts\/15403\/revisions\/15711"}],"wp:featuredmedia":[{"embeddable":true,"href":"https:\/\/clinicajaimeicatarroja.com\/blog\/wp-json\/wp\/v2\/media\/15424"}],"wp:attachment":[{"href":"https:\/\/clinicajaimeicatarroja.com\/blog\/wp-json\/wp\/v2\/media?parent=15403"}],"wp:term":[{"taxonomy":"category","embeddable":true,"href":"https:\/\/clinicajaimeicatarroja.com\/blog\/wp-json\/wp\/v2\/categories?post=15403"},{"taxonomy":"post_tag","embeddable":true,"href":"https:\/\/clinicajaimeicatarroja.com\/blog\/wp-json\/wp\/v2\/tags?post=15403"}],"curies":[{"name":"wp","href":"https:\/\/api.w.org\/{rel}","templated":true}]}}