{"id":15154,"date":"2023-07-20T22:11:58","date_gmt":"2023-07-20T20:11:58","guid":{"rendered":"https:\/\/clinicajaimeicatarroja.com\/blog\/?p=15154"},"modified":"2023-07-20T22:12:00","modified_gmt":"2023-07-20T20:12:00","slug":"artrosis-facetaria","status":"publish","type":"post","link":"https:\/\/clinicajaimeicatarroja.com\/blog\/artrosis-facetaria","title":{"rendered":"Artrosis facetaria: causas, s\u00edntomas y tratamientos"},"content":{"rendered":"\n<p>La <strong>artrosis facetaria <\/strong>es una condici\u00f3n que afecta las <strong>articulaciones de la columna vertebral.<\/strong> Se produce por el <strong>desgaste del cart\u00edlago<\/strong> y puede causar <strong>dolor lumbar cr\u00f3nico, rigidez e inmovilidad<\/strong>. Se<strong> diagnostica <\/strong>mediante <strong>pruebas de imagen<\/strong> y <strong>bloqueo facetario<\/strong>. El <strong>tratamiento<\/strong> incluye<strong> medicamentos, fisioterapia<\/strong> y, en casos graves, cirug\u00eda. Se puede prevenir manteniendo h\u00e1bitos de vida saludables, una alimentaci\u00f3n equilibrada y realizando ejercicio moderado de bajo impacto. En algunos casos, la <strong><a href=\"https:\/\/clinicajaimeicatarroja.com\/especialidades\/cirugia-ortopedica-y-traumatologia\/cirugia-de-columna-vertebral-valencia\" target=\"_blank\" rel=\"noreferrer noopener\">cirug\u00eda<\/a><\/strong> puede ser necesaria si hay <strong>estenosis foraminal, <a href=\"https:\/\/clinicajaimeicatarroja.com\/blog\/hernia-discal\" target=\"_blank\" rel=\"noreferrer noopener\">hernia discal<\/a> o cambios degenerativos avanzados<\/strong> en la columna.<\/p>\n\n\n\n<figure class=\"wp-block-image size-large\"><a href=\"https:\/\/clinicajaimeicatarroja.com\/blog\/wp-content\/uploads\/2023\/07\/Osteoarthritis-spine-1.jpg\"><img decoding=\"async\" width=\"1024\" height=\"579\" src=\"https:\/\/clinicajaimeicatarroja.com\/blog\/wp-content\/uploads\/2023\/07\/Osteoarthritis-spine-1-1024x579.jpg\" alt=\"\" class=\"wp-image-15210\" title=\"\" srcset=\"https:\/\/clinicajaimeicatarroja.com\/blog\/wp-content\/uploads\/2023\/07\/Osteoarthritis-spine-1-1024x579.jpg 1024w, https:\/\/clinicajaimeicatarroja.com\/blog\/wp-content\/uploads\/2023\/07\/Osteoarthritis-spine-1-300x170.jpg 300w, https:\/\/clinicajaimeicatarroja.com\/blog\/wp-content\/uploads\/2023\/07\/Osteoarthritis-spine-1-768x434.jpg 768w, https:\/\/clinicajaimeicatarroja.com\/blog\/wp-content\/uploads\/2023\/07\/Osteoarthritis-spine-1.jpg 1200w\" sizes=\"(max-width: 1024px) 100vw, 1024px\" \/><\/a><figcaption class=\"wp-element-caption\">artrosis facetaria<\/figcaption><\/figure>\n\n\n\n<div class=\"wp-block-rank-math-toc-block\" id=\"rank-math-toc\"><h2>Indice de Contenido<\/h2><nav><ul><li class=\"\"><a href=\"#que-es-la-artrosis-facetaria\">Qu\u00e9 es la artrosis facetaria<\/a><ul><li class=\"\"><a href=\"#definicion-de-la-artrosis-facetaria\">Definici\u00f3n de la artrosis facetaria<\/a><\/li><li class=\"\"><a href=\"#causas-de-la-artrosis-facetaria\">Causas de la artrosis facetaria<\/a><\/li><li class=\"\"><a href=\"#factores-de-riesgo-para-desarrollar-artrosis-facetaria\">Factores de riesgo para desarrollar artrosis facetaria<\/a><\/li><\/ul><\/li><li class=\"\"><a href=\"#sintomas-de-la-artrosis-facetaria\">S\u00edntomas de la artrosis facetaria<\/a><ul><li class=\"\"><a href=\"#dolor-lumbar-cronico\">Dolor lumbar cr\u00f3nico<\/a><\/li><li class=\"\"><a href=\"#rigidez-e-inmovilidad\">Rigidez e inmovilidad<\/a><\/li><li class=\"\"><a href=\"#otros-sintomas-asociados\">Otros s\u00edntomas asociados<\/a><\/li><\/ul><\/li><li class=\"\"><a href=\"#diagnostico-de-la-artrosis-facetaria\">Diagn\u00f3stico de la artrosis facetaria<\/a><ul><li class=\"\"><a href=\"#pruebas-de-imagen\">Pruebas de imagen<\/a><\/li><li class=\"\"><a href=\"#bloqueo-facetario\">Bloqueo facetario<\/a><\/li><li class=\"\"><a href=\"#consulta-con-especialista-en-columna\">Consulta con especialista en columna<\/a><\/li><\/ul><\/li><li class=\"\"><a href=\"#tratamiento-de-la-artrosis-facetaria\">Tratamiento de la artrosis facetaria<\/a><ul><li class=\"\"><a href=\"#medicamentos-para-aliviar-los-sintomas\">Medicamentos para aliviar los s\u00edntomas<\/a><\/li><li class=\"\"><a href=\"#fisioterapia-y-rehabilitacion\">Fisioterapia y rehabilitaci\u00f3n<\/a><\/li><li class=\"\"><a href=\"#tecnica-de-rizolisis-facetaria\">T\u00e9cnica de riz\u00f3lisis facetaria<\/a><\/li><li class=\"\"><a href=\"#cirugia-como-ultimo-recurso\">Cirug\u00eda como \u00faltimo recurso<\/a><\/li><\/ul><\/li><li class=\"\"><a href=\"#prevencion-de-la-artrosis-facetaria\">Prevenci\u00f3n de la artrosis facetaria<\/a><ul><li class=\"\"><a href=\"#habitos-de-vida-saludables\">H\u00e1bitos de vida saludables<\/a><\/li><li class=\"\"><a href=\"#alimentacion-equilibrada\">Alimentaci\u00f3n equilibrada<\/a><\/li><li class=\"\"><a href=\"#ejercicio-moderado-de-bajo-impacto\">Ejercicio moderado de bajo impacto<\/a><\/li><\/ul><\/li><li class=\"\"><a href=\"#casos-en-los-que-es-necesario-realizar-cirugia\">Casos en los que es necesario realizar cirug\u00eda<\/a><ul><li class=\"\"><a href=\"#estenosis-foraminal\">Estenosis foraminal<\/a><\/li><li class=\"\"><a href=\"#hernia-discal\">Hernia discal<\/a><\/li><li class=\"\"><a href=\"#cambios-degenerativos-avanzados-en-la-columna\">Cambios degenerativos avanzados en la columna<\/a><\/li><\/ul><\/li><\/ul><\/nav><\/div>\n\n\n\n<figure class=\"wp-block-image size-full\"><a href=\"https:\/\/clinicajaimeicatarroja.com\/blog\/wp-content\/uploads\/2023\/07\/sindrome-facetario-lumbar-1.png\"><img decoding=\"async\" width=\"442\" height=\"455\" src=\"https:\/\/clinicajaimeicatarroja.com\/blog\/wp-content\/uploads\/2023\/07\/sindrome-facetario-lumbar-1.png\" alt=\"artrosis-facetaria-valencia\" class=\"wp-image-15196\" title=\"\" srcset=\"https:\/\/clinicajaimeicatarroja.com\/blog\/wp-content\/uploads\/2023\/07\/sindrome-facetario-lumbar-1.png 442w, https:\/\/clinicajaimeicatarroja.com\/blog\/wp-content\/uploads\/2023\/07\/sindrome-facetario-lumbar-1-291x300.png 291w\" sizes=\"(max-width: 442px) 100vw, 442px\" \/><\/a><\/figure>\n\n\n\n<h2 class=\"wp-block-heading\" id=\"que-es-la-artrosis-facetaria\">Qu\u00e9 es la artrosis facetaria<\/h2>\n\n\n\n<p>La <strong>artrosis facetaria<\/strong> es una <strong>patolog\u00eda que afecta a las articulaciones facetarias<\/strong> de la <a href=\"https:\/\/clinicajaimeicatarroja.com\/especialidades\/cirugia-ortopedica-y-traumatologia\/cirugia-de-columna-vertebral-valencia\/tratamiento-patologia-lumbar-valencia\" target=\"_blank\" rel=\"noreferrer noopener\">columna vertebral.<\/a> Estas <strong>articulaciones son las conexiones entre las v\u00e9rtebras y su funci\u00f3n principal es evitar y limitar la rotaci\u00f3n y desplazamiento anterior de las v\u00e9rtebras<\/strong>.<\/p>\n\n\n\n<h3 class=\"wp-block-heading\" id=\"definicion-de-la-artrosis-facetaria\">Definici\u00f3n de la artrosis facetaria<\/h3>\n\n\n\n<p>La <strong>artrosis facetaria<\/strong> es causada por el <strong>desgaste o degeneraci\u00f3n del cart\u00edlago de estas articulacione<\/strong>s, lo que provoca dolor lumbar cr\u00f3nico y afecta la movilidad de la columna vertebral. Se considera una forma com\u00fan de artrosis en personas mayores.<\/p>\n\n\n\n<figure class=\"wp-block-image size-large\"><a href=\"https:\/\/clinicajaimeicatarroja.com\/blog\/wp-content\/uploads\/2023\/07\/senior-hombre-trabajando-su-entrenador-1.jpg\"><img decoding=\"async\" width=\"1024\" height=\"683\" src=\"https:\/\/clinicajaimeicatarroja.com\/blog\/wp-content\/uploads\/2023\/07\/senior-hombre-trabajando-su-entrenador-1-1024x683.jpg\" alt=\"artrosis-facetaria-valencia\" class=\"wp-image-15211\" title=\"\" srcset=\"https:\/\/clinicajaimeicatarroja.com\/blog\/wp-content\/uploads\/2023\/07\/senior-hombre-trabajando-su-entrenador-1-1024x683.jpg 1024w, https:\/\/clinicajaimeicatarroja.com\/blog\/wp-content\/uploads\/2023\/07\/senior-hombre-trabajando-su-entrenador-1-300x200.jpg 300w, https:\/\/clinicajaimeicatarroja.com\/blog\/wp-content\/uploads\/2023\/07\/senior-hombre-trabajando-su-entrenador-1-768x512.jpg 768w, https:\/\/clinicajaimeicatarroja.com\/blog\/wp-content\/uploads\/2023\/07\/senior-hombre-trabajando-su-entrenador-1.jpg 1200w\" sizes=\"(max-width: 1024px) 100vw, 1024px\" \/><\/a><figcaption class=\"wp-element-caption\">artrosis facetaria<\/figcaption><\/figure>\n\n\n\n<h3 class=\"wp-block-heading\" id=\"causas-de-la-artrosis-facetaria\">Causas de la artrosis facetaria<\/h3>\n\n\n\n<p>La principal causa de la artrosis facetaria es <strong>el envejecimient<\/strong>o, ya que el desgaste y deterioro del cart\u00edlago es m\u00e1s com\u00fan en personas de edad avanzada. Otros factores que pueden contribuir a su desarrollo incluyen <strong>lesiones traum\u00e1ticas en la columna, malas posturas, sobrepeso y sobrecarga mec\u00e1nica repetitiva en la columna vertebral.<\/strong><\/p>\n\n\n\n<figure class=\"wp-block-image size-large\"><a href=\"https:\/\/clinicajaimeicatarroja.com\/blog\/wp-content\/uploads\/2023\/07\/mujer-senior-dolor-espalda-consultorio-medico-1.jpg\"><img decoding=\"async\" width=\"1024\" height=\"683\" src=\"https:\/\/clinicajaimeicatarroja.com\/blog\/wp-content\/uploads\/2023\/07\/mujer-senior-dolor-espalda-consultorio-medico-1-1024x683.jpg\" alt=\"artrosis-facetaria-valencia\" class=\"wp-image-15197\" title=\"\" srcset=\"https:\/\/clinicajaimeicatarroja.com\/blog\/wp-content\/uploads\/2023\/07\/mujer-senior-dolor-espalda-consultorio-medico-1-1024x683.jpg 1024w, https:\/\/clinicajaimeicatarroja.com\/blog\/wp-content\/uploads\/2023\/07\/mujer-senior-dolor-espalda-consultorio-medico-1-300x200.jpg 300w, https:\/\/clinicajaimeicatarroja.com\/blog\/wp-content\/uploads\/2023\/07\/mujer-senior-dolor-espalda-consultorio-medico-1-768x512.jpg 768w, https:\/\/clinicajaimeicatarroja.com\/blog\/wp-content\/uploads\/2023\/07\/mujer-senior-dolor-espalda-consultorio-medico-1.jpg 1200w\" sizes=\"(max-width: 1024px) 100vw, 1024px\" \/><\/a><figcaption class=\"wp-element-caption\">envejecimiento-artrosis-facetaria<\/figcaption><\/figure>\n\n\n\n<h3 class=\"wp-block-heading\" id=\"factores-de-riesgo-para-desarrollar-artrosis-facetaria\">Factores de riesgo para desarrollar artrosis facetaria<\/h3>\n\n\n\n<p>Algunos factores de riesgo para desarrollar artrosis facetaria incluyen la edad avanzada, antecedentes familiares de la enfermedad, traumatismos en la columna, obesidad, mala postura y trabajos que involucren movimientos repetitivos de la columna vertebral.<\/p>\n\n\n\n<h2 class=\"wp-block-heading\" id=\"sintomas-de-la-artrosis-facetaria\">S\u00edntomas de la artrosis facetaria<\/h2>\n\n\n\n<p>La <strong>artrosis facetaria <\/strong>se caracteriza por provocar una serie de s\u00edntomas que afectan la columna vertebral. Estos s\u00edntomas pueden variar en intensidad y duraci\u00f3n, y suelen empeorar con el tiempo si no se trata adecuadamente. A continuaci\u00f3n se detallan los principales s\u00edntomas asociados a la artrosis facetaria:<\/p>\n\n\n\n<h3 class=\"wp-block-heading\" id=\"dolor-lumbar-cronico\">Dolor lumbar cr\u00f3nico<\/h3>\n\n\n\n<p>El <strong>dolor lumbar cr\u00f3nico<\/strong> es uno de los s\u00edntomas m\u00e1s comunes de la artrosis facetaria. Este dolor se localiza espec\u00edficamente en la zona baja de la espalda y puede irradiarse hacia los gl\u00fateos y las piernas. El dolor suele ser constante, persistente y a menudo aumenta con la actividad f\u00edsica o despu\u00e9s de periodos prolongados de estar de pie o sentado. Adem\u00e1s, puede interferir en las actividades diarias y afectar la calidad de vida del paciente.<\/p>\n\n\n\n<figure class=\"wp-block-image size-large\"><a href=\"https:\/\/clinicajaimeicatarroja.com\/blog\/wp-content\/uploads\/2023\/07\/medico-paciente-senior-discutiendo-sobre-columna-vertebral-anatomica-1.jpg\"><img decoding=\"async\" width=\"1024\" height=\"683\" src=\"https:\/\/clinicajaimeicatarroja.com\/blog\/wp-content\/uploads\/2023\/07\/medico-paciente-senior-discutiendo-sobre-columna-vertebral-anatomica-1-1024x683.jpg\" alt=\"artrosis-facetaria-valencia\" class=\"wp-image-15198\" title=\"\" srcset=\"https:\/\/clinicajaimeicatarroja.com\/blog\/wp-content\/uploads\/2023\/07\/medico-paciente-senior-discutiendo-sobre-columna-vertebral-anatomica-1-1024x683.jpg 1024w, https:\/\/clinicajaimeicatarroja.com\/blog\/wp-content\/uploads\/2023\/07\/medico-paciente-senior-discutiendo-sobre-columna-vertebral-anatomica-1-300x200.jpg 300w, https:\/\/clinicajaimeicatarroja.com\/blog\/wp-content\/uploads\/2023\/07\/medico-paciente-senior-discutiendo-sobre-columna-vertebral-anatomica-1-768x512.jpg 768w, https:\/\/clinicajaimeicatarroja.com\/blog\/wp-content\/uploads\/2023\/07\/medico-paciente-senior-discutiendo-sobre-columna-vertebral-anatomica-1.jpg 1200w\" sizes=\"(max-width: 1024px) 100vw, 1024px\" \/><\/a><figcaption class=\"wp-element-caption\">artrosis facetaria<\/figcaption><\/figure>\n\n\n\n<h3 class=\"wp-block-heading\" id=\"rigidez-e-inmovilidad\">Rigidez e inmovilidad<\/h3>\n\n\n\n<p>La <strong>rigidez e inmovilidad en la columna vertebral<\/strong> son s\u00edntomas frecuentes de la artrosis facetaria. Los pacientes pueden experimentar dificultad para moverse o para realizar movimientos normales de flexi\u00f3n, extensi\u00f3n o rotaci\u00f3n de la columna. Esta rigidez puede ser especialmente evidente por las ma\u00f1anas o despu\u00e9s de periodos prolongados de inactividad, y puede disminuir a medida que el paciente realiza movimientos y se calienta.<\/p>\n\n\n\n<h3 class=\"wp-block-heading\" id=\"otros-sintomas-asociados\">Otros s\u00edntomas asociados<\/h3>\n\n\n\n<p>Adem\u00e1s del dolor lumbar cr\u00f3nico y la rigidez, la artrosis facetaria puede presentar otros s\u00edntomas. Algunos pacientes pueden experimentar <strong>sensaci\u00f3n de bloqueo o chasquido en la columna vertebral al realizar movimientos<\/strong>. Tambi\u00e9n puede haber sensibilidad y dolor a la palpaci\u00f3n en las zonas afectadas de la columna. En algunos casos, la artrosis facetaria puede causar debilidad muscular en las extremidades inferiores o alteraciones en la marcha.<\/p>\n\n\n\n<figure class=\"wp-block-image size-full\"><a href=\"https:\/\/clinicajaimeicatarroja.com\/blog\/wp-content\/uploads\/2023\/07\/columna-vertebral-resonancia-1.jpg\"><img decoding=\"async\" width=\"900\" height=\"899\" src=\"https:\/\/clinicajaimeicatarroja.com\/blog\/wp-content\/uploads\/2023\/07\/columna-vertebral-resonancia-1.jpg\" alt=\"artrosis-facetaria-valencia\" class=\"wp-image-15203\" title=\"\" srcset=\"https:\/\/clinicajaimeicatarroja.com\/blog\/wp-content\/uploads\/2023\/07\/columna-vertebral-resonancia-1.jpg 900w, https:\/\/clinicajaimeicatarroja.com\/blog\/wp-content\/uploads\/2023\/07\/columna-vertebral-resonancia-1-300x300.jpg 300w, https:\/\/clinicajaimeicatarroja.com\/blog\/wp-content\/uploads\/2023\/07\/columna-vertebral-resonancia-1-150x150.jpg 150w, https:\/\/clinicajaimeicatarroja.com\/blog\/wp-content\/uploads\/2023\/07\/columna-vertebral-resonancia-1-768x767.jpg 768w, https:\/\/clinicajaimeicatarroja.com\/blog\/wp-content\/uploads\/2023\/07\/columna-vertebral-resonancia-1-100x100.jpg 100w, https:\/\/clinicajaimeicatarroja.com\/blog\/wp-content\/uploads\/2023\/07\/columna-vertebral-resonancia-1-54x54.jpg 54w, https:\/\/clinicajaimeicatarroja.com\/blog\/wp-content\/uploads\/2023\/07\/columna-vertebral-resonancia-1-470x470.jpg 470w, https:\/\/clinicajaimeicatarroja.com\/blog\/wp-content\/uploads\/2023\/07\/columna-vertebral-resonancia-1-420x420.jpg 420w, https:\/\/clinicajaimeicatarroja.com\/blog\/wp-content\/uploads\/2023\/07\/columna-vertebral-resonancia-1-460x460.jpg 460w, https:\/\/clinicajaimeicatarroja.com\/blog\/wp-content\/uploads\/2023\/07\/columna-vertebral-resonancia-1-60x60.jpg 60w\" sizes=\"(max-width: 900px) 100vw, 900px\" \/><\/a><figcaption class=\"wp-element-caption\">resonancia-magn\u00e9tica<\/figcaption><\/figure>\n\n\n\n<h2 class=\"wp-block-heading\" id=\"diagnostico-de-la-artrosis-facetaria\">Diagn\u00f3stico de la artrosis facetaria<\/h2>\n\n\n\n<p>El <strong>diagn\u00f3stico de la artrosis facetaria <\/strong>se realiza a trav\u00e9s de diferentes m\u00e9todos y pruebas m\u00e9dicas que permiten evaluar las articulaciones facetarias de la columna vertebral y determinar la presencia y gravedad de esta condici\u00f3n. A continuaci\u00f3n, se describen las principales t\u00e9cnicas utilizadas para diagnosticar la artrosis facetaria.<\/p>\n\n\n\n<h3 class=\"wp-block-heading\" id=\"pruebas-de-imagen\">Pruebas de imagen<\/h3>\n\n\n\n<p>Las <strong>pruebas de imagen<\/strong> desempe\u00f1an un papel fundamental en el diagn\u00f3stico de la artrosis facetaria. Los m\u00e9todos m\u00e1s com\u00fanmente utilizados son las <strong>radiograf\u00edas<\/strong> y las <strong>resonancias magn\u00e9ticas<\/strong>.<\/p>\n\n\n\n<p>Las <strong>radiograf\u00edas <\/strong>permiten obtener im\u00e1genes de las articulaciones facetarias y evaluar el grado de desgaste y deterioro del cart\u00edlago. Estas im\u00e1genes son \u00fatiles para identificar cambios en la estructura de las articulaciones, como la presencia de osteofitos u otras anomal\u00edas.<\/p>\n\n\n\n<p>Por otro lado, las <strong><a href=\"https:\/\/resobert.es\/pruebas-radiologicas\/hernia-discal\/\" target=\"_blank\" rel=\"noreferrer noopener\">resonancias magn\u00e9ticas<\/a><\/strong> son especialmente \u00fatiles para visualizar con mayor detalle los tejidos blandos, como los ligamentos y los discos intervertebrales. Estas im\u00e1genes proporcionan informaci\u00f3n adicional sobre el estado de las articulaciones facetarias y las estructuras circundantes.<\/p>\n\n\n\n<figure class=\"wp-block-image size-large\"><a href=\"https:\/\/clinicajaimeicatarroja.com\/blog\/wp-content\/uploads\/2023\/07\/doctora-explicando-informe-rayos-x-al-paciente-1.jpg\"><img decoding=\"async\" width=\"683\" height=\"1024\" src=\"https:\/\/clinicajaimeicatarroja.com\/blog\/wp-content\/uploads\/2023\/07\/doctora-explicando-informe-rayos-x-al-paciente-1-683x1024.jpg\" alt=\"artrosis-facetaria-valencia\" class=\"wp-image-15199\" title=\"\" srcset=\"https:\/\/clinicajaimeicatarroja.com\/blog\/wp-content\/uploads\/2023\/07\/doctora-explicando-informe-rayos-x-al-paciente-1-683x1024.jpg 683w, https:\/\/clinicajaimeicatarroja.com\/blog\/wp-content\/uploads\/2023\/07\/doctora-explicando-informe-rayos-x-al-paciente-1-200x300.jpg 200w, https:\/\/clinicajaimeicatarroja.com\/blog\/wp-content\/uploads\/2023\/07\/doctora-explicando-informe-rayos-x-al-paciente-1-768x1152.jpg 768w, https:\/\/clinicajaimeicatarroja.com\/blog\/wp-content\/uploads\/2023\/07\/doctora-explicando-informe-rayos-x-al-paciente-1.jpg 800w\" sizes=\"(max-width: 683px) 100vw, 683px\" \/><\/a><figcaption class=\"wp-element-caption\">radiografia<\/figcaption><\/figure>\n\n\n\n<h3 class=\"wp-block-heading\" id=\"bloqueo-facetario\">Bloqueo facetario<\/h3>\n\n\n\n<p>El <strong>bloqueo facetario<\/strong> es una <strong>t\u00e9cnica que se utiliza para confirmar si el dolor lumbar est\u00e1 asociado espec\u00edficamente con las articulaciones facetarias<\/strong>. Consiste en la <strong>inyecci\u00f3n de un anest\u00e9sico local en la articulaci\u00f3n facetaria bajo la gu\u00eda de im\u00e1genes radiol\u00f3gicas<\/strong> o mediante fluoroscopia.<\/p>\n\n\n\n<p>Si el paciente experimenta un alivio significativo del dolor despu\u00e9s del bloqueo, esto indica que las articulaciones facetarias son la causa del dolor. El bloqueo facetario tambi\u00e9n puede proporcionar informaci\u00f3n sobre qu\u00e9 articulaciones facetarias est\u00e1n implicadas, lo que puede ser \u00fatil para el tratamiento posterior.<\/p>\n\n\n\n<figure class=\"wp-block-image size-full\"><a href=\"https:\/\/clinicajaimeicatarroja.com\/blog\/wp-content\/uploads\/2023\/07\/bloqueo-facetario-1.jpg\"><img decoding=\"async\" width=\"1000\" height=\"1000\" src=\"https:\/\/clinicajaimeicatarroja.com\/blog\/wp-content\/uploads\/2023\/07\/bloqueo-facetario-1.jpg\" alt=\"artrosis-facetaria-valencia\" class=\"wp-image-15200\" title=\"\" srcset=\"https:\/\/clinicajaimeicatarroja.com\/blog\/wp-content\/uploads\/2023\/07\/bloqueo-facetario-1.jpg 1000w, https:\/\/clinicajaimeicatarroja.com\/blog\/wp-content\/uploads\/2023\/07\/bloqueo-facetario-1-300x300.jpg 300w, https:\/\/clinicajaimeicatarroja.com\/blog\/wp-content\/uploads\/2023\/07\/bloqueo-facetario-1-150x150.jpg 150w, https:\/\/clinicajaimeicatarroja.com\/blog\/wp-content\/uploads\/2023\/07\/bloqueo-facetario-1-768x768.jpg 768w, https:\/\/clinicajaimeicatarroja.com\/blog\/wp-content\/uploads\/2023\/07\/bloqueo-facetario-1-100x100.jpg 100w, https:\/\/clinicajaimeicatarroja.com\/blog\/wp-content\/uploads\/2023\/07\/bloqueo-facetario-1-54x54.jpg 54w, https:\/\/clinicajaimeicatarroja.com\/blog\/wp-content\/uploads\/2023\/07\/bloqueo-facetario-1-470x470.jpg 470w, https:\/\/clinicajaimeicatarroja.com\/blog\/wp-content\/uploads\/2023\/07\/bloqueo-facetario-1-420x420.jpg 420w, https:\/\/clinicajaimeicatarroja.com\/blog\/wp-content\/uploads\/2023\/07\/bloqueo-facetario-1-460x460.jpg 460w, https:\/\/clinicajaimeicatarroja.com\/blog\/wp-content\/uploads\/2023\/07\/bloqueo-facetario-1-60x60.jpg 60w\" sizes=\"(max-width: 1000px) 100vw, 1000px\" \/><\/a><figcaption class=\"wp-element-caption\">bloqueo facetario<\/figcaption><\/figure>\n\n\n\n<h3 class=\"wp-block-heading\" id=\"consulta-con-especialista-en-columna\">Consulta con especialista en columna<\/h3>\n\n\n\n<p>La <strong>consulta con un especialista en columna<\/strong>, como un traumat\u00f3logo o un especialista en medicina f\u00edsica y rehabilitaci\u00f3n, es fundamental para el diagn\u00f3stico preciso de la artrosis facetaria. Estos profesionales cuentan con los conocimientos y la experiencia necesarios para evaluar los s\u00edntomas del paciente, realizar un examen f\u00edsico detallado y analizar los resultados de las pruebas de imagen y bloqueos facetarios.<\/p>\n\n\n\n<p>El especialista en columna podr\u00e1 determinar de manera precisa si la artrosis facetaria es la causa del dolor lumbar cr\u00f3nico y descartar otras posibles condiciones que puedan presentar s\u00edntomas similares. Adem\u00e1s, brindar\u00e1 recomendaciones sobre el tratamiento m\u00e1s adecuado en funci\u00f3n de las caracter\u00edsticas individuales de cada paciente.<\/p>\n\n\n\n<figure class=\"wp-block-image size-large\"><a href=\"https:\/\/clinicajaimeicatarroja.com\/blog\/wp-content\/uploads\/2023\/07\/doctor-examinando-su-paciente-vuelta-1.jpg\"><img decoding=\"async\" width=\"1024\" height=\"683\" src=\"https:\/\/clinicajaimeicatarroja.com\/blog\/wp-content\/uploads\/2023\/07\/doctor-examinando-su-paciente-vuelta-1-1024x683.jpg\" alt=\"artrosis-facetaria-valencia\" class=\"wp-image-15204\" title=\"\" srcset=\"https:\/\/clinicajaimeicatarroja.com\/blog\/wp-content\/uploads\/2023\/07\/doctor-examinando-su-paciente-vuelta-1-1024x683.jpg 1024w, https:\/\/clinicajaimeicatarroja.com\/blog\/wp-content\/uploads\/2023\/07\/doctor-examinando-su-paciente-vuelta-1-300x200.jpg 300w, https:\/\/clinicajaimeicatarroja.com\/blog\/wp-content\/uploads\/2023\/07\/doctor-examinando-su-paciente-vuelta-1-768x512.jpg 768w, https:\/\/clinicajaimeicatarroja.com\/blog\/wp-content\/uploads\/2023\/07\/doctor-examinando-su-paciente-vuelta-1.jpg 1200w\" sizes=\"(max-width: 1024px) 100vw, 1024px\" \/><\/a><figcaption class=\"wp-element-caption\">articulaciones de la columna vertebral.<\/figcaption><\/figure>\n\n\n\n<h2 class=\"wp-block-heading\" id=\"tratamiento-de-la-artrosis-facetaria\">Tratamiento de la artrosis facetaria<\/h2>\n\n\n\n<p>El <strong>tratamiento de la artrosis facetaria<\/strong> se centra en aliviar los s\u00edntomas y mejorar la calidad de vida del paciente. Los enfoques terap\u00e9uticos incluyen el uso de medicamentos para el control del dolor, fisioterapia y rehabilitaci\u00f3n, la t\u00e9cnica de riz\u00f3lisis facetaria y, en casos graves, la cirug\u00eda como \u00faltimo recurso.<\/p>\n\n\n\n<h3 class=\"wp-block-heading\" id=\"medicamentos-para-aliviar-los-sintomas\">Medicamentos para aliviar los s\u00edntomas<\/h3>\n\n\n\n<p>El <strong>tratamiento farmacol\u00f3gico<\/strong> de la artrosis facetaria se basa principalmente en el uso de analg\u00e9sicos y antiinflamatorios no esteroides (AINEs) para aliviar el dolor y reducir la inflamaci\u00f3n en las articulaciones afectadas. Estos medicamentos pueden ser administrados de forma oral o t\u00f3pica, dependiendo de las necesidades del paciente y la gravedad de los s\u00edntomas. Es importante seguir las indicaciones del m\u00e9dico y respetar la dosis recomendada.<\/p>\n\n\n\n<h3 class=\"wp-block-heading\" id=\"fisioterapia-y-rehabilitacion\">Fisioterapia y rehabilitaci\u00f3n<\/h3>\n\n\n\n<p>La <strong>fisioterapia <\/strong>desempe\u00f1a un papel fundamental en el tratamiento de la artrosis facetaria. Los ejercicios terap\u00e9uticos y las t\u00e9cnicas manuales ayudan a mejorar la movilidad de la columna vertebral, fortalecer los m\u00fasculos de la espalda y reducir la rigidez. Adem\u00e1s, se pueden utilizar terapias complementarias como la electroestimulaci\u00f3n, el ultrasonido o la terapia de calor para aliviar el dolor y promover la recuperaci\u00f3n.<\/p>\n\n\n\n<figure class=\"wp-block-image size-large\"><a href=\"https:\/\/clinicajaimeicatarroja.com\/blog\/wp-content\/uploads\/2023\/07\/doctor-examinando-su-paciente-1-1.jpg\"><img decoding=\"async\" width=\"1024\" height=\"683\" src=\"https:\/\/clinicajaimeicatarroja.com\/blog\/wp-content\/uploads\/2023\/07\/doctor-examinando-su-paciente-1-1-1024x683.jpg\" alt=\"artrosis-facetaria-valencia\" class=\"wp-image-15201\" title=\"\" srcset=\"https:\/\/clinicajaimeicatarroja.com\/blog\/wp-content\/uploads\/2023\/07\/doctor-examinando-su-paciente-1-1-1024x683.jpg 1024w, https:\/\/clinicajaimeicatarroja.com\/blog\/wp-content\/uploads\/2023\/07\/doctor-examinando-su-paciente-1-1-300x200.jpg 300w, https:\/\/clinicajaimeicatarroja.com\/blog\/wp-content\/uploads\/2023\/07\/doctor-examinando-su-paciente-1-1-768x512.jpg 768w, https:\/\/clinicajaimeicatarroja.com\/blog\/wp-content\/uploads\/2023\/07\/doctor-examinando-su-paciente-1-1.jpg 1200w\" sizes=\"(max-width: 1024px) 100vw, 1024px\" \/><\/a><figcaption class=\"wp-element-caption\">artrosis facetaria<\/figcaption><\/figure>\n\n\n\n<h3 class=\"wp-block-heading\" id=\"tecnica-de-rizolisis-facetaria\">T\u00e9cnica de riz\u00f3lisis facetaria<\/h3>\n\n\n\n<p>En casos en los que el dolor persiste a pesar del tratamiento conservador, se puede considerar la t\u00e9cnica de riz\u00f3lisis facetaria. Este procedimiento consiste en aplicar calor puntual en las articulaciones facetarias da\u00f1adas para destruir las terminaciones nerviosas responsables del dolor. La riz\u00f3lisis facetaria se realiza bajo gu\u00eda de imagen y puede proporcionar un alivio prolongado de los s\u00edntomas dolorosos, mejorando as\u00ed la calidad de vida del paciente.<\/p>\n\n\n\n<h3 class=\"wp-block-heading\" id=\"cirugia-como-ultimo-recurso\">Cirug\u00eda como \u00faltimo recurso<\/h3>\n\n\n\n<p>La <strong>cirug\u00eda<\/strong> se reserva como <strong>\u00faltimo recurso<\/strong> en casos de artrosis facetaria grave que no responden a otros tratamientos. Los procedimientos quir\u00fargicos pueden incluir la fusi\u00f3n de las articulaciones facetarias afectadas para proporcionar estabilidad a la columna vertebral, o la implantaci\u00f3n de pr\u00f3tesis que reemplacen las articulaciones da\u00f1adas. La decisi\u00f3n de realizar una cirug\u00eda se basa en la evaluaci\u00f3n individual de cada paciente y en la gravedad de su condici\u00f3n.<\/p>\n\n\n\n<figure class=\"wp-block-image size-large\"><a href=\"https:\/\/clinicajaimeicatarroja.com\/blog\/wp-content\/uploads\/2023\/07\/cirugia-1-4.jpg\"><img decoding=\"async\" width=\"1024\" height=\"683\" src=\"https:\/\/clinicajaimeicatarroja.com\/blog\/wp-content\/uploads\/2023\/07\/cirugia-1-4-1024x683.jpg\" alt=\"artrosis-facetaria-valencia\" class=\"wp-image-15202\" title=\"\" srcset=\"https:\/\/clinicajaimeicatarroja.com\/blog\/wp-content\/uploads\/2023\/07\/cirugia-1-4-1024x683.jpg 1024w, https:\/\/clinicajaimeicatarroja.com\/blog\/wp-content\/uploads\/2023\/07\/cirugia-1-4-300x200.jpg 300w, https:\/\/clinicajaimeicatarroja.com\/blog\/wp-content\/uploads\/2023\/07\/cirugia-1-4-768x512.jpg 768w, https:\/\/clinicajaimeicatarroja.com\/blog\/wp-content\/uploads\/2023\/07\/cirugia-1-4.jpg 1200w\" sizes=\"(max-width: 1024px) 100vw, 1024px\" \/><\/a><figcaption class=\"wp-element-caption\">operacion-columna<\/figcaption><\/figure>\n\n\n\n<h2 class=\"wp-block-heading\" id=\"prevencion-de-la-artrosis-facetaria\">Prevenci\u00f3n de la artrosis facetaria<\/h2>\n\n\n\n<p>La <strong>prevenci\u00f3n de la artrosis facetaria<\/strong> es fundamental para mantener una columna saludable y prevenir complicaciones en el futuro. A continuaci\u00f3n, se presentan algunas recomendaciones clave:<\/p>\n\n\n\n<h3 class=\"wp-block-heading\" id=\"habitos-de-vida-saludables\">H\u00e1bitos de vida saludables<\/h3>\n\n\n\n<p>Mantener <strong>h\u00e1bitos de vida saludables<\/strong> es esencial para prevenir la aparici\u00f3n de la artrosis facetaria. Algunas medidas que puedes tomar incluyen:<\/p>\n\n\n\n<ul class=\"wp-block-list\">\n<li>Mantener un peso saludable, ya que el exceso de peso puede ejercer presi\u00f3n adicional sobre las articulaciones facetarias.<\/li>\n\n\n\n<li>Evitar el sedentarismo y mantener una actividad f\u00edsica regular que fortalezca los m\u00fasculos de la espalda y favorezca la flexibilidad de la columna.<\/li>\n\n\n\n<li>Mejorar tu postura corporal, evitando estar mucho tiempo en la misma posici\u00f3n y utilizando sillas ergon\u00f3micas.<\/li>\n<\/ul>\n\n\n\n<figure class=\"wp-block-image size-large\"><a href=\"https:\/\/clinicajaimeicatarroja.com\/blog\/wp-content\/uploads\/2023\/07\/mujer-adulta-su-entrenador-personal-fitness-1.jpg\"><img decoding=\"async\" width=\"1024\" height=\"684\" src=\"https:\/\/clinicajaimeicatarroja.com\/blog\/wp-content\/uploads\/2023\/07\/mujer-adulta-su-entrenador-personal-fitness-1-1024x684.jpg\" alt=\"artrosis-facetaria-valencia\" class=\"wp-image-15209\" title=\"\" srcset=\"https:\/\/clinicajaimeicatarroja.com\/blog\/wp-content\/uploads\/2023\/07\/mujer-adulta-su-entrenador-personal-fitness-1-1024x684.jpg 1024w, https:\/\/clinicajaimeicatarroja.com\/blog\/wp-content\/uploads\/2023\/07\/mujer-adulta-su-entrenador-personal-fitness-1-300x200.jpg 300w, https:\/\/clinicajaimeicatarroja.com\/blog\/wp-content\/uploads\/2023\/07\/mujer-adulta-su-entrenador-personal-fitness-1-768x513.jpg 768w, https:\/\/clinicajaimeicatarroja.com\/blog\/wp-content\/uploads\/2023\/07\/mujer-adulta-su-entrenador-personal-fitness-1.jpg 1200w\" sizes=\"(max-width: 1024px) 100vw, 1024px\" \/><\/a><figcaption class=\"wp-element-caption\">ejercicio<\/figcaption><\/figure>\n\n\n\n<h3 class=\"wp-block-heading\" id=\"alimentacion-equilibrada\">Alimentaci\u00f3n equilibrada<\/h3>\n\n\n\n<p>Una <strong>alimentaci\u00f3n equilibrada<\/strong> proporciona los nutrientes necesarios para mantener la salud de las articulaciones. Algunas pautas a seguir son:<\/p>\n\n\n\n<ul class=\"wp-block-list\">\n<li>Incluir alimentos ricos en calcio y vitamina D, como l\u00e1cteos, pescados y verduras de hoja verde.<\/li>\n\n\n\n<li>Elegir alimentos antiinflamatorios, como frutas, verduras, legumbres y grasas saludables.<\/li>\n\n\n\n<li>Reducir el consumo de alimentos procesados, ricos en grasas saturadas y az\u00facares, que pueden fomentar la inflamaci\u00f3n.<\/li>\n<\/ul>\n\n\n\n<figure class=\"wp-block-image size-full\"><a href=\"https:\/\/clinicajaimeicatarroja.com\/blog\/wp-content\/uploads\/2023\/07\/alimentacion-equilibrada-1.jpg\"><img decoding=\"async\" width=\"900\" height=\"900\" src=\"https:\/\/clinicajaimeicatarroja.com\/blog\/wp-content\/uploads\/2023\/07\/alimentacion-equilibrada-1.jpg\" alt=\"artrosis-facetaria-valencia\" class=\"wp-image-15206\" title=\"\" srcset=\"https:\/\/clinicajaimeicatarroja.com\/blog\/wp-content\/uploads\/2023\/07\/alimentacion-equilibrada-1.jpg 900w, https:\/\/clinicajaimeicatarroja.com\/blog\/wp-content\/uploads\/2023\/07\/alimentacion-equilibrada-1-300x300.jpg 300w, https:\/\/clinicajaimeicatarroja.com\/blog\/wp-content\/uploads\/2023\/07\/alimentacion-equilibrada-1-150x150.jpg 150w, https:\/\/clinicajaimeicatarroja.com\/blog\/wp-content\/uploads\/2023\/07\/alimentacion-equilibrada-1-768x768.jpg 768w, https:\/\/clinicajaimeicatarroja.com\/blog\/wp-content\/uploads\/2023\/07\/alimentacion-equilibrada-1-100x100.jpg 100w, https:\/\/clinicajaimeicatarroja.com\/blog\/wp-content\/uploads\/2023\/07\/alimentacion-equilibrada-1-54x54.jpg 54w, https:\/\/clinicajaimeicatarroja.com\/blog\/wp-content\/uploads\/2023\/07\/alimentacion-equilibrada-1-470x470.jpg 470w, https:\/\/clinicajaimeicatarroja.com\/blog\/wp-content\/uploads\/2023\/07\/alimentacion-equilibrada-1-420x420.jpg 420w, https:\/\/clinicajaimeicatarroja.com\/blog\/wp-content\/uploads\/2023\/07\/alimentacion-equilibrada-1-460x460.jpg 460w, https:\/\/clinicajaimeicatarroja.com\/blog\/wp-content\/uploads\/2023\/07\/alimentacion-equilibrada-1-60x60.jpg 60w\" sizes=\"(max-width: 900px) 100vw, 900px\" \/><\/a><figcaption class=\"wp-element-caption\">alimentacion-equilibrada<\/figcaption><\/figure>\n\n\n\n<h3 class=\"wp-block-heading\" id=\"ejercicio-moderado-de-bajo-impacto\">Ejercicio moderado de bajo impacto<\/h3>\n\n\n\n<p>Realizar <strong>ejercicio regularmente<\/strong> es fundamental para mantener la salud de la columna vertebral. Algunas actividades recomendadas incluyen:<\/p>\n\n\n\n<ul class=\"wp-block-list\">\n<li>Nataci\u00f3n: es un ejercicio de bajo impacto que fortalece los m\u00fasculos de la espalda sin ejercer presi\u00f3n sobre las articulaciones facetarias.<\/li>\n\n\n\n<li>Pilates: esta disciplina se centra en fortalecer los m\u00fasculos centrales y mejorar la postura, lo que puede ayudar a prevenir la artrosis facetaria.<\/li>\n\n\n\n<li>Yoga: esta pr\u00e1ctica combina movimientos suaves, estiramientos y ejercicios de respiraci\u00f3n que mejoran la flexibilidad y reducen la rigidez en la columna vertebral.<\/li>\n<\/ul>\n\n\n\n<p>Siguiendo estas medidas de prevenci\u00f3n, puedes reducir el riesgo de desarrollar artrosis facetaria y mantener una columna vertebral sana y funcional a lo largo del tiempo.<\/p>\n\n\n\n<figure class=\"wp-block-image size-large\"><a href=\"https:\/\/clinicajaimeicatarroja.com\/blog\/wp-content\/uploads\/2023\/07\/grupo-personas-haciendo-ejercicio-pilates-sirena-1.jpg\"><img decoding=\"async\" width=\"1024\" height=\"683\" src=\"https:\/\/clinicajaimeicatarroja.com\/blog\/wp-content\/uploads\/2023\/07\/grupo-personas-haciendo-ejercicio-pilates-sirena-1-1024x683.jpg\" alt=\"artrosis-facetaria-valencia\" class=\"wp-image-15205\" title=\"\" srcset=\"https:\/\/clinicajaimeicatarroja.com\/blog\/wp-content\/uploads\/2023\/07\/grupo-personas-haciendo-ejercicio-pilates-sirena-1-1024x683.jpg 1024w, https:\/\/clinicajaimeicatarroja.com\/blog\/wp-content\/uploads\/2023\/07\/grupo-personas-haciendo-ejercicio-pilates-sirena-1-300x200.jpg 300w, https:\/\/clinicajaimeicatarroja.com\/blog\/wp-content\/uploads\/2023\/07\/grupo-personas-haciendo-ejercicio-pilates-sirena-1-768x512.jpg 768w, https:\/\/clinicajaimeicatarroja.com\/blog\/wp-content\/uploads\/2023\/07\/grupo-personas-haciendo-ejercicio-pilates-sirena-1.jpg 1200w\" sizes=\"(max-width: 1024px) 100vw, 1024px\" \/><\/a><figcaption class=\"wp-element-caption\">pilates<\/figcaption><\/figure>\n\n\n\n<h2 class=\"wp-block-heading\" id=\"casos-en-los-que-es-necesario-realizar-cirugia\">Casos en los que es necesario realizar cirug\u00eda<\/h2>\n\n\n\n<p>La <strong>artrosis facetaria<\/strong>, en algunos casos, puede requerir intervenci\u00f3n quir\u00fargica cuando existen complicaciones adicionales en la columna vertebral. A continuaci\u00f3n, se detallan las situaciones en las que se considera necesaria la cirug\u00eda:<\/p>\n\n\n\n<h3 class=\"wp-block-heading\" id=\"estenosis-foraminal\">Estenosis foraminal<\/h3>\n\n\n\n<p>La <strong>estenosis foraminal<\/strong> es una condici\u00f3n en la cual los for\u00e1menes, aberturas por donde salen las ra\u00edces nerviosas de la m\u00e9dula espinal, se estrechan debido a la degeneraci\u00f3n de las articulaciones facetarias. El estrechamiento de estos espacios puede ejercer presi\u00f3n sobre las ra\u00edces nerviosas, causando dolor intenso, entumecimiento y debilidad en las extremidades. En casos severos, cuando el tratamiento conservador no es efectivo, se puede considerar la cirug\u00eda para descomprimir los nervios y aliviar los s\u00edntomas.<\/p>\n\n\n\n<figure class=\"wp-block-image size-large\"><a href=\"https:\/\/clinicajaimeicatarroja.com\/blog\/wp-content\/uploads\/2023\/07\/hernia-vertebras-columna-sus-lesiones-1.jpg\"><img decoding=\"async\" width=\"1024\" height=\"683\" src=\"https:\/\/clinicajaimeicatarroja.com\/blog\/wp-content\/uploads\/2023\/07\/hernia-vertebras-columna-sus-lesiones-1-1024x683.jpg\" alt=\"artrosis-facetaria-valencia\" class=\"wp-image-15208\" title=\"\" srcset=\"https:\/\/clinicajaimeicatarroja.com\/blog\/wp-content\/uploads\/2023\/07\/hernia-vertebras-columna-sus-lesiones-1-1024x683.jpg 1024w, https:\/\/clinicajaimeicatarroja.com\/blog\/wp-content\/uploads\/2023\/07\/hernia-vertebras-columna-sus-lesiones-1-300x200.jpg 300w, https:\/\/clinicajaimeicatarroja.com\/blog\/wp-content\/uploads\/2023\/07\/hernia-vertebras-columna-sus-lesiones-1-768x512.jpg 768w, https:\/\/clinicajaimeicatarroja.com\/blog\/wp-content\/uploads\/2023\/07\/hernia-vertebras-columna-sus-lesiones-1.jpg 1200w\" sizes=\"(max-width: 1024px) 100vw, 1024px\" \/><\/a><figcaption class=\"wp-element-caption\">artrosis facetaria valencia<\/figcaption><\/figure>\n\n\n\n<h3 class=\"wp-block-heading\" id=\"hernia-discal\">Hernia discal<\/h3>\n\n\n\n<p>La <strong>hernia discal<\/strong> es otra complicaci\u00f3n asociada a la artrosis facetaria. Esta afecci\u00f3n ocurre cuando el n\u00facleo pulposo del disco intervertebral se desplaza y comprime los nervios cercanos. La hernia discal puede provocar dolor intenso, debilidad y alteraciones en la sensibilidad. En casos en los que los s\u00edntomas son persistentes y no mejoran con el tratamiento conservador, se puede considerar la cirug\u00eda para extirpar parte del disco herniado y aliviar la presi\u00f3n sobre los nervios.<\/p>\n\n\n\n<figure class=\"wp-block-image size-large\"><a href=\"https:\/\/clinicajaimeicatarroja.com\/blog\/wp-content\/uploads\/2023\/07\/operacion-1.jpg\"><img decoding=\"async\" width=\"767\" height=\"1024\" src=\"https:\/\/clinicajaimeicatarroja.com\/blog\/wp-content\/uploads\/2023\/07\/operacion-1-767x1024.jpg\" alt=\"artrosis-facetaria-valencia\" class=\"wp-image-15212\" title=\"\" srcset=\"https:\/\/clinicajaimeicatarroja.com\/blog\/wp-content\/uploads\/2023\/07\/operacion-1-767x1024.jpg 767w, https:\/\/clinicajaimeicatarroja.com\/blog\/wp-content\/uploads\/2023\/07\/operacion-1-225x300.jpg 225w, https:\/\/clinicajaimeicatarroja.com\/blog\/wp-content\/uploads\/2023\/07\/operacion-1-768x1025.jpg 768w, https:\/\/clinicajaimeicatarroja.com\/blog\/wp-content\/uploads\/2023\/07\/operacion-1.jpg 800w\" sizes=\"(max-width: 767px) 100vw, 767px\" \/><\/a><figcaption class=\"wp-element-caption\">intervencion-artrosis-facetaria<\/figcaption><\/figure>\n\n\n\n<h3 class=\"wp-block-heading\" id=\"cambios-degenerativos-avanzados-en-la-columna\">Cambios degenerativos avanzados en la columna<\/h3>\n\n\n\n<p>En algunos casos de artrosis facetaria, los <strong>cambios degenerativos avanzados en la columna vertebral <\/strong>pueden ocasionar inestabilidad y deformidad. Esto puede resultar en dolor severo y limitaci\u00f3n de la movilidad. Cuando la afectaci\u00f3n es significativa y el tratamiento conservador no es suficiente, se puede evaluar la cirug\u00eda de fusi\u00f3n espinal para estabilizar la columna y reducir los s\u00edntomas.<\/p>\n\n\n\n<p>En todos los casos, la decisi\u00f3n de realizar una cirug\u00eda para tratar la artrosis facetaria debe ser evaluada por un especialista en columna vertebral, quien considerar\u00e1 la gravedad de los s\u00edntomas, el impacto en la calidad de vida del paciente y las opciones de tratamiento disponibles.<\/p>\n","protected":false},"excerpt":{"rendered":"<p>artrosis-facetaria-valencia<\/p>\n","protected":false},"author":1,"featured_media":15207,"comment_status":"open","ping_status":"open","sticky":false,"template":"","format":"standard","meta":{"footnotes":""},"categories":[306],"tags":[],"class_list":["post-15154","post","type-post","status-publish","format-standard","has-post-thumbnail","hentry","category-traumatologia"],"_links":{"self":[{"href":"https:\/\/clinicajaimeicatarroja.com\/blog\/wp-json\/wp\/v2\/posts\/15154","targetHints":{"allow":["GET"]}}],"collection":[{"href":"https:\/\/clinicajaimeicatarroja.com\/blog\/wp-json\/wp\/v2\/posts"}],"about":[{"href":"https:\/\/clinicajaimeicatarroja.com\/blog\/wp-json\/wp\/v2\/types\/post"}],"author":[{"embeddable":true,"href":"https:\/\/clinicajaimeicatarroja.com\/blog\/wp-json\/wp\/v2\/users\/1"}],"replies":[{"embeddable":true,"href":"https:\/\/clinicajaimeicatarroja.com\/blog\/wp-json\/wp\/v2\/comments?post=15154"}],"version-history":[{"count":5,"href":"https:\/\/clinicajaimeicatarroja.com\/blog\/wp-json\/wp\/v2\/posts\/15154\/revisions"}],"predecessor-version":[{"id":15213,"href":"https:\/\/clinicajaimeicatarroja.com\/blog\/wp-json\/wp\/v2\/posts\/15154\/revisions\/15213"}],"wp:featuredmedia":[{"embeddable":true,"href":"https:\/\/clinicajaimeicatarroja.com\/blog\/wp-json\/wp\/v2\/media\/15207"}],"wp:attachment":[{"href":"https:\/\/clinicajaimeicatarroja.com\/blog\/wp-json\/wp\/v2\/media?parent=15154"}],"wp:term":[{"taxonomy":"category","embeddable":true,"href":"https:\/\/clinicajaimeicatarroja.com\/blog\/wp-json\/wp\/v2\/categories?post=15154"},{"taxonomy":"post_tag","embeddable":true,"href":"https:\/\/clinicajaimeicatarroja.com\/blog\/wp-json\/wp\/v2\/tags?post=15154"}],"curies":[{"name":"wp","href":"https:\/\/api.w.org\/{rel}","templated":true}]}}