{"id":14016,"date":"2023-01-12T23:44:17","date_gmt":"2023-01-12T22:44:17","guid":{"rendered":"https:\/\/clinicajaimeicatarroja.com\/blog\/?p=14016"},"modified":"2023-01-12T23:44:19","modified_gmt":"2023-01-12T22:44:19","slug":"dermatitis-atopica","status":"publish","type":"post","link":"https:\/\/clinicajaimeicatarroja.com\/blog\/dermatitis-atopica","title":{"rendered":"Dermatitis at\u00f3pica"},"content":{"rendered":"\n<p>Una de las enfermedades de la piel m\u00e1s fuertes que existen es la <strong>dermatitis at\u00f3pica<\/strong>. Todo por el simple hecho de que, produce grandes reacciones de dolor y adem\u00e1s de ello, suele ser muy frecuente en ni\u00f1os. Lo cual, termina imposibilitando un tratamiento riguroso y una causa determinante en concreto. Debido a esto, hemos decidido crear este post para informarte por completo. \u00a1Solo tienes que leer hasta el final!<\/p>\n\n\n\n<p>Lo primero que debes saber es que, la <strong>dermatitis at\u00f3pica<\/strong> es una especie de reacci\u00f3n de la piel que puede hacer que se inflame, se seque y pique. Cuando se produce cr\u00f3nicamente, puede llegar a causar mucho picor. Pero, aun as\u00ed, no es contagiosa. Aunque, se llega a tener consecuencias de otras enfermedades debido a la <strong>dermatitis<\/strong> (<strong>rinitis<\/strong>, <strong>asma<\/strong>, <strong>alergias<\/strong>).<\/p>\n\n\n\n<figure class=\"wp-block-image size-full\"><a href=\"https:\/\/clinicajaimeicatarroja.com\/blog\/wp-content\/uploads\/2023\/01\/dermatologo-1-1.jpg\"><img decoding=\"async\" width=\"1024\" height=\"683\" src=\"https:\/\/clinicajaimeicatarroja.com\/blog\/wp-content\/uploads\/2023\/01\/dermatologo-1-1.jpg\" alt=\"dermatitis at\u00f3pica\" class=\"wp-image-14026\" title=\"\" srcset=\"https:\/\/clinicajaimeicatarroja.com\/blog\/wp-content\/uploads\/2023\/01\/dermatologo-1-1.jpg 1024w, https:\/\/clinicajaimeicatarroja.com\/blog\/wp-content\/uploads\/2023\/01\/dermatologo-1-1-300x200.jpg 300w, https:\/\/clinicajaimeicatarroja.com\/blog\/wp-content\/uploads\/2023\/01\/dermatologo-1-1-768x512.jpg 768w, https:\/\/clinicajaimeicatarroja.com\/blog\/wp-content\/uploads\/2023\/01\/dermatologo-1-1-272x182.jpg 272w\" sizes=\"(max-width: 1024px) 100vw, 1024px\" \/><\/a><figcaption>dermatitis at\u00f3pica<\/figcaption><\/figure>\n\n\n\n<h2 class=\"wp-block-heading\">Causas de la dermatitis at\u00f3pica<\/h2>\n\n\n\n<p>No existe una causa directa cient\u00edficamente comprobada. Pero, con el paso de los a\u00f1os, los especialistas han llegado a determinar que se produce por la variaci\u00f3n gen\u00e9tica (m\u00e1s que todo cuando se produce en ni\u00f1os).\u00a0 Ahora bien, tambi\u00e9n <strong>se puede llegar a producir por una bacteria o infecci\u00f3n debido al sistema inmunol\u00f3gico d\u00e9bil o un estr\u00e9s muy alto.<\/strong><\/p>\n\n\n\n<figure class=\"wp-block-image size-full\"><a href=\"https:\/\/clinicajaimeicatarroja.com\/blog\/wp-content\/uploads\/2023\/01\/picores-1.jpg\"><img decoding=\"async\" width=\"1024\" height=\"683\" src=\"https:\/\/clinicajaimeicatarroja.com\/blog\/wp-content\/uploads\/2023\/01\/picores-1.jpg\" alt=\"dermatitis at\u00f3pica\" class=\"wp-image-14032\" title=\"\" srcset=\"https:\/\/clinicajaimeicatarroja.com\/blog\/wp-content\/uploads\/2023\/01\/picores-1.jpg 1024w, https:\/\/clinicajaimeicatarroja.com\/blog\/wp-content\/uploads\/2023\/01\/picores-1-300x200.jpg 300w, https:\/\/clinicajaimeicatarroja.com\/blog\/wp-content\/uploads\/2023\/01\/picores-1-768x512.jpg 768w, https:\/\/clinicajaimeicatarroja.com\/blog\/wp-content\/uploads\/2023\/01\/picores-1-272x182.jpg 272w\" sizes=\"(max-width: 1024px) 100vw, 1024px\" \/><\/a><figcaption>dermatitis at\u00f3pica<\/figcaption><\/figure>\n\n\n\n<h2 class=\"wp-block-heading\">Tipos o clasificaci\u00f3n de la dermatitis at\u00f3pica<\/h2>\n\n\n\n<p>La <strong>dermatitis at\u00f3pica se puede clasificar en 4 tipos <\/strong>diferentes:<\/p>\n\n\n\n<ul class=\"wp-block-list\"><li><strong>Beb\u00e9<\/strong>: Se produce cuando el beb\u00e9 lleva muy poco tiempo de nacido y lo trae de manera inactiva hereditario. Por lo general, se empiezan a notar las erupciones entre los 2 y los 5 meses de nacido. Estas \u00e1reas rojas de la dermatitis at\u00f3pica pueden aparecer en la nariz, las orejas, la boca y el tronco del beb\u00e9.<\/li><\/ul>\n\n\n\n<figure class=\"wp-block-image size-full\"><a href=\"https:\/\/clinicajaimeicatarroja.com\/blog\/wp-content\/uploads\/2023\/01\/bebe-con-dermatitis-1.jpg\"><img decoding=\"async\" width=\"1024\" height=\"576\" src=\"https:\/\/clinicajaimeicatarroja.com\/blog\/wp-content\/uploads\/2023\/01\/bebe-con-dermatitis-1.jpg\" alt=\"dermatitis at\u00f3pica\" class=\"wp-image-14027\" title=\"\" srcset=\"https:\/\/clinicajaimeicatarroja.com\/blog\/wp-content\/uploads\/2023\/01\/bebe-con-dermatitis-1.jpg 1024w, https:\/\/clinicajaimeicatarroja.com\/blog\/wp-content\/uploads\/2023\/01\/bebe-con-dermatitis-1-300x169.jpg 300w, https:\/\/clinicajaimeicatarroja.com\/blog\/wp-content\/uploads\/2023\/01\/bebe-con-dermatitis-1-768x432.jpg 768w\" sizes=\"(max-width: 1024px) 100vw, 1024px\" \/><\/a><figcaption>dermatitis at\u00f3pica<\/figcaption><\/figure>\n\n\n\n<ul class=\"wp-block-list\"><li><strong>Infantil<\/strong>: Se puede producir a los 6 u 8 a\u00f1os de edad mediante alguna reacci\u00f3n del virus gen\u00e9tico.<\/li><li><strong>Infantil lastrada<\/strong>: Se le suele llamar as\u00ed porque se considera una infecci\u00f3n que se puede producir cuando beb\u00e9, pero la erupci\u00f3n puede comenzar a los 7 a\u00f1os de edad o simplemente, al comienzo de la pubertad. El virus se ha mantenido activo pero en baja determinaci\u00f3n.<\/li><\/ul>\n\n\n\n<figure class=\"wp-block-image size-full\"><a href=\"https:\/\/clinicajaimeicatarroja.com\/blog\/wp-content\/uploads\/2023\/01\/dermatitis-atopica-1.jpg\"><img decoding=\"async\" width=\"1024\" height=\"683\" src=\"https:\/\/clinicajaimeicatarroja.com\/blog\/wp-content\/uploads\/2023\/01\/dermatitis-atopica-1.jpg\" alt=\"dermatitis at\u00f3pica\" class=\"wp-image-14028\" title=\"\" srcset=\"https:\/\/clinicajaimeicatarroja.com\/blog\/wp-content\/uploads\/2023\/01\/dermatitis-atopica-1.jpg 1024w, https:\/\/clinicajaimeicatarroja.com\/blog\/wp-content\/uploads\/2023\/01\/dermatitis-atopica-1-300x200.jpg 300w, https:\/\/clinicajaimeicatarroja.com\/blog\/wp-content\/uploads\/2023\/01\/dermatitis-atopica-1-768x512.jpg 768w, https:\/\/clinicajaimeicatarroja.com\/blog\/wp-content\/uploads\/2023\/01\/dermatitis-atopica-1-272x182.jpg 272w\" sizes=\"(max-width: 1024px) 100vw, 1024px\" \/><\/a><figcaption>dermatitis at\u00f3pica<\/figcaption><\/figure>\n\n\n\n<ul class=\"wp-block-list\"><li><strong>Adulto<\/strong>: Debido a alguna lesi\u00f3n, infecci\u00f3n o bacteria cr\u00f3nica, la dermatitis at\u00f3pica en adultos se produce mediante placas de liquen y se puede dar en la nuca, en las manos y en las piernas en general.<\/li><\/ul>\n\n\n\n<h2 class=\"wp-block-heading\">S\u00edntomas de la dermatitis at\u00f3pica<\/h2>\n\n\n\n<p>Los <strong>s\u00edntomas de la dermatitis at\u00f3pica<\/strong> pueden variar en funci\u00f3n de la persona y de lo avanzada que se encuentre la enfermedad. En principio, se pueden llegar a notar picazones y peque\u00f1as protuberancias. En fases posteriores, la piel se puede hinchar y oscurecer. Al final, se puede volver seca, agrietada o ponerse en carne viva debido a rascarse.<\/p>\n\n\n\n<figure class=\"wp-block-image size-full\"><a href=\"https:\/\/clinicajaimeicatarroja.com\/blog\/wp-content\/uploads\/2023\/01\/rascarse-cuello-1.jpg\"><img decoding=\"async\" width=\"1024\" height=\"683\" src=\"https:\/\/clinicajaimeicatarroja.com\/blog\/wp-content\/uploads\/2023\/01\/rascarse-cuello-1.jpg\" alt=\"dermatitis at\u00f3pica\" class=\"wp-image-14031\" title=\"\" srcset=\"https:\/\/clinicajaimeicatarroja.com\/blog\/wp-content\/uploads\/2023\/01\/rascarse-cuello-1.jpg 1024w, https:\/\/clinicajaimeicatarroja.com\/blog\/wp-content\/uploads\/2023\/01\/rascarse-cuello-1-300x200.jpg 300w, https:\/\/clinicajaimeicatarroja.com\/blog\/wp-content\/uploads\/2023\/01\/rascarse-cuello-1-768x512.jpg 768w, https:\/\/clinicajaimeicatarroja.com\/blog\/wp-content\/uploads\/2023\/01\/rascarse-cuello-1-272x182.jpg 272w\" sizes=\"(max-width: 1024px) 100vw, 1024px\" \/><\/a><figcaption>dermatitis at\u00f3pica<\/figcaption><\/figure>\n\n\n\n<h2 class=\"wp-block-heading\">Tratamiento de la dermatitis at\u00f3pica<\/h2>\n\n\n\n<p>Debemos informarte que <strong>no existe una cura general total de la dermatitis at\u00f3pica<\/strong>. Solo se pueden usar antibi\u00f3ticos, fototerapia y corticosteroides. Si el paciente lleva muchos a\u00f1os con la dermatitis, se puede optar por realizar un tratamiento para mejorar el sistema inmunol\u00f3gico. Pero, todo se basa m\u00e1s en la higiene de cada persona y en c\u00f3mo se controle ante la picaz\u00f3n producida por la dermatitis.\u00a0<\/p>\n\n\n\n<figure class=\"wp-block-image size-large\"><a href=\"https:\/\/clinicajaimeicatarroja.com\/blog\/wp-content\/uploads\/2023\/01\/recien-nacido-1-scaled.jpg\"><img decoding=\"async\" width=\"1024\" height=\"632\" src=\"https:\/\/clinicajaimeicatarroja.com\/blog\/wp-content\/uploads\/2023\/01\/recien-nacido-1-1024x632.jpg\" alt=\"dermatitis at\u00f3pica\" class=\"wp-image-14029\" title=\"\" srcset=\"https:\/\/clinicajaimeicatarroja.com\/blog\/wp-content\/uploads\/2023\/01\/recien-nacido-1-1024x632.jpg 1024w, https:\/\/clinicajaimeicatarroja.com\/blog\/wp-content\/uploads\/2023\/01\/recien-nacido-1-300x185.jpg 300w, https:\/\/clinicajaimeicatarroja.com\/blog\/wp-content\/uploads\/2023\/01\/recien-nacido-1-768x474.jpg 768w, https:\/\/clinicajaimeicatarroja.com\/blog\/wp-content\/uploads\/2023\/01\/recien-nacido-1-1536x948.jpg 1536w, https:\/\/clinicajaimeicatarroja.com\/blog\/wp-content\/uploads\/2023\/01\/recien-nacido-1-2048x1264.jpg 2048w\" sizes=\"(max-width: 1024px) 100vw, 1024px\" \/><\/a><figcaption>First bath of newborn baby boy.The mom washes the baby with natural sponge.<\/figcaption><\/figure>\n\n\n\n<h2 class=\"wp-block-heading\">Conoce las respuestas a las dudas m\u00e1s frecuentes sobre la dermatitis at\u00f3pica<\/h2>\n\n\n\n<p>En esta secci\u00f3n te daremos las <strong>respuestas m\u00e1s relevantes sobre las incertidumbres m\u00e1s comunes de la dermatitis at\u00f3pica en las personas<\/strong>. Estas son:<\/p>\n\n\n\n<h3 class=\"wp-block-heading\">Nac\u00ed con dermatitis at\u00f3pica, \u00bflo tendr\u00e9 para toda la vida?<\/h3>\n\n\n\n<p>Por lo general, <strong>la dermatitis at\u00f3pica siempre se cura con el pasar de los a\u00f1os.<\/strong> Pero, existe un porcentaje de la poblaci\u00f3n que lo posee, que no es capaz de eliminar dicho virus (alrededor de 1%).<\/p>\n\n\n\n<figure class=\"wp-block-image size-full\"><a href=\"https:\/\/clinicajaimeicatarroja.com\/blog\/wp-content\/uploads\/2023\/01\/stress-1.jpg\"><img decoding=\"async\" width=\"1024\" height=\"683\" src=\"https:\/\/clinicajaimeicatarroja.com\/blog\/wp-content\/uploads\/2023\/01\/stress-1.jpg\" alt=\"dermatitis at\u00f3pica\" class=\"wp-image-14030\" title=\"\" srcset=\"https:\/\/clinicajaimeicatarroja.com\/blog\/wp-content\/uploads\/2023\/01\/stress-1.jpg 1024w, https:\/\/clinicajaimeicatarroja.com\/blog\/wp-content\/uploads\/2023\/01\/stress-1-300x200.jpg 300w, https:\/\/clinicajaimeicatarroja.com\/blog\/wp-content\/uploads\/2023\/01\/stress-1-768x512.jpg 768w, https:\/\/clinicajaimeicatarroja.com\/blog\/wp-content\/uploads\/2023\/01\/stress-1-272x182.jpg 272w\" sizes=\"(max-width: 1024px) 100vw, 1024px\" \/><\/a><figcaption>estres<\/figcaption><\/figure>\n\n\n\n<h3 class=\"wp-block-heading\">\u00bfSe puede prevenir la dermatitis at\u00f3pica?<\/h3>\n\n\n\n<p>Debido a que es una enfermedad que se puede considerar como hereditaria, se pueden tener en cuenta algunos factores esenciales para prevenirla de adulto. Por ejemplo, <strong>no tener estr\u00e9s, no fumar y no visitar r\u00edos contaminados.<\/strong> Tambi\u00e9n se recomienda humedecer la piel y tomar m\u00ednimo una ducha diaria.<\/p>\n","protected":false},"excerpt":{"rendered":"<p>Una de las enfermedades de la piel m\u00e1s fuertes que existen es la dermatitis at\u00f3pica. Todo por el simple hecho de que, produce grandes reacciones de dolor y adem\u00e1s de ello, suele ser muy frecuente en ni\u00f1os. Lo cual, termina imposibilitando un tratamiento riguroso y una causa determinante en concreto. Debido a esto, hemos decidido [&hellip;]<\/p>\n","protected":false},"author":1,"featured_media":14025,"comment_status":"open","ping_status":"open","sticky":false,"template":"","format":"standard","meta":{"footnotes":""},"categories":[103,33],"tags":[],"class_list":["post-14016","post","type-post","status-publish","format-standard","has-post-thumbnail","hentry","category-dermatologia","category-noticias"],"_links":{"self":[{"href":"https:\/\/clinicajaimeicatarroja.com\/blog\/wp-json\/wp\/v2\/posts\/14016","targetHints":{"allow":["GET"]}}],"collection":[{"href":"https:\/\/clinicajaimeicatarroja.com\/blog\/wp-json\/wp\/v2\/posts"}],"about":[{"href":"https:\/\/clinicajaimeicatarroja.com\/blog\/wp-json\/wp\/v2\/types\/post"}],"author":[{"embeddable":true,"href":"https:\/\/clinicajaimeicatarroja.com\/blog\/wp-json\/wp\/v2\/users\/1"}],"replies":[{"embeddable":true,"href":"https:\/\/clinicajaimeicatarroja.com\/blog\/wp-json\/wp\/v2\/comments?post=14016"}],"version-history":[{"count":0,"href":"https:\/\/clinicajaimeicatarroja.com\/blog\/wp-json\/wp\/v2\/posts\/14016\/revisions"}],"wp:featuredmedia":[{"embeddable":true,"href":"https:\/\/clinicajaimeicatarroja.com\/blog\/wp-json\/wp\/v2\/media\/14025"}],"wp:attachment":[{"href":"https:\/\/clinicajaimeicatarroja.com\/blog\/wp-json\/wp\/v2\/media?parent=14016"}],"wp:term":[{"taxonomy":"category","embeddable":true,"href":"https:\/\/clinicajaimeicatarroja.com\/blog\/wp-json\/wp\/v2\/categories?post=14016"},{"taxonomy":"post_tag","embeddable":true,"href":"https:\/\/clinicajaimeicatarroja.com\/blog\/wp-json\/wp\/v2\/tags?post=14016"}],"curies":[{"name":"wp","href":"https:\/\/api.w.org\/{rel}","templated":true}]}}