{"id":13970,"date":"2023-01-10T07:58:00","date_gmt":"2023-01-10T06:58:00","guid":{"rendered":"https:\/\/clinicajaimeicatarroja.com\/blog\/?p=13970"},"modified":"2023-01-10T13:32:28","modified_gmt":"2023-01-10T12:32:28","slug":"alopecia-en-mujeres","status":"publish","type":"post","link":"https:\/\/clinicajaimeicatarroja.com\/blog\/alopecia-en-mujeres","title":{"rendered":"<b>Alopecia en mujeres<\/b>"},"content":{"rendered":"\n<p>Es cierto. <strong>La alopecia en mujeres puede estar causada por el estr\u00e9s, los cambios hormonales e incluso ciertos medicamentos<\/strong>.<\/p>\n\n\n\n<p>Pero, aunque conocer el \u00abpor qu\u00e9\u00bb de la alopecia puede no ser tan importante como saber qu\u00e9 hacer a continuaci\u00f3n, puede ayudarle a sentirse m\u00e1s en control de la situaci\u00f3n.<\/p>\n\n\n\n<p><strong>Saber por qu\u00e9 se produce la alopecia tambi\u00e9n puede ayudarte a ponerte en contacto con otras personas<\/strong> que hayan pasado por experiencias similares, \u00a1o incluso a evitar que repitas los errores que te llevaron a la ca\u00edda del cabello en primer lugar!<\/p>\n\n\n\n<figure class=\"wp-block-image size-full\"><a href=\"https:\/\/clinicajaimeicatarroja.com\/blog\/wp-content\/uploads\/2023\/01\/medico-1.jpg\"><img decoding=\"async\" width=\"1024\" height=\"683\" src=\"https:\/\/clinicajaimeicatarroja.com\/blog\/wp-content\/uploads\/2023\/01\/medico-1.jpg\" alt=\"alopecia en mujeres\" class=\"wp-image-13976\" title=\"\" srcset=\"https:\/\/clinicajaimeicatarroja.com\/blog\/wp-content\/uploads\/2023\/01\/medico-1.jpg 1024w, https:\/\/clinicajaimeicatarroja.com\/blog\/wp-content\/uploads\/2023\/01\/medico-1-300x200.jpg 300w, https:\/\/clinicajaimeicatarroja.com\/blog\/wp-content\/uploads\/2023\/01\/medico-1-768x512.jpg 768w, https:\/\/clinicajaimeicatarroja.com\/blog\/wp-content\/uploads\/2023\/01\/medico-1-272x182.jpg 272w\" sizes=\"(max-width: 1024px) 100vw, 1024px\" \/><\/a><\/figure>\n\n\n\n<h2 class=\"wp-block-heading\">\u00bfEn qu\u00e9 consiste la alopecia femenina?<\/h2>\n\n\n\n<p><strong>La alopecia en las mujeres es la p\u00e9rdida de pelo en las zonas donde normalmente lo hay<\/strong>. Puede estar causada por la gen\u00e9tica, el estr\u00e9s, el envejecimiento, la dieta y la nutrici\u00f3n, desequilibrios hormonales u otros factores.<\/p>\n\n\n\n<p>Existen varios tipos de alopecia, pero dos de los m\u00e1s comunes son la alopecia difusa y la alopecia en parches.<\/p>\n\n\n\n<p>La alopecia difusa <strong>afecta a grandes zonas del cuero cabelludo a la vez<\/strong>, mientras que la alopecia en parches <strong>afecta a zonas m\u00e1s peque\u00f1as<\/strong> que pueden unirse para formar parches m\u00e1s grandes. Esta \u00faltima es m\u00e1s frecuente en hombres que en mujeres.<\/p>\n\n\n\n<p>El primer signo de alopecia difusa en las mujeres suele ser que el<strong> pelo se cae cuando se lava con champ\u00fa o se cepilla<\/strong>, o cuando se tira con fuerza del cuero cabelludo (lo que puede ocurrir si hay mucha rotura). Esto puede dar lugar a calvas en la cabeza.<\/p>\n\n\n\n<p>El segundo signo es que el pelo se cae por todas partes, no solo en la parte superior o en otros lugares donde es normal que se caiga (como la nuca).<\/p>\n\n\n\n<figure class=\"wp-block-image size-full\"><a href=\"https:\/\/clinicajaimeicatarroja.com\/blog\/wp-content\/uploads\/2023\/01\/alopecia-en-mujeres-1.jpg\"><img decoding=\"async\" width=\"1024\" height=\"683\" src=\"https:\/\/clinicajaimeicatarroja.com\/blog\/wp-content\/uploads\/2023\/01\/alopecia-en-mujeres-1.jpg\" alt=\"alopecia en mujeres\" class=\"wp-image-13977\" title=\"\" srcset=\"https:\/\/clinicajaimeicatarroja.com\/blog\/wp-content\/uploads\/2023\/01\/alopecia-en-mujeres-1.jpg 1024w, https:\/\/clinicajaimeicatarroja.com\/blog\/wp-content\/uploads\/2023\/01\/alopecia-en-mujeres-1-300x200.jpg 300w, https:\/\/clinicajaimeicatarroja.com\/blog\/wp-content\/uploads\/2023\/01\/alopecia-en-mujeres-1-768x512.jpg 768w, https:\/\/clinicajaimeicatarroja.com\/blog\/wp-content\/uploads\/2023\/01\/alopecia-en-mujeres-1-272x182.jpg 272w\" sizes=\"(max-width: 1024px) 100vw, 1024px\" \/><\/a><\/figure>\n\n\n\n<h2 class=\"wp-block-heading\">Tipos<\/h2>\n\n\n\n<h3 class=\"wp-block-heading\">Androg\u00e9nica<\/h3>\n\n\n\n<p>La alopecia androg\u00e9nica es un tipo de alopecia femenina que <strong>puede estar causada por la sobreproducci\u00f3n de DHT (dihidrotestosterona)<\/strong>. Esta hormona se produce tanto en hombres como en mujeres, pero en las mujeres se produce a un nivel m\u00e1s bajo que en los hombres. Cuanta m\u00e1s testosterona tenga, m\u00e1s DHT producir\u00e1 y mayor ser\u00e1 el riesgo de padecer alopecia androgen\u00e9tica.<\/p>\n\n\n\n<p>La alopecia androg\u00e9nica <strong>afecta aproximadamente a la mitad de las mujeres mayores de 30 a\u00f1os, y existen varias formas de tratarla<\/strong>. Una de ellas es con medicamentos como el finasteride (Propecia) o el minoxidil (Rogaine). Otra opci\u00f3n de tratamiento es la terapia con l\u00e1ser.<\/p>\n\n\n\n<figure class=\"wp-block-image size-full\"><a href=\"https:\/\/clinicajaimeicatarroja.com\/blog\/wp-content\/uploads\/2023\/01\/infiltraciones-cabello-1.jpg\"><img decoding=\"async\" width=\"1024\" height=\"683\" src=\"https:\/\/clinicajaimeicatarroja.com\/blog\/wp-content\/uploads\/2023\/01\/infiltraciones-cabello-1.jpg\" alt=\"alopecia en mujeres\" class=\"wp-image-13978\" title=\"\" srcset=\"https:\/\/clinicajaimeicatarroja.com\/blog\/wp-content\/uploads\/2023\/01\/infiltraciones-cabello-1.jpg 1024w, https:\/\/clinicajaimeicatarroja.com\/blog\/wp-content\/uploads\/2023\/01\/infiltraciones-cabello-1-300x200.jpg 300w, https:\/\/clinicajaimeicatarroja.com\/blog\/wp-content\/uploads\/2023\/01\/infiltraciones-cabello-1-768x512.jpg 768w, https:\/\/clinicajaimeicatarroja.com\/blog\/wp-content\/uploads\/2023\/01\/infiltraciones-cabello-1-272x182.jpg 272w\" sizes=\"(max-width: 1024px) 100vw, 1024px\" \/><\/a><figcaption>infiltraci\u00f3n cabello<\/figcaption><\/figure>\n\n\n\n<h3 class=\"wp-block-heading\">Areata<\/h3>\n\n\n\n<p>La alopecia areata, tambi\u00e9n conocida como \u00abalopecia areata cutis\u00bb, es un tipo de alopecia femenina. <strong>Est\u00e1 causada por una respuesta autoinmune que provoca la ca\u00edda del cabello<\/strong>. Aunque puede afectar tanto a hombres como a mujeres, las mujeres son m\u00e1s propensas a padecerla.<\/p>\n\n\n\n<p>&nbsp;La causa de esta respuesta autoinmune no se conoce bien, <strong>pero puede estar relacionada con la gen\u00e9tica u otros factores como la exposici\u00f3n al sol<\/strong>, el estr\u00e9s, los cambios hormonales o la deficiencia de vitamina D.<\/p>\n\n\n\n<figure class=\"wp-block-image size-full\"><a href=\"https:\/\/clinicajaimeicatarroja.com\/blog\/wp-content\/uploads\/2023\/01\/mujer-que-sufre-por-alopecia-1.jpg\"><img decoding=\"async\" width=\"1024\" height=\"683\" src=\"https:\/\/clinicajaimeicatarroja.com\/blog\/wp-content\/uploads\/2023\/01\/mujer-que-sufre-por-alopecia-1.jpg\" alt=\"alopecia en mujeres\" class=\"wp-image-13983\" title=\"\" srcset=\"https:\/\/clinicajaimeicatarroja.com\/blog\/wp-content\/uploads\/2023\/01\/mujer-que-sufre-por-alopecia-1.jpg 1024w, https:\/\/clinicajaimeicatarroja.com\/blog\/wp-content\/uploads\/2023\/01\/mujer-que-sufre-por-alopecia-1-300x200.jpg 300w, https:\/\/clinicajaimeicatarroja.com\/blog\/wp-content\/uploads\/2023\/01\/mujer-que-sufre-por-alopecia-1-768x512.jpg 768w, https:\/\/clinicajaimeicatarroja.com\/blog\/wp-content\/uploads\/2023\/01\/mujer-que-sufre-por-alopecia-1-272x182.jpg 272w\" sizes=\"(max-width: 1024px) 100vw, 1024px\" \/><\/a><figcaption>alopecia-en-mujeres<\/figcaption><\/figure>\n\n\n\n<h2 class=\"wp-block-heading\">Causas frecuentes<\/h2>\n\n\n\n<p>La alopecia es una enfermedad que afecta a un gran n\u00famero de mujeres<strong>. Puede ser dif\u00edcil de identificar, por lo que es a\u00fan m\u00e1s importante que las mujeres conozcan los s\u00edntomas<\/strong> y las causas para poder actuar antes de que se convierta en un problema.<\/p>\n\n\n\n<p>La forma m\u00e1s com\u00fan de alopecia es la calvicie de patr\u00f3n femenino. <strong>Este tipo de alopecia afecta aproximadamente a la mitad de las mujeres a los 60 a\u00f1os y al 90% a los 80 a\u00f1os<\/strong>. La calvicie de patr\u00f3n femenino se caracteriza por un retroceso del cabello a lo largo de la frente y las sienes, as\u00ed como por un adelgazamiento del cabello en la coronilla.<\/p>\n\n\n\n<h3 class=\"wp-block-heading\">Desequilibrios hormonales<\/h3>\n\n\n\n<p>La alopecia femenina es una enfermedad que provoca la ca\u00edda del cabello en las mujeres, caracterizada por una calvicie total o parcial. Puede afectar tanto a mujeres j\u00f3venes como a mayores, pero afecta con mayor frecuencia a las que rondan los 20 a\u00f1os.<\/p>\n\n\n\n<figure class=\"wp-block-image size-full\"><a href=\"https:\/\/clinicajaimeicatarroja.com\/blog\/wp-content\/uploads\/2023\/01\/caida-de-pelo-1.jpg\"><img decoding=\"async\" width=\"1024\" height=\"722\" src=\"https:\/\/clinicajaimeicatarroja.com\/blog\/wp-content\/uploads\/2023\/01\/caida-de-pelo-1.jpg\" alt=\"alopecia en mujeres\" class=\"wp-image-13981\" title=\"\" srcset=\"https:\/\/clinicajaimeicatarroja.com\/blog\/wp-content\/uploads\/2023\/01\/caida-de-pelo-1.jpg 1024w, https:\/\/clinicajaimeicatarroja.com\/blog\/wp-content\/uploads\/2023\/01\/caida-de-pelo-1-300x212.jpg 300w, https:\/\/clinicajaimeicatarroja.com\/blog\/wp-content\/uploads\/2023\/01\/caida-de-pelo-1-768x542.jpg 768w\" sizes=\"(max-width: 1024px) 100vw, 1024px\" \/><\/a><figcaption>caida de cabello<\/figcaption><\/figure>\n\n\n\n<p><strong>Aunque las hormonas no son la \u00fanica causa de la alopecia femenina, desempe\u00f1an un papel importante<\/strong>. Los desequilibrios hormonales pueden deberse a muchos factores diferentes, como la menopausia o el embarazo. En algunos casos, tambi\u00e9n pueden estar causados por el estr\u00e9s o la desnutrici\u00f3n.<\/p>\n\n\n\n<h3 class=\"wp-block-heading\">Descenso de los estr\u00f3genos<\/h3>\n\n\n\n<p>La disminuci\u00f3n de estr\u00f3genos es una de las causas de la alopecia femenina. <strong>La p\u00e9rdida de estr\u00f3genos puede provocar la ca\u00edda del cabello en las mujere<\/strong>s, pero hay formas de evitar que esto ocurra.<\/p>\n\n\n\n<p>Lo primero que debes hacer es <strong>asegurarte de que duermes lo suficiente<\/strong>. La falta de sue\u00f1o puede hacer que el cuerpo produzca m\u00e1s cortisol, lo que provoca la ca\u00edda del cabello. Tambi\u00e9n debe evitar el estr\u00e9s en la medida de lo posible, ya que tambi\u00e9n puede hacer que su cuerpo produzca m\u00e1s cortisol.<\/p>\n\n\n\n<p>Si ya est\u00e1 experimentando la p\u00e9rdida de cabello debido a la disminuci\u00f3n de estr\u00f3genos, entonces usted <strong>debe considerar tomar suplementos de biotina o la aplicaci\u00f3n de aceites naturales<\/strong> como el aceite de coco en el cuero cabelludo todas las noches antes de acostarse. Estos tratamientos han demostrado ser eficaces para prevenir la ca\u00edda del cabello y favorecer su crecimiento.<\/p>\n\n\n\n<p><\/p>\n\n\n\n<h3 class=\"wp-block-heading\">Aumento de la presencia de andr\u00f3genos<\/h3>\n\n\n\n<p>Los andr\u00f3genos son un grupo de <strong>hormonas responsables del desarrollo de las caracter\u00edsticas masculinas<\/strong>. Tambi\u00e9n son responsables de la ca\u00edda del cabello en las mujeres, por lo que el aumento de la presencia de andr\u00f3genos es una de las causas de la alopecia femenina.<\/p>\n\n\n\n<p>Es importante se\u00f1alar que no toda la ca\u00edda del cabello en las mujeres est\u00e1 causada por los andr\u00f3genos; otros factores como la gen\u00e9tica y el estr\u00e9s tambi\u00e9n pueden provocarla. Sin embargo, <strong>la mayor\u00eda de los casos de alopecia femenina est\u00e1n causados por un aumento de la cantidad de andr\u00f3genos<\/strong> presentes en el organismo de la mujer.<\/p>\n\n\n\n<figure class=\"wp-block-image size-full\"><a href=\"https:\/\/clinicajaimeicatarroja.com\/blog\/wp-content\/uploads\/2023\/01\/mesoterapia-1.jpg\"><img decoding=\"async\" width=\"1024\" height=\"683\" src=\"https:\/\/clinicajaimeicatarroja.com\/blog\/wp-content\/uploads\/2023\/01\/mesoterapia-1.jpg\" alt=\"alopecia en mujeres\" class=\"wp-image-13979\" title=\"\" srcset=\"https:\/\/clinicajaimeicatarroja.com\/blog\/wp-content\/uploads\/2023\/01\/mesoterapia-1.jpg 1024w, https:\/\/clinicajaimeicatarroja.com\/blog\/wp-content\/uploads\/2023\/01\/mesoterapia-1-300x200.jpg 300w, https:\/\/clinicajaimeicatarroja.com\/blog\/wp-content\/uploads\/2023\/01\/mesoterapia-1-768x512.jpg 768w, https:\/\/clinicajaimeicatarroja.com\/blog\/wp-content\/uploads\/2023\/01\/mesoterapia-1-272x182.jpg 272w\" sizes=\"(max-width: 1024px) 100vw, 1024px\" \/><\/a><figcaption>mesoterapia<\/figcaption><\/figure>\n\n\n\n<h3 class=\"wp-block-heading\">Factores gen\u00e9ticos<\/h3>\n\n\n\n<p>Los factores gen\u00e9ticos son una de las causas de la alopecia femenina. <strong>El gen del crecimiento del pelo se encuentra en el cromosoma 17<\/strong>, y se llama gen receptor de andr\u00f3genos (AR). El gen AR produce una prote\u00edna que ayuda a regular el modo en que el cuerpo produce pelo. Cuando se tiene una mutaci\u00f3n en este gen, puede aumentar el riesgo de alopecia femenina.<\/p>\n\n\n\n<p><strong>Una mutaci\u00f3n en este gen puede causar problemas en la forma en que el cuerpo produce el pelo, lo que conduce a la alopecia femenina<\/strong>. Si su madre o su hermana han padecido alopecia femenina, usted tambi\u00e9n puede tener riesgo de padecerla. Esta enfermedad se hereda con un patr\u00f3n autos\u00f3mico dominante.<\/p>\n\n\n\n<figure class=\"wp-block-image size-full\"><a href=\"https:\/\/clinicajaimeicatarroja.com\/blog\/wp-content\/uploads\/2023\/01\/alopecia-1.jpg\"><img decoding=\"async\" width=\"1024\" height=\"683\" src=\"https:\/\/clinicajaimeicatarroja.com\/blog\/wp-content\/uploads\/2023\/01\/alopecia-1.jpg\" alt=\"alopecia en mujeres\" class=\"wp-image-13982\" title=\"\" srcset=\"https:\/\/clinicajaimeicatarroja.com\/blog\/wp-content\/uploads\/2023\/01\/alopecia-1.jpg 1024w, https:\/\/clinicajaimeicatarroja.com\/blog\/wp-content\/uploads\/2023\/01\/alopecia-1-300x200.jpg 300w, https:\/\/clinicajaimeicatarroja.com\/blog\/wp-content\/uploads\/2023\/01\/alopecia-1-768x512.jpg 768w, https:\/\/clinicajaimeicatarroja.com\/blog\/wp-content\/uploads\/2023\/01\/alopecia-1-272x182.jpg 272w\" sizes=\"(max-width: 1024px) 100vw, 1024px\" \/><\/a><\/figure>\n\n\n\n<h3 class=\"wp-block-heading\">H\u00e1bitos fumadores<\/h3>\n\n\n\n<p>Aunque todos sabemos que fumar puede causar c\u00e1ncer de pulm\u00f3n<strong>, lo que mucha gente no sabe es que tambi\u00e9n puede provocar alopecia femenina<\/strong>, o ca\u00edda del cabello en el cuero cabelludo. Los motivos no est\u00e1n del todo claros, pero <strong>las investigaciones han demostrado que fumar puede reducir el flujo sangu\u00edneo al cuero cabelludo<\/strong> y afectar a la capacidad de los fol\u00edculos pilosos para hacer crecer nuevas c\u00e9lulas capilares.<\/p>\n\n\n\n<p>Si fuma, <strong>considere la posibilidad de dejarlo hoy mismo<\/strong> para protegerse no solo de la alopecia femenina, sino tambi\u00e9n de otras afecciones causadas por el tabaco, como las cardiopat\u00edas y los accidentes cerebrovasculares.<\/p>\n\n\n\n<figure class=\"wp-block-image size-full\"><a href=\"https:\/\/clinicajaimeicatarroja.com\/blog\/wp-content\/uploads\/2023\/01\/mala-alimentacion.jpg\"><img decoding=\"async\" width=\"1024\" height=\"683\" src=\"https:\/\/clinicajaimeicatarroja.com\/blog\/wp-content\/uploads\/2023\/01\/mala-alimentacion.jpg\" alt=\"alopecia en mujeres\" class=\"wp-image-13985\" title=\"\" srcset=\"https:\/\/clinicajaimeicatarroja.com\/blog\/wp-content\/uploads\/2023\/01\/mala-alimentacion.jpg 1024w, https:\/\/clinicajaimeicatarroja.com\/blog\/wp-content\/uploads\/2023\/01\/mala-alimentacion-300x200.jpg 300w, https:\/\/clinicajaimeicatarroja.com\/blog\/wp-content\/uploads\/2023\/01\/mala-alimentacion-768x512.jpg 768w, https:\/\/clinicajaimeicatarroja.com\/blog\/wp-content\/uploads\/2023\/01\/mala-alimentacion-272x182.jpg 272w\" sizes=\"(max-width: 1024px) 100vw, 1024px\" \/><\/a><\/figure>\n\n\n\n<h3 class=\"wp-block-heading\">Mala alimentaci\u00f3n<\/h3>\n\n\n\n<p>La mala alimentaci\u00f3n es una de las causas de la alopecia femenina. <strong>Si quieres conservar tu cabello, debes asegurarte de que sigues una dieta sana<\/strong>. Todos sabemos que las mujeres tienden a tener un mayor riesgo de desarrollar alopecia femenina que los hombres, pero \u00bfsab\u00edas que una mala alimentaci\u00f3n puede ser un factor importante?<\/p>\n\n\n\n<p><strong>Si no comes suficientes prote\u00ednas, o si no ingieres suficientes vitaminas y minerales, puede provocar la ca\u00edda del cabello en las mujeres<\/strong>.<\/p>\n\n\n\n<figure class=\"wp-block-image size-full\"><a href=\"https:\/\/clinicajaimeicatarroja.com\/blog\/wp-content\/uploads\/2023\/01\/proteinas.jpg\"><img decoding=\"async\" width=\"1024\" height=\"683\" src=\"https:\/\/clinicajaimeicatarroja.com\/blog\/wp-content\/uploads\/2023\/01\/proteinas.jpg\" alt=\"alopecia en mujeres\" class=\"wp-image-13987\" title=\"\" srcset=\"https:\/\/clinicajaimeicatarroja.com\/blog\/wp-content\/uploads\/2023\/01\/proteinas.jpg 1024w, https:\/\/clinicajaimeicatarroja.com\/blog\/wp-content\/uploads\/2023\/01\/proteinas-300x200.jpg 300w, https:\/\/clinicajaimeicatarroja.com\/blog\/wp-content\/uploads\/2023\/01\/proteinas-768x512.jpg 768w, https:\/\/clinicajaimeicatarroja.com\/blog\/wp-content\/uploads\/2023\/01\/proteinas-272x182.jpg 272w\" sizes=\"(max-width: 1024px) 100vw, 1024px\" \/><\/a><\/figure>\n\n\n\n<h2 class=\"wp-block-heading\">S\u00edntomas<\/h2>\n\n\n\n<p>La alopecia femenina es un tipo de ca\u00edda del cabello que afecta m\u00e1s a las mujeres que a los hombres. Puede aparecer a cualquier edad, pero es m\u00e1s frecuente en mujeres de entre 30 y 50 a\u00f1os.<\/p>\n\n\n\n<p><strong>Hay muchas causas de alopecia femenina<\/strong>, entre ellas: estr\u00e9s y cambios hormonales asociados con el embarazo o el parto; enfermedades autoinmunes; deficiencias o desequilibrios nutricionales; y ciertos medicamentos. En algunos casos, la alopecia femenina puede deberse a una enfermedad subyacente, como el lupus o el hipotiroidismo.<\/p>\n\n\n\n<p>Si ha notado que se le cae el pelo en el cuero cabelludo y no est\u00e1 segura de si se trata de alopecia femenina, <strong>es importante que acuda a su m\u00e9dico de inmediato para que pueda diagnosticarla<\/strong> correctamente y empezar el tratamiento lo antes posible.<\/p>\n\n\n\n<figure class=\"wp-block-image size-full\"><a href=\"https:\/\/clinicajaimeicatarroja.com\/blog\/wp-content\/uploads\/2023\/01\/perdida-de-cabello-1.jpg\"><img decoding=\"async\" width=\"1024\" height=\"683\" src=\"https:\/\/clinicajaimeicatarroja.com\/blog\/wp-content\/uploads\/2023\/01\/perdida-de-cabello-1.jpg\" alt=\"alopecia en mujeres\" class=\"wp-image-13986\" title=\"\" srcset=\"https:\/\/clinicajaimeicatarroja.com\/blog\/wp-content\/uploads\/2023\/01\/perdida-de-cabello-1.jpg 1024w, https:\/\/clinicajaimeicatarroja.com\/blog\/wp-content\/uploads\/2023\/01\/perdida-de-cabello-1-300x200.jpg 300w, https:\/\/clinicajaimeicatarroja.com\/blog\/wp-content\/uploads\/2023\/01\/perdida-de-cabello-1-768x512.jpg 768w, https:\/\/clinicajaimeicatarroja.com\/blog\/wp-content\/uploads\/2023\/01\/perdida-de-cabello-1-272x182.jpg 272w\" sizes=\"(max-width: 1024px) 100vw, 1024px\" \/><\/a><\/figure>\n\n\n\n<h3 class=\"wp-block-heading\">P\u00e9rdida gradual de cabello<\/h3>\n\n\n\n<p>No siempre es f\u00e1cil detectar los signos de la alopecia femenina, sobre todo si no est\u00e1s acostumbrada a buscarlos. Pero <strong>si se te cae el pelo a mechones y experimentas otros s\u00edntomas como picores, caspa o sequedad en el cuero cabelludo<\/strong>, puede que sea el momento de buscar atenci\u00f3n m\u00e9dica.<\/p>\n\n\n\n<h3 class=\"wp-block-heading\">Calvas circulares<\/h3>\n\n\n\n<p>Lo primero que hay que hacer es buscar calvas circulares en el cuero cabelludo. Lo ideal es que puedas consultar a un m\u00e9dico, pero si no puedes ponerte en contacto con ninguno, no te preocupes: hay muchas formas de diagnosticar la alopecia femenina en casa.<\/p>\n\n\n\n<p><strong>El signo m\u00e1s evidente es que la zona afectada de tu cabeza estar\u00e1 lisa y brillante<\/strong>, sin que crezca pelo en ella. Tambi\u00e9n es posible que notes que la zona no duele ni duele al tocarla, lo que descartar\u00eda otras causas como la caspa o la dermatitis seborreica (una afecci\u00f3n que provoca manchas rojas).<\/p>\n\n\n\n<figure class=\"wp-block-image size-full\"><a href=\"https:\/\/clinicajaimeicatarroja.com\/blog\/wp-content\/uploads\/2023\/01\/peluca.jpg\"><img decoding=\"async\" width=\"1024\" height=\"683\" src=\"https:\/\/clinicajaimeicatarroja.com\/blog\/wp-content\/uploads\/2023\/01\/peluca.jpg\" alt=\"alopecia en mujeres\" class=\"wp-image-13980\" title=\"\" srcset=\"https:\/\/clinicajaimeicatarroja.com\/blog\/wp-content\/uploads\/2023\/01\/peluca.jpg 1024w, https:\/\/clinicajaimeicatarroja.com\/blog\/wp-content\/uploads\/2023\/01\/peluca-300x200.jpg 300w, https:\/\/clinicajaimeicatarroja.com\/blog\/wp-content\/uploads\/2023\/01\/peluca-768x512.jpg 768w, https:\/\/clinicajaimeicatarroja.com\/blog\/wp-content\/uploads\/2023\/01\/peluca-272x182.jpg 272w\" sizes=\"(max-width: 1024px) 100vw, 1024px\" \/><\/a><\/figure>\n\n\n\n<h3 class=\"wp-block-heading\">P\u00e9rdida del cabello en todo el cuerpo<\/h3>\n\n\n\n<p>Si se te cae el pelo por todo el cuerpo, es importante que acudas inmediatamente al m\u00e9dico. Aunque parezca un s\u00edntoma de muchas afecciones diferentes, <strong>la alopecia femenina suele estar causada por las hormonas y puede tratarse con medicaci\u00f3n<\/strong>.<\/p>\n\n\n\n<h2 class=\"wp-block-heading\">Prevenci\u00f3n<\/h2>\n\n\n\n<p>Conocer el tratamiento de la alopecia femenina puede ahorrarle mucho tiempo y dinero. <strong>Debe asegurarse de que est\u00e1 recibiendo el tratamiento adecuado para la ca\u00edda del cabello<\/strong>. Existen muchos tipos diferentes de tratamientos para las mujeres que sufren alopecia femenina.<\/p>\n\n\n\n<p>Si no sabe qu\u00e9 tipo de tratamiento es el mejor para su situaci\u00f3n, <strong>es posible que acabe malgastando su dinero en un producto que no funciona <\/strong>para sus necesidades espec\u00edficas.<\/p>\n\n\n\n<h3 class=\"wp-block-heading\">S\u00e9 amable con tu cabello<\/h3>\n\n\n\n<p>Es importante cuidar el cabello. El pelo es una parte del cuerpo que no vemos, pero es muy importante. Nos ayuda a protegernos del sol y la lluvia, pero tambi\u00e9n nos mantiene calientes. Adem\u00e1s, el pelo nos da confianza en nosotros mismos porque nos hace parecer guapos.<\/p>\n\n\n\n<p><strong>La mejor manera de mantener el pelo sano es cuidarlo<\/strong>. Hay que lavarlo todos los d\u00edas y acondicionarlo todas las semanas. Cep\u00edllatelo con regularidad para que no se acumule suciedad ni grasa en los fol\u00edculos pilosos. Si tienes puntas abiertas, c\u00f3rtalas antes de que empeoren.<\/p>\n\n\n\n<p>Otra cosa importante que puedes hacer por la salud de tu cabello es <strong>acudir regularmente a un estilista profesional especializado en el corte de cabello da\u00f1ado <\/strong>(alopecia). Esto te ayudar\u00e1 a mantener la integridad de tu cabello y a que luzca lo mejor posible.<\/p>\n\n\n\n<h3 class=\"wp-block-heading\">Protege el cabello de la luz del sol<\/h3>\n\n\n\n<p>Si bien es cierto que el sol es una <strong>gran fuente de vitamina D<\/strong> y te hace sentir como si estuvieras de vacaciones (al menos durante la primera hora), <strong>tambi\u00e9n puede causar graves da\u00f1os a tu cabello<\/strong>. Desde la rotura hasta la sequedad y la decoloraci\u00f3n, los rayos UV no son ninguna broma.<\/p>\n\n\n\n<figure class=\"wp-block-image size-full\"><a href=\"https:\/\/clinicajaimeicatarroja.com\/blog\/wp-content\/uploads\/2023\/01\/luz-del-sol.jpg\"><img decoding=\"async\" width=\"1024\" height=\"683\" src=\"https:\/\/clinicajaimeicatarroja.com\/blog\/wp-content\/uploads\/2023\/01\/luz-del-sol.jpg\" alt=\"alopecia en mujeres\" class=\"wp-image-13988\" title=\"\" srcset=\"https:\/\/clinicajaimeicatarroja.com\/blog\/wp-content\/uploads\/2023\/01\/luz-del-sol.jpg 1024w, https:\/\/clinicajaimeicatarroja.com\/blog\/wp-content\/uploads\/2023\/01\/luz-del-sol-300x200.jpg 300w, https:\/\/clinicajaimeicatarroja.com\/blog\/wp-content\/uploads\/2023\/01\/luz-del-sol-768x512.jpg 768w, https:\/\/clinicajaimeicatarroja.com\/blog\/wp-content\/uploads\/2023\/01\/luz-del-sol-272x182.jpg 272w\" sizes=\"(max-width: 1024px) 100vw, 1024px\" \/><\/a><\/figure>\n\n\n\n<p>Si quieres evitar que el sol da\u00f1e tu pelo, aqu\u00ed tienes algunos consejos:<\/p>\n\n\n\n<ol class=\"wp-block-list\" type=\"1\"><li><strong>Ponte un sombrero<\/strong>. No tiene por qu\u00e9 ser nada sofisticado, solo algo que te proteja del sol.<\/li><li><strong>Apl\u00edcate protector solar en el cuero cabelludo<\/strong> antes de salir al exterior durante largos periodos de tiempo (o incluso periodos m\u00e1s cortos si tienes la piel clara). Esto ayudar\u00e1 a prevenir la decoloraci\u00f3n y a mantener el cuero cabelludo hidratado para que no parezca papel de lija despu\u00e9s de unas horas al sol.<\/li><li><strong>Intenta no salir a mediod\u00eda<\/strong>: los rayos del sol son m\u00e1s intensos entre las 10 de la ma\u00f1ana y las 3 de la tarde, as\u00ed que, si es posible, evita estar al aire libre.<\/li><\/ol>\n\n\n\n<figure class=\"wp-block-image size-full\"><a href=\"https:\/\/clinicajaimeicatarroja.com\/blog\/wp-content\/uploads\/2023\/01\/mujer-fumando-marihuana.jpg\"><img decoding=\"async\" width=\"1024\" height=\"683\" src=\"https:\/\/clinicajaimeicatarroja.com\/blog\/wp-content\/uploads\/2023\/01\/mujer-fumando-marihuana.jpg\" alt=\"alopecia en mujeres\" class=\"wp-image-13984\" title=\"\" srcset=\"https:\/\/clinicajaimeicatarroja.com\/blog\/wp-content\/uploads\/2023\/01\/mujer-fumando-marihuana.jpg 1024w, https:\/\/clinicajaimeicatarroja.com\/blog\/wp-content\/uploads\/2023\/01\/mujer-fumando-marihuana-300x200.jpg 300w, https:\/\/clinicajaimeicatarroja.com\/blog\/wp-content\/uploads\/2023\/01\/mujer-fumando-marihuana-768x512.jpg 768w, https:\/\/clinicajaimeicatarroja.com\/blog\/wp-content\/uploads\/2023\/01\/mujer-fumando-marihuana-272x182.jpg 272w\" sizes=\"(max-width: 1024px) 100vw, 1024px\" \/><\/a><\/figure>\n\n\n\n<h3 class=\"wp-block-heading\">Deja de fumar<\/h3>\n\n\n\n<p><strong>Dejar de fumar es una forma de ayudar a que el cabello vuelva a crecer<\/strong>. Fumar da\u00f1a el organismo y afecta a su funcionamiento. Tambi\u00e9n puede provocar la ca\u00edda del cabello en las mujeres propensas a la alopecia femenina. Las mujeres que fuman tienen m\u00e1s probabilidades de sufrir alopecia femenina que las que no fuman.<\/p>\n\n\n\n<figure class=\"wp-block-image size-full\"><a href=\"https:\/\/clinicajaimeicatarroja.com\/blog\/wp-content\/uploads\/2023\/01\/cancer.jpg\"><img decoding=\"async\" width=\"1024\" height=\"683\" src=\"https:\/\/clinicajaimeicatarroja.com\/blog\/wp-content\/uploads\/2023\/01\/cancer.jpg\" alt=\"alopecia en mujeres\" class=\"wp-image-13989\" title=\"\" srcset=\"https:\/\/clinicajaimeicatarroja.com\/blog\/wp-content\/uploads\/2023\/01\/cancer.jpg 1024w, https:\/\/clinicajaimeicatarroja.com\/blog\/wp-content\/uploads\/2023\/01\/cancer-300x200.jpg 300w, https:\/\/clinicajaimeicatarroja.com\/blog\/wp-content\/uploads\/2023\/01\/cancer-768x512.jpg 768w, https:\/\/clinicajaimeicatarroja.com\/blog\/wp-content\/uploads\/2023\/01\/cancer-272x182.jpg 272w\" sizes=\"(max-width: 1024px) 100vw, 1024px\" \/><\/a><\/figure>\n\n\n\n<h3 class=\"wp-block-heading\">Utilizar gorro durante quimioterapias<\/h3>\n\n\n\n<p>Un gorro es un trozo de tela o pl\u00e1stico que se coloca sobre la cabeza y se lleva puesto para proteger el cuero cabelludo de la humedad. <strong>Los gorros suelen utilizarse durante los tratamientos de quimioterapia, sobre todo en mujeres con alopecia femenina<\/strong>.<\/p>\n","protected":false},"excerpt":{"rendered":"<p>Es cierto. La alopecia en mujeres puede estar causada por el estr\u00e9s, los cambios hormonales e incluso ciertos medicamentos. Pero, aunque conocer el \u00abpor qu\u00e9\u00bb de la alopecia puede no ser tan importante como saber qu\u00e9 hacer a continuaci\u00f3n, puede ayudarle a sentirse m\u00e1s en control de la situaci\u00f3n. Saber por qu\u00e9 se produce la [&hellip;]<\/p>\n","protected":false},"author":1,"featured_media":13975,"comment_status":"open","ping_status":"open","sticky":false,"template":"","format":"standard","meta":{"footnotes":""},"categories":[103,33],"tags":[],"class_list":["post-13970","post","type-post","status-publish","format-standard","has-post-thumbnail","hentry","category-dermatologia","category-noticias"],"_links":{"self":[{"href":"https:\/\/clinicajaimeicatarroja.com\/blog\/wp-json\/wp\/v2\/posts\/13970","targetHints":{"allow":["GET"]}}],"collection":[{"href":"https:\/\/clinicajaimeicatarroja.com\/blog\/wp-json\/wp\/v2\/posts"}],"about":[{"href":"https:\/\/clinicajaimeicatarroja.com\/blog\/wp-json\/wp\/v2\/types\/post"}],"author":[{"embeddable":true,"href":"https:\/\/clinicajaimeicatarroja.com\/blog\/wp-json\/wp\/v2\/users\/1"}],"replies":[{"embeddable":true,"href":"https:\/\/clinicajaimeicatarroja.com\/blog\/wp-json\/wp\/v2\/comments?post=13970"}],"version-history":[{"count":0,"href":"https:\/\/clinicajaimeicatarroja.com\/blog\/wp-json\/wp\/v2\/posts\/13970\/revisions"}],"wp:featuredmedia":[{"embeddable":true,"href":"https:\/\/clinicajaimeicatarroja.com\/blog\/wp-json\/wp\/v2\/media\/13975"}],"wp:attachment":[{"href":"https:\/\/clinicajaimeicatarroja.com\/blog\/wp-json\/wp\/v2\/media?parent=13970"}],"wp:term":[{"taxonomy":"category","embeddable":true,"href":"https:\/\/clinicajaimeicatarroja.com\/blog\/wp-json\/wp\/v2\/categories?post=13970"},{"taxonomy":"post_tag","embeddable":true,"href":"https:\/\/clinicajaimeicatarroja.com\/blog\/wp-json\/wp\/v2\/tags?post=13970"}],"curies":[{"name":"wp","href":"https:\/\/api.w.org\/{rel}","templated":true}]}}