{"id":11342,"date":"2021-03-22T12:45:11","date_gmt":"2021-03-22T11:45:11","guid":{"rendered":"https:\/\/clinicajaimeicatarroja.com\/blog\/?p=11342"},"modified":"2021-03-22T12:45:13","modified_gmt":"2021-03-22T11:45:13","slug":"uso-de-mascarillas-ffp2-para-los-ninos-con-alergia-al-polen","status":"publish","type":"post","link":"https:\/\/clinicajaimeicatarroja.com\/blog\/uso-de-mascarillas-ffp2-para-los-ninos-con-alergia-al-polen","title":{"rendered":"Uso de mascarillas FFP2 para los ni\u00f1os con alergia al polen"},"content":{"rendered":"\n<p>Llega la primavera, y con ella las alergias. Este a\u00f1o se espera un mayor crecimiento de las plantas y una mayor producci\u00f3n de polenLa Sociedad Espa\u00f1ola de Inmunolog\u00eda Cl\u00ednica, Alergolog\u00eda y Asma Pedi\u00e1trica (SEICAP) recomienda el uso de mascarillas homologadas FFP2 para los ni\u00f1os al\u00e9rgicos al polen, ya que filtranlas part\u00edculas suspendidas en el aire de manera m\u00e1s eficaz que las quir\u00fargicas. Las lluvias y las temperaturas fr\u00edas del invierno van a propiciar un mayor crecimiento de la plantas, lo que deparar\u00e1 en una mayor producci\u00f3n de polen. Por todo ello, se recomienda tomar las precauciones necesarias de cara a la llegada de la primavera y sobre todo, saber distinguir los s\u00edntomas de rinitis al\u00e9rgica en ni\u00f1os para diferenciarlos de la COVID-19.Hay algunos s\u00edntomas que pueden llegar a ser coincidentes pero ya sabemos que la presencia de tos, fiebre y p\u00e9rdida de olfato, son signos prominentes de COVID-19, mientras que la congesti\u00f3n nasal, el prurito y la conjuntivitis son m\u00e1s propios de una rinitis al\u00e9rgica.La pandemia de COVID-19 ha generalizado el uso de mascarillas higi\u00e9nicas y quir\u00fargicas pero no tanto las FFP2, sobre todo en ni\u00f1os. Las FFP2 son m\u00e1s eficaces porque filtran hasta el 95% de part\u00edculas y adem\u00e1s se ajustan m\u00e1s a la cara. Aunque las quir\u00fargicas tambi\u00e9n filtran part\u00edculas, quedan menos ajustadas y dejan m\u00e1s huecos por los que podr\u00eda pasar el polen.En los d\u00edas de viento, secos y soleados aumenta el polen ambiental, a lo que contribuye la mayor contaminaci\u00f3n del aire, cuyas part\u00edculas aglutinan polen en suspensi\u00f3n. Por el contrario, la concentraci\u00f3n pol\u00ednica disminuye durante los d\u00edas h\u00famedos o de lluvia. Por otro lado, el ascenso de temperaturas en todo el planeta hace que los periodos de polinizaci\u00f3n comiencen antes y sean adem\u00e1s m\u00e1s prolongados e intensos. En este contexto, puede que pese a la mayor polinizaci\u00f3n las primaveras 2020 y 2021 sean m\u00e1s benignas para los al\u00e9rgicos al polen, debido, por un lado, al uso de mascarillas autofiltrantes y, por otro, a la reducci\u00f3n de la actividad humana contaminante (vuelos comerciales, tr\u00e1fico rodado, industrias).Tambi\u00e9n desde SEICAP se recuerda que los ni\u00f1os con alergia al polen no son grupo de riesgo frenteal COVID-19 y que no existe contraindicaci\u00f3n para el uso de corticosteroides intranasales<\/p>\n","protected":false},"excerpt":{"rendered":"<p>Llega la primavera, y con ella las alergias. Este a\u00f1o se espera un mayor crecimiento de las plantas y una mayor producci\u00f3n de polenLa Sociedad Espa\u00f1ola de Inmunolog\u00eda Cl\u00ednica, Alergolog\u00eda y Asma Pedi\u00e1trica (SEICAP) recomienda el uso de mascarillas homologadas FFP2 para los ni\u00f1os al\u00e9rgicos al polen, ya que filtranlas part\u00edculas suspendidas en el aire [&hellip;]<\/p>\n","protected":false},"author":1,"featured_media":11343,"comment_status":"open","ping_status":"open","sticky":false,"template":"","format":"standard","meta":{"footnotes":""},"categories":[96,105,33],"tags":[286],"class_list":["post-11342","post","type-post","status-publish","format-standard","has-post-thumbnail","hentry","category-alergologia","category-consejos","category-noticias","tag-mascarilla"],"_links":{"self":[{"href":"https:\/\/clinicajaimeicatarroja.com\/blog\/wp-json\/wp\/v2\/posts\/11342","targetHints":{"allow":["GET"]}}],"collection":[{"href":"https:\/\/clinicajaimeicatarroja.com\/blog\/wp-json\/wp\/v2\/posts"}],"about":[{"href":"https:\/\/clinicajaimeicatarroja.com\/blog\/wp-json\/wp\/v2\/types\/post"}],"author":[{"embeddable":true,"href":"https:\/\/clinicajaimeicatarroja.com\/blog\/wp-json\/wp\/v2\/users\/1"}],"replies":[{"embeddable":true,"href":"https:\/\/clinicajaimeicatarroja.com\/blog\/wp-json\/wp\/v2\/comments?post=11342"}],"version-history":[{"count":0,"href":"https:\/\/clinicajaimeicatarroja.com\/blog\/wp-json\/wp\/v2\/posts\/11342\/revisions"}],"wp:featuredmedia":[{"embeddable":true,"href":"https:\/\/clinicajaimeicatarroja.com\/blog\/wp-json\/wp\/v2\/media\/11343"}],"wp:attachment":[{"href":"https:\/\/clinicajaimeicatarroja.com\/blog\/wp-json\/wp\/v2\/media?parent=11342"}],"wp:term":[{"taxonomy":"category","embeddable":true,"href":"https:\/\/clinicajaimeicatarroja.com\/blog\/wp-json\/wp\/v2\/categories?post=11342"},{"taxonomy":"post_tag","embeddable":true,"href":"https:\/\/clinicajaimeicatarroja.com\/blog\/wp-json\/wp\/v2\/tags?post=11342"}],"curies":[{"name":"wp","href":"https:\/\/api.w.org\/{rel}","templated":true}]}}