{"id":10792,"date":"2020-11-27T09:53:10","date_gmt":"2020-11-27T08:53:10","guid":{"rendered":"https:\/\/clinicajaimeicatarroja.com\/blog\/?p=10792"},"modified":"2020-12-07T10:25:58","modified_gmt":"2020-12-07T09:25:58","slug":"centro-vacunal","status":"publish","type":"post","link":"https:\/\/clinicajaimeicatarroja.com\/blog\/centro-vacunal","title":{"rendered":"CENTRO VACUNAL"},"content":{"rendered":"\n<p>Nuestra cl\u00ednica es uno de los centros vacunales autorizados por la Conseller\u00eda de Sanitat para la administraci\u00f3n de todas las vacunas aceptadas en la edad pedi\u00e1trica, inclu\u00eddas en el calendario vacunal oficial de la Comunidad Valenciana, y para todas aquellas que son recomendadas por las Sociedades Cient\u00edficas.<br> Informaci\u00f3n de la<a href=\"http:\/\/www.sp.san.gva.es\/sscc\/opciones4.jsp?CodPunto=3993&amp;Opcion=VACCALINF&amp;MenuSup=VACCALVACUNA&amp;Seccion=VACCALINFCALV&amp;Nivel=2\" target=\"_blank\" rel=\"noopener\">\u00a0Conselleria de Sanitat Universal i Salut P\u00fablica <\/a>:Calendario de vacunaci\u00f3n sistem\u00e1tica infantil de la Comunidad Valenciana, establecido por resoluci\u00f3n del 1 de enero de 2017 de la Conselleria de Sanidad Universal y Salud P\u00fablica\u00a0<a href=\"http:\/\/www.dogv.gva.es\/portal\/ficha_disposicion.jsp?L=1&amp;id=26&amp;CHK_TEXTO_LIBRE=1&amp;tipo_search=legislacion&amp;num_tipo=6&amp;organo=%22Conselleria+de+Sanitat+Universal+i+Salut+P%EF%BF%BDblica%22&amp;sig=000154%2F2017\" target=\"_blank\" rel=\"noreferrer noopener\">[DOGV]<\/a>. <\/p>\n\n\n\n<figure class=\"wp-block-image size-large\"><img decoding=\"async\" width=\"1024\" height=\"741\" src=\"https:\/\/clinicajaimeicatarroja.com\/blog\/wp-content\/uploads\/2020\/11\/calendario.vacunacion.infantil-1024x741.jpg\" alt=\"\" class=\"wp-image-10793\" title=\"\" srcset=\"https:\/\/clinicajaimeicatarroja.com\/blog\/wp-content\/uploads\/2020\/11\/calendario.vacunacion.infantil-1024x741.jpg 1024w, https:\/\/clinicajaimeicatarroja.com\/blog\/wp-content\/uploads\/2020\/11\/calendario.vacunacion.infantil-300x217.jpg 300w, https:\/\/clinicajaimeicatarroja.com\/blog\/wp-content\/uploads\/2020\/11\/calendario.vacunacion.infantil-768x556.jpg 768w, https:\/\/clinicajaimeicatarroja.com\/blog\/wp-content\/uploads\/2020\/11\/calendario.vacunacion.infantil.jpg 1493w\" sizes=\"(max-width: 1024px) 100vw, 1024px\" \/><\/figure>\n\n\n\n<p>Despu\u00e9s de haber sido evaluado el paciente por un pediatra tras su revisi\u00f3n correspondiente seg\u00fan su edad, nuestra enfermera proceder\u00e1 a inocular la vacuna recomendada y se registra en la base de datos oficial de la Conseller\u00eda de Sanitat.<\/p>\n\n\n\n<figure class=\"wp-block-image size-large\"><img decoding=\"async\" width=\"1024\" height=\"512\" src=\"https:\/\/clinicajaimeicatarroja.com\/blog\/wp-content\/uploads\/2020\/11\/vacuna.jpg\" alt=\"\" class=\"wp-image-10795\" title=\"\" srcset=\"https:\/\/clinicajaimeicatarroja.com\/blog\/wp-content\/uploads\/2020\/11\/vacuna.jpg 1024w, https:\/\/clinicajaimeicatarroja.com\/blog\/wp-content\/uploads\/2020\/11\/vacuna-300x150.jpg 300w, https:\/\/clinicajaimeicatarroja.com\/blog\/wp-content\/uploads\/2020\/11\/vacuna-768x384.jpg 768w, https:\/\/clinicajaimeicatarroja.com\/blog\/wp-content\/uploads\/2020\/11\/vacuna-940x470.jpg 940w\" sizes=\"(max-width: 1024px) 100vw, 1024px\" \/><\/figure>\n\n\n\n<p>El uso de vacunas ha llevado a muchos avances en la salud de los ni\u00f1os en un periodo de tiempo relativamente corto. Muchas de estas enfermedades infecciosas que usted y sus padres sufrieron cuando eran ni\u00f1os, desde varicela hasta sarampi\u00f3n o poliomelitis, ya no afecta a la mayor\u00eda de los ni\u00f1os de hoy.\u00a0 Si sigue las pautas recomendadas de este calendario vacunal, ayudar\u00e1 a que su hijo sea mucho m\u00e1s sano de lo que era posible en las viejas generaciones.<br> La poliomelitis es una enfermedad viral contagiosa que, en su forma m\u00e1s grave, provoca lesiones a los nervios que causan par\u00e1lisis, dificultad para respirar y, en algunos casos, la muerte. Una de cada 200 personas con\u00a0poliomielitis\u00a0sufre una par\u00e1lisis irreversible (por regla general, de las piernas).De las personas con par\u00e1lisis, entre el 5% y el 10% mueren por la inmovilizaci\u00f3n de los m\u00fasculos respiratorios que causa el virus. <\/p>\n\n\n\n<figure class=\"wp-block-image size-large\"><img decoding=\"async\" width=\"768\" height=\"576\" src=\"https:\/\/clinicajaimeicatarroja.com\/blog\/wp-content\/uploads\/2020\/12\/poli.jpg\" alt=\"\" class=\"wp-image-10838\" title=\"\" srcset=\"https:\/\/clinicajaimeicatarroja.com\/blog\/wp-content\/uploads\/2020\/12\/poli.jpg 768w, https:\/\/clinicajaimeicatarroja.com\/blog\/wp-content\/uploads\/2020\/12\/poli-300x225.jpg 300w\" sizes=\"(max-width: 768px) 100vw, 768px\" \/><\/figure>\n\n\n\n<p><\/p>\n","protected":false},"excerpt":{"rendered":"<p>Nuestra cl\u00ednica es uno de los centros vacunales autorizados por la Conseller\u00eda de Sanitat para la administraci\u00f3n de todas las vacunas aceptadas en la edad pedi\u00e1trica, inclu\u00eddas en el calendario vacunal oficial de la Comunidad Valenciana, y para todas aquellas que son recomendadas por las Sociedades Cient\u00edficas. Informaci\u00f3n de la\u00a0Conselleria de Sanitat Universal i Salut [&hellip;]<\/p>\n","protected":false},"author":1,"featured_media":10795,"comment_status":"open","ping_status":"open","sticky":false,"template":"","format":"standard","meta":{"footnotes":""},"categories":[33,278],"tags":[146],"class_list":["post-10792","post","type-post","status-publish","format-standard","has-post-thumbnail","hentry","category-noticias","category-vacunas","tag-vacuna"],"_links":{"self":[{"href":"https:\/\/clinicajaimeicatarroja.com\/blog\/wp-json\/wp\/v2\/posts\/10792","targetHints":{"allow":["GET"]}}],"collection":[{"href":"https:\/\/clinicajaimeicatarroja.com\/blog\/wp-json\/wp\/v2\/posts"}],"about":[{"href":"https:\/\/clinicajaimeicatarroja.com\/blog\/wp-json\/wp\/v2\/types\/post"}],"author":[{"embeddable":true,"href":"https:\/\/clinicajaimeicatarroja.com\/blog\/wp-json\/wp\/v2\/users\/1"}],"replies":[{"embeddable":true,"href":"https:\/\/clinicajaimeicatarroja.com\/blog\/wp-json\/wp\/v2\/comments?post=10792"}],"version-history":[{"count":0,"href":"https:\/\/clinicajaimeicatarroja.com\/blog\/wp-json\/wp\/v2\/posts\/10792\/revisions"}],"wp:featuredmedia":[{"embeddable":true,"href":"https:\/\/clinicajaimeicatarroja.com\/blog\/wp-json\/wp\/v2\/media\/10795"}],"wp:attachment":[{"href":"https:\/\/clinicajaimeicatarroja.com\/blog\/wp-json\/wp\/v2\/media?parent=10792"}],"wp:term":[{"taxonomy":"category","embeddable":true,"href":"https:\/\/clinicajaimeicatarroja.com\/blog\/wp-json\/wp\/v2\/categories?post=10792"},{"taxonomy":"post_tag","embeddable":true,"href":"https:\/\/clinicajaimeicatarroja.com\/blog\/wp-json\/wp\/v2\/tags?post=10792"}],"curies":[{"name":"wp","href":"https:\/\/api.w.org\/{rel}","templated":true}]}}